{"id":84506,"date":"2026-01-10T13:36:31","date_gmt":"2026-01-10T13:36:31","guid":{"rendered":"https:\/\/www.ecoitaliano.com.ar\/?p=84506"},"modified":"2026-01-10T13:36:48","modified_gmt":"2026-01-10T13:36:48","slug":"patata-del-fucino-igp-a-marca-bolognaquando-lorigine-fa-davvero-la-differenza","status":"publish","type":"post","link":"https:\/\/www.ecoitaliano.com.ar\/?p=84506","title":{"rendered":"Patata del Fucino IGP a MARCA Bologna:quando l\u2019origine fa davvero la differenza"},"content":{"rendered":"<div class=\"wp-block-image\">\n<figure class=\"aligncenter size-large is-resized\"><a href=\"http:\/\/www.ecoitaliano.com.ar\/wp-content\/uploads\/2026\/01\/patata-del-fucino-IGP_STAMPA_page-0001.jpg\"><img decoding=\"async\" width=\"1024\" height=\"1024\" src=\"http:\/\/www.ecoitaliano.com.ar\/wp-content\/uploads\/2026\/01\/patata-del-fucino-IGP_STAMPA_page-0001-1024x1024.jpg\" alt=\"\" class=\"wp-image-84508\" style=\"width:348px;height:auto\" srcset=\"https:\/\/www.ecoitaliano.com.ar\/wp-content\/uploads\/2026\/01\/patata-del-fucino-IGP_STAMPA_page-0001-1024x1024.jpg 1024w, https:\/\/www.ecoitaliano.com.ar\/wp-content\/uploads\/2026\/01\/patata-del-fucino-IGP_STAMPA_page-0001-300x300.jpg 300w, https:\/\/www.ecoitaliano.com.ar\/wp-content\/uploads\/2026\/01\/patata-del-fucino-IGP_STAMPA_page-0001-150x150.jpg 150w, https:\/\/www.ecoitaliano.com.ar\/wp-content\/uploads\/2026\/01\/patata-del-fucino-IGP_STAMPA_page-0001-768x768.jpg 768w, https:\/\/www.ecoitaliano.com.ar\/wp-content\/uploads\/2026\/01\/patata-del-fucino-IGP_STAMPA_page-0001.jpg 1181w\" sizes=\"(max-width: 1024px) 100vw, 1024px\" \/><\/a><\/figure><\/div>\n\n\n<figure class=\"wp-block-gallery has-nested-images columns-default is-cropped wp-block-gallery-1 is-layout-flex wp-block-gallery-is-layout-flex\">\n<figure class=\"wp-block-image size-large\"><a href=\"https:\/\/www.ecoitaliano.com.ar\/wp-content\/uploads\/2026\/01\/MARCHIO-CONSORZIO-TUTELA-IGP_page-0001.jpg\"><img decoding=\"async\" width=\"1024\" height=\"725\" data-id=\"84509\" src=\"https:\/\/www.ecoitaliano.com.ar\/wp-content\/uploads\/2026\/01\/MARCHIO-CONSORZIO-TUTELA-IGP_page-0001-1024x725.jpg\" alt=\"\" class=\"wp-image-84509\" srcset=\"https:\/\/www.ecoitaliano.com.ar\/wp-content\/uploads\/2026\/01\/MARCHIO-CONSORZIO-TUTELA-IGP_page-0001-1024x725.jpg 1024w, https:\/\/www.ecoitaliano.com.ar\/wp-content\/uploads\/2026\/01\/MARCHIO-CONSORZIO-TUTELA-IGP_page-0001-300x212.jpg 300w, https:\/\/www.ecoitaliano.com.ar\/wp-content\/uploads\/2026\/01\/MARCHIO-CONSORZIO-TUTELA-IGP_page-0001-768x543.jpg 768w, https:\/\/www.ecoitaliano.com.ar\/wp-content\/uploads\/2026\/01\/MARCHIO-CONSORZIO-TUTELA-IGP_page-0001-1536x1087.jpg 1536w, https:\/\/www.ecoitaliano.com.ar\/wp-content\/uploads\/2026\/01\/MARCHIO-CONSORZIO-TUTELA-IGP_page-0001-150x106.jpg 150w, https:\/\/www.ecoitaliano.com.ar\/wp-content\/uploads\/2026\/01\/MARCHIO-CONSORZIO-TUTELA-IGP_page-0001.jpg 1754w\" sizes=\"(max-width: 1024px) 100vw, 1024px\" \/><\/a><\/figure>\n\n\n\n<figure class=\"wp-block-image size-large\"><a href=\"https:\/\/www.ecoitaliano.com.ar\/wp-content\/uploads\/2026\/01\/CD611332-D385-46C0-AE90-FBF0F13FF739.png\"><img decoding=\"async\" width=\"566\" height=\"240\" data-id=\"84510\" src=\"https:\/\/www.ecoitaliano.com.ar\/wp-content\/uploads\/2026\/01\/CD611332-D385-46C0-AE90-FBF0F13FF739.png\" alt=\"\" class=\"wp-image-84510\" srcset=\"https:\/\/www.ecoitaliano.com.ar\/wp-content\/uploads\/2026\/01\/CD611332-D385-46C0-AE90-FBF0F13FF739.png 566w, https:\/\/www.ecoitaliano.com.ar\/wp-content\/uploads\/2026\/01\/CD611332-D385-46C0-AE90-FBF0F13FF739-300x127.png 300w, https:\/\/www.ecoitaliano.com.ar\/wp-content\/uploads\/2026\/01\/CD611332-D385-46C0-AE90-FBF0F13FF739-150x64.png 150w\" sizes=\"(max-width: 566px) 100vw, 566px\" \/><\/a><\/figure>\n\n\n\n<figure class=\"wp-block-image size-large\"><a href=\"https:\/\/www.ecoitaliano.com.ar\/wp-content\/uploads\/2026\/01\/C1A9D7E5-2446-4D25-A560-5FF7AFFDF8D2.png\"><img decoding=\"async\" width=\"542\" height=\"46\" data-id=\"84511\" src=\"https:\/\/www.ecoitaliano.com.ar\/wp-content\/uploads\/2026\/01\/C1A9D7E5-2446-4D25-A560-5FF7AFFDF8D2.png\" alt=\"\" class=\"wp-image-84511\" srcset=\"https:\/\/www.ecoitaliano.com.ar\/wp-content\/uploads\/2026\/01\/C1A9D7E5-2446-4D25-A560-5FF7AFFDF8D2.png 542w, https:\/\/www.ecoitaliano.com.ar\/wp-content\/uploads\/2026\/01\/C1A9D7E5-2446-4D25-A560-5FF7AFFDF8D2-300x25.png 300w, https:\/\/www.ecoitaliano.com.ar\/wp-content\/uploads\/2026\/01\/C1A9D7E5-2446-4D25-A560-5FF7AFFDF8D2-150x13.png 150w\" sizes=\"(max-width: 542px) 100vw, 542px\" \/><\/a><\/figure>\n<\/figure>\n\n\n\n<p><br>COMUNICATO STAMPA<\/p>\n\n\n\n<p>Celano, 9 Gennaio 2026<\/p>\n\n\n\n<p><a><\/a> C\u2019\u00e8 un luogo, nel cuore dell\u2019Appennino abruzzese, dove un tempo si estendeva un grande lago e dove oggi nasce una delle eccellenze agricole italiane pi\u00f9 identitarie: <strong>la Patata del Fucino IGP.<\/strong> Un prodotto che affonda le sue radici in un suolo unico al mondo, naturalmente ricco di sostanze minerali, e che si distingue per qualit\u00e0, versatilit\u00e0 e tracciabilit\u00e0.<\/p>\n\n\n\n<p>Il <strong>Consorzio di Tutela Patata del Fucino IGP<\/strong> partecipa a MARCA Bologna 2026, la fiera di riferimento per la Marca del Distributore, ed \u00e8 presente al <strong>Padiglione 19 \u2013 Stand B22<\/strong>, con uno spazio pensato per raccontare l\u2019identit\u00e0 profonda di un prodotto sempre pi\u00f9 affermato sul mercato.<\/p>\n\n\n\n<p>Con la partecipazione a MARCA Bologna 2026, il Consorzio d\u00e0 ufficialmente avvio alla campagna di promozione della <strong>Patata del Fucino IGP<\/strong> finanziata dall\u2019Unione Europea, &#8211; NextGenerationEU con la misura M2C1 3.4, investimento 3.4 \u2013 a sostegno delle attivit\u00e0 di promozione e valorizzazione dei prodotti agricoli di qualit\u00e0 certificata.<\/p>\n\n\n\n<p>Un progetto strategico che contribuir\u00e0 a rafforzare la conoscenza e il riconoscimento del prodotto presso buyer, operatori del settore e consumatori.<\/p>\n\n\n\n<p>La presenza al Marca non \u00e8 solo espositiva, ma fortemente identitaria: lo stand sta a rappresentare tutte quelle realt\u00e0 aderenti, unite dalla stessa origine e da una visione condivisa della qualit\u00e0, della tracciabilit\u00e0 e della valorizzazione del territorio.<\/p>\n\n\n\n<p>\u00ab<strong>La Patata del Fucino IGP<\/strong> \u00e8 il risultato di un territorio straordinario e del lavoro quotidiano di una comunit\u00e0 di produttori che ha scelto di fare della qualit\u00e0 certificata il proprio tratto distintivo\u00bb, dichiara <strong>Mario Nucci, Direttore del Consorzio di Tutela<\/strong>.<\/p>\n\n\n\n<p>\u00abA MARCA vogliamo raccontare non solo un prodotto, ma un sistema agricolo che si fonda su origine, responsabilit\u00e0 e valore condiviso\u00bb.<\/p>\n\n\n\n<p>Il claim \u201cL\u2019origine fa la differenza\u201d sintetizza l\u2019impegno del Consorzio nel tutelare e promuovere una filiera controllata, capace di garantire al consumatore un prodotto autentico, riconoscibile e sempre pi\u00f9 apprezzato dalla distribuzione moderna e dalla ristorazione.<\/p>\n\n\n\n<p>\u00abLa crescita dell\u2019interesse verso la <strong>Patata del Fucino IGP<\/strong> conferma che il mercato riconosce il valore dell\u2019origine\u00bb, commenta il presidente del Consorzio di Tutela <strong>Benedetto Caiola- <\/strong>\u00abEssere presenti a MARCA significa dialogare con buyer e operatori su un prodotto che oggi rappresenta una garanzia di qualit\u00e0 e identit\u00e0 territoriale\u00bb.<\/p>\n","protected":false},"excerpt":{"rendered":"<p>COMUNICATO STAMPA Celano, 9 Gennaio 2026 C\u2019\u00e8 un luogo, nel cuore dell\u2019Appennino abruzzese, dove un tempo si estendeva un grande [&hellip;]<\/p>\n","protected":false},"author":1,"featured_media":0,"comment_status":"open","ping_status":"open","sticky":false,"template":"","format":"standard","meta":{"footnotes":""},"categories":[173,10],"tags":[],"class_list":["post-84506","post","type-post","status-publish","format-standard","hentry","category-economia","category-italiano"],"_links":{"self":[{"href":"https:\/\/www.ecoitaliano.com.ar\/index.php?rest_route=\/wp\/v2\/posts\/84506","targetHints":{"allow":["GET"]}}],"collection":[{"href":"https:\/\/www.ecoitaliano.com.ar\/index.php?rest_route=\/wp\/v2\/posts"}],"about":[{"href":"https:\/\/www.ecoitaliano.com.ar\/index.php?rest_route=\/wp\/v2\/types\/post"}],"author":[{"embeddable":true,"href":"https:\/\/www.ecoitaliano.com.ar\/index.php?rest_route=\/wp\/v2\/users\/1"}],"replies":[{"embeddable":true,"href":"https:\/\/www.ecoitaliano.com.ar\/index.php?rest_route=%2Fwp%2Fv2%2Fcomments&post=84506"}],"version-history":[{"count":1,"href":"https:\/\/www.ecoitaliano.com.ar\/index.php?rest_route=\/wp\/v2\/posts\/84506\/revisions"}],"predecessor-version":[{"id":84512,"href":"https:\/\/www.ecoitaliano.com.ar\/index.php?rest_route=\/wp\/v2\/posts\/84506\/revisions\/84512"}],"wp:attachment":[{"href":"https:\/\/www.ecoitaliano.com.ar\/index.php?rest_route=%2Fwp%2Fv2%2Fmedia&parent=84506"}],"wp:term":[{"taxonomy":"category","embeddable":true,"href":"https:\/\/www.ecoitaliano.com.ar\/index.php?rest_route=%2Fwp%2Fv2%2Fcategories&post=84506"},{"taxonomy":"post_tag","embeddable":true,"href":"https:\/\/www.ecoitaliano.com.ar\/index.php?rest_route=%2Fwp%2Fv2%2Ftags&post=84506"}],"curies":[{"name":"wp","href":"https:\/\/api.w.org\/{rel}","templated":true}]}}