{"id":84536,"date":"2026-01-13T04:02:15","date_gmt":"2026-01-13T04:02:15","guid":{"rendered":"https:\/\/www.ecoitaliano.com.ar\/?p=84536"},"modified":"2026-01-13T04:02:15","modified_gmt":"2026-01-13T04:02:15","slug":"serena-conduce-operaclassica-eco-italiano-4889","status":"publish","type":"post","link":"https:\/\/www.ecoitaliano.com.ar\/?p=84536","title":{"rendered":"Serena conduce operaclassica eco italiano"},"content":{"rendered":"\n<figure class=\"wp-block-image size-large is-resized\"><a href=\"https:\/\/www.ecoitaliano.com.ar\/wp-content\/uploads\/2026\/01\/image-15.png\"><img decoding=\"async\" width=\"1024\" height=\"251\" src=\"https:\/\/www.ecoitaliano.com.ar\/wp-content\/uploads\/2026\/01\/image-15-1024x251.png\" alt=\"\" class=\"wp-image-84537\" style=\"width:306px;height:auto\" srcset=\"https:\/\/www.ecoitaliano.com.ar\/wp-content\/uploads\/2026\/01\/image-15-1024x251.png 1024w, https:\/\/www.ecoitaliano.com.ar\/wp-content\/uploads\/2026\/01\/image-15-300x74.png 300w, https:\/\/www.ecoitaliano.com.ar\/wp-content\/uploads\/2026\/01\/image-15-768x188.png 768w, https:\/\/www.ecoitaliano.com.ar\/wp-content\/uploads\/2026\/01\/image-15-1536x377.png 1536w, https:\/\/www.ecoitaliano.com.ar\/wp-content\/uploads\/2026\/01\/image-15-2048x502.png 2048w, https:\/\/www.ecoitaliano.com.ar\/wp-content\/uploads\/2026\/01\/image-15-150x37.png 150w\" sizes=\"(max-width: 1024px) 100vw, 1024px\" \/><\/a><\/figure>\n\n\n\n<h1 class=\"wp-block-heading\">COMUNICATO STAMPA&nbsp;&nbsp;&nbsp;&nbsp;&nbsp;&nbsp;&nbsp; &nbsp;&nbsp;&nbsp;&nbsp;&nbsp;&nbsp;&nbsp;&nbsp;&nbsp;&nbsp;&nbsp;&nbsp;&nbsp;&nbsp;&nbsp;&nbsp;&nbsp;&nbsp;&nbsp;&nbsp;&nbsp;&nbsp;&nbsp;&nbsp;&nbsp;&nbsp;&nbsp;&nbsp;&nbsp;&nbsp;&nbsp;&nbsp;&nbsp;&nbsp;&nbsp;&nbsp;&nbsp;&nbsp;&nbsp;&nbsp;&nbsp;&nbsp;&nbsp;&nbsp;&nbsp;&nbsp;&nbsp;&nbsp;&nbsp;&nbsp;&nbsp;&nbsp;&nbsp;&nbsp;&nbsp;&nbsp;&nbsp;&nbsp;&nbsp;&nbsp;&nbsp;&nbsp;&nbsp;&nbsp;&nbsp;&nbsp;&nbsp;&nbsp;&nbsp;&nbsp;&nbsp;&nbsp;&nbsp;&nbsp;&nbsp;&nbsp;&nbsp;&nbsp;&nbsp;&nbsp;&nbsp;&nbsp;&nbsp;&nbsp;&nbsp;&nbsp;&nbsp;&nbsp;&nbsp;&nbsp;<\/h1>\n\n\n\n<p><strong>Crescono in modo significativo gli spettacoli, le produzioni e i progetti artistici del Teatro Massimo di Palermo: la Fondazione cerca nuovi spazi adeguati al costante sviluppo delle attivit\u00e0. Pubblicato un avviso sul sito del Teatro.<\/strong><\/p>\n\n\n\n<p><em>Palermo 10 gennaio 2026<\/em>. Nonostante sia il teatro pi\u00f9 grande d\u2019Italia e il terzo in Europa per dimensioni, il Teatro Massimo di Palermo non basta pi\u00f9 a contenere l&#8217;aumento costante delle attivit\u00e0 della Fondazione. I risultati delle ultime stagioni, con un incremento notevole della partecipazione di pubblico e il successo dei complessi artistici, hanno confermato il ruolo centrale del Teatro nel panorama nazionale, portando la programmazione verso una crescita straordinaria. Dalle grandi produzioni liriche e sinfoniche ai progetti dedicati ai giovani, agli studenti e ai nuovi pubblici, la sede storica di Piazza Verdi \u00e8 ormai insufficiente. La necessit\u00e0 di nuovi spazi non \u00e8 dunque una semplice questione logistica, ma il segno tangibile di una vitalit\u00e0 che impone di trovare nuove \u00abcase\u00bb per le prove, le produzioni e le attivit\u00e0 educative. Tale ampliamento permetterebbe inoltre di migliorare le condizioni lavorative di tutte le maestranze, rispondendo positivamente anche alle sollecitazioni delle organizzazioni sindacali circa l&#8217;adeguamento degli spazi ai carichi produttivi e alla qualit\u00e0 artistica richiesta.<\/p>\n\n\n\n<p>Per questa ragione, <strong>\u00e8 stato pubblicato sul sito della Fondazione un avviso pubblico<\/strong> per un&#8217;indagine esplorativa finalizzata alla locazione di un nuovo immobile nel Comune di Palermo: un invito affinch\u00e9 si facciano avanti soggetti capaci di offrire spazi adeguati a un polo culturale in continua espansione.<\/p>\n\n\n\n<p>L\u2019obiettivo \u00e8 duplice: rafforzare la capacit\u00e0 produttiva del Teatro e, soprattutto, investire con decisione sulle nuove generazioni. \u00c8 fondamentale, infatti, dare una sede stabile alle attivit\u00e0 di studio e prove dell\u2019Orchestra e del Coro, ai progetti di formazione e ai laboratori sperimentali che rappresentano il futuro del talento siciliano. La ricerca di nuovi spazi si inserisce cos\u00ec in una visione di sviluppo sostenibile capace di coniugare eccellenza artistica e responsabilit\u00e0 sociale, rendendo il Teatro sempre pi\u00f9 aperto, inclusivo e radicato nel tessuto urbano.<\/p>\n\n\n\n<p>L&#8217;immobile ricercato dovr\u00e0 rispondere a specifiche caratteristiche tecniche per poter ospitare le diverse attivit\u00e0 laboratoriali e produttive. La Fondazione invita tutti i soggetti interessati, pubblici e privati, a consultare i dettagli dell&#8217;avviso e i requisiti necessari direttamente sul sito ufficiale, nella sezione \u00abBandi di Gara\u00bb, al seguente indirizzo: <a href=\"http:\/\/www.teatromassimo.it\/bandi-di-gara\"><strong>www.teatromassimo.it\/bandi-di-gara<\/strong><\/a><\/p>\n\n\n\n<h1 class=\"wp-block-heading\">Ufficio Stampa<\/h1>\n\n\n\n<p><strong>Fondazione Teatro Massimo <\/strong>Giovannella Brancato&nbsp; stampa@teatromassimo.it<\/p>\n\n\n\n<p>foto<\/p>\n\n\n\n<figure class=\"wp-block-gallery has-nested-images columns-default is-cropped wp-block-gallery-1 is-layout-flex wp-block-gallery-is-layout-flex\">\n<figure class=\"wp-block-image\"><img decoding=\"async\" width=\"2286\" height=\"1524\" data-id=\"84538\" src=\"http:\/\/www.ecoitaliano.com.ar\/wp-content\/uploads\/2026\/01\/Coro-del-Teatro-Massimo-di-Palermo_foto-\u252c\u00ae-Lannino-IMG_5431.jpg\" alt=\"\" class=\"wp-image-84538\" srcset=\"https:\/\/www.ecoitaliano.com.ar\/wp-content\/uploads\/2026\/01\/Coro-del-Teatro-Massimo-di-Palermo_foto-\u252c\u00ae-Lannino-IMG_5431.jpg 2286w, https:\/\/www.ecoitaliano.com.ar\/wp-content\/uploads\/2026\/01\/Coro-del-Teatro-Massimo-di-Palermo_foto-\u252c\u00ae-Lannino-IMG_5431-300x200.jpg 300w, https:\/\/www.ecoitaliano.com.ar\/wp-content\/uploads\/2026\/01\/Coro-del-Teatro-Massimo-di-Palermo_foto-\u252c\u00ae-Lannino-IMG_5431-1024x683.jpg 1024w, https:\/\/www.ecoitaliano.com.ar\/wp-content\/uploads\/2026\/01\/Coro-del-Teatro-Massimo-di-Palermo_foto-\u252c\u00ae-Lannino-IMG_5431-768x512.jpg 768w, https:\/\/www.ecoitaliano.com.ar\/wp-content\/uploads\/2026\/01\/Coro-del-Teatro-Massimo-di-Palermo_foto-\u252c\u00ae-Lannino-IMG_5431-1536x1024.jpg 1536w, https:\/\/www.ecoitaliano.com.ar\/wp-content\/uploads\/2026\/01\/Coro-del-Teatro-Massimo-di-Palermo_foto-\u252c\u00ae-Lannino-IMG_5431-2048x1365.jpg 2048w, https:\/\/www.ecoitaliano.com.ar\/wp-content\/uploads\/2026\/01\/Coro-del-Teatro-Massimo-di-Palermo_foto-\u252c\u00ae-Lannino-IMG_5431-150x100.jpg 150w\" sizes=\"(max-width: 2286px) 100vw, 2286px\" \/><\/figure>\n\n\n\n<figure class=\"wp-block-image\"><img decoding=\"async\" width=\"1050\" height=\"700\" data-id=\"84539\" src=\"http:\/\/www.ecoitaliano.com.ar\/wp-content\/uploads\/2026\/01\/Massimo-Kids-Orchestra-del-Teatro-Massimo-di-Palermo-\u252c\u00ae-rosellina-garbo-2023-_GRG2664.jpeg\" alt=\"\" class=\"wp-image-84539\" srcset=\"https:\/\/www.ecoitaliano.com.ar\/wp-content\/uploads\/2026\/01\/Massimo-Kids-Orchestra-del-Teatro-Massimo-di-Palermo-\u252c\u00ae-rosellina-garbo-2023-_GRG2664.jpeg 1050w, https:\/\/www.ecoitaliano.com.ar\/wp-content\/uploads\/2026\/01\/Massimo-Kids-Orchestra-del-Teatro-Massimo-di-Palermo-\u252c\u00ae-rosellina-garbo-2023-_GRG2664-300x200.jpeg 300w, https:\/\/www.ecoitaliano.com.ar\/wp-content\/uploads\/2026\/01\/Massimo-Kids-Orchestra-del-Teatro-Massimo-di-Palermo-\u252c\u00ae-rosellina-garbo-2023-_GRG2664-1024x683.jpeg 1024w, https:\/\/www.ecoitaliano.com.ar\/wp-content\/uploads\/2026\/01\/Massimo-Kids-Orchestra-del-Teatro-Massimo-di-Palermo-\u252c\u00ae-rosellina-garbo-2023-_GRG2664-768x512.jpeg 768w, https:\/\/www.ecoitaliano.com.ar\/wp-content\/uploads\/2026\/01\/Massimo-Kids-Orchestra-del-Teatro-Massimo-di-Palermo-\u252c\u00ae-rosellina-garbo-2023-_GRG2664-150x100.jpeg 150w\" sizes=\"(max-width: 1050px) 100vw, 1050px\" \/><\/figure>\n\n\n\n<figure class=\"wp-block-image\"><img decoding=\"async\" width=\"1451\" height=\"968\" data-id=\"84540\" src=\"http:\/\/www.ecoitaliano.com.ar\/wp-content\/uploads\/2026\/01\/Massimo-Youth-Orchestra_Teatro-Massimo-Palermo-foto-\u252c\u00ae-Franco-Lannino-IMG_7866.jpeg\" alt=\"\" class=\"wp-image-84540\" srcset=\"https:\/\/www.ecoitaliano.com.ar\/wp-content\/uploads\/2026\/01\/Massimo-Youth-Orchestra_Teatro-Massimo-Palermo-foto-\u252c\u00ae-Franco-Lannino-IMG_7866.jpeg 1451w, https:\/\/www.ecoitaliano.com.ar\/wp-content\/uploads\/2026\/01\/Massimo-Youth-Orchestra_Teatro-Massimo-Palermo-foto-\u252c\u00ae-Franco-Lannino-IMG_7866-300x200.jpeg 300w, https:\/\/www.ecoitaliano.com.ar\/wp-content\/uploads\/2026\/01\/Massimo-Youth-Orchestra_Teatro-Massimo-Palermo-foto-\u252c\u00ae-Franco-Lannino-IMG_7866-1024x683.jpeg 1024w, https:\/\/www.ecoitaliano.com.ar\/wp-content\/uploads\/2026\/01\/Massimo-Youth-Orchestra_Teatro-Massimo-Palermo-foto-\u252c\u00ae-Franco-Lannino-IMG_7866-768x512.jpeg 768w, https:\/\/www.ecoitaliano.com.ar\/wp-content\/uploads\/2026\/01\/Massimo-Youth-Orchestra_Teatro-Massimo-Palermo-foto-\u252c\u00ae-Franco-Lannino-IMG_7866-150x100.jpeg 150w\" sizes=\"(max-width: 1451px) 100vw, 1451px\" \/><\/figure>\n\n\n\n<figure class=\"wp-block-image\"><img decoding=\"async\" width=\"1152\" height=\"768\" data-id=\"84541\" src=\"http:\/\/www.ecoitaliano.com.ar\/wp-content\/uploads\/2026\/01\/Orchestra-Teatro-Massimo-Palermo-2024-\u252c\u00ae-rosellina-garbo-2024-_GRG3020.jpg\" alt=\"\" class=\"wp-image-84541\" srcset=\"https:\/\/www.ecoitaliano.com.ar\/wp-content\/uploads\/2026\/01\/Orchestra-Teatro-Massimo-Palermo-2024-\u252c\u00ae-rosellina-garbo-2024-_GRG3020.jpg 1152w, https:\/\/www.ecoitaliano.com.ar\/wp-content\/uploads\/2026\/01\/Orchestra-Teatro-Massimo-Palermo-2024-\u252c\u00ae-rosellina-garbo-2024-_GRG3020-300x200.jpg 300w, https:\/\/www.ecoitaliano.com.ar\/wp-content\/uploads\/2026\/01\/Orchestra-Teatro-Massimo-Palermo-2024-\u252c\u00ae-rosellina-garbo-2024-_GRG3020-1024x683.jpg 1024w, https:\/\/www.ecoitaliano.com.ar\/wp-content\/uploads\/2026\/01\/Orchestra-Teatro-Massimo-Palermo-2024-\u252c\u00ae-rosellina-garbo-2024-_GRG3020-768x512.jpg 768w, https:\/\/www.ecoitaliano.com.ar\/wp-content\/uploads\/2026\/01\/Orchestra-Teatro-Massimo-Palermo-2024-\u252c\u00ae-rosellina-garbo-2024-_GRG3020-150x100.jpg 150w\" sizes=\"(max-width: 1152px) 100vw, 1152px\" \/><\/figure>\n\n\n\n<figure class=\"wp-block-image\"><img decoding=\"async\" width=\"1344\" height=\"896\" data-id=\"84542\" src=\"http:\/\/www.ecoitaliano.com.ar\/wp-content\/uploads\/2026\/01\/Teatro-Massimo-Palermo-LARTE-RINNOVA-I-POPOLI-E-NE-RIVELA-LA-VITA-\u252c\u00ae-rosellina-garbo_49A2981.jpg\" alt=\"\" class=\"wp-image-84542\" srcset=\"https:\/\/www.ecoitaliano.com.ar\/wp-content\/uploads\/2026\/01\/Teatro-Massimo-Palermo-LARTE-RINNOVA-I-POPOLI-E-NE-RIVELA-LA-VITA-\u252c\u00ae-rosellina-garbo_49A2981.jpg 1344w, https:\/\/www.ecoitaliano.com.ar\/wp-content\/uploads\/2026\/01\/Teatro-Massimo-Palermo-LARTE-RINNOVA-I-POPOLI-E-NE-RIVELA-LA-VITA-\u252c\u00ae-rosellina-garbo_49A2981-300x200.jpg 300w, https:\/\/www.ecoitaliano.com.ar\/wp-content\/uploads\/2026\/01\/Teatro-Massimo-Palermo-LARTE-RINNOVA-I-POPOLI-E-NE-RIVELA-LA-VITA-\u252c\u00ae-rosellina-garbo_49A2981-1024x683.jpg 1024w, https:\/\/www.ecoitaliano.com.ar\/wp-content\/uploads\/2026\/01\/Teatro-Massimo-Palermo-LARTE-RINNOVA-I-POPOLI-E-NE-RIVELA-LA-VITA-\u252c\u00ae-rosellina-garbo_49A2981-768x512.jpg 768w, https:\/\/www.ecoitaliano.com.ar\/wp-content\/uploads\/2026\/01\/Teatro-Massimo-Palermo-LARTE-RINNOVA-I-POPOLI-E-NE-RIVELA-LA-VITA-\u252c\u00ae-rosellina-garbo_49A2981-150x100.jpg 150w\" sizes=\"(max-width: 1344px) 100vw, 1344px\" \/><figcaption class=\"wp-element-caption\">ph \u00a9 rosellina garbo<\/figcaption><\/figure>\n\n\n\n<figure class=\"wp-block-image\"><img decoding=\"async\" width=\"1442\" height=\"1320\" data-id=\"84543\" src=\"http:\/\/www.ecoitaliano.com.ar\/wp-content\/uploads\/2026\/01\/Teatro-Massimo-Palermo_Sala-grande-ph.-@-Rosellina-Garbo.jpg\" alt=\"\" class=\"wp-image-84543\" srcset=\"https:\/\/www.ecoitaliano.com.ar\/wp-content\/uploads\/2026\/01\/Teatro-Massimo-Palermo_Sala-grande-ph.-@-Rosellina-Garbo.jpg 1442w, https:\/\/www.ecoitaliano.com.ar\/wp-content\/uploads\/2026\/01\/Teatro-Massimo-Palermo_Sala-grande-ph.-@-Rosellina-Garbo-300x275.jpg 300w, https:\/\/www.ecoitaliano.com.ar\/wp-content\/uploads\/2026\/01\/Teatro-Massimo-Palermo_Sala-grande-ph.-@-Rosellina-Garbo-1024x937.jpg 1024w, https:\/\/www.ecoitaliano.com.ar\/wp-content\/uploads\/2026\/01\/Teatro-Massimo-Palermo_Sala-grande-ph.-@-Rosellina-Garbo-768x703.jpg 768w, https:\/\/www.ecoitaliano.com.ar\/wp-content\/uploads\/2026\/01\/Teatro-Massimo-Palermo_Sala-grande-ph.-@-Rosellina-Garbo-150x137.jpg 150w\" sizes=\"(max-width: 1442px) 100vw, 1442px\" \/><\/figure>\n<\/figure>\n","protected":false},"excerpt":{"rendered":"<p>COMUNICATO STAMPA&nbsp;&nbsp;&nbsp;&nbsp;&nbsp;&nbsp;&nbsp; &nbsp;&nbsp;&nbsp;&nbsp;&nbsp;&nbsp;&nbsp;&nbsp;&nbsp;&nbsp;&nbsp;&nbsp;&nbsp;&nbsp;&nbsp;&nbsp;&nbsp;&nbsp;&nbsp;&nbsp;&nbsp;&nbsp;&nbsp;&nbsp;&nbsp;&nbsp;&nbsp;&nbsp;&nbsp;&nbsp;&nbsp;&nbsp;&nbsp;&nbsp;&nbsp;&nbsp;&nbsp;&nbsp;&nbsp;&nbsp;&nbsp;&nbsp;&nbsp;&nbsp;&nbsp;&nbsp;&nbsp;&nbsp;&nbsp;&nbsp;&nbsp;&nbsp;&nbsp;&nbsp;&nbsp;&nbsp;&nbsp;&nbsp;&nbsp;&nbsp;&nbsp;&nbsp;&nbsp;&nbsp;&nbsp;&nbsp;&nbsp;&nbsp;&nbsp;&nbsp;&nbsp;&nbsp;&nbsp;&nbsp;&nbsp;&nbsp;&nbsp;&nbsp;&nbsp;&nbsp;&nbsp;&nbsp;&nbsp;&nbsp;&nbsp;&nbsp;&nbsp;&nbsp;&nbsp;&nbsp; Crescono in modo significativo gli spettacoli, le produzioni e i progetti artistici del Teatro Massimo di Palermo: [&hellip;]<\/p>\n","protected":false},"author":1,"featured_media":0,"comment_status":"open","ping_status":"open","sticky":false,"template":"","format":"standard","meta":{"footnotes":""},"categories":[1],"tags":[],"class_list":["post-84536","post","type-post","status-publish","format-standard","hentry","category-sin-categoria"],"_links":{"self":[{"href":"https:\/\/www.ecoitaliano.com.ar\/index.php?rest_route=\/wp\/v2\/posts\/84536","targetHints":{"allow":["GET"]}}],"collection":[{"href":"https:\/\/www.ecoitaliano.com.ar\/index.php?rest_route=\/wp\/v2\/posts"}],"about":[{"href":"https:\/\/www.ecoitaliano.com.ar\/index.php?rest_route=\/wp\/v2\/types\/post"}],"author":[{"embeddable":true,"href":"https:\/\/www.ecoitaliano.com.ar\/index.php?rest_route=\/wp\/v2\/users\/1"}],"replies":[{"embeddable":true,"href":"https:\/\/www.ecoitaliano.com.ar\/index.php?rest_route=%2Fwp%2Fv2%2Fcomments&post=84536"}],"version-history":[{"count":1,"href":"https:\/\/www.ecoitaliano.com.ar\/index.php?rest_route=\/wp\/v2\/posts\/84536\/revisions"}],"predecessor-version":[{"id":84544,"href":"https:\/\/www.ecoitaliano.com.ar\/index.php?rest_route=\/wp\/v2\/posts\/84536\/revisions\/84544"}],"wp:attachment":[{"href":"https:\/\/www.ecoitaliano.com.ar\/index.php?rest_route=%2Fwp%2Fv2%2Fmedia&parent=84536"}],"wp:term":[{"taxonomy":"category","embeddable":true,"href":"https:\/\/www.ecoitaliano.com.ar\/index.php?rest_route=%2Fwp%2Fv2%2Fcategories&post=84536"},{"taxonomy":"post_tag","embeddable":true,"href":"https:\/\/www.ecoitaliano.com.ar\/index.php?rest_route=%2Fwp%2Fv2%2Ftags&post=84536"}],"curies":[{"name":"wp","href":"https:\/\/api.w.org\/{rel}","templated":true}]}}