{"id":84578,"date":"2026-01-13T19:05:28","date_gmt":"2026-01-13T19:05:28","guid":{"rendered":"https:\/\/www.ecoitaliano.com.ar\/?p=84578"},"modified":"2026-01-13T19:05:28","modified_gmt":"2026-01-13T19:05:28","slug":"serena-conduce-operaclassica-eco-italiano-4891","status":"publish","type":"post","link":"https:\/\/www.ecoitaliano.com.ar\/?p=84578","title":{"rendered":"Serena conduce operaclassica eco italiano"},"content":{"rendered":"\n<figure class=\"wp-block-image size-full\"><a href=\"http:\/\/www.ecoitaliano.com.ar\/wp-content\/uploads\/2026\/01\/Screenshot-1682.png\"><img decoding=\"async\" width=\"282\" height=\"156\" src=\"http:\/\/www.ecoitaliano.com.ar\/wp-content\/uploads\/2026\/01\/Screenshot-1682.png\" alt=\"\" class=\"wp-image-84580\" srcset=\"https:\/\/www.ecoitaliano.com.ar\/wp-content\/uploads\/2026\/01\/Screenshot-1682.png 282w, https:\/\/www.ecoitaliano.com.ar\/wp-content\/uploads\/2026\/01\/Screenshot-1682-150x83.png 150w\" sizes=\"(max-width: 282px) 100vw, 282px\" \/><\/a><\/figure>\n\n\n\n<p><strong>TUTTO STRAUSS PER IL DEBUTTO DI HOSSEIN PISHKAR CON L\u2019ORCHESTRA RAI<\/strong><\/p>\n\n\n\n<p><strong>Gioved\u00ec 15&nbsp;e venerd\u00ec 16 gennaio all\u2019Auditorium Rai di Torino, con Nicola Patrussi solista nel Concerto per oboe<\/strong><\/p>\n\n\n\n<p>Segna il debutto sul podio dell\u2019<strong>Orchestra Sinfonica Nazionale della Rai <\/strong>del direttore d\u2019orchestra iraniano&nbsp;<strong>Hossein Pishkar<\/strong> il concerto in programma&nbsp;<strong>gioved\u00ec 15 gennaio <\/strong>alle 20.30&nbsp;all\u2019<strong>Auditorium Rai \u201cArturo Toscanini\u201d di Torino<\/strong>, trasmesso in diretta su Radio3 e in live streaming sul portale di Rai Cultura. Replica, sempre a Torino,&nbsp;venerd\u00ec 16 gennaio alle 20.<\/p>\n\n\n\n<p>Pishkar \u2013 che sostituisce Ottavio Dantone, indisposto \u2013 ha collaborato con&nbsp;prestigiose compagini internazionali, tra le quali&nbsp;la Beethoven Orchester Bonn, la NDR Radiophilharmonie Hannover, l\u2019Orchestre Philharmonique de Strasbourg e la Royal Danish Opera.&nbsp;Formatosi inizialmente a Teheran in pianoforte e composizione, ha proseguito gli studi di direzione d\u2019orchestra alla Robert Schumann Hochschule di D\u00fcsseldorf.&nbsp;La sua crescita artistica \u00e8 stata segnata da esperienze di alto profilo come l\u2019Italian Opera Academy con&nbsp;Riccardo Muti&nbsp;e le masterclass del Lucerne Festival con&nbsp;Sir Bernard Haitink, oltre che dalla vincita&nbsp;del&nbsp;Deutscher Dirigentenpreis 2017&nbsp;e del Premio Ernst-von-Schuch.<\/p>\n\n\n\n<p>La serata \u00e8 interamente dedicata a Richard Strauss, con una scelta di opere appartenenti a diverse fasi della sua carriera ma che sembrano tutte rivolgersi indietro, verso un mondo ormai perduto, fatto rivivere con infinita nostalgia. Si inizia con tre brani dalla&nbsp;<em>Tanzsuite aus Klavierst\u00fccken von Fran\u00e7ois Couperin<\/em>&nbsp;TrV 245, una raffinata suite orchestrale composta nel 1923, nella quale il compositore rielabora, rendendo omaggio alla sua arte, alcuni brani per clavicembalo di Couperin.&nbsp;Articolata in otto movimenti, dei quali ne vengono eseguiti&nbsp;tre, l\u2019opera \u2013 che alterna danze nobili a momenti pi\u00f9 vivaci \u2013 \u00e8 un sofisticato omaggio al Barocco, realizzato con la straordinaria padronanza tecnica di Strauss.<\/p>\n\n\n\n<p>A seguire il&nbsp;Concerto in re maggiore per oboe e piccola orchestra, eseguito dal primo oboe dell\u2019Orchestra Rai <strong>Nicola Patrussi <\/strong>qui in veste di solista.&nbsp;Fu l\u2019incontro con John de Lancie, giovane soldato americano e oboista dell\u2019Orchestra di Filadelfia, a spingere un Richard Strauss, ormai nella fase tarda della sua vita, a comporre, nel 1945, il&nbsp;Concerto per oboe in re maggiore. Scritta tra le mura di Garmisch, l\u2019opera \u00e8 una pagina luminosa che comunica un senso di profonda tranquillit\u00e0 e di ritorno al passato, in piena contrapposizione agli sconvolgenti eventi storici che si verificavano in quel periodo. Eseguito per la prima volta a Zurigo nel 1947, il brano si \u00e8 imposto rapidamente come uno dei capisaldi del repertorio oboistico.&nbsp;<\/p>\n\n\n\n<p>Chiude il concerto la&nbsp;Suite da&nbsp;<em>Der<\/em>&nbsp;<em>B\u00fcrger als Edelmann&nbsp;<\/em>(<em>Il borghese gentiluomo<\/em>) op.&nbsp;60, che&nbsp;contiene&nbsp;i momenti pi\u00f9 significativi delle musiche di scena composte nel 1912 per un allestimento del&nbsp;<em>Borghese gentiluomo<\/em>&nbsp;di Moli\u00e8re, curato dal grande scrittore Hugo von Hofmannsthal, che aveva realizzato per lo stesso Strauss il libretto del&nbsp;<em>Cavaliere della rosa<\/em>, andato in scena un anno prima con straordinario successo. Il riferimento \u00e8 a Jean-Baptiste Lully, che aveva corredato con le sue musiche le prime rappresentazioni della commedia nel 1670, al castello di Chambord, sotto l\u2019egida di Luigi XIV: alcuni pezzi di Strauss&nbsp;rielaborano&nbsp;addirittura parti del lavoro di Lully,&nbsp;armonizzandole&nbsp;perfettamente con il resto di una composizione genialmente in bilico fra antico e moderno. La rivisitazione raffinatissima di Strauss, che impegna spesso individualmente i musicisti dell\u2019orchestra, e in particolare il primo violino, dipinge l\u2019epoca del Re Sole come una sorta di paradiso perduto, forse pi\u00f9 immaginato in un sogno che non evocato storicamente; sempre per\u00f2 mantenendo una vivacit\u00e0 teatrale incontenibile, che illumina ciascuno dei nove pezzi della suite anche in un\u2019esecuzione puramente strumentale, privata&nbsp;dell\u2019azione&nbsp;scenica.<\/p>\n\n\n\n<p>I biglietti, da 9 a 30 euro,&nbsp;sono in vendita&nbsp;<a href=\"https:\/\/www.bigliettionline.rai.it\/\" target=\"_blank\" rel=\"noreferrer noopener\">online<\/a>&nbsp;sul sito dell\u2019OSN Rai e presso la biglietteria dell\u2019Auditorium Rai di Torino.&nbsp;Informazioni: 011.8104653&nbsp;\u2013&nbsp;biglietteria.osn@rai.it.<\/p>\n\n\n\n<p>foto<\/p>\n\n\n\n<figure class=\"wp-block-gallery has-nested-images columns-default is-cropped wp-block-gallery-1 is-layout-flex wp-block-gallery-is-layout-flex\">\n<figure class=\"wp-block-image size-large\"><a href=\"https:\/\/www.ecoitaliano.com.ar\/wp-content\/uploads\/2026\/01\/Nicola-Patrussi2_@DocServizi-SergioBertani-OSNRai.jpg\"><img decoding=\"async\" width=\"1024\" height=\"683\" data-id=\"84581\" src=\"https:\/\/www.ecoitaliano.com.ar\/wp-content\/uploads\/2026\/01\/Nicola-Patrussi2_@DocServizi-SergioBertani-OSNRai-1024x683.jpg\" alt=\"\" class=\"wp-image-84581\" srcset=\"https:\/\/www.ecoitaliano.com.ar\/wp-content\/uploads\/2026\/01\/Nicola-Patrussi2_@DocServizi-SergioBertani-OSNRai-1024x683.jpg 1024w, https:\/\/www.ecoitaliano.com.ar\/wp-content\/uploads\/2026\/01\/Nicola-Patrussi2_@DocServizi-SergioBertani-OSNRai-300x200.jpg 300w, https:\/\/www.ecoitaliano.com.ar\/wp-content\/uploads\/2026\/01\/Nicola-Patrussi2_@DocServizi-SergioBertani-OSNRai-768x512.jpg 768w, https:\/\/www.ecoitaliano.com.ar\/wp-content\/uploads\/2026\/01\/Nicola-Patrussi2_@DocServizi-SergioBertani-OSNRai-1536x1024.jpg 1536w, https:\/\/www.ecoitaliano.com.ar\/wp-content\/uploads\/2026\/01\/Nicola-Patrussi2_@DocServizi-SergioBertani-OSNRai-2048x1366.jpg 2048w, https:\/\/www.ecoitaliano.com.ar\/wp-content\/uploads\/2026\/01\/Nicola-Patrussi2_@DocServizi-SergioBertani-OSNRai-150x100.jpg 150w\" sizes=\"(max-width: 1024px) 100vw, 1024px\" \/><\/a><\/figure>\n\n\n\n<figure class=\"wp-block-image size-large\"><a href=\"https:\/\/www.ecoitaliano.com.ar\/wp-content\/uploads\/2026\/01\/PISHKAR_005@Susanne-Diesner.jpg\"><img decoding=\"async\" width=\"1024\" height=\"683\" data-id=\"84582\" src=\"https:\/\/www.ecoitaliano.com.ar\/wp-content\/uploads\/2026\/01\/PISHKAR_005@Susanne-Diesner-1024x683.jpg\" alt=\"\" class=\"wp-image-84582\" srcset=\"https:\/\/www.ecoitaliano.com.ar\/wp-content\/uploads\/2026\/01\/PISHKAR_005@Susanne-Diesner-1024x683.jpg 1024w, https:\/\/www.ecoitaliano.com.ar\/wp-content\/uploads\/2026\/01\/PISHKAR_005@Susanne-Diesner-300x200.jpg 300w, https:\/\/www.ecoitaliano.com.ar\/wp-content\/uploads\/2026\/01\/PISHKAR_005@Susanne-Diesner-768x512.jpg 768w, https:\/\/www.ecoitaliano.com.ar\/wp-content\/uploads\/2026\/01\/PISHKAR_005@Susanne-Diesner-1536x1024.jpg 1536w, https:\/\/www.ecoitaliano.com.ar\/wp-content\/uploads\/2026\/01\/PISHKAR_005@Susanne-Diesner-150x100.jpg 150w, https:\/\/www.ecoitaliano.com.ar\/wp-content\/uploads\/2026\/01\/PISHKAR_005@Susanne-Diesner.jpg 1600w\" sizes=\"(max-width: 1024px) 100vw, 1024px\" \/><\/a><\/figure>\n<\/figure>\n","protected":false},"excerpt":{"rendered":"<p>TUTTO STRAUSS PER IL DEBUTTO DI HOSSEIN PISHKAR CON L\u2019ORCHESTRA RAI Gioved\u00ec 15&nbsp;e venerd\u00ec 16 gennaio all\u2019Auditorium Rai di Torino, [&hellip;]<\/p>\n","protected":false},"author":1,"featured_media":0,"comment_status":"open","ping_status":"open","sticky":false,"template":"","format":"standard","meta":{"footnotes":""},"categories":[1],"tags":[],"class_list":["post-84578","post","type-post","status-publish","format-standard","hentry","category-sin-categoria"],"_links":{"self":[{"href":"https:\/\/www.ecoitaliano.com.ar\/index.php?rest_route=\/wp\/v2\/posts\/84578","targetHints":{"allow":["GET"]}}],"collection":[{"href":"https:\/\/www.ecoitaliano.com.ar\/index.php?rest_route=\/wp\/v2\/posts"}],"about":[{"href":"https:\/\/www.ecoitaliano.com.ar\/index.php?rest_route=\/wp\/v2\/types\/post"}],"author":[{"embeddable":true,"href":"https:\/\/www.ecoitaliano.com.ar\/index.php?rest_route=\/wp\/v2\/users\/1"}],"replies":[{"embeddable":true,"href":"https:\/\/www.ecoitaliano.com.ar\/index.php?rest_route=%2Fwp%2Fv2%2Fcomments&post=84578"}],"version-history":[{"count":1,"href":"https:\/\/www.ecoitaliano.com.ar\/index.php?rest_route=\/wp\/v2\/posts\/84578\/revisions"}],"predecessor-version":[{"id":84583,"href":"https:\/\/www.ecoitaliano.com.ar\/index.php?rest_route=\/wp\/v2\/posts\/84578\/revisions\/84583"}],"wp:attachment":[{"href":"https:\/\/www.ecoitaliano.com.ar\/index.php?rest_route=%2Fwp%2Fv2%2Fmedia&parent=84578"}],"wp:term":[{"taxonomy":"category","embeddable":true,"href":"https:\/\/www.ecoitaliano.com.ar\/index.php?rest_route=%2Fwp%2Fv2%2Fcategories&post=84578"},{"taxonomy":"post_tag","embeddable":true,"href":"https:\/\/www.ecoitaliano.com.ar\/index.php?rest_route=%2Fwp%2Fv2%2Ftags&post=84578"}],"curies":[{"name":"wp","href":"https:\/\/api.w.org\/{rel}","templated":true}]}}