{"id":84599,"date":"2026-01-13T19:22:17","date_gmt":"2026-01-13T19:22:17","guid":{"rendered":"https:\/\/www.ecoitaliano.com.ar\/?p=84599"},"modified":"2026-01-13T19:22:17","modified_gmt":"2026-01-13T19:22:17","slug":"serena-conduce-operaclassica-eco-italiano-4895","status":"publish","type":"post","link":"https:\/\/www.ecoitaliano.com.ar\/?p=84599","title":{"rendered":"Serena conduce operaclassica eco italiano"},"content":{"rendered":"<div class=\"wp-block-image\">\n<figure class=\"aligncenter size-full is-resized\"><a href=\"https:\/\/www.ecoitaliano.com.ar\/wp-content\/uploads\/2026\/01\/image-19.png\"><img decoding=\"async\" width=\"600\" height=\"164\" src=\"https:\/\/www.ecoitaliano.com.ar\/wp-content\/uploads\/2026\/01\/image-19.png\" alt=\"\" class=\"wp-image-84600\" style=\"width:338px;height:auto\" srcset=\"https:\/\/www.ecoitaliano.com.ar\/wp-content\/uploads\/2026\/01\/image-19.png 600w, https:\/\/www.ecoitaliano.com.ar\/wp-content\/uploads\/2026\/01\/image-19-300x82.png 300w, https:\/\/www.ecoitaliano.com.ar\/wp-content\/uploads\/2026\/01\/image-19-150x41.png 150w\" sizes=\"(max-width: 600px) 100vw, 600px\" \/><\/a><\/figure><\/div>\n\n\n<figure class=\"wp-block-table\"><table class=\"has-fixed-layout\"><tbody><tr><td><strong>APERTE LE ISCRIZIONI PER PARTECIPARE ALLA SESTA EDIZIONE DELLA BOTTEGA DONIZETTI DESTINATA A GIOVANI CANTANTI LIRICI<\/strong><\/td><\/tr><tr><td><strong>Il laboratorio di perfezionamento 2026, a cura di Giulio Zappa, avr\u00e0 fra i docenti Riccardo Frizza, Paolo Bordogna e Cristiano Sandri<\/strong><strong><br>Gli allievi riceveranno una borsa di studio e saranno scritturati nelle produzioni del prossimo festival Donizetti Opera 2026<\/strong><\/td><\/tr><tr><td><img decoding=\"async\" src=\"https:\/\/m.gr-cdn-5.com\/getresponse-BB1GF\/photos\/ed4e7929-5ce9-4735-b514-74512bae3ce3.jpg?img1768314819397\" width=\"600\"><\/td><\/tr><tr><td><\/td><\/tr><tr><td>Comunicato stampa, 13.01.2026<br>Aperto il bando per partecipare alla sesta edizione della&nbsp;<strong>Bottega Donizetti<\/strong>, laboratorio di perfezionamento per giovani cantanti lirici organizzato dalla Fondazione Teatro Donizetti e a cura di&nbsp;<strong>Giulio Zappa<\/strong>, che si terr\u00e0&nbsp;<strong>a Bergamo dal 4 al 17 maggio (masterclass) e poi durante il periodo di produzione del festival Donizetti Opera 2026, dal 12 ottobre al 29 novembre<\/strong>, durante il quale gli allievi saranno impegnati nelle produzioni dei titoli donizettiani&nbsp;<em>Le convenienze ed inconvenienze teatrali<\/em>&nbsp;e&nbsp;<em>L\u2019esule di Roma<\/em>.<br>La partecipazione ai corsi della Bottega Donizetti \u00e8 gratuita e si possono candidare artiste e artisti nati a partire dal&nbsp;<strong>1\u00b0 gennaio 1994<\/strong>. La domanda va presentata entro&nbsp;<strong>le ore 13.00 di domenica 15 febbraio 2026<\/strong>&nbsp;attraverso l\u2019apposita modulistica disponibile sul sito teatrodonizetti.it; dopo una preselezione dei materiali inviati da parte della Commissione,&nbsp;<strong>le audizioni in presenza avranno luogo a Bergamo luned\u00ec 23 e marted\u00ec 24 marzo 2026.<\/strong><strong><br><\/strong>Gli allievi selezionati riceveranno una&nbsp;<strong>borsa di studio di 2.000 euro<\/strong>&nbsp;ciascuno per sostenere le spese di viaggio, vitto e alloggio, e per il periodo di produzione del festival Donizetti Opera 2026 verr\u00e0 loro riconosciuto, inoltre, un&nbsp;<strong>cachet lordo di 4.500 euro<\/strong>. Il bando con tutti i dettagli e la domanda di iscrizione sono disponibili al link:&nbsp;<a href=\"https:\/\/trasparenza.teatrodonizetti.it\/documentazione\/bandi-aperti\/#0-toc-title\" target=\"_blank\" rel=\"noreferrer noopener\">https:\/\/trasparenza.teatrodonizetti.it\/documentazione\/bandi-aperti\/#0-toc-title<\/a><br>Verranno selezionati&nbsp;<strong>6 partecipanti<\/strong>, cos\u00ec suddivisi: 1 soprano, 1 mezzosoprano\/contralto, 1 tenore, 3 bassi o bassi-baritoni o baritoni, che interpreteranno i seguenti personaggi: Luigia (soprano), Pippetto (mezzosoprano\/contralto), Cesare Salsapariglia, Biscroma Strappaviscere, Procolo (bassi o baritoni o basso-baritoni) in&nbsp;<em>Le convenienze ed inconvenienze teatral<\/em>i e Publio (tenore) in&nbsp;<em>L\u2019esule di Roma<\/em>.<br>Frequentando la Bottega Donizetti, artiste e artisti ammessi potranno&nbsp;<strong>approfondire le tematiche vocali e drammaturgiche connesse alla produzione operistica donizettiana<\/strong>. Ai giovani cantanti sar\u00e0 offerta l\u2019opportunit\u00e0 di consolidare e perfezionare,&nbsp;<strong>sotto la guida di specialisti di livello internazionale<\/strong>, i diversi aspetti legati al repertorio belcantistico, con particolare riferimento alla lezione di Donizetti che esigeva dai suoi interpreti elevate capacit\u00e0 tanto vocali quanto teatrali. Avendo come oggetto la messa in scena di due titoli in programma, il laboratorio offrir\u00e0 agli allievi la possibilit\u00e0 di confrontarsi con il palcoscenico e con il pubblico. I partecipanti potranno, inoltre, essere coinvolti in ulteriori attivit\u00e0 del festival ed essere designati quali cover dei ruoli principali delle produzioni del Donizetti Opera 2026.<br>La Bottega Donizetti punta a fornire molteplici strumenti tecnici, stilistici, critico-interpretativi per un\u2019appropriata conoscenza della vocalit\u00e0 donizettiana e belcantistica. Per questo, lo studio si articoler\u00e0 nei seguenti moduli: tecnica vocale, studio dello spartito, interpretazione del repertorio operistico donizettiano, tecniche dell\u2019espressione corporea e approfondimento del personaggio, filologia e drammaturgia musicale donizettiana. Fra i docenti, oltre a&nbsp;<strong>Riccardo Frizza<\/strong>, direttore artistico e musicale del festival Donizetti Opera, e al vocal coach e responsabile del progetto Giulio Zappa, figurano&nbsp;<strong>Paolo Fabbr<\/strong>i, direttore scientifico del Centro Studi Donizettiani, il baritono&nbsp;<strong>Paolo Bordogna<\/strong>, il direttore d\u2019orchestra&nbsp;<strong>Alberto Zanardi&nbsp;<\/strong>e&nbsp;<strong>Cristiano Sandri<\/strong>, direttore artistico del Teatro Regio di Torino.<\/td><\/tr><tr><td><strong>Walter Vitale<\/strong>Ufficio stampa nazionale Donizetti Opera&nbsp;+39 3335243419 |&nbsp;<a href=\"mailto:pressopera@fondazioneteatrodonizetti.org\" target=\"_blank\" rel=\"noreferrer noopener\">pressopera@fondazioneteatrodonizetti.org<\/a><\/td><\/tr><tr><td><\/td><\/tr><\/tbody><\/table><\/figure>\n","protected":false},"excerpt":{"rendered":"<p>APERTE LE ISCRIZIONI PER PARTECIPARE ALLA SESTA EDIZIONE DELLA BOTTEGA DONIZETTI DESTINATA A GIOVANI CANTANTI LIRICI Il laboratorio di perfezionamento [&hellip;]<\/p>\n","protected":false},"author":1,"featured_media":0,"comment_status":"open","ping_status":"open","sticky":false,"template":"","format":"standard","meta":{"footnotes":""},"categories":[1],"tags":[],"class_list":["post-84599","post","type-post","status-publish","format-standard","hentry","category-sin-categoria"],"_links":{"self":[{"href":"https:\/\/www.ecoitaliano.com.ar\/index.php?rest_route=\/wp\/v2\/posts\/84599","targetHints":{"allow":["GET"]}}],"collection":[{"href":"https:\/\/www.ecoitaliano.com.ar\/index.php?rest_route=\/wp\/v2\/posts"}],"about":[{"href":"https:\/\/www.ecoitaliano.com.ar\/index.php?rest_route=\/wp\/v2\/types\/post"}],"author":[{"embeddable":true,"href":"https:\/\/www.ecoitaliano.com.ar\/index.php?rest_route=\/wp\/v2\/users\/1"}],"replies":[{"embeddable":true,"href":"https:\/\/www.ecoitaliano.com.ar\/index.php?rest_route=%2Fwp%2Fv2%2Fcomments&post=84599"}],"version-history":[{"count":1,"href":"https:\/\/www.ecoitaliano.com.ar\/index.php?rest_route=\/wp\/v2\/posts\/84599\/revisions"}],"predecessor-version":[{"id":84601,"href":"https:\/\/www.ecoitaliano.com.ar\/index.php?rest_route=\/wp\/v2\/posts\/84599\/revisions\/84601"}],"wp:attachment":[{"href":"https:\/\/www.ecoitaliano.com.ar\/index.php?rest_route=%2Fwp%2Fv2%2Fmedia&parent=84599"}],"wp:term":[{"taxonomy":"category","embeddable":true,"href":"https:\/\/www.ecoitaliano.com.ar\/index.php?rest_route=%2Fwp%2Fv2%2Fcategories&post=84599"},{"taxonomy":"post_tag","embeddable":true,"href":"https:\/\/www.ecoitaliano.com.ar\/index.php?rest_route=%2Fwp%2Fv2%2Ftags&post=84599"}],"curies":[{"name":"wp","href":"https:\/\/api.w.org\/{rel}","templated":true}]}}