{"id":84602,"date":"2026-01-14T08:55:32","date_gmt":"2026-01-14T08:55:32","guid":{"rendered":"https:\/\/www.ecoitaliano.com.ar\/?p=84602"},"modified":"2026-01-14T08:56:18","modified_gmt":"2026-01-14T08:56:18","slug":"40-premio-troccoli-magna-graecia","status":"publish","type":"post","link":"https:\/\/www.ecoitaliano.com.ar\/?p=84602","title":{"rendered":"40\u00b0 Premio Troccoli Magna Graecia"},"content":{"rendered":"<div class=\"wp-block-image\">\n<figure class=\"aligncenter size-full\"><a href=\"http:\/\/www.ecoitaliano.com.ar\/wp-content\/uploads\/2026\/01\/WhatsApp-Image-2026-01-13-at-09.02.41.jpeg\"><img decoding=\"async\" width=\"221\" height=\"122\" src=\"http:\/\/www.ecoitaliano.com.ar\/wp-content\/uploads\/2026\/01\/WhatsApp-Image-2026-01-13-at-09.02.41.jpeg\" alt=\"\" class=\"wp-image-84603\" srcset=\"https:\/\/www.ecoitaliano.com.ar\/wp-content\/uploads\/2026\/01\/WhatsApp-Image-2026-01-13-at-09.02.41.jpeg 221w, https:\/\/www.ecoitaliano.com.ar\/wp-content\/uploads\/2026\/01\/WhatsApp-Image-2026-01-13-at-09.02.41-150x83.jpeg 150w\" sizes=\"(max-width: 221px) 100vw, 221px\" \/><\/a><\/figure><\/div>\n\n\n<h2 class=\"wp-block-heading\"><\/h2>\n\n\n\n<p><a href=\"mailto:premiotroccoli@libero.it\">premiotroccoli@libero.it<\/a><\/p>\n\n\n\n<p>Comunicato stampa<\/p>\n\n\n\n<p><strong>Bandito il 40\u00b0 Premio Letterario Nazionale <\/strong><em><strong>Troccoli Magna Graecia<\/strong><\/em><\/p>\n\n\n\n<p><strong>P. Bruni: nel 2026 tre anniversari: 40 anni del Premio, 45 del Cresesm e 125\u00b0 anniversario della nascita di Giuseppe Troccoli<\/strong><\/p>\n\n\n\n<p><strong>&lt;&lt;\/&gt;&gt;<\/strong><\/p>\n\n\n\n<p><a><\/a> Il Centro Studi CRESESM (<strong>C<\/strong>entro di <strong>R<\/strong>icerche e <strong>S<\/strong>tudi <strong>E<\/strong>conomici e <strong>S<\/strong>ociali per il <strong>M<\/strong>ezzogiorno, Lauropoli -CS) ha bandito la <strong>40<\/strong>esima edizione del Premio Letterario Nazionale \u201cTroccoli Magna Graecia\u201d di ricerca e promozione culturale.<\/p>\n\n\n\n<p>Per l\u2019occasione il presidente del Comitato scientifico del Premio Pierfranco Bruni ha dichiarato: \u00abNel 2026 ricorrono tre anniversari, tre celebrazioni, tre modelli di fare culturale tra tradizione innovazione. In questi anni c&#8217;\u00e8 stata sempre l&#8217;operosit\u00e0 del Centro Ricerche e Sudi Economici e Sociali per il Mezzogiorno (CRESESM) che ha istituito pensato organizzato promosso il Premio e le attivit\u00e0 di convegni e pubblicazioni che hanno sempre ruotato intorno al Premio: sono 45 anni dalla costituzione del Centro.&nbsp;Il Premio \u00e8 dedicato allo scrittore Giuseppe Troccoli, uno scrittore, un poeta e uno storico della letteratura di cui proprio nel 2026 ricorrono i 125 anni dalla nascita\u00bb.<\/p>\n\n\n\n<p>Il Premio si articola nelle sezioni: Saggistica, Poesia, Ricerca, \u201cTarga F. Toscano\u201d, Giornalismo, Scuola e promozione culturale, Fotografia, Eccellenze dei territori.<\/p>\n\n\n\n<p>Obiettivo del Premio \u00e8 promuovere e valorizzare la ricerca storica e letteraria su autori contemporanei; evidenziare l\u2019impegno e l\u2019opera di personalit\u00e0 illustri che svolgono la propria attivit\u00e0 in campo letterario, artistico, giornalistico nonch\u00e9 le eccellenze territoriali.<\/p>\n\n\n\n<p>Alla Sezione <strong>Saggistica<\/strong> possono partecipare gli autori di pubblicazioni di carattere storico e letterario (inviare 5 copie).<\/p>\n\n\n\n<p>La sezione <strong>Poesia <\/strong>\u00e8 riservata agli autori di una raccolta di poesie edite nell\u2019ultimo biennio (inviare 5 copie),mentrealla Sezione <strong>Ricerca<\/strong> sono ammessi gli autori di tesi di laurea o di studi critici editi sull\u2019opera letteraria di Giuseppe Troccoli o di un autore contemporaneo o su tematiche di carattere socio-culturali contemporanee (inviare 5 copie).<\/p>\n\n\n\n<p>La <strong>Targa \u201cF. Toscano\u201d<\/strong> \u00e8 assegnata ad una personalit\u00e0 che ha degnamente onorato l\u2019Italia attraverso la propria opera svolta in campo letterario, sociale e della promozione umana.<\/p>\n\n\n\n<p>Il riconoscimento per la sezione <strong>Giornalismo<\/strong> viene assegnato ad una personalit\u00e0 che si \u00e8 imposta all\u2019opinione pubblica nazionale per il particolare e significativo impegno nell\u2019ambito della comunicazione sociale.<\/p>\n\n\n\n<p><a><\/a> La Sezione <strong>Scuola e promozione culturale, &#8211;<\/strong>in collaborazione con alcuniIstituti d\u2019istruzione secondaria inferiori e superiori- \u00e8 riservata agli studenti frequentanti le terze classi degli Istituti d\u2019Istruzione Secondaria inferiore e le classi quinte degli Istituti d\u2019Istruzione Secondaria Superiore. Questo il tema:<\/p>\n\n\n\n<p><a><\/a> <em>Il 2026 <\/em><em>\u00e8 l&#8217;anno di importanti iniziative: la&nbsp;<\/em><a href=\"https:\/\/www.google.com\/search?rlz=1C1FKPE_itIT976IT976&amp;cs=0&amp;sca_esv=0552b0ba02155725&amp;sxsrf=AE3TifOevX_l_UgDN7JGUSfNM0JRNo3m7Q%3A1758215193448&amp;q=Festa+dell%27Europa&amp;sa=X&amp;ved=2ahUKEwiS8oiA5uKPAxXqnf0HHb9hMEkQxccNegQIAhAC&amp;mstk=AUtExfAaOOmYK2xSjC7S-GFD1pujNRJQZ2u5IH8kRLIoJMVbmyyz0Q_6XsFLTilGV0wAc9uiB2_2dEVcpQTEOlT16mbgoMQahoQIYVxTATvNYDWeoBdE3PfVuWpc4THMT1wv6OIN3uHdvCIIbxtns6_vxh3HbrgMlS8UTRSXUtci4HInav8&amp;csui=3\" target=\"_blank\" rel=\"noreferrer noopener\"><em><u>Festa dell&#8217;Europa<\/u><\/em><\/a><em>&nbsp;che si celebra il 9 maggio, la conferenza dei Presidenti dei Parlamenti del Consiglio d&#8217;Europa a Roma e l&#8217;adozione dell&#8217;euro da parte della Bulgaria. <\/em><em>L\u2019Istituto scolastico che frequenti in che modo <\/em><em>partecipa a tali iniziative?<\/em><\/p>\n\n\n\n<p>Gli elaborati possono essere realizzati con tecniche multimediali.Ai vincitori saranno assegnati attestati di partecipazione, un cofanetto di volumi di autori italiani ed altri eventuali riconoscimenti messi a disposizione dagli organizzatori del Premio.<\/p>\n\n\n\n<p>Tra i partecipanti risultati \u201cvincitori\u201d saranno scelti <strong>i primi tre pi\u00f9 meritevoli<\/strong>ai quali sar\u00e0 assegnato un premio speciale.Sono ammessi lavori di gruppo: in caso di premiazione sar\u00e0 assegnato <strong>un<\/strong> <strong>premio unico<\/strong>. Contestualmente agli elaborati inviare anche l\u2019indirizzo e-mail dell\u2019Istituto, recapiti telefonici dei docenti referenti per velocizzare ed ottimizzare le comunicazioni.<\/p>\n\n\n\n<p>Alla Sezione <strong>Fotografia<\/strong> possono partecipare i giovani studenti frequentanti le classi terminali degli Istituti di istruzione inferiori e superiori (\u201c<em><u>Sezione A<\/u><\/em>\u201d); i fotografi amatoriali (\u201cSezione B\u201d); i fotografi professionisti (\u201c<em><u>Sezione C<\/u><\/em>\u201d), con foto a colori o in bianco e nero di dimensioni non superiori a 20&#215;30 cm e non inferiori a 18&#215;20 cm.<\/p>\n\n\n\n<p>Ogni partecipante pu\u00f2 presentare un massimo di cinque foto corredate da didascalia, data di esecuzione, nome e indirizzo dell\u2019autore su supporto cartaceo. Tutte le foto presentate non saranno restituite: esse saranno acquisite all\u2019Archivio storico del Premio. Il tema \u00e8: <em>Proporre con adeguata documentazione fotografica la presenza di beni culturali nel proprio territorio: <\/em>Opere d\u2019arte; Edifici storici e monumenti; Archivi e documenti storici; Libri antichi e raccolte librarie; Patrimonio etnoantropologico; Beni paesaggistici e naturali; Siti archeologici.<\/p>\n\n\n\n<p>Gli elaborati dovranno pervenire entro il <strong>10 marzo 2026<\/strong> alla e-mail: <a href=\"mailto:premiotroccoli@libero.it\"><u>premiotroccoli@libero.it<\/u><\/a> o per posta ordinaria alla Segreteria organizzativa del Premio in Via Zara, 26 &#8211; 87011-Lauropoli (CS), le opere a stampa dovranno pervenire, entro la stessa data, all\u2019indirizzo postale.<\/p>\n\n\n\n<p>Casano all\u2019Ionio, 12 gennaio 2026<\/p>\n\n\n\n<p>L\u2019Ufficio Stampa e Comunicazione<\/p>\n\n\n\n<p><a href=\"mailto:premiotroccoli@libero.it\">premiotroccoli@libero.it<\/a><\/p>\n\n\n\n<p><\/p>\n","protected":false},"excerpt":{"rendered":"<p>premiotroccoli@libero.it Comunicato stampa Bandito il 40\u00b0 Premio Letterario Nazionale Troccoli Magna Graecia P. Bruni: nel 2026 tre anniversari: 40 anni [&hellip;]<\/p>\n","protected":false},"author":1,"featured_media":0,"comment_status":"open","ping_status":"open","sticky":false,"template":"","format":"standard","meta":{"footnotes":""},"categories":[10,22],"tags":[],"class_list":["post-84602","post","type-post","status-publish","format-standard","hentry","category-italiano","category-libros-y-revistas-literatura"],"_links":{"self":[{"href":"https:\/\/www.ecoitaliano.com.ar\/index.php?rest_route=\/wp\/v2\/posts\/84602","targetHints":{"allow":["GET"]}}],"collection":[{"href":"https:\/\/www.ecoitaliano.com.ar\/index.php?rest_route=\/wp\/v2\/posts"}],"about":[{"href":"https:\/\/www.ecoitaliano.com.ar\/index.php?rest_route=\/wp\/v2\/types\/post"}],"author":[{"embeddable":true,"href":"https:\/\/www.ecoitaliano.com.ar\/index.php?rest_route=\/wp\/v2\/users\/1"}],"replies":[{"embeddable":true,"href":"https:\/\/www.ecoitaliano.com.ar\/index.php?rest_route=%2Fwp%2Fv2%2Fcomments&post=84602"}],"version-history":[{"count":1,"href":"https:\/\/www.ecoitaliano.com.ar\/index.php?rest_route=\/wp\/v2\/posts\/84602\/revisions"}],"predecessor-version":[{"id":84604,"href":"https:\/\/www.ecoitaliano.com.ar\/index.php?rest_route=\/wp\/v2\/posts\/84602\/revisions\/84604"}],"wp:attachment":[{"href":"https:\/\/www.ecoitaliano.com.ar\/index.php?rest_route=%2Fwp%2Fv2%2Fmedia&parent=84602"}],"wp:term":[{"taxonomy":"category","embeddable":true,"href":"https:\/\/www.ecoitaliano.com.ar\/index.php?rest_route=%2Fwp%2Fv2%2Fcategories&post=84602"},{"taxonomy":"post_tag","embeddable":true,"href":"https:\/\/www.ecoitaliano.com.ar\/index.php?rest_route=%2Fwp%2Fv2%2Ftags&post=84602"}],"curies":[{"name":"wp","href":"https:\/\/api.w.org\/{rel}","templated":true}]}}