{"id":84614,"date":"2026-01-14T16:39:26","date_gmt":"2026-01-14T16:39:26","guid":{"rendered":"https:\/\/www.ecoitaliano.com.ar\/?p=84614"},"modified":"2026-01-14T16:39:41","modified_gmt":"2026-01-14T16:39:41","slug":"governo-spagnolo-conferisce-al-fondatore-di-open-arms-lencomienda-de-numero-dellordine-al-merito-civile","status":"publish","type":"post","link":"https:\/\/www.ecoitaliano.com.ar\/?p=84614","title":{"rendered":"Governo spagnolo conferisce al fondatore di Open Arms l\u2019Encomienda de N\u00famero dell\u2019Ordine al Merito Civile"},"content":{"rendered":"\n<figure class=\"wp-block-table\"><table class=\"has-fixed-layout\"><tbody><tr><td><strong>Il Governo spagnolo conferisce al fondatore di Open Arms l\u2019Encomienda de N\u00famero dell\u2019Ordine al Merito Civile.&nbsp;<\/strong><em><strong>Oscar Cams: \u201cUn riconoscimento che vale tantissimo perch\u00e9 riconosce nel salvare vite un valore non negoziabile e una responsabilit\u00e0 collettiva, soprattutto di fronte al silenzio e alle paure degli Stati.\u201d<\/strong><\/em><img decoding=\"async\" src=\"https:\/\/ci3.googleusercontent.com\/meips\/ADKq_NYPqiKrEkW2HrfMMCMi7uziOk4rmJIweyOpzKInt8kb_ff2rGudNtGPhvidjHQxnWdKk73m5HSILDVdWG6Ws5cy4rSYhhU5GC_8jUkSLD443EdbBhy23duTSC-LFa_RDyg6jmPDvMutTyGMxGhZCOWu=s0-d-e1-ft#https:\/\/gbfa4.img.a.d.sendibm1.com\/im\/sh\/L2IhFPk3oGxD.png?u=7xwQLFBtniwQn1M7ZYW8IhiFwEavAM5\" width=\"168\">Madrid, 14.01.2025 \u2013 Open Arms accoglie con profonda gratitudine il conferimento dell\u2019Encomienda de N\u00famero dell\u2019Orden del M\u00e9rito Civil al fondatore e direttore dell\u2019organizzazione, Oscar Camps, onorificenza ufficiale dello Stato spagnolo, per le attivit\u00e0 di soccorso svolte.La cerimonia si \u00e8 svolta oggi presso il Complesso della Moncloa, dove il Presidente del Governo spagnolo, Pedro S\u00e1nchez, ha presieduto l\u2019atto di consegna dell\u2019onorificenza, come previsto dal programma ufficiale della Presidenza del Governo.Nel ricevere il riconoscimento, Oscar Camps ha dichiarato: \u00abIn un tempo in cui l\u2019aiuto umanitario \u00e8 stato criminalizzato e usato come pretesto per politiche fondate sulla paura e sull\u2019esclusione, affermare che salvare vite \u00e8 un valore civico e non un reato ha un peso reale. Ricevo questo riconoscimento con gratitudine, ma anche con senso di responsabilit\u00e0, perch\u00e9 non \u00e8 un punto di arrivo ma un\u2019occasione \u2013 forse l\u2019ultima \u2013 per cambiare davvero prima che sia troppo tardi. Questo merito non appartiene a me, ma a tutte le persone che da dieci anni, con Open Arms, operano in mare mentre decisioni istituzionali che potrebbero salvare vite vengono ritardate o evitate. Nel Mediterraneo il silenzio degli Stati continua a uccidere. Grazie a chi oggi sceglie di affermare, con questo gesto, che salvare vite \u00e8 un principio che non si negozia\u00bb.L\u2019Encomienda de N\u00famero al M\u00e9rito Civile \u00e8 uno dei pi\u00f9 alti gradi dell\u2019Ordine del Merito Civile, istituito nel 1926 per riconoscere servizi di particolare rilievo resi allo Stato spagnolo o alla societ\u00e0 civile nei campi civile, sociale, culturale, umanitario e della cooperazione internazionale. Si tratta di un riconoscimento conferito a personalit\u00e0 che abbiano avuto un impatto a livello nazionale o internazionale. L\u2019onorificenza \u00e8 concessa dal Re di Spagna su proposta del Ministerio de Asuntos Exteriores, Uni\u00f3n Europea y Cooperaci\u00f3n.Per Open Arms, questo riconoscimento rappresenta un segnale istituzionale importante: un\u2019affermazione chiara del valore civile dell\u2019azione umanitaria e del dovere di salvare vite umane in mare, nel rispetto del diritto internazionale e dei diritti fondamentali.L\u2019organizzazione dedica questa onorificenza a tutte le persone soccorse nel Mediterraneo &#8211; oltre 70.000 in 10 anni di attivit\u00e0 &#8211; , agli equipaggi, ai volontari e a chi, ogni giorno, continua a operare perch\u00e9 la vita umana venga sempre prima di ogni considerazione politica.<br>Ufficio Stampa Open ArmsSilvia Bellucci+39 3461561637<a href=\"mailto:silviabellucci@live.it\" target=\"_blank\" rel=\"noreferrer noopener\">silviabellucci@live.it<\/a><\/td><\/tr><\/tbody><\/table><\/figure>\n","protected":false},"excerpt":{"rendered":"<p>Il Governo spagnolo conferisce al fondatore di Open Arms l\u2019Encomienda de N\u00famero dell\u2019Ordine al Merito Civile.&nbsp;Oscar Cams: \u201cUn riconoscimento che [&hellip;]<\/p>\n","protected":false},"author":1,"featured_media":0,"comment_status":"open","ping_status":"open","sticky":false,"template":"","format":"standard","meta":{"footnotes":""},"categories":[2,10],"tags":[],"class_list":["post-84614","post","type-post","status-publish","format-standard","hentry","category-informacion","category-italiano"],"_links":{"self":[{"href":"https:\/\/www.ecoitaliano.com.ar\/index.php?rest_route=\/wp\/v2\/posts\/84614","targetHints":{"allow":["GET"]}}],"collection":[{"href":"https:\/\/www.ecoitaliano.com.ar\/index.php?rest_route=\/wp\/v2\/posts"}],"about":[{"href":"https:\/\/www.ecoitaliano.com.ar\/index.php?rest_route=\/wp\/v2\/types\/post"}],"author":[{"embeddable":true,"href":"https:\/\/www.ecoitaliano.com.ar\/index.php?rest_route=\/wp\/v2\/users\/1"}],"replies":[{"embeddable":true,"href":"https:\/\/www.ecoitaliano.com.ar\/index.php?rest_route=%2Fwp%2Fv2%2Fcomments&post=84614"}],"version-history":[{"count":1,"href":"https:\/\/www.ecoitaliano.com.ar\/index.php?rest_route=\/wp\/v2\/posts\/84614\/revisions"}],"predecessor-version":[{"id":84615,"href":"https:\/\/www.ecoitaliano.com.ar\/index.php?rest_route=\/wp\/v2\/posts\/84614\/revisions\/84615"}],"wp:attachment":[{"href":"https:\/\/www.ecoitaliano.com.ar\/index.php?rest_route=%2Fwp%2Fv2%2Fmedia&parent=84614"}],"wp:term":[{"taxonomy":"category","embeddable":true,"href":"https:\/\/www.ecoitaliano.com.ar\/index.php?rest_route=%2Fwp%2Fv2%2Fcategories&post=84614"},{"taxonomy":"post_tag","embeddable":true,"href":"https:\/\/www.ecoitaliano.com.ar\/index.php?rest_route=%2Fwp%2Fv2%2Ftags&post=84614"}],"curies":[{"name":"wp","href":"https:\/\/api.w.org\/{rel}","templated":true}]}}