{"id":84690,"date":"2026-01-15T09:15:16","date_gmt":"2026-01-15T09:15:16","guid":{"rendered":"https:\/\/www.ecoitaliano.com.ar\/?p=84690"},"modified":"2026-01-15T09:15:33","modified_gmt":"2026-01-15T09:15:33","slug":"il-ritorno-del-centro-mastella-e-larte-della-sopravvivenza-politica","status":"publish","type":"post","link":"https:\/\/www.ecoitaliano.com.ar\/?p=84690","title":{"rendered":"Il ritorno del centro: Mastella e l&#8217;arte della sopravvivenza politica"},"content":{"rendered":"\n<figure class=\"wp-block-table\"><table class=\"has-fixed-layout\"><tbody><tr><td><em>Carlo Di Stanislao<\/em><\/td><\/tr><\/tbody><\/table><\/figure>\n\n\n<div class=\"wp-block-image\">\n<figure class=\"aligncenter size-full\"><a href=\"http:\/\/www.ecoitaliano.com.ar\/wp-content\/uploads\/2025\/12\/descarga-1-2.jpeg\"><img decoding=\"async\" width=\"225\" height=\"225\" src=\"http:\/\/www.ecoitaliano.com.ar\/wp-content\/uploads\/2025\/12\/descarga-1-2.jpeg\" alt=\"\" class=\"wp-image-84101\" srcset=\"https:\/\/www.ecoitaliano.com.ar\/wp-content\/uploads\/2025\/12\/descarga-1-2.jpeg 225w, https:\/\/www.ecoitaliano.com.ar\/wp-content\/uploads\/2025\/12\/descarga-1-2-150x150.jpeg 150w\" sizes=\"(max-width: 225px) 100vw, 225px\" \/><\/a><\/figure><\/div>\n\n\n<blockquote class=\"wp-block-quote is-layout-flow wp-block-quote-is-layout-flow\">\n<p><em>\u00abLa politica \u00e8 l&#8217;arte di ottenere voti dai poveri e fondi dai ricchi, col pretesto di proteggere gli uni dagli altri.\u00bb<\/em><\/p>\n\n\n\n<p><em>\u2014 Ambrose Bierce<\/em><\/p>\n<\/blockquote>\n\n\n\n<p>\u200bIl nome di Clemente&nbsp;<strong>Mastella<\/strong>&nbsp;torna oggi prepotentemente al&nbsp;<strong>centro<\/strong>&nbsp;delle cronache nazionali, occupando ampi spazi sul&nbsp;<em>Corriere della Sera<\/em>&nbsp;e nei talk show di&nbsp;<em>La 7<\/em>&nbsp;a causa della sua complessa vicenda personale e della sua netta presa di posizione per il s\u00ec. Questa presenza costante non \u00e8 un semplice caso di longevit\u00e0 anagrafica, ma il riflesso di una capacit\u00e0 di lettura delle dinamiche di potere che pochi altri protagonisti della scena repubblicana possono vantare. In un momento in cui le leadership sembrano consumarsi nello spazio di un mattino, la figura del sindaco di Benevento si ripropone come un punto di riferimento per quell&#8217;area moderata che cerca faticosamente una nuova casa politica tra le pieghe di un sistema bipolare sempre pi\u00f9 in crisi.<\/p>\n\n\n\n<h3 class=\"wp-block-heading\">\u200bLa vicenda personale come paradigma di resistenza<\/h3>\n\n\n\n<p>\u200bLa narrazione mediatica recente si \u00e8 concentrata con particolare vigore sulla vicenda personale di Mastella, analizzandola non solo come cronaca giudiziaria o biografica, ma come un vero e proprio paradigma di resistenza istituzionale. Il&nbsp;<em>Corriere della Sera<\/em>&nbsp;ha dedicato ampi editoriali alla sua figura, descrivendolo come un politico che ha saputo trasformare ogni attacco e ogni caduta in un&#8217;occasione di rilancio. La sua storia \u00e8 segnata da momenti di profonda crisi che avrebbero messo fine alla carriera di chiunque altro, eppure Mastella ha dimostrato una tempra fuori dal comune. Questa resilienza viene oggi letta come la prova di una capacit\u00e0 di restare lucidi anche sotto pressione, mantenendo intatta la propria influenza sui territori e nelle stanze che contano, dimostrando che la politica \u00e8 prima di tutto una questione di nervi saldi e visione di lungo periodo.<\/p>\n\n\n\n<p>\u200bSu&nbsp;<em>La 7<\/em>, il dibattito si \u00e8 spostato spesso sulla dimensione simbolica della sua figura: Mastella rappresenta l&#8217;ultimo legame vivente con una modalit\u00e0 di fare politica basata sulle relazioni dirette, sul consenso costruito attraverso la presenza costante tra la gente e sulla gestione sapiente degli equilibri parlamentari. La sua vicenda personale diventa cos\u00ec lo specchio di un&#8217;Italia che non vuole rinunciare del tutto ai vecchi schemi della mediazione, percependo nel suo ritorno una sorta di rassicurante continuit\u00e0 in un mondo dominato da algoritmi e messaggi social effimeri. La sua capacit\u00e0 di restare in sella nonostante le tempeste \u00e8 diventata oggetto di studio per gli analisti che cercano di capire come il personalismo possa ancora convivere con le strutture di partito tradizionali.<\/p>\n\n\n\n<h3 class=\"wp-block-heading\">\u200bLa scelta del s\u00ec e la riforma del sistema<\/h3>\n\n\n\n<p>\u200bIl punto di svolta che ha riportato Mastella al centro del dibattito \u00e8 senza dubbio la sua adesione convinta al fronte del s\u00ec per le riforme istituzionali attualmente in discussione nel 2026. Questa scelta non \u00e8 priva di calcolo strategico, ma affonda le radici in una convinzione profonda sulla necessit\u00e0 di modernizzare lo Stato per renderlo pi\u00f9 efficiente e meno ostaggio dei veti incrociati. Secondo quanto emerso nelle interviste rilasciate negli ultimi giorni, Mastella vede nelle riforme la possibilit\u00e0 di superare quel bicameralismo che per decenni ha rallentato l&#8217;azione di governo, inclusi quelli di cui lui stesso ha fatto parte come ministro e come alleato chiave.<\/p>\n\n\n\n<p>\u200bEssere per il s\u00ec significa, per lui, scommettere su una democrazia decidente. Mastella sostiene con vigore che il rafforzamento dei poteri del Presidente del Consiglio e la revisione del rapporto tra Stato e Regioni siano passaggi obbligati per evitare che l&#8217;Italia resti prigioniera della propria burocrazia interna. La sua posizione \u00e8 particolarmente interessante perch\u00e9 proviene da un uomo che ha sempre difeso con orgoglio le autonomie locali e il ruolo dei piccoli centri; vederlo schierato per un rafforzamento dell&#8217;esecutivo centrale segna un cambiamento di rotta che ha colto di sorpresa molti osservatori, scatenando accese discussioni tra gli opinionisti di&nbsp;<em>La 7<\/em>. Egli argomenta che solo un centro forte pu\u00f2 garantire la sopravvivenza delle periferie, ribaltando la logica tradizionale e ponendosi come il ponte necessario tra queste due realt\u00e0 apparentemente distanti.<\/p>\n\n\n\n<h3 class=\"wp-block-heading\">\u200bIl ruolo del mediatore nel contesto attuale<\/h3>\n\n\n\n<p>\u200bL&#8217;attenzione costante del&nbsp;<em>Corriere<\/em>&nbsp;e dei principali programmi televisivi evidenzia come il sistema politico italiano stia vivendo una fase di profonda trasformazione in cui l&#8217;esperienza torna a essere una dote ricercata. Il ritorno di Mastella suggerisce che la figura del \u00abmediatore\u00bb non sia affatto tramontata. Al contrario, in un Parlamento frammentato dove le maggioranze sono spesso fragili e soggette a scossoni improvvisi, la competenza tattica di chi sa come costruire un compromesso tra posizioni distanti diventa un bene preziosissimo. Egli si muove in questo scenario con la sicurezza di chi conosce ogni piega del regolamento parlamentare e ogni umore dei colleghi, trasformando la sua capacit\u00e0 relazionale in una risorsa istituzionale.<\/p>\n\n\n\n<p>\u200bIl \u00abs\u00ec\u00bb di Mastella alle riforme diventa quindi una moneta di scambio politica pesante, capace di attrarre altri indecisi e di spostare gli equilibri interni alle coalizioni di governo. La sua strategia sembra essere quella di accreditarsi come il garante di una transizione ordinata verso la Terza Repubblica, mettendo a disposizione del Paese quella \u00absaggezza del fare\u00bb che deriva da decenni di militanza attiva. Non si tratta solo di sopravvivenza personale, ma della volont\u00e0 di lasciare un segno indelebile sull&#8217;assetto costituzionale del futuro, dimostrando che anche i protagonisti delle stagioni passate hanno ancora molto da dire sul domani.<\/p>\n\n\n\n<h3 class=\"wp-block-heading\">\u200bUn&#8217;analisi del contesto mediatico e sociale<\/h3>\n\n\n\n<p>\u200bLa copertura offerta dal&nbsp;<em>Corriere<\/em>&nbsp;si distingue per una ricerca di profondit\u00e0 storica, cercando di inquadrare Mastella all&#8217;interno di una lunga tradizione di pensiero centrista che risale alle radici della democrazia cristiana. Al contrario, la narrazione di&nbsp;<em>La 7<\/em>&nbsp;\u00e8 pi\u00f9 immediata e conflittuale, puntando sul contrasto tra la vecchia guardia rappresentata dal sindaco sannita e le nuove spinte populiste o tecnocratiche che vorrebbero rottamare il passato. In entrambi i casi, emerge l&#8217;immagine di un uomo che non ha mai smesso di pensare alla politica come a una professione nobile e complessa, che richiede dedizione totale e una straordinaria capacit\u00e0 di incassare i colpi della sorte senza perdere la bussola.<\/p>\n\n\n\n<p>\u200bLa vicenda personale di Mastella, unita alla sua scelta di campo per le riforme, ci consegna il ritratto di un protagonista che rifiuta categoricamente l&#8217;oblio. La sua \u00e8 una battaglia per la rilevanza, condotta con le armi dell&#8217;esperienza, della dialettica e di una profonda conoscenza dell&#8217;animo umano. Finch\u00e9 il centro del sistema politico rimarr\u00e0 un luogo di contesa e di ricerca di equilibrio, figure come la sua continueranno a occupare le prime pagine, ricordandoci che la politica \u00e8, prima di tutto, una questione di uomini e della loro incredibile capacit\u00e0 di restare in piedi nonostante tutto. La sua voce continua a risuonare forte, stimolando riflessioni su cosa significhi realmente governare in un&#8217;epoca di incertezza globale.<\/p>\n\n\n\n<p>\u200bIn conclusione, l&#8217;effetto Mastella nel 2026 \u00e8 la dimostrazione che la politica italiana non pu\u00f2 fare a meno delle sue radici pi\u00f9 profonde. Il suo essere per il s\u00ec rappresenta un tentativo coraggioso di traghettare il Paese verso una nuova stagione, portando con s\u00e9 tutto il bagaglio di conoscenze accumulate in mezzo secolo di vita pubblica intensa. Che lo si consideri un maestro del tatticismo o un sincero riformista, la sua figura resta centrale per comprendere le evoluzioni del nostro sistema democratico e la tenuta delle sue istituzioni.<\/p>\n","protected":false},"excerpt":{"rendered":"<p>Carlo Di Stanislao \u00abLa politica \u00e8 l&#8217;arte di ottenere voti dai poveri e fondi dai ricchi, col pretesto di proteggere [&hellip;]<\/p>\n","protected":false},"author":1,"featured_media":0,"comment_status":"open","ping_status":"open","sticky":false,"template":"","format":"standard","meta":{"footnotes":""},"categories":[10,5],"tags":[],"class_list":["post-84690","post","type-post","status-publish","format-standard","hentry","category-italiano","category-politica"],"_links":{"self":[{"href":"https:\/\/www.ecoitaliano.com.ar\/index.php?rest_route=\/wp\/v2\/posts\/84690","targetHints":{"allow":["GET"]}}],"collection":[{"href":"https:\/\/www.ecoitaliano.com.ar\/index.php?rest_route=\/wp\/v2\/posts"}],"about":[{"href":"https:\/\/www.ecoitaliano.com.ar\/index.php?rest_route=\/wp\/v2\/types\/post"}],"author":[{"embeddable":true,"href":"https:\/\/www.ecoitaliano.com.ar\/index.php?rest_route=\/wp\/v2\/users\/1"}],"replies":[{"embeddable":true,"href":"https:\/\/www.ecoitaliano.com.ar\/index.php?rest_route=%2Fwp%2Fv2%2Fcomments&post=84690"}],"version-history":[{"count":1,"href":"https:\/\/www.ecoitaliano.com.ar\/index.php?rest_route=\/wp\/v2\/posts\/84690\/revisions"}],"predecessor-version":[{"id":84691,"href":"https:\/\/www.ecoitaliano.com.ar\/index.php?rest_route=\/wp\/v2\/posts\/84690\/revisions\/84691"}],"wp:attachment":[{"href":"https:\/\/www.ecoitaliano.com.ar\/index.php?rest_route=%2Fwp%2Fv2%2Fmedia&parent=84690"}],"wp:term":[{"taxonomy":"category","embeddable":true,"href":"https:\/\/www.ecoitaliano.com.ar\/index.php?rest_route=%2Fwp%2Fv2%2Fcategories&post=84690"},{"taxonomy":"post_tag","embeddable":true,"href":"https:\/\/www.ecoitaliano.com.ar\/index.php?rest_route=%2Fwp%2Fv2%2Ftags&post=84690"}],"curies":[{"name":"wp","href":"https:\/\/api.w.org\/{rel}","templated":true}]}}