{"id":84704,"date":"2026-01-15T21:29:45","date_gmt":"2026-01-15T21:29:45","guid":{"rendered":"https:\/\/www.ecoitaliano.com.ar\/?p=84704"},"modified":"2026-01-15T21:29:45","modified_gmt":"2026-01-15T21:29:45","slug":"serena-conduce-operaclassica-eco-italiano-4901","status":"publish","type":"post","link":"https:\/\/www.ecoitaliano.com.ar\/?p=84704","title":{"rendered":"Serena conduce operaclassica eco italiano"},"content":{"rendered":"\n<figure class=\"wp-block-image size-full is-resized\"><a href=\"https:\/\/www.ecoitaliano.com.ar\/wp-content\/uploads\/2026\/01\/image-24.png\"><img decoding=\"async\" width=\"756\" height=\"117\" src=\"https:\/\/www.ecoitaliano.com.ar\/wp-content\/uploads\/2026\/01\/image-24.png\" alt=\"\" class=\"wp-image-84705\" style=\"width:368px;height:auto\" srcset=\"https:\/\/www.ecoitaliano.com.ar\/wp-content\/uploads\/2026\/01\/image-24.png 756w, https:\/\/www.ecoitaliano.com.ar\/wp-content\/uploads\/2026\/01\/image-24-300x46.png 300w, https:\/\/www.ecoitaliano.com.ar\/wp-content\/uploads\/2026\/01\/image-24-150x23.png 150w\" sizes=\"(max-width: 756px) 100vw, 756px\" \/><\/a><\/figure>\n\n\n\n<figure class=\"wp-block-table\"><table class=\"has-fixed-layout\"><tbody><tr><td><strong>Francesca Pia Vitale opens the 2026 season at Teatro Regio di Parma<\/strong><\/td><\/tr><tr><td><strong>Orfeo ed Euridice | 23, 25, 29, 31 January<\/strong><br><br><strong>Streaming on OperaVision | 6 February, 7.00 pm<\/strong><\/td><\/tr><tr><td><img decoding=\"async\" src=\"https:\/\/www.pressroom.cloud\/wp-content\/uploads\/francesca-pia-vitale-ph-marco-borrelli-1024x694.jpg\" width=\"620\" alt=\"\"><\/td><\/tr><tr><td>Francesca Pia Vitale \u00a9 Marco Borrelli<\/td><\/tr><tr><td>\ud83c\uddec\ud83c\udde7&nbsp;<strong>Francesca Pia Vitale\u2019s magnificent new year in opera begins in a temple of lyric theatre, where the young soprano appears for the first time: the Teatro Regio di Parma<\/strong>. The occasion is an exceptional one, marking a&nbsp;<strong>brand-new production by Shirin Neshat of<\/strong>&nbsp;<strong><em>Orfeo ed Euridice<\/em>&nbsp;by Gluck<\/strong>, one of the foundational works of modern musical theatre. The Parma staging adopts the original 1762 Vienna version, which most clearly embodies Gluck\u2019s reformist ideals: the purity and expressive clarity of his musical language, and the perfect balance between the noble classical aesthetic pursued by librettist Calzabigi and the composer, and the profound human emotion at the heart of the drama.<br><br>\u201cThis encounter with&nbsp;<em>Orfeo ed Euridice<\/em>&nbsp;at the Teatro Regio di Parma represents a double debut for me,\u201d&nbsp;<strong>says Francesca Pia<\/strong>. \u201cI&#8217;m singing the role of Euridice for the first time, and I&#8217;m doing so in a theatre steeped in history, where I have long aspired to perform. Moreover, I have the honour of opening the 2026 season! It marks not only the beginning of the theatre\u2019s new year, but also my own, which starts with this intense experience and will continue with a series of artistic challenges taking me across three continents. Taking part in this new production of Gluck\u2019s masterpiece, shaped by Shirin Neshat\u2019s powerful vision and under the musical direction of Fabio Biondi, makes this beginning all the more significant. In this interpretation, the perspective shifts: the narrative is no longer driven solely by Orfeo\u2019s loss, but by Euridice\u2019s point of view, finally placed at the centre of the stage. From a musical perspective, Euridice is a role that above all requires truth. Together with Fabio Biondi, we are working to move beyond a purely polished approach to singing, in search of expressive courage, allowing genuine emotion to surface, even in moments of vulnerability. Euridice emerges as a woman of today \u2014 authentic and contemporary \u2014 seeking to be heard and recognised, and rediscovering her strength through her own choices. Bringing her to the stage entails emotional exposure and complete trust in a musical language that is essential and uncompromising, leaving no room to hide and rendering the character profoundly relevant to our time.\u201d<br><br>The production features sets by Heike Vollmer, costumes by Katharina Schlipf, lighting design by Valerio Tiberi, choreography by Claudia Greco and dramaturgy by Yvonne Gebauer. The Filarmonica Arturo Toscanini and the Chorus of the Teatro Regio di Parma, prepared by Martino Faggiani, are conducted by&nbsp;<strong>Fabio Biondi<\/strong>. The cast includes, alongside Vitale as Euridice,&nbsp;<strong>Carlo Vistoli&nbsp;<\/strong>(Orfeo) and&nbsp;<strong>Theodora Raftis<\/strong>&nbsp;(Amore).<br><br><strong>On stage 23, 25, 29, and 31 January<\/strong>.<br><strong>The opera will be streamed on<a target=\"_blank\" href=\"https:\/\/www.pressroom.cloud\/?mailpoet_router&amp;endpoint=track&amp;action=click&amp;data=WyIxMTY3IiwiMzF2MDNsZTBsazZjYzRjNGNvd29va29jb2tjZ2tvNDgiLCIyMjkiLCI3MDMxMDFlN2JkOGEiLGZhbHNlXQ\" rel=\"noreferrer noopener\">&nbsp;OperaVision<\/a>&nbsp;on Friday 6th February at 7.00 pm.<\/strong><\/td><\/tr><tr><td><a target=\"_blank\" href=\"https:\/\/www.pressroom.cloud\/?mailpoet_router&amp;endpoint=track&amp;action=click&amp;data=WyIxMTY3IiwiMzF2MDNsZTBsazZjYzRjNGNvd29va29jb2tjZ2tvNDgiLCIyMjkiLCJiMzNiMjZiZTgwMzUiLGZhbHNlXQ\" rel=\"noreferrer noopener\"><\/a><\/td><\/tr><tr><td>Poster \u00a9 Teatro Regio Parma<\/td><\/tr><tr><td><strong>\ud83c\uddee\ud83c\uddf9<\/strong>&nbsp;<strong>Il magnifico nuovo anno all\u2019opera di Francesca Pia Vitale inizia in un tempio della lirica dove il giovane soprano canta per la prima volta, il Teatro Regio di Parma<\/strong>. L\u2019occasione \u00e8 straordinaria, trattandosi di un&nbsp;<strong>nuovo allestimento firmato da Shirin Neshat:&nbsp;<em>Orfeo ed Euridice<\/em>&nbsp;di Gluck<\/strong>, uno degli archetipi del teatro musicale moderno. La versione scelta per la messa in scena a Parma \u00e8 quella originale di Vienna del 1762, che emana con pi\u00f9 forza l\u2019ardore riformistico di Gluck, la purezza e l\u2019efficacia della sua musica, l\u2019equilibrio perfetto tra la nobile classicit\u00e0 perseguita dal librettista Calzabigi e dal compositore e l\u2019espressione profonda e umana dei sentimenti dei due protagonisti.<br><br>\u00abIl mio incontro con&nbsp;<em>Orfeo ed Euridice<\/em>&nbsp;al Teatro Regio di Parma \u00e8 nel segno di un doppio debutto: canto per la prima volta la parte di&nbsp;Euridice&nbsp;e lo faccio in questo teatro cos\u00ec carico di storia, dove da tanto tempo segnavo di esibirmi \u2013&nbsp;<strong>ha dichiarato Francesca Pia<\/strong>. E, per di pi\u00f9, inauguro la stagione 2026 con questa esperienza intensa che anticipa tante altre sfide artistiche che in questo anno mi porteranno in giro per tre continenti.<br>Far parte di questo nuovo allestimento del capolavoro gluckiano, all\u2019interno della visione potente di Shirin Neshat e sotto la direzione musicale di Fabio Biondi, rende questo inizio di percorso ancora pi\u00f9 significativo. In questa lettura lo sguardo si sposta: non \u00e8 pi\u00f9 soltanto la perdita di Orfeo a guidare il racconto, ma la prospettiva di&nbsp;Euridice, finalmente al centro della scena.Dal punto di vista musicale,&nbsp;Euridice&nbsp;\u00e8 un ruolo che chiede soprattutto verit\u00e0. Con Fabio Biondi stiamo lavorando per andare oltre un\u2019idea levigata del canto, cercando il coraggio espressivo e lasciando emergere il vero sentimento, anche nei momenti di maggiore fragilit\u00e0.&nbsp;Euridice&nbsp;\u00e8 una donna d\u2019oggi, autentica e contemporanea, che cerca di essere ascoltata e vista e che ritrova la propria forza nelle scelte che compie. Portarla in scena significa esporsi emotivamente e affidarsi a una musica essenziale, che non permette di nascondersi e che rende questo personaggio profondamente attuale\u00bb.<br><br>L&#8217;allestimento si avvale delle scene di Heike Vollmer, con costumi di Katharina Schlipf, luci di Valerio Tiberi, coreografie di Claudia Greco e drammaturgia di Yvonne Gebauer. La Filarmonica Arturo Toscanini e il Coro del Teatro Regio di Parma preparato da Martino Faggiani sono diretti da&nbsp;<strong>Fabio Biondi<\/strong>; il cast comprende, oltre alla Vitale nelle vesti di&nbsp;Euridice,&nbsp;<strong>Carlo Vistoli<\/strong>&nbsp;(Orfeo) e&nbsp;<strong>Theodora Raftis&nbsp;<\/strong>(Amore).<br><br><strong>In scena il 23, 25, 29 e 31 gennaio<\/strong>.<br><strong>Venerd\u00ec<\/strong>&nbsp;<strong>6 febbraio alle 19.00<\/strong>&nbsp;<strong>l\u2019opera sar\u00e0 trasmessa su<\/strong>&nbsp;<a target=\"_blank\" href=\"https:\/\/www.pressroom.cloud\/?mailpoet_router&amp;endpoint=track&amp;action=click&amp;data=WyIxMTY3IiwiMzF2MDNsZTBsazZjYzRjNGNvd29va29jb2tjZ2tvNDgiLCIyMjkiLCI3MDMxMDFlN2JkOGEiLGZhbHNlXQ\" rel=\"noreferrer noopener\"><strong>OperaVision<\/strong>.<\/a><\/td><\/tr><tr><td><\/td><\/tr><tr><td><br><br><strong>Giulia Ambrosio | Founder &amp; Head of Pressroom<br><\/strong><a href=\"https:\/\/www.pressroom.cloud\/?mailpoet_router&amp;endpoint=track&amp;action=click&amp;data=WyIxMTY3IiwiMzF2MDNsZTBsazZjYzRjNGNvd29va29jb2tjZ2tvNDgiLCIyMjkiLCIwZTg2YzllZmY2MjEiLGZhbHNlXQ\" target=\"_blank\" rel=\"noreferrer noopener\">giulia@pressroom.cloud<\/a><br><br><strong>Miriam Quaranta<br><\/strong><a href=\"https:\/\/www.pressroom.cloud\/?mailpoet_router&amp;endpoint=track&amp;action=click&amp;data=WyIxMTY3IiwiMzF2MDNsZTBsazZjYzRjNGNvd29va29jb2tjZ2tvNDgiLCIyMjkiLCI5YjBhYjQ3ZmYyMTgiLGZhbHNlXQ\" target=\"_blank\" rel=\"noreferrer noopener\">miriam@pressroom.cloud<\/a>+39 333 9263 309<br><br><strong>Press Office for Francesca Pia Vitale<\/strong><\/td><\/tr><\/tbody><\/table><\/figure>\n","protected":false},"excerpt":{"rendered":"<p>Francesca Pia Vitale opens the 2026 season at Teatro Regio di Parma Orfeo ed Euridice | 23, 25, 29, 31 [&hellip;]<\/p>\n","protected":false},"author":1,"featured_media":0,"comment_status":"open","ping_status":"open","sticky":false,"template":"","format":"standard","meta":{"footnotes":""},"categories":[1],"tags":[],"class_list":["post-84704","post","type-post","status-publish","format-standard","hentry","category-sin-categoria"],"_links":{"self":[{"href":"https:\/\/www.ecoitaliano.com.ar\/index.php?rest_route=\/wp\/v2\/posts\/84704","targetHints":{"allow":["GET"]}}],"collection":[{"href":"https:\/\/www.ecoitaliano.com.ar\/index.php?rest_route=\/wp\/v2\/posts"}],"about":[{"href":"https:\/\/www.ecoitaliano.com.ar\/index.php?rest_route=\/wp\/v2\/types\/post"}],"author":[{"embeddable":true,"href":"https:\/\/www.ecoitaliano.com.ar\/index.php?rest_route=\/wp\/v2\/users\/1"}],"replies":[{"embeddable":true,"href":"https:\/\/www.ecoitaliano.com.ar\/index.php?rest_route=%2Fwp%2Fv2%2Fcomments&post=84704"}],"version-history":[{"count":1,"href":"https:\/\/www.ecoitaliano.com.ar\/index.php?rest_route=\/wp\/v2\/posts\/84704\/revisions"}],"predecessor-version":[{"id":84708,"href":"https:\/\/www.ecoitaliano.com.ar\/index.php?rest_route=\/wp\/v2\/posts\/84704\/revisions\/84708"}],"wp:attachment":[{"href":"https:\/\/www.ecoitaliano.com.ar\/index.php?rest_route=%2Fwp%2Fv2%2Fmedia&parent=84704"}],"wp:term":[{"taxonomy":"category","embeddable":true,"href":"https:\/\/www.ecoitaliano.com.ar\/index.php?rest_route=%2Fwp%2Fv2%2Fcategories&post=84704"},{"taxonomy":"post_tag","embeddable":true,"href":"https:\/\/www.ecoitaliano.com.ar\/index.php?rest_route=%2Fwp%2Fv2%2Ftags&post=84704"}],"curies":[{"name":"wp","href":"https:\/\/api.w.org\/{rel}","templated":true}]}}