{"id":84744,"date":"2026-01-16T19:38:17","date_gmt":"2026-01-16T19:38:17","guid":{"rendered":"https:\/\/www.ecoitaliano.com.ar\/?p=84744"},"modified":"2026-01-16T19:38:17","modified_gmt":"2026-01-16T19:38:17","slug":"serena-conduce-operaclassica-eco-italiano-4903","status":"publish","type":"post","link":"https:\/\/www.ecoitaliano.com.ar\/?p=84744","title":{"rendered":"Serena conduce operaclassica eco italiano"},"content":{"rendered":"\n<figure class=\"wp-block-image size-large is-resized\"><a href=\"https:\/\/www.ecoitaliano.com.ar\/wp-content\/uploads\/2026\/01\/image-26.png\"><img decoding=\"async\" width=\"1024\" height=\"251\" src=\"https:\/\/www.ecoitaliano.com.ar\/wp-content\/uploads\/2026\/01\/image-26-1024x251.png\" alt=\"\" class=\"wp-image-84745\" style=\"width:301px;height:auto\" srcset=\"https:\/\/www.ecoitaliano.com.ar\/wp-content\/uploads\/2026\/01\/image-26-1024x251.png 1024w, https:\/\/www.ecoitaliano.com.ar\/wp-content\/uploads\/2026\/01\/image-26-300x74.png 300w, https:\/\/www.ecoitaliano.com.ar\/wp-content\/uploads\/2026\/01\/image-26-768x188.png 768w, https:\/\/www.ecoitaliano.com.ar\/wp-content\/uploads\/2026\/01\/image-26-1536x377.png 1536w, https:\/\/www.ecoitaliano.com.ar\/wp-content\/uploads\/2026\/01\/image-26-2048x502.png 2048w, https:\/\/www.ecoitaliano.com.ar\/wp-content\/uploads\/2026\/01\/image-26-150x37.png 150w\" sizes=\"(max-width: 1024px) 100vw, 1024px\" \/><\/a><\/figure>\n\n\n\n<figure class=\"wp-block-table\"><table class=\"has-fixed-layout\"><tbody><tr><td>COMUNICATO STAMPA<br>\u00a0\u201c<strong>IL LAGO DEI CIGNI\u201d<\/strong><strong>\u00a0AL TEATRO MASSIMO DI PALERMO<\/strong>Il capolavoro di \u010cajkovskij rivive nella Sicilia del Gattopardo nella nuova versione coreografica firmata dal direttore del Corpo di ballo Jean-S\u00e9bastien Colau. Sul podio il maestro Nicola Giuliani. Ospiti due ballerini di prima grandezza: Maia Makhateli e Andrea Sarri.<strong>22 gennaio &#8211; 1 febbraio 2026<\/strong><em>Palermo, 16 gennaio 2026<\/em>.\u00a0\u00a0Tra gli appuntamenti pi\u00f9 attesi della stagione, torna in scena al Teatro Massimo di Palermo\u00a0<strong>dal 22 gennaio alle 20:00<\/strong>\u00a0<em>Il lago dei cigni<\/em>\u00a0di\u00a0<strong>P\u00ebtr Il\u2019i\u010d \u010cajkovskij\u00a0<\/strong>in una nuova e affascinante veste coreografica. A firmarla \u00e8 il direttore del\u00a0<strong>Corpo di ballo<\/strong>\u00a0della Fondazione,\u00a0<strong>Jean-S\u00e9bastien Colau<\/strong>, che realizza un progetto desiderato da tempo: una ripresa classica, rispettosa dell\u2019eredit\u00e0 di\u00a0<strong>Petipa<\/strong>\u00a0e\u00a0<strong>Ivanov<\/strong>, capace di mettere in risalto le qualit\u00e0 della compagnia palermitana.\u00a0Coreografo collaboratore<strong>\u00a0Vincenzo Veneruso<\/strong>;Assistente alla coreografia\u00a0<strong>Agnes Letestu<\/strong>.<br><br><strong>L\u2019originalit\u00e0 della nuova produzione\u00a0<\/strong>\u00e8 l\u2019ambientazione nell\u2019epoca del\u00a0<em>Gattopardo<\/em>, in un\u2019atmosfera aristocratica e raffinata. Crinoline, sete e abiti d\u2019epoca trasporteranno il pubblico nelle atmosfere di\u00a0<strong>Tomasi di Lampedusa<\/strong>, tra decadenza e splendore, rendendo omaggio alla Sicilia e all\u2019estetica del romanzo. Il tradizionale balletto romantico rivivr\u00e0 nel mondo dei Salina e dei Falconeri, grazie alle scenografie di grande raffinatezza disegnate da\u00a0<strong>Francesco Zito<\/strong>\u00a0(coadiuvato dall&#8217;assistente\u00a0<strong>Chiara Mirabella<\/strong>) e ai preziosi costumi curati da\u00a0<strong>C\u00e9cile Flamand\u00a0<\/strong>con una cura minuziosa del dettaglio storico ed estetico.\u00a0L\u2019impianto visivo \u00e8 completato dal disegno luci di\u00a0<strong>Bruno Ciulli<\/strong>\u00a0(aiuto luci\u00a0<strong>Eleonora Magni<\/strong>).\u00a0A dirigere l\u2019<strong>Orchestra del Teatro Massimo<\/strong>\u00a0\u00e8 il Maestro\u00a0<strong>Nicola Giuliani<\/strong>, apprezzato per la sua sensibilit\u00e0 nel repertorio tardo-romantico, che guider\u00e0 l&#8217;orchestra in simbiosi con l\u2019<em>ensemble<\/em>\u00a0coreutico.<br><br><strong>In scena<\/strong>, dueballerinidi prima grandezza:\u00a0<strong>Maia Makhateli<\/strong>, stella del Dutch National Ballet di Amsterdam, e il palermitano\u00a0<strong>Andrea Sarri<\/strong>, primo ballerino dell\u2019Op\u00e9ra di Parigi, che tornano a calcare il palcoscenico del Teatro Massimo insieme al\u00a0<strong>Corpo di ballo\u00a0<\/strong>della<strong>\u00a0Fondazione<\/strong>. Nei ruoli principali, accanto alla coppia Makhateli-Sarri (22, 24, 25 e 27 gennaio), si alterneranno per\u00a0<em>Odette<\/em>\/<em>Odile<\/em>\u00a0<strong>Martina Pasinotti<\/strong>\u00a0<em>(23, 29, 31)<\/em>e\u00a0<strong>Yuriko Nishihara<\/strong>\u00a0<em>(28, 30, 1)<\/em>, mentre nei panni del principe\u00a0<em>Siegfried<\/em>\u00a0danzeranno\u00a0<strong>Alessandro Cas\u00e0<\/strong>\u00a0<em>(23, 29, 31<\/em><em>)\u00a0<\/em>e\u00a0<strong>Michele Morelli\u00a0<\/strong><em>(28, 30, 1)<\/em>. Interpreti di\u00a0<em>Rothbart<\/em>\u00a0sono\u00a0<strong>Diego Millesimo<\/strong>\u00a0(22, 24, 25, 27, 30) e\u00a0<strong>Andrea Mocciardini\u00a0<\/strong>(23, 28, 29, 31, 1); di\u00a0<em>Benno<\/em>\u00a0<strong>Alessandro Cascioli\u00a0<\/strong>(22, 24, 25, 27),\u00a0<strong>Diego Mulone<\/strong>\u00a0(23, 29, 31),\u00a0<strong>Giovanni Traetto<\/strong>\u00a0(28, 30, 1); dell\u2019<em>A<\/em><em>mica di<\/em>\u00a0<em>Benno\u00a0<\/em><strong>Francesca Davoli<\/strong>\u00a0(22, 24, 25, 27),\u00a0<strong>Carla Del Sorbo<\/strong>\u00a0(23, 29, 31),\u00a0<strong>Giulia Neri<\/strong>\u00a0(28, 30, 1).<br><br>\u00abPer questa coreografia non mi sono ispirato ad alcun riferimento visivo diretto \u2013\u00a0<strong>spiega Jean-S\u00e9bastien Colau<\/strong>\u00a0\u2013 al contrario ho scelto di lavorare esclusivamente sui miei ricordi. Ho danzato molte versioni di questo balletto e ho voluto conservare le orme di quelle linee e di quei respiri, rielaborandoli secondo ci\u00f2 che, da danzatore, avrei desiderato vedere in scena. Non ho inventato nuovi passi: si tratta di puro vocabolario accademico organizzato in un ordine diverso.\u00a0Nella mia attivit\u00e0 di danzatore ho avuto il privilegio di ballare in molti paesi e in differenti compagnie, mi sono nutrito nel tempo di molteplici stili e questo bagaglio si riflette nella mia coreografia dove i linguaggi si intrecciano e si contaminano\u201d.<br><br>La vicenda originale de\u00a0<strong>Il lago dei cigni<\/strong>, che affonda le radici nelle fiabe popolari mitteleuropee, viene qui trasposta senza perdere il suo cuore narrativo: la tormentata storia d&#8217;amore tra il principe\u00a0Siegfried\u00a0e la principessa\u00a0Odette. Vittima di un incantesimo del\u00a0mago Rothbart, la giovane \u00e8 condannata a trasformarsi in cigno di giorno, riacquistando sembianze umane solo di notte. Unica via di salvezza \u00e8 un giuramento di amore eterno, messo per\u00f2 alla prova dagli inganni di\u00a0Odile, il \u00abcigno nero\u00bb. Composto tra il 1875 e il 1876,\u00a0<strong>Il lago dei cigni<\/strong>\u00e8 il primo dei tre capolavori coreutici di \u010cajkovskij. Dopo il debutto moscovita del 1877, trov\u00f2 la consacrazione definitiva nel 1895 al Teatro Mariinskij di San Pietroburgo grazie a\u00a0Marius Petipa\u00a0e\u00a0Lev Ivanov, riferimenti imprescindibili per questa nuova edizione palermitana.<br>Lo spettacolo sar\u00e0 in scena per\u00a0<strong>dieci recite<\/strong>\u00a0(di cui tre fuori abbonamento), offrendo alla citt\u00e0 una occasione imperdibile per riscoprire il titolo pi\u00f9 amato della trilogia \u010dajkovskiana attraverso una lente profondamente siciliana.Domenica\u00a0<strong>18 gennaio alle 18:00 in Sala ONU<\/strong>, per gli appuntamenti di introduzione alla visione dello spettacolo, organizzati in collaborazione con l\u2019<strong>Associazione Amici del Teatro Massimo<\/strong>, il giornalista e studioso\u00a0<strong>Vito Lentini<\/strong>\u00a0terr\u00e0\u00a0<strong>una conferenza<\/strong>\u00a0su<em>\u00a0Il Lago dei cigni<\/em>. Caporedattore della rivista\u00a0<em>Sipario,\u00a0<\/em>Lentini<em>\u00a0<\/em><em>insegna Pedagogia e Storia della Danza all\u2019Accademia Teatro alla Scala<\/em><em>,<\/em><em>\u00a0<\/em>scrive di danza sul magazine\u00a0<em>La Scala<\/em>\u00a0e sulle pagine di cultura della redazione online del\u00a0<em>Sole 24 Ore<\/em>.<strong>La prova generale<\/strong>\u00a0del balletto, in programma\u00a0<strong>mercoled\u00ec 21 gennaio alle 18:30<\/strong>\u00a0\u00e8 aperta a favore di\u00a0<strong>Medici senza frontiere<\/strong>.\u00a0Il ricavato della vendita dei biglietti sar\u00e0 devoluto a favore dell\u2019organizzazione medico-umanitaria indipendente che fornisce soccorso umanitario in pi\u00f9 di 70 paesi a popolazioni. Per la prevendita\u00a0<a href=\"mailto:info.palermo@rome.msf.org\" target=\"_blank\" rel=\"noreferrer noopener\">info.palermo@rome.msf.org<\/a>\u00a0e\u00a0<a href=\"https:\/\/teatromassimo.us10.list-manage.com\/track\/click?u=688db6dfe63921ea63e68e7e3&amp;id=1d76ade967&amp;e=20af186a78\" target=\"_blank\" rel=\"noreferrer noopener\">facebook.com\/msf.palermo<\/a>\u00a0| tel: 342 558852.\u00a0<strong>Dal 19 gennaio<\/strong>\u00a0la vendita dei biglietti relativa ai posti ancora disponibili sar\u00e0 effettuata direttamente dalla biglietteria del Teatro.<strong>Calendario delle recite:<\/strong>\u00a022, 23, 24, 25, 27, 28, 29, 30, 31 gennaio e 1 febbraio 2026.<strong>Durata<\/strong>: 2h e 40\u2019 (80\u2019 primo atto; 80\u2019 secondo atto + 20\u2019 di intervallo);<strong>Info<\/strong>:\u00a0<a href=\"https:\/\/teatromassimo.us10.list-manage.com\/track\/click?u=688db6dfe63921ea63e68e7e3&amp;id=a1d40d4f9c&amp;e=20af186a78\" target=\"_blank\" rel=\"noreferrer noopener\">https:\/\/www.teatromassimo.it\/event\/il-lago-dei-cigni<\/a><strong>Giovannella Brancato<\/strong><br>Responsabile Ufficio Stampa<br>Fondazione Teatro Massimo<br>+39 340 8334979<br><a href=\"mailto:stampa@teatromassimo.it\" target=\"_blank\" rel=\"noreferrer noopener\">stampa@teatromassimo.it<\/a><\/td><\/tr><\/tbody><\/table><\/figure>\n\n\n\n<figure class=\"wp-block-table\"><table class=\"has-fixed-layout\"><tbody><tr><td><img decoding=\"async\" alt=\"\" src=\"https:\/\/mcusercontent.com\/688db6dfe63921ea63e68e7e3\/images\/823faf67-b0aa-1084-1c23-a5f81ccc15b6.jpeg\" width=\"564\"><\/td><\/tr><\/tbody><\/table><\/figure>\n\n\n\n<figure class=\"wp-block-table\"><table class=\"has-fixed-layout\"><tbody><tr><td>Jean-S\u00e9bastien Colau, direttore del Corpo di ballo del Teatro Massimo<\/td><\/tr><\/tbody><\/table><\/figure>\n\n\n\n<p>foto<\/p>\n\n\n\n<figure class=\"wp-block-gallery has-nested-images columns-default is-cropped wp-block-gallery-1 is-layout-flex wp-block-gallery-is-layout-flex\">\n<figure class=\"wp-block-image size-large\"><a href=\"https:\/\/www.ecoitaliano.com.ar\/wp-content\/uploads\/2026\/01\/Andrea-Sarri_2.jpg\"><img decoding=\"async\" width=\"768\" height=\"1024\" data-id=\"84746\" src=\"https:\/\/www.ecoitaliano.com.ar\/wp-content\/uploads\/2026\/01\/Andrea-Sarri_2-768x1024.jpg\" alt=\"\" class=\"wp-image-84746\" srcset=\"https:\/\/www.ecoitaliano.com.ar\/wp-content\/uploads\/2026\/01\/Andrea-Sarri_2-768x1024.jpg 768w, https:\/\/www.ecoitaliano.com.ar\/wp-content\/uploads\/2026\/01\/Andrea-Sarri_2-225x300.jpg 225w, https:\/\/www.ecoitaliano.com.ar\/wp-content\/uploads\/2026\/01\/Andrea-Sarri_2-1152x1536.jpg 1152w, https:\/\/www.ecoitaliano.com.ar\/wp-content\/uploads\/2026\/01\/Andrea-Sarri_2-113x150.jpg 113w, https:\/\/www.ecoitaliano.com.ar\/wp-content\/uploads\/2026\/01\/Andrea-Sarri_2.jpg 1536w\" sizes=\"(max-width: 768px) 100vw, 768px\" \/><\/a><\/figure>\n\n\n\n<figure class=\"wp-block-image size-large\"><a href=\"https:\/\/www.ecoitaliano.com.ar\/wp-content\/uploads\/2026\/01\/Il-lago-dei-cigni-Teatro-Massimo-Palermo-In-primo-piano-Andrea-Sarri-IMG_9383.jpg\"><img decoding=\"async\" width=\"1024\" height=\"682\" data-id=\"84747\" src=\"https:\/\/www.ecoitaliano.com.ar\/wp-content\/uploads\/2026\/01\/Il-lago-dei-cigni-Teatro-Massimo-Palermo-In-primo-piano-Andrea-Sarri-IMG_9383-1024x682.jpg\" alt=\"\" class=\"wp-image-84747\" srcset=\"https:\/\/www.ecoitaliano.com.ar\/wp-content\/uploads\/2026\/01\/Il-lago-dei-cigni-Teatro-Massimo-Palermo-In-primo-piano-Andrea-Sarri-IMG_9383-1024x682.jpg 1024w, https:\/\/www.ecoitaliano.com.ar\/wp-content\/uploads\/2026\/01\/Il-lago-dei-cigni-Teatro-Massimo-Palermo-In-primo-piano-Andrea-Sarri-IMG_9383-300x200.jpg 300w, https:\/\/www.ecoitaliano.com.ar\/wp-content\/uploads\/2026\/01\/Il-lago-dei-cigni-Teatro-Massimo-Palermo-In-primo-piano-Andrea-Sarri-IMG_9383-768x512.jpg 768w, https:\/\/www.ecoitaliano.com.ar\/wp-content\/uploads\/2026\/01\/Il-lago-dei-cigni-Teatro-Massimo-Palermo-In-primo-piano-Andrea-Sarri-IMG_9383-1536x1023.jpg 1536w, https:\/\/www.ecoitaliano.com.ar\/wp-content\/uploads\/2026\/01\/Il-lago-dei-cigni-Teatro-Massimo-Palermo-In-primo-piano-Andrea-Sarri-IMG_9383-150x100.jpg 150w, https:\/\/www.ecoitaliano.com.ar\/wp-content\/uploads\/2026\/01\/Il-lago-dei-cigni-Teatro-Massimo-Palermo-In-primo-piano-Andrea-Sarri-IMG_9383.jpg 1600w\" sizes=\"(max-width: 1024px) 100vw, 1024px\" \/><\/a><\/figure>\n\n\n\n<figure class=\"wp-block-image size-large\"><a href=\"https:\/\/www.ecoitaliano.com.ar\/wp-content\/uploads\/2026\/01\/Jean-Se\u2560ubastien-Colau_coreografo-e-direttore-del-Corpo-di-ballo-del-Teatro-Massimo-ph.-\u252c\u00ae-Eleonora-Orlando.jpeg\"><img decoding=\"async\" width=\"682\" height=\"1024\" data-id=\"84748\" src=\"https:\/\/www.ecoitaliano.com.ar\/wp-content\/uploads\/2026\/01\/Jean-Se\u2560ubastien-Colau_coreografo-e-direttore-del-Corpo-di-ballo-del-Teatro-Massimo-ph.-\u252c\u00ae-Eleonora-Orlando-682x1024.jpeg\" alt=\"\" class=\"wp-image-84748\" srcset=\"https:\/\/www.ecoitaliano.com.ar\/wp-content\/uploads\/2026\/01\/Jean-Se\u2560ubastien-Colau_coreografo-e-direttore-del-Corpo-di-ballo-del-Teatro-Massimo-ph.-\u252c\u00ae-Eleonora-Orlando-682x1024.jpeg 682w, https:\/\/www.ecoitaliano.com.ar\/wp-content\/uploads\/2026\/01\/Jean-Se\u2560ubastien-Colau_coreografo-e-direttore-del-Corpo-di-ballo-del-Teatro-Massimo-ph.-\u252c\u00ae-Eleonora-Orlando-200x300.jpeg 200w, https:\/\/www.ecoitaliano.com.ar\/wp-content\/uploads\/2026\/01\/Jean-Se\u2560ubastien-Colau_coreografo-e-direttore-del-Corpo-di-ballo-del-Teatro-Massimo-ph.-\u252c\u00ae-Eleonora-Orlando-100x150.jpeg 100w, https:\/\/www.ecoitaliano.com.ar\/wp-content\/uploads\/2026\/01\/Jean-Se\u2560ubastien-Colau_coreografo-e-direttore-del-Corpo-di-ballo-del-Teatro-Massimo-ph.-\u252c\u00ae-Eleonora-Orlando.jpeg 723w\" sizes=\"(max-width: 682px) 100vw, 682px\" \/><\/a><\/figure>\n\n\n\n<figure class=\"wp-block-image size-large\"><a href=\"https:\/\/www.ecoitaliano.com.ar\/wp-content\/uploads\/2026\/01\/LAGO-DEI-CIGNI_Teatro-Massimo-Palermo-BOZZETTO-scenografia-Francesco-Zito.jpg\"><img decoding=\"async\" width=\"1024\" height=\"724\" data-id=\"84749\" src=\"https:\/\/www.ecoitaliano.com.ar\/wp-content\/uploads\/2026\/01\/LAGO-DEI-CIGNI_Teatro-Massimo-Palermo-BOZZETTO-scenografia-Francesco-Zito-1024x724.jpg\" alt=\"\" class=\"wp-image-84749\" srcset=\"https:\/\/www.ecoitaliano.com.ar\/wp-content\/uploads\/2026\/01\/LAGO-DEI-CIGNI_Teatro-Massimo-Palermo-BOZZETTO-scenografia-Francesco-Zito-1024x724.jpg 1024w, https:\/\/www.ecoitaliano.com.ar\/wp-content\/uploads\/2026\/01\/LAGO-DEI-CIGNI_Teatro-Massimo-Palermo-BOZZETTO-scenografia-Francesco-Zito-300x212.jpg 300w, https:\/\/www.ecoitaliano.com.ar\/wp-content\/uploads\/2026\/01\/LAGO-DEI-CIGNI_Teatro-Massimo-Palermo-BOZZETTO-scenografia-Francesco-Zito-768x543.jpg 768w, https:\/\/www.ecoitaliano.com.ar\/wp-content\/uploads\/2026\/01\/LAGO-DEI-CIGNI_Teatro-Massimo-Palermo-BOZZETTO-scenografia-Francesco-Zito-1536x1086.jpg 1536w, https:\/\/www.ecoitaliano.com.ar\/wp-content\/uploads\/2026\/01\/LAGO-DEI-CIGNI_Teatro-Massimo-Palermo-BOZZETTO-scenografia-Francesco-Zito-150x106.jpg 150w, https:\/\/www.ecoitaliano.com.ar\/wp-content\/uploads\/2026\/01\/LAGO-DEI-CIGNI_Teatro-Massimo-Palermo-BOZZETTO-scenografia-Francesco-Zito.jpg 1653w\" sizes=\"(max-width: 1024px) 100vw, 1024px\" \/><\/a><\/figure>\n\n\n\n<figure class=\"wp-block-image size-large\"><a href=\"https:\/\/www.ecoitaliano.com.ar\/wp-content\/uploads\/2026\/01\/LAGO-DEI-CIGNI_Teatro-Massimo-Palermo.jpg\"><img decoding=\"async\" width=\"819\" height=\"1024\" data-id=\"84750\" src=\"https:\/\/www.ecoitaliano.com.ar\/wp-content\/uploads\/2026\/01\/LAGO-DEI-CIGNI_Teatro-Massimo-Palermo-819x1024.jpg\" alt=\"\" class=\"wp-image-84750\" srcset=\"https:\/\/www.ecoitaliano.com.ar\/wp-content\/uploads\/2026\/01\/LAGO-DEI-CIGNI_Teatro-Massimo-Palermo-819x1024.jpg 819w, https:\/\/www.ecoitaliano.com.ar\/wp-content\/uploads\/2026\/01\/LAGO-DEI-CIGNI_Teatro-Massimo-Palermo-240x300.jpg 240w, https:\/\/www.ecoitaliano.com.ar\/wp-content\/uploads\/2026\/01\/LAGO-DEI-CIGNI_Teatro-Massimo-Palermo-768x960.jpg 768w, https:\/\/www.ecoitaliano.com.ar\/wp-content\/uploads\/2026\/01\/LAGO-DEI-CIGNI_Teatro-Massimo-Palermo-120x150.jpg 120w, https:\/\/www.ecoitaliano.com.ar\/wp-content\/uploads\/2026\/01\/LAGO-DEI-CIGNI_Teatro-Massimo-Palermo.jpg 1080w\" sizes=\"(max-width: 819px) 100vw, 819px\" \/><\/a><\/figure>\n\n\n\n<figure class=\"wp-block-image size-large\"><a href=\"https:\/\/www.ecoitaliano.com.ar\/wp-content\/uploads\/2026\/01\/Maia-Makhateli_Il-lago-dei-cigni.jpeg\"><img decoding=\"async\" width=\"1024\" height=\"795\" data-id=\"84751\" src=\"https:\/\/www.ecoitaliano.com.ar\/wp-content\/uploads\/2026\/01\/Maia-Makhateli_Il-lago-dei-cigni-1024x795.jpeg\" alt=\"\" class=\"wp-image-84751\" srcset=\"https:\/\/www.ecoitaliano.com.ar\/wp-content\/uploads\/2026\/01\/Maia-Makhateli_Il-lago-dei-cigni-1024x795.jpeg 1024w, https:\/\/www.ecoitaliano.com.ar\/wp-content\/uploads\/2026\/01\/Maia-Makhateli_Il-lago-dei-cigni-300x233.jpeg 300w, https:\/\/www.ecoitaliano.com.ar\/wp-content\/uploads\/2026\/01\/Maia-Makhateli_Il-lago-dei-cigni-768x596.jpeg 768w, https:\/\/www.ecoitaliano.com.ar\/wp-content\/uploads\/2026\/01\/Maia-Makhateli_Il-lago-dei-cigni-1536x1192.jpeg 1536w, https:\/\/www.ecoitaliano.com.ar\/wp-content\/uploads\/2026\/01\/Maia-Makhateli_Il-lago-dei-cigni-150x116.jpeg 150w, https:\/\/www.ecoitaliano.com.ar\/wp-content\/uploads\/2026\/01\/Maia-Makhateli_Il-lago-dei-cigni-400x311.jpeg 400w, https:\/\/www.ecoitaliano.com.ar\/wp-content\/uploads\/2026\/01\/Maia-Makhateli_Il-lago-dei-cigni.jpeg 2003w\" sizes=\"(max-width: 1024px) 100vw, 1024px\" \/><\/a><\/figure>\n\n\n\n<figure class=\"wp-block-image size-large\"><a href=\"https:\/\/www.ecoitaliano.com.ar\/wp-content\/uploads\/2026\/01\/PROVE-Il-lago-dei-cigni-Teatro-Massimo-Palermo-Andrea-Sarri_Martina-Pasinotti-\u252c\u00ae-rosellina-garbo-2026_RG_7429.jpg\"><img decoding=\"async\" width=\"1024\" height=\"683\" data-id=\"84752\" src=\"https:\/\/www.ecoitaliano.com.ar\/wp-content\/uploads\/2026\/01\/PROVE-Il-lago-dei-cigni-Teatro-Massimo-Palermo-Andrea-Sarri_Martina-Pasinotti-\u252c\u00ae-rosellina-garbo-2026_RG_7429-1024x683.jpg\" alt=\"\" class=\"wp-image-84752\" srcset=\"https:\/\/www.ecoitaliano.com.ar\/wp-content\/uploads\/2026\/01\/PROVE-Il-lago-dei-cigni-Teatro-Massimo-Palermo-Andrea-Sarri_Martina-Pasinotti-\u252c\u00ae-rosellina-garbo-2026_RG_7429-1024x683.jpg 1024w, https:\/\/www.ecoitaliano.com.ar\/wp-content\/uploads\/2026\/01\/PROVE-Il-lago-dei-cigni-Teatro-Massimo-Palermo-Andrea-Sarri_Martina-Pasinotti-\u252c\u00ae-rosellina-garbo-2026_RG_7429-300x200.jpg 300w, https:\/\/www.ecoitaliano.com.ar\/wp-content\/uploads\/2026\/01\/PROVE-Il-lago-dei-cigni-Teatro-Massimo-Palermo-Andrea-Sarri_Martina-Pasinotti-\u252c\u00ae-rosellina-garbo-2026_RG_7429-768x512.jpg 768w, https:\/\/www.ecoitaliano.com.ar\/wp-content\/uploads\/2026\/01\/PROVE-Il-lago-dei-cigni-Teatro-Massimo-Palermo-Andrea-Sarri_Martina-Pasinotti-\u252c\u00ae-rosellina-garbo-2026_RG_7429-150x100.jpg 150w, https:\/\/www.ecoitaliano.com.ar\/wp-content\/uploads\/2026\/01\/PROVE-Il-lago-dei-cigni-Teatro-Massimo-Palermo-Andrea-Sarri_Martina-Pasinotti-\u252c\u00ae-rosellina-garbo-2026_RG_7429.jpg 1536w\" sizes=\"(max-width: 1024px) 100vw, 1024px\" \/><\/a><figcaption class=\"wp-element-caption\">ph \u00a9 rosellina garbo<\/figcaption><\/figure>\n\n\n\n<figure class=\"wp-block-image size-large\"><a href=\"https:\/\/www.ecoitaliano.com.ar\/wp-content\/uploads\/2026\/01\/PROVE-Il-lago-dei-cigni-Teatro-Massimo-Palermo-Andrea-Sarri_Martina-Pasinotti-\u252c\u00ae-rosellina-garbo-2026_RG_8060.jpg\"><img decoding=\"async\" width=\"1024\" height=\"683\" data-id=\"84753\" src=\"https:\/\/www.ecoitaliano.com.ar\/wp-content\/uploads\/2026\/01\/PROVE-Il-lago-dei-cigni-Teatro-Massimo-Palermo-Andrea-Sarri_Martina-Pasinotti-\u252c\u00ae-rosellina-garbo-2026_RG_8060-1024x683.jpg\" alt=\"\" class=\"wp-image-84753\" srcset=\"https:\/\/www.ecoitaliano.com.ar\/wp-content\/uploads\/2026\/01\/PROVE-Il-lago-dei-cigni-Teatro-Massimo-Palermo-Andrea-Sarri_Martina-Pasinotti-\u252c\u00ae-rosellina-garbo-2026_RG_8060-1024x683.jpg 1024w, https:\/\/www.ecoitaliano.com.ar\/wp-content\/uploads\/2026\/01\/PROVE-Il-lago-dei-cigni-Teatro-Massimo-Palermo-Andrea-Sarri_Martina-Pasinotti-\u252c\u00ae-rosellina-garbo-2026_RG_8060-300x200.jpg 300w, https:\/\/www.ecoitaliano.com.ar\/wp-content\/uploads\/2026\/01\/PROVE-Il-lago-dei-cigni-Teatro-Massimo-Palermo-Andrea-Sarri_Martina-Pasinotti-\u252c\u00ae-rosellina-garbo-2026_RG_8060-768x512.jpg 768w, https:\/\/www.ecoitaliano.com.ar\/wp-content\/uploads\/2026\/01\/PROVE-Il-lago-dei-cigni-Teatro-Massimo-Palermo-Andrea-Sarri_Martina-Pasinotti-\u252c\u00ae-rosellina-garbo-2026_RG_8060-150x100.jpg 150w, https:\/\/www.ecoitaliano.com.ar\/wp-content\/uploads\/2026\/01\/PROVE-Il-lago-dei-cigni-Teatro-Massimo-Palermo-Andrea-Sarri_Martina-Pasinotti-\u252c\u00ae-rosellina-garbo-2026_RG_8060.jpg 1536w\" sizes=\"(max-width: 1024px) 100vw, 1024px\" \/><\/a><figcaption class=\"wp-element-caption\">ph \u00a9 rosellina garbo<\/figcaption><\/figure>\n\n\n\n<figure class=\"wp-block-image size-large\"><a href=\"https:\/\/www.ecoitaliano.com.ar\/wp-content\/uploads\/2026\/01\/PROVE-in-Sala-Stemmi-Teatro-Massimo-Palermo-Il-lago-dei-cigni-IMG_6372.jpg\"><img decoding=\"async\" width=\"1024\" height=\"683\" data-id=\"84754\" src=\"https:\/\/www.ecoitaliano.com.ar\/wp-content\/uploads\/2026\/01\/PROVE-in-Sala-Stemmi-Teatro-Massimo-Palermo-Il-lago-dei-cigni-IMG_6372-1024x683.jpg\" alt=\"\" class=\"wp-image-84754\" srcset=\"https:\/\/www.ecoitaliano.com.ar\/wp-content\/uploads\/2026\/01\/PROVE-in-Sala-Stemmi-Teatro-Massimo-Palermo-Il-lago-dei-cigni-IMG_6372-1024x683.jpg 1024w, https:\/\/www.ecoitaliano.com.ar\/wp-content\/uploads\/2026\/01\/PROVE-in-Sala-Stemmi-Teatro-Massimo-Palermo-Il-lago-dei-cigni-IMG_6372-300x200.jpg 300w, https:\/\/www.ecoitaliano.com.ar\/wp-content\/uploads\/2026\/01\/PROVE-in-Sala-Stemmi-Teatro-Massimo-Palermo-Il-lago-dei-cigni-IMG_6372-768x512.jpg 768w, https:\/\/www.ecoitaliano.com.ar\/wp-content\/uploads\/2026\/01\/PROVE-in-Sala-Stemmi-Teatro-Massimo-Palermo-Il-lago-dei-cigni-IMG_6372-1536x1024.jpg 1536w, https:\/\/www.ecoitaliano.com.ar\/wp-content\/uploads\/2026\/01\/PROVE-in-Sala-Stemmi-Teatro-Massimo-Palermo-Il-lago-dei-cigni-IMG_6372-2048x1366.jpg 2048w, https:\/\/www.ecoitaliano.com.ar\/wp-content\/uploads\/2026\/01\/PROVE-in-Sala-Stemmi-Teatro-Massimo-Palermo-Il-lago-dei-cigni-IMG_6372-150x100.jpg 150w\" sizes=\"(max-width: 1024px) 100vw, 1024px\" \/><\/a><\/figure>\n<\/figure>\n","protected":false},"excerpt":{"rendered":"<p>COMUNICATO STAMPA\u00a0\u201cIL LAGO DEI CIGNI\u201d\u00a0AL TEATRO MASSIMO DI PALERMOIl capolavoro di \u010cajkovskij rivive nella Sicilia del Gattopardo nella nuova versione [&hellip;]<\/p>\n","protected":false},"author":1,"featured_media":0,"comment_status":"open","ping_status":"open","sticky":false,"template":"","format":"standard","meta":{"footnotes":""},"categories":[1],"tags":[],"class_list":["post-84744","post","type-post","status-publish","format-standard","hentry","category-sin-categoria"],"_links":{"self":[{"href":"https:\/\/www.ecoitaliano.com.ar\/index.php?rest_route=\/wp\/v2\/posts\/84744","targetHints":{"allow":["GET"]}}],"collection":[{"href":"https:\/\/www.ecoitaliano.com.ar\/index.php?rest_route=\/wp\/v2\/posts"}],"about":[{"href":"https:\/\/www.ecoitaliano.com.ar\/index.php?rest_route=\/wp\/v2\/types\/post"}],"author":[{"embeddable":true,"href":"https:\/\/www.ecoitaliano.com.ar\/index.php?rest_route=\/wp\/v2\/users\/1"}],"replies":[{"embeddable":true,"href":"https:\/\/www.ecoitaliano.com.ar\/index.php?rest_route=%2Fwp%2Fv2%2Fcomments&post=84744"}],"version-history":[{"count":1,"href":"https:\/\/www.ecoitaliano.com.ar\/index.php?rest_route=\/wp\/v2\/posts\/84744\/revisions"}],"predecessor-version":[{"id":84755,"href":"https:\/\/www.ecoitaliano.com.ar\/index.php?rest_route=\/wp\/v2\/posts\/84744\/revisions\/84755"}],"wp:attachment":[{"href":"https:\/\/www.ecoitaliano.com.ar\/index.php?rest_route=%2Fwp%2Fv2%2Fmedia&parent=84744"}],"wp:term":[{"taxonomy":"category","embeddable":true,"href":"https:\/\/www.ecoitaliano.com.ar\/index.php?rest_route=%2Fwp%2Fv2%2Fcategories&post=84744"},{"taxonomy":"post_tag","embeddable":true,"href":"https:\/\/www.ecoitaliano.com.ar\/index.php?rest_route=%2Fwp%2Fv2%2Ftags&post=84744"}],"curies":[{"name":"wp","href":"https:\/\/api.w.org\/{rel}","templated":true}]}}