{"id":84756,"date":"2026-01-16T19:51:56","date_gmt":"2026-01-16T19:51:56","guid":{"rendered":"https:\/\/www.ecoitaliano.com.ar\/?p=84756"},"modified":"2026-01-16T19:52:26","modified_gmt":"2026-01-16T19:52:26","slug":"serena-conduce-operaclassica-eco-italiano-4904","status":"publish","type":"post","link":"https:\/\/www.ecoitaliano.com.ar\/?p=84756","title":{"rendered":"Serena conduce operaclassica eco italiano"},"content":{"rendered":"\n<p>Parte domani la rassegna di OperaLand al Museo Chiossone e all&#8217;Alliance Fran\u00e7aise<\/p>\n\n\n\n<p><strong>OPERALAND FEST AL MUSEO &#8211; TRACCE DAL NOVECENTO. VISIONI PER IL FUTURO&nbsp;<\/strong><\/p>\n\n\n\n<p><strong>COMUNICATO STAMPA<\/strong><\/p>\n\n\n\n<p>L\u2019<strong>Associazione OperaLand APS<\/strong>, attiva da anni a Genova nella divulgazione culturale con linguaggi contemporanei e accessibili, presenta&nbsp;<strong>OPERALAND FEST AL MUSEO \u2013 Tracce dal Novecento. Visioni per il futuro<\/strong>, una rassegna di quattro appuntamenti pi\u00f9 uno in programma nel mese di&nbsp;<strong>gennaio 2026<\/strong>. Ad accogliere il festival \u00e8 ancora una volta il&nbsp;<strong>Museo d\u2019Arte Orientale Edoardo Chiossone<\/strong>, partner storico dell\u2019associazione, con cui OperaLand condivide l\u2019obiettivo di valorizzare la musica e l\u2019opera lirica in&nbsp;<strong>spazi non convenzionali<\/strong>, favorendo l\u2019incontro tra discipline, pubblici e generazioni diverse. In chiusura, tappa all\u2019Alliance Fran\u00e7aise per un brindisi collettivo.<br><br>Il filo conduttore dell\u2019edizione 2026 \u00e8 il tema della&nbsp;<strong>connessione<\/strong>&nbsp;\u2013 spirituale, tecnologica, affettiva, artificiale e reale \u2013 declinato attraverso performance dal vivo, spettacoli musicali, danza, narrazione e momenti di confronto. Un percorso che parte dal Novecento e guarda al futuro, interrogandosi su come l\u2019opera e il teatro musicale possano dialogare con il presente.<\/p>\n\n\n\n<p>Si apre il&nbsp;<strong>17 gennaio alle ore 16:30<\/strong>&nbsp;con&nbsp;<strong>UN T\u00c8 CON SAKAMOTO \u2013 connessione spirituale<\/strong>, un\u2019esperienza immersiva ispirata all\u2019universo poetico e musicale di Ryuichi Sakamoto, che unisce danza, musica e parola. In scena i danzatori della&nbsp;<strong>Kseij Dance Company&nbsp;<\/strong>,&nbsp;<strong>Delsi Gomes&nbsp;come mima<\/strong><strong>&nbsp;<\/strong>e la voce narrante di&nbsp;<strong>Cristina Balbo<\/strong>, con&nbsp;<strong>Francesco Barbagelata<\/strong>&nbsp;al pianoforte e la regia di&nbsp;<strong>Fabiola Di Blasi<\/strong>.<\/p>\n\n\n\n<p>Il&nbsp;<strong>18 gennaio alle ore 16:00<\/strong>&nbsp;\u00e8 la volta di&nbsp;<strong>IL TELEFONO \/ LA VOIX HUMAINE \u2013 connessione tecnologica<\/strong>, un dittico intenso e attuale che affianca Menotti a Poulenc e che riflette sulla comunicazione mediata e sull\u2019isolamento emotivo, con&nbsp;<strong>Daria Ryzhova&nbsp;(Lucy\/Una donna),<\/strong>&nbsp;<strong>Marco Camastra&nbsp;(Ben)<\/strong>&nbsp;e&nbsp;<strong>Delsi Gomes&nbsp;(mima).&nbsp;A<\/strong>l&nbsp;pianoforte&nbsp;<strong>Francesco Barbagelata&nbsp;mentre per la regia torna, dopo il successo di Puccini Noir nel 2024,<\/strong><strong>&nbsp;<\/strong><strong>Paolo Vettori<\/strong>.<\/p>\n\n\n\n<p>Il&nbsp;<strong>24 gennaio alle ore 16:00<\/strong>&nbsp;OperaLand propone un evento Family con&nbsp;<strong>FAVOLE AL TELEFONO,&nbsp;STORIE IN MUSICA PER FAMIGLIE&nbsp;<\/strong><strong>\u2013&nbsp;<\/strong><strong>connessione affettiva<\/strong>, un appuntamento dedicato ai pi\u00f9 piccoli che intreccia narrazione e musica dal vivo partendo dal celebre libro di Gianni Rodari. L\u2019evento \u00e8 a cura di&nbsp;<strong>Cristina Balbo<\/strong>, bibliotecaria, con&nbsp;<strong>Benedetto Spingardi Merialdi<\/strong>&nbsp;al pianoforte e la piccola Lucia.<\/p>\n\n\n\n<p>Il&nbsp;<strong>25 gennaio alle ore 16:00<\/strong>&nbsp;il festival propone&nbsp;<strong>PUCCINI, PODCAST E AI \u2013 connessione artificiale<\/strong>, un talk musicale che mette in dialogo il mondo dell\u2019opera con i nuovi media e l\u2019intelligenza artificiale. Intervengono&nbsp;<strong>Tabata Caldironi&nbsp;(danzatrice e podcaster)<\/strong>,&nbsp;<strong>Ivo Rizzi<\/strong><strong>&nbsp;<\/strong><strong>(cantante lirico e podcaster)<\/strong>, altri ospiti in via di definizione e il&nbsp;<strong>Genova Vocal Consort<\/strong>, accompagnato al pianoforte da&nbsp;<strong>Alex Castagneri<\/strong>. Gli eventi Al Museo sono a ingresso gratuito fino ad esaurimento posti.<\/p>\n\n\n\n<p>La rassegna si conclude il&nbsp;<strong>31 gennaio alle ore 17:00<\/strong>&nbsp;all\u2019<strong>Alliance Fran\u00e7aise<\/strong>&nbsp;(via Garibaldi 20) con&nbsp;<strong>A TAVOLA CON L\u2019OPERA LIRICA \u2013 connessione reale e condivisa<\/strong>, un evento che unisce racconto, voci dal vivo e convivialit\u00e0. A cura di&nbsp;<strong>Ippolita Papale&nbsp;(divulgatrice)<\/strong>, con&nbsp;<strong>Lorena Monguzzi<\/strong>&nbsp;(attrice) e i solisti del&nbsp;<strong>Genova Vocal Consort<\/strong>. Ingresso 7 euro con aperitivo incluso.<\/p>\n\n\n\n<p>\u201c<em>Con questa rassegna vogliamo riflettere su cosa significhi oggi \u201cconnettersi\u201d attraverso&nbsp;l\u2019arte e la cultura<\/em>\u00bb, afferma&nbsp;<strong>Fabiola Di Blasi<\/strong>, direttrice artistica di OperaLand.&nbsp;\u201c<em>Anche in un\u2019epoca dominata dal digitale, l\u2019esperienza dal vivo rimane uno spazio insostituibile di relazione, ascolto e costruzione di comunit\u00e0. Allo stesso tempo, \u00e8 fondamentale saper cogliere il valore e le opportunit\u00e0 che la tecnologia ci offre, integrandole in modo consapevole. Il Novecento ci ha lasciato tracce preziose: sta a noi rileggerle, reinterpretarle e trasformarle in visioni per il futuro. Ci\u00f2 che conta, oggi pi\u00f9 che mai, \u00e8 continuare a creare connessioni\u201d&nbsp;<\/em><\/p>\n\n\n\n<p>OPERALAND FEST AL MUSEO si inserisce nell\u2019ambito di \u201cGenova citt\u00e0 dei Festival\u201d, iniziativa del Comune di Genova ed \u00e8 realizzata con il sostegno e il patrocinio di Comune di Genova, Musei di Genova, Alliance Fran\u00e7aise, Universit\u00e0 di Genova, Associazione Amici del Teatro Carlo Felice e del Conservatorio Nicol\u00f2 Paganini, Genova Vocal Consort, Kseij Dance Company, Stefano Presutti Fiori, Helixir Natural Beauty e Vesta Home Rent.<\/p>\n\n\n\n<p>OperaLand nasce nel 2017 come\u00a0progetto scuole del Teatro Carlo Felice ottenendo risultati importanti e l\u2019attenzione di docenti, famiglie e stampa. Negli anni, proponendo attivit\u00e0 per tutti in contesti e occasioni varie, come il World Opera Day e il Festival al Museo Chiossone, OperaLand \u00e8 diventato un ampio contenitore di idee, progetti e intrattenimento che comunica in modo accessibile e collabora con importanti realt\u00e0 locali. <\/p>\n\n\n\n<p>foto<\/p>\n\n\n\n<figure class=\"wp-block-gallery has-nested-images columns-default is-cropped wp-block-gallery-1 is-layout-flex wp-block-gallery-is-layout-flex\">\n<figure class=\"wp-block-image size-large\"><a href=\"https:\/\/www.ecoitaliano.com.ar\/wp-content\/uploads\/2026\/01\/OPERALAND-FEST-AL-MUSEO-TRACCE-DAL-NOVECENTO.-VISIONI-PER-IL-FUTURO-AL-MUSEO-DARTE-ORIENTALE-EDOARDO-CHIOSSONE-9.jpg\"><img decoding=\"async\" width=\"724\" height=\"1024\" data-id=\"84757\" src=\"https:\/\/www.ecoitaliano.com.ar\/wp-content\/uploads\/2026\/01\/OPERALAND-FEST-AL-MUSEO-TRACCE-DAL-NOVECENTO.-VISIONI-PER-IL-FUTURO-AL-MUSEO-DARTE-ORIENTALE-EDOARDO-CHIOSSONE-9-724x1024.jpg\" alt=\"\" class=\"wp-image-84757\" srcset=\"https:\/\/www.ecoitaliano.com.ar\/wp-content\/uploads\/2026\/01\/OPERALAND-FEST-AL-MUSEO-TRACCE-DAL-NOVECENTO.-VISIONI-PER-IL-FUTURO-AL-MUSEO-DARTE-ORIENTALE-EDOARDO-CHIOSSONE-9-724x1024.jpg 724w, https:\/\/www.ecoitaliano.com.ar\/wp-content\/uploads\/2026\/01\/OPERALAND-FEST-AL-MUSEO-TRACCE-DAL-NOVECENTO.-VISIONI-PER-IL-FUTURO-AL-MUSEO-DARTE-ORIENTALE-EDOARDO-CHIOSSONE-9-212x300.jpg 212w, https:\/\/www.ecoitaliano.com.ar\/wp-content\/uploads\/2026\/01\/OPERALAND-FEST-AL-MUSEO-TRACCE-DAL-NOVECENTO.-VISIONI-PER-IL-FUTURO-AL-MUSEO-DARTE-ORIENTALE-EDOARDO-CHIOSSONE-9-768x1086.jpg 768w, https:\/\/www.ecoitaliano.com.ar\/wp-content\/uploads\/2026\/01\/OPERALAND-FEST-AL-MUSEO-TRACCE-DAL-NOVECENTO.-VISIONI-PER-IL-FUTURO-AL-MUSEO-DARTE-ORIENTALE-EDOARDO-CHIOSSONE-9-1086x1536.jpg 1086w, https:\/\/www.ecoitaliano.com.ar\/wp-content\/uploads\/2026\/01\/OPERALAND-FEST-AL-MUSEO-TRACCE-DAL-NOVECENTO.-VISIONI-PER-IL-FUTURO-AL-MUSEO-DARTE-ORIENTALE-EDOARDO-CHIOSSONE-9-106x150.jpg 106w, https:\/\/www.ecoitaliano.com.ar\/wp-content\/uploads\/2026\/01\/OPERALAND-FEST-AL-MUSEO-TRACCE-DAL-NOVECENTO.-VISIONI-PER-IL-FUTURO-AL-MUSEO-DARTE-ORIENTALE-EDOARDO-CHIOSSONE-9.jpg 1414w\" sizes=\"(max-width: 724px) 100vw, 724px\" \/><\/a><\/figure>\n<\/figure>\n\n\n\n<figure class=\"wp-block-gallery has-nested-images columns-default is-cropped wp-block-gallery-2 is-layout-flex wp-block-gallery-is-layout-flex\">\n<figure class=\"wp-block-image size-large\"><a href=\"https:\/\/www.ecoitaliano.com.ar\/wp-content\/uploads\/2026\/01\/Ph-Elisa-Lauricella.jpg\"><img decoding=\"async\" width=\"1024\" height=\"683\" data-id=\"84758\" src=\"https:\/\/www.ecoitaliano.com.ar\/wp-content\/uploads\/2026\/01\/Ph-Elisa-Lauricella-1024x683.jpg\" alt=\"\" class=\"wp-image-84758\" srcset=\"https:\/\/www.ecoitaliano.com.ar\/wp-content\/uploads\/2026\/01\/Ph-Elisa-Lauricella-1024x683.jpg 1024w, https:\/\/www.ecoitaliano.com.ar\/wp-content\/uploads\/2026\/01\/Ph-Elisa-Lauricella-300x200.jpg 300w, https:\/\/www.ecoitaliano.com.ar\/wp-content\/uploads\/2026\/01\/Ph-Elisa-Lauricella-768x512.jpg 768w, https:\/\/www.ecoitaliano.com.ar\/wp-content\/uploads\/2026\/01\/Ph-Elisa-Lauricella-1536x1024.jpg 1536w, https:\/\/www.ecoitaliano.com.ar\/wp-content\/uploads\/2026\/01\/Ph-Elisa-Lauricella-2048x1366.jpg 2048w, https:\/\/www.ecoitaliano.com.ar\/wp-content\/uploads\/2026\/01\/Ph-Elisa-Lauricella-150x100.jpg 150w\" sizes=\"(max-width: 1024px) 100vw, 1024px\" \/><\/a><\/figure>\n<\/figure>\n\n\n\n<figure class=\"wp-block-gallery has-nested-images columns-default is-cropped wp-block-gallery-3 is-layout-flex wp-block-gallery-is-layout-flex\">\n<figure class=\"wp-block-image size-large\"><a href=\"https:\/\/www.ecoitaliano.com.ar\/wp-content\/uploads\/2026\/01\/Photo-Elisa-Lauricella.jpg\"><img decoding=\"async\" width=\"1024\" height=\"683\" data-id=\"84759\" src=\"https:\/\/www.ecoitaliano.com.ar\/wp-content\/uploads\/2026\/01\/Photo-Elisa-Lauricella-1024x683.jpg\" alt=\"\" class=\"wp-image-84759\" srcset=\"https:\/\/www.ecoitaliano.com.ar\/wp-content\/uploads\/2026\/01\/Photo-Elisa-Lauricella-1024x683.jpg 1024w, https:\/\/www.ecoitaliano.com.ar\/wp-content\/uploads\/2026\/01\/Photo-Elisa-Lauricella-300x200.jpg 300w, https:\/\/www.ecoitaliano.com.ar\/wp-content\/uploads\/2026\/01\/Photo-Elisa-Lauricella-768x512.jpg 768w, https:\/\/www.ecoitaliano.com.ar\/wp-content\/uploads\/2026\/01\/Photo-Elisa-Lauricella-1536x1024.jpg 1536w, https:\/\/www.ecoitaliano.com.ar\/wp-content\/uploads\/2026\/01\/Photo-Elisa-Lauricella-2048x1366.jpg 2048w, https:\/\/www.ecoitaliano.com.ar\/wp-content\/uploads\/2026\/01\/Photo-Elisa-Lauricella-150x100.jpg 150w\" sizes=\"(max-width: 1024px) 100vw, 1024px\" \/><\/a><\/figure>\n<\/figure>\n","protected":false},"excerpt":{"rendered":"<p>Parte domani la rassegna di OperaLand al Museo Chiossone e all&#8217;Alliance Fran\u00e7aise OPERALAND FEST AL MUSEO &#8211; TRACCE DAL NOVECENTO. [&hellip;]<\/p>\n","protected":false},"author":1,"featured_media":0,"comment_status":"open","ping_status":"open","sticky":false,"template":"","format":"standard","meta":{"footnotes":""},"categories":[1],"tags":[],"class_list":["post-84756","post","type-post","status-publish","format-standard","hentry","category-sin-categoria"],"_links":{"self":[{"href":"https:\/\/www.ecoitaliano.com.ar\/index.php?rest_route=\/wp\/v2\/posts\/84756","targetHints":{"allow":["GET"]}}],"collection":[{"href":"https:\/\/www.ecoitaliano.com.ar\/index.php?rest_route=\/wp\/v2\/posts"}],"about":[{"href":"https:\/\/www.ecoitaliano.com.ar\/index.php?rest_route=\/wp\/v2\/types\/post"}],"author":[{"embeddable":true,"href":"https:\/\/www.ecoitaliano.com.ar\/index.php?rest_route=\/wp\/v2\/users\/1"}],"replies":[{"embeddable":true,"href":"https:\/\/www.ecoitaliano.com.ar\/index.php?rest_route=%2Fwp%2Fv2%2Fcomments&post=84756"}],"version-history":[{"count":2,"href":"https:\/\/www.ecoitaliano.com.ar\/index.php?rest_route=\/wp\/v2\/posts\/84756\/revisions"}],"predecessor-version":[{"id":84761,"href":"https:\/\/www.ecoitaliano.com.ar\/index.php?rest_route=\/wp\/v2\/posts\/84756\/revisions\/84761"}],"wp:attachment":[{"href":"https:\/\/www.ecoitaliano.com.ar\/index.php?rest_route=%2Fwp%2Fv2%2Fmedia&parent=84756"}],"wp:term":[{"taxonomy":"category","embeddable":true,"href":"https:\/\/www.ecoitaliano.com.ar\/index.php?rest_route=%2Fwp%2Fv2%2Fcategories&post=84756"},{"taxonomy":"post_tag","embeddable":true,"href":"https:\/\/www.ecoitaliano.com.ar\/index.php?rest_route=%2Fwp%2Fv2%2Ftags&post=84756"}],"curies":[{"name":"wp","href":"https:\/\/api.w.org\/{rel}","templated":true}]}}