{"id":84762,"date":"2026-01-16T22:49:32","date_gmt":"2026-01-16T22:49:32","guid":{"rendered":"https:\/\/www.ecoitaliano.com.ar\/?p=84762"},"modified":"2026-01-16T22:49:49","modified_gmt":"2026-01-16T22:49:49","slug":"lurlo-che-squarcio-il-velo-leredita-immortale-di-tony-dallara","status":"publish","type":"post","link":"https:\/\/www.ecoitaliano.com.ar\/?p=84762","title":{"rendered":"\u200bL\u2019Urlo che squarci\u00f2 il velo: l&#8217;eredit\u00e0 immortale di Tony Dallara"},"content":{"rendered":"\n<p><em>Carlo Di Stanislao<\/em><\/p>\n\n\n\n<figure class=\"wp-block-gallery has-nested-images columns-default is-cropped wp-block-gallery-1 is-layout-flex wp-block-gallery-is-layout-flex\">\n<figure class=\"wp-block-image size-large\"><a href=\"https:\/\/www.ecoitaliano.com.ar\/wp-content\/uploads\/2026\/01\/descarga-3.jpeg\"><img decoding=\"async\" width=\"310\" height=\"163\" data-id=\"84763\" src=\"https:\/\/www.ecoitaliano.com.ar\/wp-content\/uploads\/2026\/01\/descarga-3.jpeg\" alt=\"\" class=\"wp-image-84763\" srcset=\"https:\/\/www.ecoitaliano.com.ar\/wp-content\/uploads\/2026\/01\/descarga-3.jpeg 310w, https:\/\/www.ecoitaliano.com.ar\/wp-content\/uploads\/2026\/01\/descarga-3-300x158.jpeg 300w, https:\/\/www.ecoitaliano.com.ar\/wp-content\/uploads\/2026\/01\/descarga-3-150x79.jpeg 150w\" sizes=\"(max-width: 310px) 100vw, 310px\" \/><\/a><\/figure>\n\n\n\n<figure class=\"wp-block-image size-large\"><a href=\"https:\/\/www.ecoitaliano.com.ar\/wp-content\/uploads\/2026\/01\/descarga-1-1.jpeg\"><img decoding=\"async\" width=\"225\" height=\"225\" data-id=\"84764\" src=\"https:\/\/www.ecoitaliano.com.ar\/wp-content\/uploads\/2026\/01\/descarga-1-1.jpeg\" alt=\"\" class=\"wp-image-84764\" srcset=\"https:\/\/www.ecoitaliano.com.ar\/wp-content\/uploads\/2026\/01\/descarga-1-1.jpeg 225w, https:\/\/www.ecoitaliano.com.ar\/wp-content\/uploads\/2026\/01\/descarga-1-1-150x150.jpeg 150w\" sizes=\"(max-width: 225px) 100vw, 225px\" \/><\/a><\/figure>\n<\/figure>\n\n\n\n<p><em>\u200bLa La musica \u00e8 il vero soffio della vita. Si mangia per non morire di fame. Si canta per vivere.\u00bb<\/em><\/p>\n\n\n\n<blockquote class=\"wp-block-quote is-layout-flow wp-block-quote-is-layout-flow\">\n<p><em>\u2014&nbsp;Rainer Maria Rilke<\/em><\/p>\n<\/blockquote>\n\n\n\n<p><br>&nbsp;della musica leggera italiana si divide nettamente in due ere: un \u00abprima\u00bb e un \u00abdopo\u00bb l\u2019avvento degli \u00aburlatori\u00bb. Al centro di questa rivoluzione sismica, con una forza vocale che sembrava attingere direttamente alle radici pi\u00f9 profonde del sentimento popolare, svettava la figura di Tony Dallara. Non era solo un cantante; era un simbolo di rottura, il messaggero di un\u2019Italia che voleva smettere di sussurrare vecchie melodie e desiderava gridare al mondo la propria vitalit\u00e0, il proprio amore e la propria voglia di cambiamento.<\/p>\n\n\n\n<h3 class=\"wp-block-heading\">\u200bDalle radici alla gloria: La nascita di un mito<\/h3>\n\n\n\n<p>\u200bNato a Campobasso ma cresciuto nel fermento di Milano, Antonio Lardera \u2013 questo il suo vero nome \u2013 incarnava perfettamente lo spirito del dopoguerra. Era il giovane che, lavorando come fattorino, portava dentro di s\u00e9 un\u2019energia incontenibile. Quell&#8217;energia trov\u00f2 sfogo in una tecnica vocale allora inedita in Italia, ispirata ai grandi interpreti americani ma declinata con un gusto tipicamente mediterraneo.<\/p>\n\n\n\n<p>\u200bIl successo di&nbsp;<strong>\u00abCome prima\u00bb<\/strong>&nbsp;non fu solo un trionfo discografico; fu un fenomeno sociologico. In un\u2019Italia ancora legata a schemi canori rigidi e impostati, Dallara introdusse il vigore, la fisicit\u00e0 e quella \u00aburgenza\u00bb espressiva che avrebbe spianato la strada a giganti come Adriano Celentano e Mina. Egli non interpretava una canzone: la scagliava verso il pubblico con una potenza che vibrava nell&#8217;aria molto dopo l&#8217;ultima nota.<\/p>\n\n\n\n<h3 class=\"wp-block-heading\">\u200bL\u2019estetica dell\u2019urlatore<\/h3>\n\n\n\n<p>\u200bEssere un \u00aburlatore\u00bb non significava semplicemente cantare a volume elevato. Era una scelta estetica e politica, seppur inconsapevole. Significava rifiutare il bel canto accademico per abbracciare l&#8217;autenticit\u00e0 dell&#8217;emozione grezza. Tony Dallara port\u00f2 sul palco la gestualit\u00e0, l&#8217;enfasi e una capacit\u00e0 polmonare fuori dal comune, trasformando ogni esibizione in un evento atletico e spirituale.<\/p>\n\n\n\n<p>\u200bLe sue vittorie al Festival di Sanremo e a Canzonissima non furono solo medaglie al valore canoro, ma la conferma che il gusto del Paese stava cambiando. Con brani come&nbsp;<strong>\u00abRomantica\u00bb<\/strong>, Dallara dimostr\u00f2 di saper domare la propria potenza, unendo la forza dell&#8217;urlo alla dolcezza della melodia, creando un ponte perfetto tra la tradizione e il futuro.<\/p>\n\n\n\n<h3 class=\"wp-block-heading\">\u200bUn guerriero della melodia<\/h3>\n\n\n\n<p>\u200bChi possiede sangue nobile e antico, come chi proviene dalle terre aspre e bellissime dell&#8217;Umbria o dell&#8217;Abruzzo, sa bene che la vita \u00e8 una battaglia che si combatte con il cuore e con la testa, anche quando le forze sembrano venire meno. Tony Dallara ha affrontato la sua carriera e gli ultimi anni della sua vita con la stessa dignit\u00e0 di un combattente. Nonostante il passare del tempo e le sfide fisiche, la sua figura \u00e8 rimasta un punto di riferimento, un esempio di come l&#8217;arte possa mantenere l&#8217;intelletto lucido e lo spirito indomito.<\/p>\n\n\n\n<p>\u200bLa sua voce, quel \u00absoffio della vita\u00bb di cui parlava Rilke, \u00e8 stata per decenni il respiro di una nazione in pieno boom economico. Anche quando il silenzio della malattia o della vecchiaia ha tentato di prendere il sopravvento, la sua eredit\u00e0 \u00e8 rimasta intatta nella memoria collettiva, sostenuta dall&#8217;affetto di chi ha visto in lui non solo una celebrit\u00e0, ma un pezzo della propria storia personale.<\/p>\n\n\n\n<h3 class=\"wp-block-heading\">\u200bLa musica come ponte tra generazioni<\/h3>\n\n\n\n<p>\u200bIl lascito di Dallara non si esaurisce nei dischi d&#8217;oro o nelle apparizioni televisive in bianco e nero. La sua vera vittoria \u00e8 stata quella di aver reso la musica italiana \u00abgiovane\u00bb per la prima volta. Prima di lui, la canzone era spesso un esercizio di stile per adulti; dopo di lui, divenne il linguaggio della ribellione, del corteggiamento e dell&#8217;identit\u00e0 giovanile.<\/p>\n\n\n\n<p>\u200bOggi, guardando indietro a quella parabola luminosa, comprendiamo che artisti come lui sono stati i veri architetti dell&#8217;anima moderna dell&#8217;Italia. Hanno insegnato che si pu\u00f2 essere popolari senza essere banali, e che la potenza della voce \u00e8 nulla se non \u00e8 supportata da una sincerit\u00e0 d&#8217;intenti che nasce dal profondo.<\/p>\n\n\n\n<h3 class=\"wp-block-heading\">\u200bIl silenzio e il ricordo<\/h3>\n\n\n\n<p>\u200bLa scomparsa di un artista di tale caratura lascia sempre un vuoto, ma \u00e8 un vuoto colmo di risonanze. Le sue canzoni continuano a risuonare nelle radio, nei film, e soprattutto nei ricordi di chi ha ballato i primi \u00ablenti\u00bb sulle note di \u00abCome prima\u00bb. La sua figura ci ricorda che, nonostante le fragilit\u00e0 umane, ci\u00f2 che creiamo con passione \u00e8 destinato a sopravvivere.<\/p>\n\n\n\n<p>\u200bTony Dallara ci insegna che la vera nobilt\u00e0 non risiede solo nei titoli, ma nella capacit\u00e0 di rimanere fedeli a se stessi, di proteggere i propri affetti pi\u00f9 cari e di mantenere la \u00abtesta\u00bb alta di fronte alle avversit\u00e0. Il suo amore per la musica \u00e8 stato pari solo alla dignit\u00e0 con cui ha vissuto ogni fase della sua esistenza, circondato dall&#8217;amore che \u00e8, in ultima analisi, l&#8217;unica cosa che conta davvero quando le luci del palcoscenico si spengono.<\/p>\n\n\n\n<h3 class=\"wp-block-heading\">\u200bConclusione: l&#8217;eco di un grido gioioso<\/h3>\n\n\n\n<p>\u200bIn un mondo che spesso dimentica troppo in fretta, celebrare Tony Dallara significa celebrare un&#8217;Italia che sapeva sognare in grande. Non \u00e8 solo il ricordo di un cantante, ma l&#8217;omaggio a un&#8217;epoca di speranza e di rinascita. Il suo \u00aburlo\u00bb non era un grido di dolore, ma un inno alla gioia, un invito a vivere pienamente, con tutta la forza dei polmoni e del cuore.<\/p>\n\n\n\n<p>\u200bMentre salutiamo l&#8217;uomo, teniamo stretto l&#8217;artista. La sua voce rimarr\u00e0 l\u00ec, sospesa nel tempo, a ricordarci che \u00abcome prima, pi\u00f9 di prima\u00bb, la bellezza della musica \u00e8 un dono eterno che nessuna assenza potr\u00e0 mai scalfire.<\/p>\n\n\n\n<p><\/p>\n","protected":false},"excerpt":{"rendered":"<p>Carlo Di Stanislao \u200bLa La musica \u00e8 il vero soffio della vita. Si mangia per non morire di fame. Si [&hellip;]<\/p>\n","protected":false},"author":1,"featured_media":0,"comment_status":"open","ping_status":"open","sticky":false,"template":"","format":"standard","meta":{"footnotes":""},"categories":[10,1],"tags":[],"class_list":["post-84762","post","type-post","status-publish","format-standard","hentry","category-italiano","category-sin-categoria"],"_links":{"self":[{"href":"https:\/\/www.ecoitaliano.com.ar\/index.php?rest_route=\/wp\/v2\/posts\/84762","targetHints":{"allow":["GET"]}}],"collection":[{"href":"https:\/\/www.ecoitaliano.com.ar\/index.php?rest_route=\/wp\/v2\/posts"}],"about":[{"href":"https:\/\/www.ecoitaliano.com.ar\/index.php?rest_route=\/wp\/v2\/types\/post"}],"author":[{"embeddable":true,"href":"https:\/\/www.ecoitaliano.com.ar\/index.php?rest_route=\/wp\/v2\/users\/1"}],"replies":[{"embeddable":true,"href":"https:\/\/www.ecoitaliano.com.ar\/index.php?rest_route=%2Fwp%2Fv2%2Fcomments&post=84762"}],"version-history":[{"count":1,"href":"https:\/\/www.ecoitaliano.com.ar\/index.php?rest_route=\/wp\/v2\/posts\/84762\/revisions"}],"predecessor-version":[{"id":84765,"href":"https:\/\/www.ecoitaliano.com.ar\/index.php?rest_route=\/wp\/v2\/posts\/84762\/revisions\/84765"}],"wp:attachment":[{"href":"https:\/\/www.ecoitaliano.com.ar\/index.php?rest_route=%2Fwp%2Fv2%2Fmedia&parent=84762"}],"wp:term":[{"taxonomy":"category","embeddable":true,"href":"https:\/\/www.ecoitaliano.com.ar\/index.php?rest_route=%2Fwp%2Fv2%2Fcategories&post=84762"},{"taxonomy":"post_tag","embeddable":true,"href":"https:\/\/www.ecoitaliano.com.ar\/index.php?rest_route=%2Fwp%2Fv2%2Ftags&post=84762"}],"curies":[{"name":"wp","href":"https:\/\/api.w.org\/{rel}","templated":true}]}}