{"id":84775,"date":"2026-01-17T14:40:48","date_gmt":"2026-01-17T14:40:48","guid":{"rendered":"https:\/\/www.ecoitaliano.com.ar\/?p=84775"},"modified":"2026-01-17T14:41:09","modified_gmt":"2026-01-17T14:41:09","slug":"papa-leone-xiv-apre-il-giubileo-speciale-per-la-pace-nel-nome-di-san-francesco-dassisi","status":"publish","type":"post","link":"https:\/\/www.ecoitaliano.com.ar\/?p=84775","title":{"rendered":"Papa Leone XIV apre il Giubileo Speciale per la Pace nel nome di San Francesco d\u2019Assisi\u00a0"},"content":{"rendered":"<div class=\"wp-block-image\">\n<figure class=\"aligncenter size-large is-resized\"><a href=\"http:\/\/www.ecoitaliano.com.ar\/wp-content\/uploads\/2026\/01\/1000166294.jpg\"><img decoding=\"async\" width=\"1024\" height=\"768\" src=\"http:\/\/www.ecoitaliano.com.ar\/wp-content\/uploads\/2026\/01\/1000166294-1024x768.jpg\" alt=\"\" class=\"wp-image-84776\" style=\"width:332px;height:auto\" srcset=\"https:\/\/www.ecoitaliano.com.ar\/wp-content\/uploads\/2026\/01\/1000166294-1024x768.jpg 1024w, https:\/\/www.ecoitaliano.com.ar\/wp-content\/uploads\/2026\/01\/1000166294-300x225.jpg 300w, https:\/\/www.ecoitaliano.com.ar\/wp-content\/uploads\/2026\/01\/1000166294-768x576.jpg 768w, https:\/\/www.ecoitaliano.com.ar\/wp-content\/uploads\/2026\/01\/1000166294-1536x1152.jpg 1536w, https:\/\/www.ecoitaliano.com.ar\/wp-content\/uploads\/2026\/01\/1000166294-2048x1536.jpg 2048w, https:\/\/www.ecoitaliano.com.ar\/wp-content\/uploads\/2026\/01\/1000166294-150x113.jpg 150w\" sizes=\"(max-width: 1024px) 100vw, 1024px\" \/><\/a><\/figure><\/div>\n\n\n<p><em>Pierfranco Bruni\u00a0<\/em><\/p>\n\n\n\n<p>Papa Leone XIV nel proclamare uno speciale Anno Giubilare nel nome di San Francesco d\u2019Assisi ha posto all&#8217;attenzione non solo gli Ottocento anni della morte del Santo ma ha sottolineato l&#8217;importanza della pace attraverso l&#8217;opera degli uomini. Ovvero chiama in causa il bisogno fattivo che gli uomini si rendano portatori di pace sottolineando la necessit\u00e0 della cristianit\u00e0: \u00ab&#8230; ogni fedele cristiano sull&#8217;esempio del Santo d\u2019Assisi su faccia egli stesso modello di santit\u00e0 di vita e testimone costante di pace\u00bb.&nbsp;<\/p>\n\n\n\n<p>Un richiamo forte che pone come centralit\u00e0 i popoli e quindi le civilt\u00e0 esortandoli a un cammino non solo di preghiera ma anche di tolleranza culturale. Credo che sia un monito indiscutibilmente imponente. Un anno giubilare appena concluso la Chiesa ha pensato bene ad aprire un&#8217;altra e nuova strada ricordando proprio San Francesco. &nbsp;Ricordare San Francesco significa aprire un modello di dialogo tra Oriente e Occidente, ovvero \u00abmetaforicamene\u00bb tra il Sultano e le Genti dell\u2019Occidente tanto per non dimenticare il viaggio stesso di Francesco in un contesto, quello medievale, si era in mezzo alle Crociate.&nbsp;<\/p>\n\n\n\n<p>L&#8217;uomo della spada dovrebbe deporla e ascoltare quell&#8217; \u00abalter Christus\u00bb che \u00e8 la conversione verso il bene oltre i mali dei conflitti. Un messaggio di sostanziale invito a richiamare l&#8217;amore come senso di una spiritualit\u00e0 profonda che sia essa laica o vissuta nel tempo del sacro.&nbsp;<\/p>\n\n\n\n<p>L&#8217;anno francescano infatti ha questo auspicio in cui si pone Assisi al centro di una dichiarazione di vita assoluta. Anche per questo l&#8217;anno in corso non \u00abcelebra\u00bb Francesco ma lo ricorda perch\u00e9 la morte non \u00e8 mai una celebrazione ma un ricordare trasmettendo esempi e testimonianze. &nbsp;Francesco \u00e8 un esempio e una testimonianza.&nbsp;<\/p>\n\n\n\n<p>Entrambi vissuti nel nome di una fraternit\u00e0 che ha visto il \u00abCantico delle Creature\u00bb come sigillo tra i popoli e quindi gli uomini e gli Stati. Il viaggio del Santo d\u2019Assisi \u00e8 una metafisica trasmessa con gli strumenti della Parola e del \u00abcomunicare\u00bb una esperienza d\u2019amore non solo come dono ma anche superamento della morte stessa.&nbsp;<\/p>\n\n\n\n<p>I conflitti portano alla morte. La Parola porta alla vita. Si tratta di uno schiarire le ambizioni &nbsp;e di comprendere che anche i poteri sono mortali. Un processo esistenziale e religioso chiaramente nel nome di Cristo.&nbsp;<\/p>\n\n\n\n<p>Il \u00abCantico delle Creature\u00bb non pu\u00f2 restare soltanto come la prima opera di letteratura in volgare. Ma bisogna cogliere I dettagli che invitano a guardare la Natura (intesa nel segno spirituale) come la vera metafisica delle civilt\u00e0 nella quale tutto deve ritrovare la sua armonia primordiale gi\u00e0 sottolineata nel 2023 con gli Ottocento anni della approvazione della Regola francescana e del Natale di Greccio. Successivamente delle stimmate nel &nbsp;2024 e nel 2025 del \u00abCantico delle Creature\u00bb.&nbsp;<\/p>\n\n\n\n<p>Il ricordo della morte di Francesco \u00e8 nella continuit\u00e0 di una dimensione spirituale che senza la visione esistenziale-storica non avrebbe un significato nella lettura, o se si vuole nella interpretazione, mistica e culturale dei popoli. \u00c8 su questo piano che Francesco per papa Leone XIV ci offre un modello di carit\u00e0 e di testimone della pace.<\/p>\n\n\n\n<p><\/p>\n","protected":false},"excerpt":{"rendered":"<p>Pierfranco Bruni\u00a0 Papa Leone XIV nel proclamare uno speciale Anno Giubilare nel nome di San Francesco d\u2019Assisi ha posto all&#8217;attenzione [&hellip;]<\/p>\n","protected":false},"author":1,"featured_media":0,"comment_status":"open","ping_status":"open","sticky":false,"template":"","format":"standard","meta":{"footnotes":""},"categories":[10,42],"tags":[],"class_list":["post-84775","post","type-post","status-publish","format-standard","hentry","category-italiano","category-religion"],"_links":{"self":[{"href":"https:\/\/www.ecoitaliano.com.ar\/index.php?rest_route=\/wp\/v2\/posts\/84775","targetHints":{"allow":["GET"]}}],"collection":[{"href":"https:\/\/www.ecoitaliano.com.ar\/index.php?rest_route=\/wp\/v2\/posts"}],"about":[{"href":"https:\/\/www.ecoitaliano.com.ar\/index.php?rest_route=\/wp\/v2\/types\/post"}],"author":[{"embeddable":true,"href":"https:\/\/www.ecoitaliano.com.ar\/index.php?rest_route=\/wp\/v2\/users\/1"}],"replies":[{"embeddable":true,"href":"https:\/\/www.ecoitaliano.com.ar\/index.php?rest_route=%2Fwp%2Fv2%2Fcomments&post=84775"}],"version-history":[{"count":1,"href":"https:\/\/www.ecoitaliano.com.ar\/index.php?rest_route=\/wp\/v2\/posts\/84775\/revisions"}],"predecessor-version":[{"id":84777,"href":"https:\/\/www.ecoitaliano.com.ar\/index.php?rest_route=\/wp\/v2\/posts\/84775\/revisions\/84777"}],"wp:attachment":[{"href":"https:\/\/www.ecoitaliano.com.ar\/index.php?rest_route=%2Fwp%2Fv2%2Fmedia&parent=84775"}],"wp:term":[{"taxonomy":"category","embeddable":true,"href":"https:\/\/www.ecoitaliano.com.ar\/index.php?rest_route=%2Fwp%2Fv2%2Fcategories&post=84775"},{"taxonomy":"post_tag","embeddable":true,"href":"https:\/\/www.ecoitaliano.com.ar\/index.php?rest_route=%2Fwp%2Fv2%2Ftags&post=84775"}],"curies":[{"name":"wp","href":"https:\/\/api.w.org\/{rel}","templated":true}]}}