{"id":84936,"date":"2026-01-21T12:48:32","date_gmt":"2026-01-21T12:48:32","guid":{"rendered":"https:\/\/www.ecoitaliano.com.ar\/?p=84936"},"modified":"2026-01-21T12:48:47","modified_gmt":"2026-01-21T12:48:47","slug":"piano-string-quintet-musiche-di-d-shostakovich-e-r-schumann-camerata-musicale-teatro-caniglia-sulmona-domenica-25-gennaio-ore-1730","status":"publish","type":"post","link":"https:\/\/www.ecoitaliano.com.ar\/?p=84936","title":{"rendered":"PIANO STRING QUINTET musiche di D.Shostakovich e R.Schumann &#8211; CAMERATA MUSICALE &#8211; TEATRO CANIGLIA SULMONA domenica 25 gennaio ore 17,30"},"content":{"rendered":"\n<figure class=\"wp-block-image\"><img decoding=\"async\" src=\"https:\/\/mail.google.com\/mail\/u\/3?ui=2&amp;ik=a91c2962d6&amp;attid=0.0.2&amp;permmsgid=msg-f:1854923099091488438&amp;th=19be02bb1703ceb6&amp;view=fimg&amp;fur=ip&amp;permmsgid=msg-f:1854923099091488438&amp;sz=s0-l75-ft&amp;attbid=ANGjdJ9lbYxPHEz7Gg40N5JbiX91K8kZV_2Nr2KTFmFOX5-Qmq8n3A6naQeNkwlrJNwx8Mn5yrDxh4D7vcRkYD-DNKYMQqMrE4TI4eva-UA-fKybUyBHCtreA-OWD2I&amp;disp=emb&amp;realattid=ii_mkn4anc72&amp;zw\" alt=\"QUintet.png\"\/><\/figure>\n\n\n\n<p><strong>Oleksandr Sem\u010duk&nbsp;<\/strong><em>violino<\/em><strong>&nbsp;&nbsp; Ksenia Milas&nbsp;<\/strong><em>violino<\/em><strong>&nbsp; Silvia Mazzon&nbsp;<\/strong><em>viola<\/em><strong>&nbsp;&nbsp;<\/strong><\/p>\n\n\n\n<p><strong>Giuliano De Angelis&nbsp;<\/strong><em>violoncello<\/em><strong>&nbsp;&nbsp; Gustav Sciacco Schantz&nbsp;<\/strong><em>pianoforte<\/em><strong>&nbsp;<\/strong><strong>&nbsp;<\/strong><\/p>\n\n\n\n<figure class=\"wp-block-image\"><img decoding=\"async\" src=\"https:\/\/mail.google.com\/mail\/u\/3?ui=2&amp;ik=a91c2962d6&amp;attid=0.0.1&amp;permmsgid=msg-f:1854923099091488438&amp;th=19be02bb1703ceb6&amp;view=fimg&amp;fur=ip&amp;permmsgid=msg-f:1854923099091488438&amp;sz=s0-l75-ft&amp;attbid=ANGjdJ9UVDWac0gq1cLku78yENLrVbvqmQ0ADCNvH6by4YjRhMYP-5lV1-QycvFb45H6MOds8qDfr0vKQUs4h4HyoHC45XcHA_JHMdYU5X9F8A1bWd5xeqdp6l9QYpE&amp;disp=emb&amp;realattid=ii_mkn40jkm0&amp;zw\" alt=\"image.png\"\/><\/figure>\n\n\n\n<p><strong>73a Stagione Musicale 2025-2026<\/strong><\/p>\n\n\n\n<p><strong>Direttore Artistico M\u00b0Gaetano Di Bacco<\/strong><strong>&nbsp;&nbsp;&nbsp;<\/strong><\/p>\n\n\n\n<p><strong>PIANO STRING QUINTET<\/strong><strong><em><\/em><\/strong><\/p>\n\n\n\n<p><strong>Oleksandr Sem\u010duk&nbsp;<\/strong><em>violino<\/em><strong>&nbsp;&nbsp; Ksenia Milas&nbsp;<\/strong><em>violino<\/em><strong>&nbsp; Silvia Mazzon&nbsp;<\/strong><em>viola<\/em><strong>&nbsp;&nbsp;<\/strong><\/p>\n\n\n\n<p><strong>Giuliano De Angelis&nbsp;<\/strong><em>violoncello<\/em><strong>&nbsp;&nbsp; Gustav Sciacco Schantz&nbsp;<\/strong><em>pianoforte<\/em><strong>&nbsp;<\/strong><strong>&nbsp;<\/strong><\/p>\n\n\n\n<p><strong>D.Shostakovich&nbsp;&nbsp;<\/strong><em>&nbsp;<\/em><strong>R.Schumann<\/strong><em>&nbsp;&nbsp; &nbsp;<\/em><\/p>\n\n\n\n<p><strong>domenica 25 gennaio 2026&nbsp; ore 17.30 &#8211; Teatro Comunale \u201cM.Caniglia\u201d Sulmona (AQ)<\/strong><\/p>\n\n\n\n<p>Ancora musica da camera sul palcoscenico del Teatro Caniglia di Sulmona per la Stagione della Camerata Musicale. Aspettando l\u2019Opera (L&#8217;Elisir d\u2019Amore 1 febbraio) domenica 25 gennaio alle ore 17,30 l\u2019appuntamento \u00e8 con una formazione d\u2019eccellenza, Piano String Quintet, considerata tra le pi\u00f9 interessanti oggi in Italia.&nbsp;Il Quintetto \u00e8 composto da cinque solisti di fama internazionale&nbsp;con una importante carriera solistica particolarmente apprezzati per la cantabilit\u00e0 e l&#8217;espressivit\u00e0 del loro fraseggio.&nbsp;&nbsp;Artisti di assoluto rilievo come i &nbsp;due violinisti, Oleksandr Semchuk ucraino &nbsp;e la russa Ksenia Milas, entrambi noti per la loro tecnica impeccabile e l\u2019intensa capacit\u00e0 interpretativa. Semchuk \u00e8 anche un affermato docente presso l\u2019Accademia di Imola.&nbsp; Con loro completano il quintetto la viola di Silvia Mazzon, musicista versatile e premiata in importanti concorsi, al violoncello&nbsp; Giuliano De Angelis, solista con una carriera internazionale e raffinato interprete cameristico. Infine il pianista svedese Gustav Sciacco Schantz, noto per la sua cultura musicale e la padronanza tecnica. I cinque musicisti formano &nbsp;un ensemble che si distingue per il perfetto equilibrio sonoro e coesione artistica.<\/p>\n\n\n\n<p>Il programma proposto da Piano String Quartet a Sulmona \u00e8 un viaggio emozionante tra due pietre miliari della musica da camera per pianoforte e archi, toccando due epoche fondamentali della storia musicale: il Romanticismo e il Novecento. Eseguiranno infatti i Quintetti di \u0160ostakovi\u010d e Schumann.&nbsp;<\/p>\n\n\n\n<p>Capolavoro romantico il&nbsp;&nbsp;Quintetto per pianoforte e archi&nbsp;in mi bemolle maggiore op. 44 &nbsp;di Robert Schumann&nbsp;&nbsp;fu composto &nbsp;fra il settembre e l&#8217;ottobre del 1842.&nbsp;Si tratta della pi\u00f9 popolare fra le composizioni da camera dell\u2019 autore&nbsp;tedesco.&nbsp; Alcuni brani sono stati utilizzati&nbsp; dal regista francese Benoit Jacquot&nbsp; per la colonna sonora del film del 2002 \u201cAdolphe\u201d dal romanzo di Benjamin Constant.&nbsp;&nbsp;L\u2019opera fu eseguita per la prima volta l&#8217;8 gennaio 1843 &nbsp;dall\u2019orchestra d\u2019archi di Lipsia e al pianoforte la moglie Clara Schumann a cui l\u2019opera era dedicata e che dopo il concerto annot\u00f2 sul diario che le era sembrata&nbsp; \u201cestremamente brillante ed efficace\u201d.<\/p>\n\n\n\n<p>Anche il&nbsp;Quintetto per pianoforte e archi in sol minore opera 57 di Dimitri Shostakovic, della durata di poco pi\u00f9 di 30 minuti, &nbsp;\u00e8 una delle sue composizioni da camera pi\u00f9 conosciute. Il musicista russo inizi\u00f2 a comporlo nell&#8217;estate del 1940 e la sua prima esecuzione con un quartetto d\u2019archi e con lo stesso \u0160ostakovi\u010d al pianoforte, ebbe luogo a fine novembre&nbsp;al Conservatorio di Mosca con grande successo tanto da aggiudicarsi il Premio Stalin di 100mila rubli. La recensione pubblicata sulla Pravda parla di una musica \u201c liricamente lucida, umana e semplice\u201d.<\/p>\n\n\n\n<p id=\"m_6748221328861179088m_-4981394896081212769gmail-mwGg\">&nbsp;<\/p>\n\n\n\n<p><strong>Oleksandr Semchuk&nbsp;<\/strong>ha iniziato gli studi di violino all\u2019et\u00e0 di 4 anni &nbsp;e a soli 8 anni ha tenuto il suo primo concerto da solista con orchestra, segnando l\u2019inizio di una carriera straordinaria. Dal 2002 vive in Italia dove a una brillante attivit\u00e0 come interprete affianca&nbsp; quella come docente, prima alla Scuola di Musica di Fiesole e all&#8217;Accademia Musicale di Firenze e, successivamente, Responsabile del Dipartimento Archi presso l\u2019Accademia Internazionale \u00abIncontri col Maestro\u00bb di Imola, tra le istituzioni musicali pi\u00f9 prestigiose in Italia.<strong><\/strong><\/p>\n\n\n\n<p>La violinista russa&nbsp;<strong>Ksenia Milas<\/strong>, in Italia da oltre 10 anni, si esibisce come solista a livello internazionale e ha inciso CD con opere di Ysa\u00ffe e Paganini. Ha vinto molti importanti concorsi e collaborato con celebri direttori e musicisti. La caratterizza il saper unire &nbsp;tecnica impeccabile e profondit\u00e0 espressiva, affermandosi tra le migliori della sua generazione.<strong><\/strong><\/p>\n\n\n\n<p><strong>Silvia Mazzon<\/strong>&nbsp;come violinista e violista si \u00e8 formata con grandi maestri specializzandosi al Conservatorium Van Amsterdam. Come solista e camerista ha suonato con orchestre importanti e &nbsp;collaborato con &nbsp;musicisti prestigiosi. Fondatrice del Pathos Ensemble per cui&nbsp; realizza progetti dal 2016, \u00e8 docente di violino al Conservatorio di Reggio Emilia e ha registrato CD dedicati a Brahms e Franchetti.<\/p>\n\n\n\n<p>Virtuosismo e sensibilit\u00e0 artistica<strong>&nbsp;<\/strong>caratterizzano il violoncellista&nbsp;<strong>Giuliano De Angelis<\/strong>&nbsp;che si esibisce come solista e camerista in prestigiosi festival e con orchestre internazionali. Ha collaborato con celebri direttori e musicisti, tenuto masterclass negli USA ed ha registrato per importanti etichette. &nbsp;<\/p>\n\n\n\n<p>Di origini svedesi e italianeilpianista<strong>&nbsp;Gustav Sciacco Schantz<\/strong>&nbsp;ha debuttato a 19 anni con il Concerto per pianoforte di Ravel a Helsinki. Vincitore di concorsi internazionali in Svezia, Russia, Italia e Finlandia, &nbsp;prestigiose borse di studio lo hanno sostenuto nel suo percorso artistico. Cresciuto in una famiglia di musicisti, ha iniziato lo studio del pianoforte alla Lilla Akademien di Stoccolma, e perfezionato alla Sibelius Academy, all\u2019Universit\u00e4t der K\u00fcnste di Berlino, al Royal College of Music di Stoccolma e al Conservatorio \u201cArrigo Boito\u201d di Parma.<\/p>\n\n\n\n<p><strong><em>Programma<\/em><\/strong><\/p>\n\n\n\n<p><strong>&nbsp;D.Shostakovich&nbsp;&nbsp;&nbsp;&nbsp;<\/strong><em>Quintetto per pianoforte e archi in sol min. op. 57<\/em><\/p>\n\n\n\n<p><strong>R. Schumann<\/strong><em>&nbsp;&nbsp; &nbsp;Quintetto per pianoforte e archi in mib magg. op. 44<\/em><\/p>\n\n\n\n<p><strong>PROSSIMO APPUNTAMENTO<\/strong><\/p>\n\n\n\n<p><strong>L\u2019 ELI<\/strong><strong>SIR D\u2019AMO<\/strong><strong>RE<\/strong><strong>&nbsp;<\/strong><\/p>\n\n\n\n<p><strong>Di Gaetano Donizetti<\/strong><\/p>\n\n\n\n<p><strong>Biglietti:&nbsp; \u20ac &nbsp;15 &#8211; 5<\/strong><\/p>\n\n\n\n<p><strong>&nbsp; &nbsp; &nbsp; &nbsp;per la sottoscrizione 5Xmille Info:0864 212207 &nbsp;&nbsp;&nbsp;&nbsp;&nbsp;&nbsp;&nbsp;&nbsp;&nbsp;&nbsp;&nbsp;&nbsp;&nbsp;&nbsp;&nbsp;&nbsp;&nbsp;&nbsp;&nbsp;&nbsp;&nbsp;&nbsp;&nbsp;<\/strong><\/p>\n\n\n\n<p><strong><a href=\"http:\/\/www.cameratamusicalesulmonese.it\/\" target=\"_blank\" rel=\"noreferrer noopener\">www.cameratamusicalesulmonese.it<\/a><\/strong><\/p>\n\n\n\n<p><strong>&nbsp;camusic<\/strong><strong>@<\/strong><strong><a href=\"http:\/\/libero.it\/\" target=\"_blank\" rel=\"noreferrer noopener\">libero.it<\/a><\/strong><\/p>\n\n\n\n<p><strong>Ufficio Stampa<\/strong><strong><\/strong><\/p>\n\n\n\n<p><strong>Fiorentina Galterio<\/strong><strong><\/strong><\/p>\n\n\n\n<p><strong>Tel\/wapp 349 7031924<\/strong><\/p>\n\n\n\n<p><a href=\"mailto:stampacameratamusic@gmail.com\" target=\"_blank\" rel=\"noreferrer noopener\"><strong>stampacameratamusic<\/strong><strong>@g<\/strong><strong>mail.com<\/strong><\/a><\/p>\n\n\n\n<p><\/p>\n","protected":false},"excerpt":{"rendered":"<p>Oleksandr Sem\u010duk&nbsp;violino&nbsp;&nbsp; Ksenia Milas&nbsp;violino&nbsp; Silvia Mazzon&nbsp;viola&nbsp;&nbsp; Giuliano De Angelis&nbsp;violoncello&nbsp;&nbsp; Gustav Sciacco Schantz&nbsp;pianoforte&nbsp;&nbsp; 73a Stagione Musicale 2025-2026 Direttore Artistico M\u00b0Gaetano Di [&hellip;]<\/p>\n","protected":false},"author":1,"featured_media":0,"comment_status":"open","ping_status":"open","sticky":false,"template":"","format":"standard","meta":{"footnotes":""},"categories":[2,10,1],"tags":[],"class_list":["post-84936","post","type-post","status-publish","format-standard","hentry","category-informacion","category-italiano","category-sin-categoria"],"_links":{"self":[{"href":"https:\/\/www.ecoitaliano.com.ar\/index.php?rest_route=\/wp\/v2\/posts\/84936","targetHints":{"allow":["GET"]}}],"collection":[{"href":"https:\/\/www.ecoitaliano.com.ar\/index.php?rest_route=\/wp\/v2\/posts"}],"about":[{"href":"https:\/\/www.ecoitaliano.com.ar\/index.php?rest_route=\/wp\/v2\/types\/post"}],"author":[{"embeddable":true,"href":"https:\/\/www.ecoitaliano.com.ar\/index.php?rest_route=\/wp\/v2\/users\/1"}],"replies":[{"embeddable":true,"href":"https:\/\/www.ecoitaliano.com.ar\/index.php?rest_route=%2Fwp%2Fv2%2Fcomments&post=84936"}],"version-history":[{"count":1,"href":"https:\/\/www.ecoitaliano.com.ar\/index.php?rest_route=\/wp\/v2\/posts\/84936\/revisions"}],"predecessor-version":[{"id":84937,"href":"https:\/\/www.ecoitaliano.com.ar\/index.php?rest_route=\/wp\/v2\/posts\/84936\/revisions\/84937"}],"wp:attachment":[{"href":"https:\/\/www.ecoitaliano.com.ar\/index.php?rest_route=%2Fwp%2Fv2%2Fmedia&parent=84936"}],"wp:term":[{"taxonomy":"category","embeddable":true,"href":"https:\/\/www.ecoitaliano.com.ar\/index.php?rest_route=%2Fwp%2Fv2%2Fcategories&post=84936"},{"taxonomy":"post_tag","embeddable":true,"href":"https:\/\/www.ecoitaliano.com.ar\/index.php?rest_route=%2Fwp%2Fv2%2Ftags&post=84936"}],"curies":[{"name":"wp","href":"https:\/\/api.w.org\/{rel}","templated":true}]}}