{"id":84938,"date":"2026-01-21T12:56:12","date_gmt":"2026-01-21T12:56:12","guid":{"rendered":"https:\/\/www.ecoitaliano.com.ar\/?p=84938"},"modified":"2026-01-21T12:56:27","modified_gmt":"2026-01-21T12:56:27","slug":"17-companias-participaran-en-la-quinta-edicion-del-met-madryn-escena-teatral-con-mas-de-55-actividades","status":"publish","type":"post","link":"https:\/\/www.ecoitaliano.com.ar\/?p=84938","title":{"rendered":"17 compa\u00f1\u00edas participar\u00e1n en la Quinta Edici\u00f3n del MET- Madryn Escena Teatral con m\u00e1s de 55 actividades"},"content":{"rendered":"\n<p><br><em><u><strong>Del 22 de enero al 1 de febrero<\/strong><\/u><\/em><\/p>\n\n\n\n<figure class=\"wp-block-gallery has-nested-images columns-default is-cropped wp-block-gallery-1 is-layout-flex wp-block-gallery-is-layout-flex\">\n<figure class=\"wp-block-image size-large\"><a href=\"https:\/\/www.ecoitaliano.com.ar\/wp-content\/uploads\/2026\/01\/bravia-2-copia.avif\"><img decoding=\"async\" width=\"835\" height=\"723\" data-id=\"84939\" src=\"https:\/\/www.ecoitaliano.com.ar\/wp-content\/uploads\/2026\/01\/bravia-2-copia.avif\" alt=\"\" class=\"wp-image-84939\" srcset=\"https:\/\/www.ecoitaliano.com.ar\/wp-content\/uploads\/2026\/01\/bravia-2-copia.avif 835w, https:\/\/www.ecoitaliano.com.ar\/wp-content\/uploads\/2026\/01\/bravia-2-copia-300x260.avif 300w, https:\/\/www.ecoitaliano.com.ar\/wp-content\/uploads\/2026\/01\/bravia-2-copia-768x665.avif 768w, https:\/\/www.ecoitaliano.com.ar\/wp-content\/uploads\/2026\/01\/bravia-2-copia-150x130.avif 150w\" sizes=\"(max-width: 835px) 100vw, 835px\" \/><\/a><\/figure>\n\n\n\n<figure class=\"wp-block-image size-large\"><a href=\"https:\/\/www.ecoitaliano.com.ar\/wp-content\/uploads\/2026\/01\/LA-MARGEN-3.jpg\"><img decoding=\"async\" width=\"682\" height=\"1024\" data-id=\"84940\" src=\"https:\/\/www.ecoitaliano.com.ar\/wp-content\/uploads\/2026\/01\/LA-MARGEN-3-682x1024.jpg\" alt=\"\" class=\"wp-image-84940\" srcset=\"https:\/\/www.ecoitaliano.com.ar\/wp-content\/uploads\/2026\/01\/LA-MARGEN-3-682x1024.jpg 682w, https:\/\/www.ecoitaliano.com.ar\/wp-content\/uploads\/2026\/01\/LA-MARGEN-3-200x300.jpg 200w, https:\/\/www.ecoitaliano.com.ar\/wp-content\/uploads\/2026\/01\/LA-MARGEN-3-768x1153.jpg 768w, https:\/\/www.ecoitaliano.com.ar\/wp-content\/uploads\/2026\/01\/LA-MARGEN-3-1023x1536.jpg 1023w, https:\/\/www.ecoitaliano.com.ar\/wp-content\/uploads\/2026\/01\/LA-MARGEN-3-100x150.jpg 100w, https:\/\/www.ecoitaliano.com.ar\/wp-content\/uploads\/2026\/01\/LA-MARGEN-3.jpg 1066w\" sizes=\"(max-width: 682px) 100vw, 682px\" \/><\/a><\/figure>\n<\/figure>\n\n\n\n<figure class=\"wp-block-gallery has-nested-images columns-default is-cropped wp-block-gallery-2 is-layout-flex wp-block-gallery-is-layout-flex\">\n<figure class=\"wp-block-image size-large\"><a href=\"https:\/\/www.ecoitaliano.com.ar\/wp-content\/uploads\/2026\/01\/UBU.jpg\"><img decoding=\"async\" width=\"1024\" height=\"683\" data-id=\"84941\" src=\"https:\/\/www.ecoitaliano.com.ar\/wp-content\/uploads\/2026\/01\/UBU.jpg\" alt=\"\" class=\"wp-image-84941\" srcset=\"https:\/\/www.ecoitaliano.com.ar\/wp-content\/uploads\/2026\/01\/UBU.jpg 1024w, https:\/\/www.ecoitaliano.com.ar\/wp-content\/uploads\/2026\/01\/UBU-300x200.jpg 300w, https:\/\/www.ecoitaliano.com.ar\/wp-content\/uploads\/2026\/01\/UBU-768x512.jpg 768w, https:\/\/www.ecoitaliano.com.ar\/wp-content\/uploads\/2026\/01\/UBU-150x100.jpg 150w\" sizes=\"(max-width: 1024px) 100vw, 1024px\" \/><\/a><\/figure>\n\n\n\n<figure class=\"wp-block-image size-large\"><a href=\"https:\/\/www.ecoitaliano.com.ar\/wp-content\/uploads\/2026\/01\/Precisos-Indecisos-1-2-rotated.jpg\"><img decoding=\"async\" width=\"1024\" height=\"768\" data-id=\"84942\" src=\"https:\/\/www.ecoitaliano.com.ar\/wp-content\/uploads\/2026\/01\/Precisos-Indecisos-1-2-1024x768.jpg\" alt=\"\" class=\"wp-image-84942\" srcset=\"https:\/\/www.ecoitaliano.com.ar\/wp-content\/uploads\/2026\/01\/Precisos-Indecisos-1-2-1024x768.jpg 1024w, https:\/\/www.ecoitaliano.com.ar\/wp-content\/uploads\/2026\/01\/Precisos-Indecisos-1-2-300x225.jpg 300w, https:\/\/www.ecoitaliano.com.ar\/wp-content\/uploads\/2026\/01\/Precisos-Indecisos-1-2-768x576.jpg 768w, https:\/\/www.ecoitaliano.com.ar\/wp-content\/uploads\/2026\/01\/Precisos-Indecisos-1-2-1536x1152.jpg 1536w, https:\/\/www.ecoitaliano.com.ar\/wp-content\/uploads\/2026\/01\/Precisos-Indecisos-1-2-2048x1536.jpg 2048w, https:\/\/www.ecoitaliano.com.ar\/wp-content\/uploads\/2026\/01\/Precisos-Indecisos-1-2-150x113.jpg 150w\" sizes=\"(max-width: 1024px) 100vw, 1024px\" \/><\/a><\/figure>\n\n\n\n<figure class=\"wp-block-image size-large\"><a href=\"https:\/\/www.ecoitaliano.com.ar\/wp-content\/uploads\/2026\/01\/la-sonadora.jpeg\"><img decoding=\"async\" width=\"563\" height=\"1024\" data-id=\"84944\" src=\"https:\/\/www.ecoitaliano.com.ar\/wp-content\/uploads\/2026\/01\/la-sonadora-563x1024.jpeg\" alt=\"\" class=\"wp-image-84944\" srcset=\"https:\/\/www.ecoitaliano.com.ar\/wp-content\/uploads\/2026\/01\/la-sonadora-563x1024.jpeg 563w, https:\/\/www.ecoitaliano.com.ar\/wp-content\/uploads\/2026\/01\/la-sonadora-165x300.jpeg 165w, https:\/\/www.ecoitaliano.com.ar\/wp-content\/uploads\/2026\/01\/la-sonadora-83x150.jpeg 83w, https:\/\/www.ecoitaliano.com.ar\/wp-content\/uploads\/2026\/01\/la-sonadora.jpeg 704w\" sizes=\"(max-width: 563px) 100vw, 563px\" \/><\/a><\/figure>\n<\/figure>\n\n\n<div class=\"wp-block-image\">\n<figure class=\"aligncenter size-large is-resized\"><a href=\"http:\/\/www.ecoitaliano.com.ar\/wp-content\/uploads\/2026\/01\/MET_ISO_Quinta-edicion_Mesa-de-trabajo-1.png\"><img decoding=\"async\" width=\"1024\" height=\"1024\" src=\"http:\/\/www.ecoitaliano.com.ar\/wp-content\/uploads\/2026\/01\/MET_ISO_Quinta-edicion_Mesa-de-trabajo-1-1024x1024.png\" alt=\"\" class=\"wp-image-84943\" style=\"width:175px;height:auto\" srcset=\"https:\/\/www.ecoitaliano.com.ar\/wp-content\/uploads\/2026\/01\/MET_ISO_Quinta-edicion_Mesa-de-trabajo-1-1024x1024.png 1024w, https:\/\/www.ecoitaliano.com.ar\/wp-content\/uploads\/2026\/01\/MET_ISO_Quinta-edicion_Mesa-de-trabajo-1-300x300.png 300w, https:\/\/www.ecoitaliano.com.ar\/wp-content\/uploads\/2026\/01\/MET_ISO_Quinta-edicion_Mesa-de-trabajo-1-150x150.png 150w, https:\/\/www.ecoitaliano.com.ar\/wp-content\/uploads\/2026\/01\/MET_ISO_Quinta-edicion_Mesa-de-trabajo-1-768x768.png 768w, https:\/\/www.ecoitaliano.com.ar\/wp-content\/uploads\/2026\/01\/MET_ISO_Quinta-edicion_Mesa-de-trabajo-1-1536x1536.png 1536w, https:\/\/www.ecoitaliano.com.ar\/wp-content\/uploads\/2026\/01\/MET_ISO_Quinta-edicion_Mesa-de-trabajo-1-2048x2048.png 2048w\" sizes=\"(max-width: 1024px) 100vw, 1024px\" \/><\/a><\/figure><\/div>\n\n\n<p><em>Llega la quinta edici\u00f3n del Festival Internacional MET \u2013 Madryn Escena Teatral<\/em><\/p>\n\n\n\n<p>Por quinto a\u00f1o consecutivo se realiza el MET \u2013 Madryn Escena Teatral, un festival internacional ya consolidado en la agenda cultural de la comarca patag\u00f3nica. Producido por la compa\u00f1\u00eda chubutense Teatro del Infinito junto a la Fundaci\u00f3n Cultural y Educativa del Infinito, el MET promueve el desarrollo de las artes esc\u00e9nicas como espacio de expresi\u00f3n, comunicaci\u00f3n y encuentro, entendiendo al teatro como una herramienta fundamental de integraci\u00f3n cultural y construcci\u00f3n colectiva.<\/p>\n\n\n\n<p>La quinta edici\u00f3n del festival tiene sede en la ciudad de Puerto Madryn, Chubut, y contar\u00e1 con la participaci\u00f3n de 17 compa\u00f1\u00edas internacionales, nacionales y de la provincia, que llevar\u00e1n adelante m\u00e1s de 55 actividades. La programaci\u00f3n propone una amplia diversidad de est\u00e9ticas y lenguajes esc\u00e9nicos, generando un espacio de di\u00e1logo entre artistas y fortaleciendo el acceso del p\u00fablico a propuestas culturales de calidad.<\/p>\n\n\n\n<p>Todos los d\u00edas, a partir de las 19 h, se realizar\u00e1n espect\u00e1culos, intervenciones y actividades art\u00edsticas en el Monumento a la Mujer Galesa. Adem\u00e1s, el festival se desplegar\u00e1 en distintos espacios culturales de la ciudad, como el Teatro de la Rosada, Teatro El Entusiasmo, Teatro del Muelle y el Cine Teatro Auditorium, reafirmando la idea de una ciudad que se convierte en escenario y punto de encuentro entre el arte y la comunidad. En paralelo, se presentar\u00e1n dos muestras de artes visuales en la Casa de la Cultura y en el Hall del Teatro del Muelle.<\/p>\n\n\n\n<p>El Festival Internacional MET fue declarado de Inter\u00e9s Cultural por la Subsecretar\u00eda de Cultura y la Secretar\u00eda de Gobierno de la Provincia del Chubut, reconocimiento entregado formalmente el pasado 14 de enero, en valor de su aporte al desarrollo cultural y social de la comunidad.<\/p>\n\n\n\n<p>Para conocer la programaci\u00f3n completa, sinopsis de los espect\u00e1culos, d\u00edas, horarios, sedes e inscribirse en los talleres, se puede ingresar a <a href=\"http:\/\/www.patagoniacultural.com.ar\/\">www.patagoniacultural.com.ar<\/a>, al Instagram @teatrodelinfinito o a la fanpage Madryn Escena Teatral.<\/p>\n\n\n\n<p>El festival cuenta con el acompa\u00f1amiento del Instituto Nacional del Teatro, British Council, la Subsecretar\u00eda de Cultura de la Provincia del Chubut, la Municipalidad de Puerto Madryn, Aluar, Ente Mixto, Cultura Puerto Madryn e INFA.<\/p>\n\n\n\n<p>Otro formato de nota:<\/p>\n\n\n\n<p>Por quinto a\u00f1o consecutivo se realiza el MET \u2013 Madryn Escena Teatral, un festival internacional ya consolidado dentro de la agenda cultural de la comarca patag\u00f3nica. Producido por la compa\u00f1\u00eda chubutense Teatro del Infinito junto a la Fundaci\u00f3n Cultural y Educativa del Infinito, el MET tiene como objetivo promover el desarrollo de las artes esc\u00e9nicas como espacio de expresi\u00f3n, comunicaci\u00f3n y encuentro, entendiendo al teatro como una herramienta fundamental para la integraci\u00f3n cultural y la construcci\u00f3n colectiva.<\/p>\n\n\n\n<p>Desde su programaci\u00f3n, el festival propone una diversidad de est\u00e9ticas y lenguajes esc\u00e9nicos, generando un f\u00e9rtil espacio de di\u00e1logo entre artistas locales, nacionales e internacionales, y fortaleciendo el acceso del p\u00fablico a propuestas culturales de calidad. En este sentido, el MET sostiene una mirada clara sobre la democratizaci\u00f3n de la cultura, impulsando el acceso amplio, la participaci\u00f3n comunitaria y el derecho de todas las personas a disfrutar y producir hechos art\u00edsticos.<\/p>\n\n\n\n<p>La quinta edici\u00f3n de Madryn Escena Teatral tiene sede en la ciudad de Puerto Madryn, Chubut. En esta oportunidad participan 17 compa\u00f1\u00edas \u2014internacionales, nacionales y de la provincia\u2014 que llevar\u00e1n adelante m\u00e1s de 55 actividades. Cada d\u00eda, a partir de las 19 h, se desarrollar\u00e1n espect\u00e1culos, intervenciones y diversas acciones art\u00edsticas en el Monumento a la Mujer Galesa. Asimismo, las actividades se extender\u00e1n a distintos espacios culturales de la ciudad, como el Teatro de la Rosada, Teatro El Entusiasmo, Teatro del Muelle y el Cine Teatro Auditorium, reafirmando la idea de una ciudad que se convierte en escenario y punto de encuentro para el arte y la comunidad. Adem\u00e1s, se presentar\u00e1n dos muestras de artes visuales en la Casa de la Cultura y en el Hall del Teatro del Muelle.<\/p>\n\n\n\n<p>El Festival Internacional MET fue declarado de Inter\u00e9s Cultural por la Subsecretar\u00eda de Cultura y la Secretar\u00eda de Gobierno de la Provincia del Chubut, reconocimiento entregado formalmente el pasado 14 de enero, destacando su valioso aporte al desarrollo cultural y social de la comunidad.<\/p>\n\n\n\n<p>Para m\u00e1s informaci\u00f3n sobre cada espect\u00e1culo \u2014sinopsis, d\u00eda, horario y lugar\u2014 y para inscribirse en los talleres, se puede ingresar a <a href=\"http:\/\/www.patagoniacultural.com.ar\/\"><u>www.patagoniacultural.com.ar<\/u><\/a>, al Instagram @teatrodelinfinito o a la fanpage Madryn Escena Teatral.<\/p>\n\n\n\n<p><a><\/a> Este evento es posible gracias al acompa\u00f1amiento de diversas instituciones: Instituto Nacional del Teatro, British Council, Subsecretar\u00eda de Cultura de la Provincia del Chubut, Municipalidad de Puerto Madryn, Aluar, Ente Mixto, Cultura Puerto Madryn e INFA.<\/p>\n\n\n\n<p><\/p>\n","protected":false},"excerpt":{"rendered":"<p>Del 22 de enero al 1 de febrero Llega la quinta edici\u00f3n del Festival Internacional MET \u2013 Madryn Escena Teatral [&hellip;]<\/p>\n","protected":false},"author":1,"featured_media":0,"comment_status":"open","ping_status":"open","sticky":false,"template":"","format":"standard","meta":{"footnotes":""},"categories":[2,10],"tags":[],"class_list":["post-84938","post","type-post","status-publish","format-standard","hentry","category-informacion","category-italiano"],"_links":{"self":[{"href":"https:\/\/www.ecoitaliano.com.ar\/index.php?rest_route=\/wp\/v2\/posts\/84938","targetHints":{"allow":["GET"]}}],"collection":[{"href":"https:\/\/www.ecoitaliano.com.ar\/index.php?rest_route=\/wp\/v2\/posts"}],"about":[{"href":"https:\/\/www.ecoitaliano.com.ar\/index.php?rest_route=\/wp\/v2\/types\/post"}],"author":[{"embeddable":true,"href":"https:\/\/www.ecoitaliano.com.ar\/index.php?rest_route=\/wp\/v2\/users\/1"}],"replies":[{"embeddable":true,"href":"https:\/\/www.ecoitaliano.com.ar\/index.php?rest_route=%2Fwp%2Fv2%2Fcomments&post=84938"}],"version-history":[{"count":1,"href":"https:\/\/www.ecoitaliano.com.ar\/index.php?rest_route=\/wp\/v2\/posts\/84938\/revisions"}],"predecessor-version":[{"id":84945,"href":"https:\/\/www.ecoitaliano.com.ar\/index.php?rest_route=\/wp\/v2\/posts\/84938\/revisions\/84945"}],"wp:attachment":[{"href":"https:\/\/www.ecoitaliano.com.ar\/index.php?rest_route=%2Fwp%2Fv2%2Fmedia&parent=84938"}],"wp:term":[{"taxonomy":"category","embeddable":true,"href":"https:\/\/www.ecoitaliano.com.ar\/index.php?rest_route=%2Fwp%2Fv2%2Fcategories&post=84938"},{"taxonomy":"post_tag","embeddable":true,"href":"https:\/\/www.ecoitaliano.com.ar\/index.php?rest_route=%2Fwp%2Fv2%2Ftags&post=84938"}],"curies":[{"name":"wp","href":"https:\/\/api.w.org\/{rel}","templated":true}]}}