{"id":84995,"date":"2026-01-22T01:26:48","date_gmt":"2026-01-22T01:26:48","guid":{"rendered":"https:\/\/www.ecoitaliano.com.ar\/?p=84995"},"modified":"2026-01-22T01:26:48","modified_gmt":"2026-01-22T01:26:48","slug":"serena-conduce-operaclassica-eco-italiano-4919","status":"publish","type":"post","link":"https:\/\/www.ecoitaliano.com.ar\/?p=84995","title":{"rendered":"Serena conduce operaclassica eco italiano"},"content":{"rendered":"<div class=\"wp-block-image\">\n<figure class=\"aligncenter size-full\"><a href=\"https:\/\/www.ecoitaliano.com.ar\/wp-content\/uploads\/2026\/01\/image-34.png\"><img decoding=\"async\" width=\"300\" height=\"97\" src=\"https:\/\/www.ecoitaliano.com.ar\/wp-content\/uploads\/2026\/01\/image-34.png\" alt=\"\" class=\"wp-image-84996\" srcset=\"https:\/\/www.ecoitaliano.com.ar\/wp-content\/uploads\/2026\/01\/image-34.png 300w, https:\/\/www.ecoitaliano.com.ar\/wp-content\/uploads\/2026\/01\/image-34-150x49.png 150w\" sizes=\"(max-width: 300px) 100vw, 300px\" \/><\/a><\/figure><\/div>\n\n\n<figure class=\"wp-block-table\"><table class=\"has-fixed-layout\"><tbody><tr><td><strong>COMUNICATO STAMPA<\/strong>\u00a0<strong><em>FABBRICA OFFENBACH:\u00a0<\/em>IL MAGICO MONDO DELL\u2019OPERETTA<\/strong><strong>PER LA PRIMA VOLTA\u00a0\u00a0<\/strong><strong>AL TEATRO NAZIONALE<\/strong>\u00a0<strong>Il 22 e 23 gennaio i giovani artisti di Fabbrica ne\u00a0<em>La Chatte m\u00e9tamorphos\u00e9e en femme<\/em>\u00a0e\u00a0<em>Un mari \u00e0 la porte e\u00a0\u00a0<\/em>di Jacques Offenbach<\/strong>\u00a0\u00a0Il\u00a0<strong>Teatro dell\u2019Opera di Roma<\/strong>\u00a0porta, per la prima volta al<strong>\u00a0Teatro Nazionale,<\/strong>\u00a0il maestro dell&#8217;operetta\u00a0<strong>Jacques Offenbach<\/strong>. Con\u00a0<em><strong>Fabbrica Offenbach<\/strong><\/em>\u00a0il\u00a0<strong>22\u00a0<\/strong>e<strong>\u00a023 gennaio<\/strong>\u00a0in scena due titoli in un\u00a0<strong>nuovo allestimento<\/strong>:\u00a0<em>Un mari \u00e0 la porte e La Chatte m\u00e9tamorphos\u00e9e en femme<strong>\u00a0<\/strong><\/em>affidati agli artisti di\u00a0<strong><em>Fabbrica \u2013 Young Artist Program<\/em><\/strong>, il percorso sostenuto da Banca del Fucino, che dal 2016 il Teatro dedica alla formazione di cantanti, maestri collaboratori, registi, scenografi, costumisti e lighting designer. Offenbach torna in una produzione del lirico capitolino a distanza di trent\u2019anni, dopo il Festival\u00a0<em>Jacques Offenbach e il Secondo Impero<\/em>, ospitato al Teatro Brancaccio nella stagione 1994-95, sotto la direzione di\u00a0Peter Maag.\u00a0\u00a0Composta nel 1858,\u00a0<em>La Chatte m\u00e9tamorphos\u00e9e en femme<\/em>\u00a0(<em>Il gatto trasformato in donna<\/em>) tratta da una favola di La Fontaine, a sua volta ispirata a\u00a0<em>La gatta Afrodite<\/em>\u00a0di Esopo, ha come protagonista il giovane Guido, innamorato della propria gatta Minette, trasformata da un&#8217;incantesimo in una ragazza in carne e ossa. La metamorfosi d\u00e0 origine a una serie di situazioni comiche. Offenbach crea qui uno dei suoi esempi pi\u00f9 riusciti di \u201coperetta fantastica\u201d, dove l\u2019elemento fiabesco si intreccia al gusto per il paradosso.\u00a0Scritta nel 1859,\u00a0<em>Un mari \u00e0 la porte<\/em>\u00a0(<em>Un marito alla porta<\/em>) \u00e8 una brillante operetta in un atto costruita con ritmo serrato sulle disavventure di Florestan, compositore in fuga dai creditori che piomba nella stanza della giovane Suzanne la notte delle sue nozze. La sua improvvisa apparizione provoca una catena di incomprensioni, goffi tentativi di nascondersi e colpi di scena che coinvolgono la sposa, l\u2019amica Rosita e il marito geloso. Offenbach gioca con precisione teatrale sulle dinamiche del vaudeville, alternando arie spiritose, duetti vivaci e momenti di irresistibile comicit\u00e0.\u00a0La versione musicale per due pianoforti \u00e8 curata da\u00a0<strong>Giorgio Gori<\/strong>\u00a0e affidata ai maestri collaboratori\u00a0<strong>Elettra Aurora Pomponio<\/strong>\u00a0e\u00a0<strong>Maki Hamada<\/strong>. Firma la regia\u00a0<strong>Kamila Straszynska<\/strong>.<strong>\u00a0<\/strong>Formatasi all\u2019Accademia \u201cAleksander Zelwerowicz\u201d di Varsavia, al DAMS di Bologna e all\u2019Accademia \u201cSilvio d\u2019Amico\u201d di Roma, nel 2018 ha curato a Roma il ciclo di letture performative sulla drammaturgia polacca\u00a0<em>In Polonia vale a dire da nessuna parte?<\/em>\u00a0in collaborazione con l\u2019Istituto Polacco e il Teatro di Roma. Dal 2019 cura spettacoli di prosa in teatri di Roma, Varsavia e Lima, dal 2023 realizza per la Filarmonica Nazionale di Varsavia spettacoli musicali per bambini e collabora con PAV per\u00a0<em>Fabulamundi<\/em>. Il nuovo allestimento del Teatro dell&#8217;Opera di Roma vede le scene di\u00a0<strong>Sofia Sciamanna,<\/strong>\u00a0i costumi di\u00a0<strong>Virginia Blini<\/strong>\u00a0e le luci di<strong>\u00a0Zofia Pinkiewicz<\/strong>. Interpreti delle due operette le cantanti\u00a0<strong>Jessica Ricci<\/strong>\u00a0e<strong>\u00a0Sofia Barbashova\u00a0<\/strong>(soprani),<strong>\u00a0<\/strong><strong>Maria Elena Pepi\u00a0<\/strong>e<strong>\u00a0Irene Zas Martinez\u00a0<\/strong>(mezzosoprani), i cantanti<strong>\u00a0Guangwei Yao\u00a0<\/strong>e<strong>\u00a0Jiacheng Fan\u00a0<\/strong>(tenori),\u00a0<strong>Alejo Alvarez Castillo<\/strong>\u00a0(baritono) e\u00a0<strong>Dayu Xu\u00a0<\/strong>(basso). Tutti gli artisti e il team creativo sono allievi della quinta edizione di Fabbrica Young Artist Program.\u00a0\u00a0La programmazione del Teatro Nazionale prosegue dal 14 al 19 aprile con\u00a0<em>Serata Preljocaj\u00a0<\/em>(<em>La stravaganza, Annonciation, Noces<\/em>), trittico-omaggio al coreografo francese Angelin Preljocaj tra i massimi esponenti della danza contemporanea, noto per un linguaggio che fonde la disciplina del balletto classico con la libert\u00e0 espressiva della danza moderna in dialogo con artisti visivi, musicisti e stilisti.\u00a0 Dal 15 al 21 maggio protagonista \u201cHans Werner Henze 100\u201d, mini-festival celebrativo nel centenario della nascita del compositore tedesco, che vedr\u00e0 sul palcoscenico due opere tratte da testi di Miguel Barnett:\u00a0<em>La piccola cubana<\/em>\u00a0ed\u00a0<em>El Cimarr\u00f3n.\u00a0<\/em>Chiude la stagione\u00a0<em>La vita nuda<\/em>\u00a0di Matteo D\u2019Amico liberamente ispirata a\u00a0<em>L\u2019uomo dal fiore in bocca\u00a0<\/em>e<em>\u00a0La patente\u00a0<\/em>di Pirandello.\u00a0\u00a0FABBRICA OFFENBACH<strong>Prima rappresentazione<\/strong>: gioved\u00ec 22 gennaio 2026, ore 20.00<br><strong>Replica<\/strong>: venerd\u00ec 23 gennaio ore 20.00<strong>Info:\u00a0<\/strong><a href=\"https:\/\/fondazioneteatrodelloperadirom.musvc2.net\/e\/tr?q=5%3d8cCZ6%26F%3d5%26F%3d5a9T%26q%3dU7a8bB%26M%3djNwHu_LTuR_WD_JSwS_TH_LTuR_VIOyQ.rHgLdJqGd.Av_LTuR_VIKr9wLc7rDk_LTuR_VI8c6eJk7d-Gh0hFd5f0_tuVr_4j%26g%3dEwMy54.HhL%26kM%3d0T7X%26wK%3d4d5XBU5S3W5V3b%26k%3d73bi7cZe80b9YfXia0VBV5WAU3cBZ3UdXA866666XgaBX5d8833c5d5eU998YB9BY8UB&amp;mupckp=mupAtu4m8OiX0wt\" target=\"_blank\" rel=\"noreferrer noopener\">https:\/\/www.operaroma.it\/spettacoli\/fabbrica-offenbach\/<\/a>\u00a0<strong>21 gennaio 2026<\/strong><strong>\u00a0<\/strong>TEATRO DELL\u2019OPERA DI ROMACosimo ManiconeResponsabile Ufficio Stampa<a href=\"mailto:cosimo.manicone@operaroma.it\" target=\"_blank\" rel=\"noreferrer noopener\">cosimo.manicone@operaroma.it<\/a>\u00a0\u00a0\u00a0DOPPIO SOGNO\u00a0TEATRO NAZIONALE STAGIONE 2025\/26\u00a0<strong><em>FABBRICA OFFENBACH<\/em><\/strong>Musica e Teatro di\u00a0<strong>Jacques Offenbach<\/strong>\u00a0Regia\u00a0<strong>Kamila Straszynska<br><\/strong>Scene\u00a0<strong>Sofia Sciamanna<br><\/strong>Costumi\u00a0<strong>Virginia Blini<br><\/strong>Luci\u00a0<strong>Zofia \u00a0Pinkiewicz<\/strong>\u00a0<strong>LA CHATTE M\u00c9TAMORPHOS\u00c9E EN FEMME<\/strong><br>Minette\u00a0<strong>Sofia Barbashova<br><\/strong>Marianne\u00a0<strong>Irene Zas Martinez<br><\/strong>Guido\u00a0<strong>Jiacheng Fan<br><\/strong>Dig Dig\u00a0<strong>Dayu Xu<\/strong>\u00a0<strong>UN MARI \u00c0 LA PORTE<br><\/strong>Rosita\u00a0<strong>Jessica Ricci<br><\/strong>Suzanne<strong>\u00a0Maria Elena Pepi<br><\/strong>Florestan<strong>\u00a0Alejo Alvarez Castillo\u00a0<br><\/strong>Martel<strong>\u00a0Guangwei Yao<\/strong>\u00a0Versione per due pianoforti a cura di\u00a0<strong>Giorgio Gori<\/strong>Pianiste\u00a0<strong>Elettra\u00a0Aurora Pomponio<\/strong>,\u00a0<strong>Maki Hamada<\/strong>\u00a0<strong>Spettacolo a cura di \u201cFabbrica\u201d \u2013 Young Artist Program del Teatro dell\u2019Opera di Roma<\/strong>\u00a0Nuovo allestimento Teatro dell\u2019Opera di Roma\u00a0TEATRO NAZIONALE<br>PRIMA RAPPRESENTAZIONE gioved\u00ec 22 gennaio 2026, ore 20.00<br>REPLICA venerd\u00ec 23 gennaio, ore 20.00\u00a0\u00a0<\/td><\/tr><\/tbody><\/table><\/figure>\n\n\n\n<figure class=\"wp-block-table\"><table class=\"has-fixed-layout\"><tbody><tr><td><img decoding=\"async\" src=\"https:\/\/fondazioneteatrodelloperadirom.img.musvc2.net\/static\/69084\/images\/2\/51111a50cb0b42a6bcd886505ddbf941.jpg\" width=\"300\" alt=\"Image\" height=\"auto\"><\/td><\/tr><\/tbody><\/table><\/figure>\n\n\n\n<p>foto<\/p>\n\n\n\n<figure class=\"wp-block-gallery has-nested-images columns-default is-cropped wp-block-gallery-1 is-layout-flex wp-block-gallery-is-layout-flex\">\n<figure class=\"wp-block-image size-large\"><a href=\"https:\/\/www.ecoitaliano.com.ar\/wp-content\/uploads\/2026\/01\/Fabbrica-Offenbach_Chatte-metamorphosee_J.FanGuido-I.Zas-MartinezMarianneS.-Barbashova-Minette_ph-Fabrizio-Sansoni-Opera-di-Roma-2026_ASR_6915.jpg\"><img decoding=\"async\" width=\"1024\" height=\"684\" data-id=\"84997\" src=\"https:\/\/www.ecoitaliano.com.ar\/wp-content\/uploads\/2026\/01\/Fabbrica-Offenbach_Chatte-metamorphosee_J.FanGuido-I.Zas-MartinezMarianneS.-Barbashova-Minette_ph-Fabrizio-Sansoni-Opera-di-Roma-2026_ASR_6915-1024x684.jpg\" alt=\"\" class=\"wp-image-84997\" srcset=\"https:\/\/www.ecoitaliano.com.ar\/wp-content\/uploads\/2026\/01\/Fabbrica-Offenbach_Chatte-metamorphosee_J.FanGuido-I.Zas-MartinezMarianneS.-Barbashova-Minette_ph-Fabrizio-Sansoni-Opera-di-Roma-2026_ASR_6915-1024x684.jpg 1024w, https:\/\/www.ecoitaliano.com.ar\/wp-content\/uploads\/2026\/01\/Fabbrica-Offenbach_Chatte-metamorphosee_J.FanGuido-I.Zas-MartinezMarianneS.-Barbashova-Minette_ph-Fabrizio-Sansoni-Opera-di-Roma-2026_ASR_6915-300x200.jpg 300w, https:\/\/www.ecoitaliano.com.ar\/wp-content\/uploads\/2026\/01\/Fabbrica-Offenbach_Chatte-metamorphosee_J.FanGuido-I.Zas-MartinezMarianneS.-Barbashova-Minette_ph-Fabrizio-Sansoni-Opera-di-Roma-2026_ASR_6915-768x513.jpg 768w, https:\/\/www.ecoitaliano.com.ar\/wp-content\/uploads\/2026\/01\/Fabbrica-Offenbach_Chatte-metamorphosee_J.FanGuido-I.Zas-MartinezMarianneS.-Barbashova-Minette_ph-Fabrizio-Sansoni-Opera-di-Roma-2026_ASR_6915-1536x1025.jpg 1536w, https:\/\/www.ecoitaliano.com.ar\/wp-content\/uploads\/2026\/01\/Fabbrica-Offenbach_Chatte-metamorphosee_J.FanGuido-I.Zas-MartinezMarianneS.-Barbashova-Minette_ph-Fabrizio-Sansoni-Opera-di-Roma-2026_ASR_6915-2048x1367.jpg 2048w, https:\/\/www.ecoitaliano.com.ar\/wp-content\/uploads\/2026\/01\/Fabbrica-Offenbach_Chatte-metamorphosee_J.FanGuido-I.Zas-MartinezMarianneS.-Barbashova-Minette_ph-Fabrizio-Sansoni-Opera-di-Roma-2026_ASR_6915-150x100.jpg 150w\" sizes=\"(max-width: 1024px) 100vw, 1024px\" \/><\/a><\/figure>\n\n\n\n<figure class=\"wp-block-image size-large\"><a href=\"https:\/\/www.ecoitaliano.com.ar\/wp-content\/uploads\/2026\/01\/Fabbrica-Offenbach_La-Chatte-metamorphosee-en-femme_Dayu-Xu-Dig-DigIrene-Zas-Martinez-Marianne_ph-Fabrizio-Sansoni-Opera-di-Roma-2026_DSC_7707.jpg\"><img decoding=\"async\" width=\"1024\" height=\"682\" data-id=\"84998\" src=\"https:\/\/www.ecoitaliano.com.ar\/wp-content\/uploads\/2026\/01\/Fabbrica-Offenbach_La-Chatte-metamorphosee-en-femme_Dayu-Xu-Dig-DigIrene-Zas-Martinez-Marianne_ph-Fabrizio-Sansoni-Opera-di-Roma-2026_DSC_7707-1024x682.jpg\" alt=\"\" class=\"wp-image-84998\" srcset=\"https:\/\/www.ecoitaliano.com.ar\/wp-content\/uploads\/2026\/01\/Fabbrica-Offenbach_La-Chatte-metamorphosee-en-femme_Dayu-Xu-Dig-DigIrene-Zas-Martinez-Marianne_ph-Fabrizio-Sansoni-Opera-di-Roma-2026_DSC_7707-1024x682.jpg 1024w, https:\/\/www.ecoitaliano.com.ar\/wp-content\/uploads\/2026\/01\/Fabbrica-Offenbach_La-Chatte-metamorphosee-en-femme_Dayu-Xu-Dig-DigIrene-Zas-Martinez-Marianne_ph-Fabrizio-Sansoni-Opera-di-Roma-2026_DSC_7707-300x200.jpg 300w, https:\/\/www.ecoitaliano.com.ar\/wp-content\/uploads\/2026\/01\/Fabbrica-Offenbach_La-Chatte-metamorphosee-en-femme_Dayu-Xu-Dig-DigIrene-Zas-Martinez-Marianne_ph-Fabrizio-Sansoni-Opera-di-Roma-2026_DSC_7707-768x511.jpg 768w, https:\/\/www.ecoitaliano.com.ar\/wp-content\/uploads\/2026\/01\/Fabbrica-Offenbach_La-Chatte-metamorphosee-en-femme_Dayu-Xu-Dig-DigIrene-Zas-Martinez-Marianne_ph-Fabrizio-Sansoni-Opera-di-Roma-2026_DSC_7707-1536x1022.jpg 1536w, https:\/\/www.ecoitaliano.com.ar\/wp-content\/uploads\/2026\/01\/Fabbrica-Offenbach_La-Chatte-metamorphosee-en-femme_Dayu-Xu-Dig-DigIrene-Zas-Martinez-Marianne_ph-Fabrizio-Sansoni-Opera-di-Roma-2026_DSC_7707-2048x1363.jpg 2048w, https:\/\/www.ecoitaliano.com.ar\/wp-content\/uploads\/2026\/01\/Fabbrica-Offenbach_La-Chatte-metamorphosee-en-femme_Dayu-Xu-Dig-DigIrene-Zas-Martinez-Marianne_ph-Fabrizio-Sansoni-Opera-di-Roma-2026_DSC_7707-150x100.jpg 150w\" sizes=\"(max-width: 1024px) 100vw, 1024px\" \/><\/a><\/figure>\n\n\n\n<figure class=\"wp-block-image size-large\"><a href=\"https:\/\/www.ecoitaliano.com.ar\/wp-content\/uploads\/2026\/01\/Fabbrica-Offenbach_La-Chatte-metamorphosee-en-femme_Jiacheng-Fan-Guido-Dayu-Xu-Dig-Dig_ph-Fabrizio-Sansoni-Opera-di-Roma-2026_ASR_6868.jpg\"><img decoding=\"async\" width=\"1024\" height=\"684\" data-id=\"84999\" src=\"https:\/\/www.ecoitaliano.com.ar\/wp-content\/uploads\/2026\/01\/Fabbrica-Offenbach_La-Chatte-metamorphosee-en-femme_Jiacheng-Fan-Guido-Dayu-Xu-Dig-Dig_ph-Fabrizio-Sansoni-Opera-di-Roma-2026_ASR_6868-1024x684.jpg\" alt=\"\" class=\"wp-image-84999\" srcset=\"https:\/\/www.ecoitaliano.com.ar\/wp-content\/uploads\/2026\/01\/Fabbrica-Offenbach_La-Chatte-metamorphosee-en-femme_Jiacheng-Fan-Guido-Dayu-Xu-Dig-Dig_ph-Fabrizio-Sansoni-Opera-di-Roma-2026_ASR_6868-1024x684.jpg 1024w, https:\/\/www.ecoitaliano.com.ar\/wp-content\/uploads\/2026\/01\/Fabbrica-Offenbach_La-Chatte-metamorphosee-en-femme_Jiacheng-Fan-Guido-Dayu-Xu-Dig-Dig_ph-Fabrizio-Sansoni-Opera-di-Roma-2026_ASR_6868-300x200.jpg 300w, https:\/\/www.ecoitaliano.com.ar\/wp-content\/uploads\/2026\/01\/Fabbrica-Offenbach_La-Chatte-metamorphosee-en-femme_Jiacheng-Fan-Guido-Dayu-Xu-Dig-Dig_ph-Fabrizio-Sansoni-Opera-di-Roma-2026_ASR_6868-768x513.jpg 768w, https:\/\/www.ecoitaliano.com.ar\/wp-content\/uploads\/2026\/01\/Fabbrica-Offenbach_La-Chatte-metamorphosee-en-femme_Jiacheng-Fan-Guido-Dayu-Xu-Dig-Dig_ph-Fabrizio-Sansoni-Opera-di-Roma-2026_ASR_6868-1536x1025.jpg 1536w, https:\/\/www.ecoitaliano.com.ar\/wp-content\/uploads\/2026\/01\/Fabbrica-Offenbach_La-Chatte-metamorphosee-en-femme_Jiacheng-Fan-Guido-Dayu-Xu-Dig-Dig_ph-Fabrizio-Sansoni-Opera-di-Roma-2026_ASR_6868-2048x1367.jpg 2048w, https:\/\/www.ecoitaliano.com.ar\/wp-content\/uploads\/2026\/01\/Fabbrica-Offenbach_La-Chatte-metamorphosee-en-femme_Jiacheng-Fan-Guido-Dayu-Xu-Dig-Dig_ph-Fabrizio-Sansoni-Opera-di-Roma-2026_ASR_6868-150x100.jpg 150w\" sizes=\"(max-width: 1024px) 100vw, 1024px\" \/><\/a><\/figure>\n\n\n\n<figure class=\"wp-block-image size-large\"><a href=\"https:\/\/www.ecoitaliano.com.ar\/wp-content\/uploads\/2026\/01\/Fabbrica-Offenbach_La-Chatte-metamorphosee-en-femme_Jiacheng-Fan-Guido-Dayu-Xu-Dig-Dig_ph-Fabrizio-Sansoni-Opera-di-Roma-2026_DSC_7599.jpg\"><img decoding=\"async\" width=\"1024\" height=\"682\" data-id=\"85000\" src=\"https:\/\/www.ecoitaliano.com.ar\/wp-content\/uploads\/2026\/01\/Fabbrica-Offenbach_La-Chatte-metamorphosee-en-femme_Jiacheng-Fan-Guido-Dayu-Xu-Dig-Dig_ph-Fabrizio-Sansoni-Opera-di-Roma-2026_DSC_7599-1024x682.jpg\" alt=\"\" class=\"wp-image-85000\" srcset=\"https:\/\/www.ecoitaliano.com.ar\/wp-content\/uploads\/2026\/01\/Fabbrica-Offenbach_La-Chatte-metamorphosee-en-femme_Jiacheng-Fan-Guido-Dayu-Xu-Dig-Dig_ph-Fabrizio-Sansoni-Opera-di-Roma-2026_DSC_7599-1024x682.jpg 1024w, https:\/\/www.ecoitaliano.com.ar\/wp-content\/uploads\/2026\/01\/Fabbrica-Offenbach_La-Chatte-metamorphosee-en-femme_Jiacheng-Fan-Guido-Dayu-Xu-Dig-Dig_ph-Fabrizio-Sansoni-Opera-di-Roma-2026_DSC_7599-300x200.jpg 300w, https:\/\/www.ecoitaliano.com.ar\/wp-content\/uploads\/2026\/01\/Fabbrica-Offenbach_La-Chatte-metamorphosee-en-femme_Jiacheng-Fan-Guido-Dayu-Xu-Dig-Dig_ph-Fabrizio-Sansoni-Opera-di-Roma-2026_DSC_7599-768x511.jpg 768w, https:\/\/www.ecoitaliano.com.ar\/wp-content\/uploads\/2026\/01\/Fabbrica-Offenbach_La-Chatte-metamorphosee-en-femme_Jiacheng-Fan-Guido-Dayu-Xu-Dig-Dig_ph-Fabrizio-Sansoni-Opera-di-Roma-2026_DSC_7599-1536x1022.jpg 1536w, https:\/\/www.ecoitaliano.com.ar\/wp-content\/uploads\/2026\/01\/Fabbrica-Offenbach_La-Chatte-metamorphosee-en-femme_Jiacheng-Fan-Guido-Dayu-Xu-Dig-Dig_ph-Fabrizio-Sansoni-Opera-di-Roma-2026_DSC_7599-2048x1363.jpg 2048w, https:\/\/www.ecoitaliano.com.ar\/wp-content\/uploads\/2026\/01\/Fabbrica-Offenbach_La-Chatte-metamorphosee-en-femme_Jiacheng-Fan-Guido-Dayu-Xu-Dig-Dig_ph-Fabrizio-Sansoni-Opera-di-Roma-2026_DSC_7599-150x100.jpg 150w\" sizes=\"(max-width: 1024px) 100vw, 1024px\" \/><\/a><\/figure>\n\n\n\n<figure class=\"wp-block-image size-large\"><a href=\"https:\/\/www.ecoitaliano.com.ar\/wp-content\/uploads\/2026\/01\/Fabbrica-Offenbach_La-Chatte-metamorphosee-en-femme_Jiacheng-Fan-Guido-Dayu-Xu-Dig-Dig_ph-Fabrizio-Sansoni-Opera-di-Roma-2026_DSC_7604.jpg\"><img decoding=\"async\" width=\"1024\" height=\"682\" data-id=\"85001\" src=\"https:\/\/www.ecoitaliano.com.ar\/wp-content\/uploads\/2026\/01\/Fabbrica-Offenbach_La-Chatte-metamorphosee-en-femme_Jiacheng-Fan-Guido-Dayu-Xu-Dig-Dig_ph-Fabrizio-Sansoni-Opera-di-Roma-2026_DSC_7604-1024x682.jpg\" alt=\"\" class=\"wp-image-85001\" srcset=\"https:\/\/www.ecoitaliano.com.ar\/wp-content\/uploads\/2026\/01\/Fabbrica-Offenbach_La-Chatte-metamorphosee-en-femme_Jiacheng-Fan-Guido-Dayu-Xu-Dig-Dig_ph-Fabrizio-Sansoni-Opera-di-Roma-2026_DSC_7604-1024x682.jpg 1024w, https:\/\/www.ecoitaliano.com.ar\/wp-content\/uploads\/2026\/01\/Fabbrica-Offenbach_La-Chatte-metamorphosee-en-femme_Jiacheng-Fan-Guido-Dayu-Xu-Dig-Dig_ph-Fabrizio-Sansoni-Opera-di-Roma-2026_DSC_7604-300x200.jpg 300w, https:\/\/www.ecoitaliano.com.ar\/wp-content\/uploads\/2026\/01\/Fabbrica-Offenbach_La-Chatte-metamorphosee-en-femme_Jiacheng-Fan-Guido-Dayu-Xu-Dig-Dig_ph-Fabrizio-Sansoni-Opera-di-Roma-2026_DSC_7604-768x511.jpg 768w, https:\/\/www.ecoitaliano.com.ar\/wp-content\/uploads\/2026\/01\/Fabbrica-Offenbach_La-Chatte-metamorphosee-en-femme_Jiacheng-Fan-Guido-Dayu-Xu-Dig-Dig_ph-Fabrizio-Sansoni-Opera-di-Roma-2026_DSC_7604-1536x1022.jpg 1536w, https:\/\/www.ecoitaliano.com.ar\/wp-content\/uploads\/2026\/01\/Fabbrica-Offenbach_La-Chatte-metamorphosee-en-femme_Jiacheng-Fan-Guido-Dayu-Xu-Dig-Dig_ph-Fabrizio-Sansoni-Opera-di-Roma-2026_DSC_7604-2048x1363.jpg 2048w, https:\/\/www.ecoitaliano.com.ar\/wp-content\/uploads\/2026\/01\/Fabbrica-Offenbach_La-Chatte-metamorphosee-en-femme_Jiacheng-Fan-Guido-Dayu-Xu-Dig-Dig_ph-Fabrizio-Sansoni-Opera-di-Roma-2026_DSC_7604-150x100.jpg 150w\" sizes=\"(max-width: 1024px) 100vw, 1024px\" \/><\/a><\/figure>\n\n\n\n<figure class=\"wp-block-image size-large\"><a href=\"https:\/\/www.ecoitaliano.com.ar\/wp-content\/uploads\/2026\/01\/Fabbrica-Offenbach_La-Chatte-metamorphosee-en-femme_Jiacheng-Fan-Guido_ph-Fabrizio-Sansoni-Opera-di-Roma-2026_DSC_7557.jpg\"><img decoding=\"async\" width=\"1024\" height=\"682\" data-id=\"85002\" src=\"https:\/\/www.ecoitaliano.com.ar\/wp-content\/uploads\/2026\/01\/Fabbrica-Offenbach_La-Chatte-metamorphosee-en-femme_Jiacheng-Fan-Guido_ph-Fabrizio-Sansoni-Opera-di-Roma-2026_DSC_7557-1024x682.jpg\" alt=\"\" class=\"wp-image-85002\" srcset=\"https:\/\/www.ecoitaliano.com.ar\/wp-content\/uploads\/2026\/01\/Fabbrica-Offenbach_La-Chatte-metamorphosee-en-femme_Jiacheng-Fan-Guido_ph-Fabrizio-Sansoni-Opera-di-Roma-2026_DSC_7557-1024x682.jpg 1024w, https:\/\/www.ecoitaliano.com.ar\/wp-content\/uploads\/2026\/01\/Fabbrica-Offenbach_La-Chatte-metamorphosee-en-femme_Jiacheng-Fan-Guido_ph-Fabrizio-Sansoni-Opera-di-Roma-2026_DSC_7557-300x200.jpg 300w, https:\/\/www.ecoitaliano.com.ar\/wp-content\/uploads\/2026\/01\/Fabbrica-Offenbach_La-Chatte-metamorphosee-en-femme_Jiacheng-Fan-Guido_ph-Fabrizio-Sansoni-Opera-di-Roma-2026_DSC_7557-768x511.jpg 768w, https:\/\/www.ecoitaliano.com.ar\/wp-content\/uploads\/2026\/01\/Fabbrica-Offenbach_La-Chatte-metamorphosee-en-femme_Jiacheng-Fan-Guido_ph-Fabrizio-Sansoni-Opera-di-Roma-2026_DSC_7557-1536x1022.jpg 1536w, https:\/\/www.ecoitaliano.com.ar\/wp-content\/uploads\/2026\/01\/Fabbrica-Offenbach_La-Chatte-metamorphosee-en-femme_Jiacheng-Fan-Guido_ph-Fabrizio-Sansoni-Opera-di-Roma-2026_DSC_7557-2048x1363.jpg 2048w, https:\/\/www.ecoitaliano.com.ar\/wp-content\/uploads\/2026\/01\/Fabbrica-Offenbach_La-Chatte-metamorphosee-en-femme_Jiacheng-Fan-Guido_ph-Fabrizio-Sansoni-Opera-di-Roma-2026_DSC_7557-150x100.jpg 150w\" sizes=\"(max-width: 1024px) 100vw, 1024px\" \/><\/a><\/figure>\n\n\n\n<figure class=\"wp-block-image size-large\"><a href=\"https:\/\/www.ecoitaliano.com.ar\/wp-content\/uploads\/2026\/01\/Fabbrica-Offenbach_La-Chatte-metamorphosee-en-femme_Sofia-Barbashova-Minette-Jiacheng-Fan-Guido_ph-Fabrizio-Sansoni-Opera-di-Roma-2026_ASR_6890.jpg\"><img decoding=\"async\" width=\"1024\" height=\"684\" data-id=\"85003\" src=\"https:\/\/www.ecoitaliano.com.ar\/wp-content\/uploads\/2026\/01\/Fabbrica-Offenbach_La-Chatte-metamorphosee-en-femme_Sofia-Barbashova-Minette-Jiacheng-Fan-Guido_ph-Fabrizio-Sansoni-Opera-di-Roma-2026_ASR_6890-1024x684.jpg\" alt=\"\" class=\"wp-image-85003\" srcset=\"https:\/\/www.ecoitaliano.com.ar\/wp-content\/uploads\/2026\/01\/Fabbrica-Offenbach_La-Chatte-metamorphosee-en-femme_Sofia-Barbashova-Minette-Jiacheng-Fan-Guido_ph-Fabrizio-Sansoni-Opera-di-Roma-2026_ASR_6890-1024x684.jpg 1024w, https:\/\/www.ecoitaliano.com.ar\/wp-content\/uploads\/2026\/01\/Fabbrica-Offenbach_La-Chatte-metamorphosee-en-femme_Sofia-Barbashova-Minette-Jiacheng-Fan-Guido_ph-Fabrizio-Sansoni-Opera-di-Roma-2026_ASR_6890-300x200.jpg 300w, https:\/\/www.ecoitaliano.com.ar\/wp-content\/uploads\/2026\/01\/Fabbrica-Offenbach_La-Chatte-metamorphosee-en-femme_Sofia-Barbashova-Minette-Jiacheng-Fan-Guido_ph-Fabrizio-Sansoni-Opera-di-Roma-2026_ASR_6890-768x513.jpg 768w, https:\/\/www.ecoitaliano.com.ar\/wp-content\/uploads\/2026\/01\/Fabbrica-Offenbach_La-Chatte-metamorphosee-en-femme_Sofia-Barbashova-Minette-Jiacheng-Fan-Guido_ph-Fabrizio-Sansoni-Opera-di-Roma-2026_ASR_6890-1536x1025.jpg 1536w, https:\/\/www.ecoitaliano.com.ar\/wp-content\/uploads\/2026\/01\/Fabbrica-Offenbach_La-Chatte-metamorphosee-en-femme_Sofia-Barbashova-Minette-Jiacheng-Fan-Guido_ph-Fabrizio-Sansoni-Opera-di-Roma-2026_ASR_6890-2048x1367.jpg 2048w, https:\/\/www.ecoitaliano.com.ar\/wp-content\/uploads\/2026\/01\/Fabbrica-Offenbach_La-Chatte-metamorphosee-en-femme_Sofia-Barbashova-Minette-Jiacheng-Fan-Guido_ph-Fabrizio-Sansoni-Opera-di-Roma-2026_ASR_6890-150x100.jpg 150w\" sizes=\"(max-width: 1024px) 100vw, 1024px\" \/><\/a><\/figure>\n\n\n\n<figure class=\"wp-block-image size-large\"><a href=\"https:\/\/www.ecoitaliano.com.ar\/wp-content\/uploads\/2026\/01\/Fabbrica-Offenbach_La-Chatte-metamorphosee-en-femme_Sofia-Barbashova-MinetteIrene-Zas-Martinez-Marianne_ph-Fabrizio-Sansoni-Opera-di-Roma-2DSC_7677.jpg\"><img decoding=\"async\" width=\"1024\" height=\"682\" data-id=\"85004\" src=\"https:\/\/www.ecoitaliano.com.ar\/wp-content\/uploads\/2026\/01\/Fabbrica-Offenbach_La-Chatte-metamorphosee-en-femme_Sofia-Barbashova-MinetteIrene-Zas-Martinez-Marianne_ph-Fabrizio-Sansoni-Opera-di-Roma-2DSC_7677-1024x682.jpg\" alt=\"\" class=\"wp-image-85004\" srcset=\"https:\/\/www.ecoitaliano.com.ar\/wp-content\/uploads\/2026\/01\/Fabbrica-Offenbach_La-Chatte-metamorphosee-en-femme_Sofia-Barbashova-MinetteIrene-Zas-Martinez-Marianne_ph-Fabrizio-Sansoni-Opera-di-Roma-2DSC_7677-1024x682.jpg 1024w, https:\/\/www.ecoitaliano.com.ar\/wp-content\/uploads\/2026\/01\/Fabbrica-Offenbach_La-Chatte-metamorphosee-en-femme_Sofia-Barbashova-MinetteIrene-Zas-Martinez-Marianne_ph-Fabrizio-Sansoni-Opera-di-Roma-2DSC_7677-300x200.jpg 300w, https:\/\/www.ecoitaliano.com.ar\/wp-content\/uploads\/2026\/01\/Fabbrica-Offenbach_La-Chatte-metamorphosee-en-femme_Sofia-Barbashova-MinetteIrene-Zas-Martinez-Marianne_ph-Fabrizio-Sansoni-Opera-di-Roma-2DSC_7677-768x511.jpg 768w, https:\/\/www.ecoitaliano.com.ar\/wp-content\/uploads\/2026\/01\/Fabbrica-Offenbach_La-Chatte-metamorphosee-en-femme_Sofia-Barbashova-MinetteIrene-Zas-Martinez-Marianne_ph-Fabrizio-Sansoni-Opera-di-Roma-2DSC_7677-1536x1022.jpg 1536w, https:\/\/www.ecoitaliano.com.ar\/wp-content\/uploads\/2026\/01\/Fabbrica-Offenbach_La-Chatte-metamorphosee-en-femme_Sofia-Barbashova-MinetteIrene-Zas-Martinez-Marianne_ph-Fabrizio-Sansoni-Opera-di-Roma-2DSC_7677-2048x1363.jpg 2048w, https:\/\/www.ecoitaliano.com.ar\/wp-content\/uploads\/2026\/01\/Fabbrica-Offenbach_La-Chatte-metamorphosee-en-femme_Sofia-Barbashova-MinetteIrene-Zas-Martinez-Marianne_ph-Fabrizio-Sansoni-Opera-di-Roma-2DSC_7677-150x100.jpg 150w\" sizes=\"(max-width: 1024px) 100vw, 1024px\" \/><\/a><\/figure>\n\n\n\n<figure class=\"wp-block-image size-large\"><a href=\"https:\/\/www.ecoitaliano.com.ar\/wp-content\/uploads\/2026\/01\/Fabbrica-Offenbach_La-Chatte-metamorphosee-en-femme_Sofia-Barbashova-Minette_ph-Fabrizio-Sansoni-Opera-di-Roma-2026_DSC_7634.jpg\"><img decoding=\"async\" width=\"1024\" height=\"682\" data-id=\"85005\" src=\"https:\/\/www.ecoitaliano.com.ar\/wp-content\/uploads\/2026\/01\/Fabbrica-Offenbach_La-Chatte-metamorphosee-en-femme_Sofia-Barbashova-Minette_ph-Fabrizio-Sansoni-Opera-di-Roma-2026_DSC_7634-1024x682.jpg\" alt=\"\" class=\"wp-image-85005\" srcset=\"https:\/\/www.ecoitaliano.com.ar\/wp-content\/uploads\/2026\/01\/Fabbrica-Offenbach_La-Chatte-metamorphosee-en-femme_Sofia-Barbashova-Minette_ph-Fabrizio-Sansoni-Opera-di-Roma-2026_DSC_7634-1024x682.jpg 1024w, https:\/\/www.ecoitaliano.com.ar\/wp-content\/uploads\/2026\/01\/Fabbrica-Offenbach_La-Chatte-metamorphosee-en-femme_Sofia-Barbashova-Minette_ph-Fabrizio-Sansoni-Opera-di-Roma-2026_DSC_7634-300x200.jpg 300w, https:\/\/www.ecoitaliano.com.ar\/wp-content\/uploads\/2026\/01\/Fabbrica-Offenbach_La-Chatte-metamorphosee-en-femme_Sofia-Barbashova-Minette_ph-Fabrizio-Sansoni-Opera-di-Roma-2026_DSC_7634-768x511.jpg 768w, https:\/\/www.ecoitaliano.com.ar\/wp-content\/uploads\/2026\/01\/Fabbrica-Offenbach_La-Chatte-metamorphosee-en-femme_Sofia-Barbashova-Minette_ph-Fabrizio-Sansoni-Opera-di-Roma-2026_DSC_7634-1536x1022.jpg 1536w, https:\/\/www.ecoitaliano.com.ar\/wp-content\/uploads\/2026\/01\/Fabbrica-Offenbach_La-Chatte-metamorphosee-en-femme_Sofia-Barbashova-Minette_ph-Fabrizio-Sansoni-Opera-di-Roma-2026_DSC_7634-2048x1363.jpg 2048w, https:\/\/www.ecoitaliano.com.ar\/wp-content\/uploads\/2026\/01\/Fabbrica-Offenbach_La-Chatte-metamorphosee-en-femme_Sofia-Barbashova-Minette_ph-Fabrizio-Sansoni-Opera-di-Roma-2026_DSC_7634-150x100.jpg 150w\" sizes=\"(max-width: 1024px) 100vw, 1024px\" \/><\/a><\/figure>\n\n\n\n<figure class=\"wp-block-image size-large\"><a href=\"https:\/\/www.ecoitaliano.com.ar\/wp-content\/uploads\/2026\/01\/Fabbrica-Offenbach_Un-mari-a-la-porte_Alejo-Alvarez-Castillo-Florestan_ph-Fabrizio-Sansoni-Opera-di-Roma-2026_DSC_7874.jpg\"><img decoding=\"async\" width=\"1024\" height=\"682\" data-id=\"85006\" src=\"https:\/\/www.ecoitaliano.com.ar\/wp-content\/uploads\/2026\/01\/Fabbrica-Offenbach_Un-mari-a-la-porte_Alejo-Alvarez-Castillo-Florestan_ph-Fabrizio-Sansoni-Opera-di-Roma-2026_DSC_7874-1024x682.jpg\" alt=\"\" class=\"wp-image-85006\" srcset=\"https:\/\/www.ecoitaliano.com.ar\/wp-content\/uploads\/2026\/01\/Fabbrica-Offenbach_Un-mari-a-la-porte_Alejo-Alvarez-Castillo-Florestan_ph-Fabrizio-Sansoni-Opera-di-Roma-2026_DSC_7874-1024x682.jpg 1024w, https:\/\/www.ecoitaliano.com.ar\/wp-content\/uploads\/2026\/01\/Fabbrica-Offenbach_Un-mari-a-la-porte_Alejo-Alvarez-Castillo-Florestan_ph-Fabrizio-Sansoni-Opera-di-Roma-2026_DSC_7874-300x200.jpg 300w, https:\/\/www.ecoitaliano.com.ar\/wp-content\/uploads\/2026\/01\/Fabbrica-Offenbach_Un-mari-a-la-porte_Alejo-Alvarez-Castillo-Florestan_ph-Fabrizio-Sansoni-Opera-di-Roma-2026_DSC_7874-768x511.jpg 768w, https:\/\/www.ecoitaliano.com.ar\/wp-content\/uploads\/2026\/01\/Fabbrica-Offenbach_Un-mari-a-la-porte_Alejo-Alvarez-Castillo-Florestan_ph-Fabrizio-Sansoni-Opera-di-Roma-2026_DSC_7874-1536x1022.jpg 1536w, https:\/\/www.ecoitaliano.com.ar\/wp-content\/uploads\/2026\/01\/Fabbrica-Offenbach_Un-mari-a-la-porte_Alejo-Alvarez-Castillo-Florestan_ph-Fabrizio-Sansoni-Opera-di-Roma-2026_DSC_7874-2048x1363.jpg 2048w, https:\/\/www.ecoitaliano.com.ar\/wp-content\/uploads\/2026\/01\/Fabbrica-Offenbach_Un-mari-a-la-porte_Alejo-Alvarez-Castillo-Florestan_ph-Fabrizio-Sansoni-Opera-di-Roma-2026_DSC_7874-150x100.jpg 150w\" sizes=\"(max-width: 1024px) 100vw, 1024px\" \/><\/a><\/figure>\n\n\n\n<figure class=\"wp-block-image size-large\"><a href=\"https:\/\/www.ecoitaliano.com.ar\/wp-content\/uploads\/2026\/01\/Fabbrica-Offenbach_Un-mari-a-la-porte_Jessica-RicciRosita_ph-Fabrizio-Sansoni-Opera-di-Roma-2026_DSC_7830.jpg\"><img decoding=\"async\" width=\"1024\" height=\"682\" data-id=\"85007\" src=\"https:\/\/www.ecoitaliano.com.ar\/wp-content\/uploads\/2026\/01\/Fabbrica-Offenbach_Un-mari-a-la-porte_Jessica-RicciRosita_ph-Fabrizio-Sansoni-Opera-di-Roma-2026_DSC_7830-1024x682.jpg\" alt=\"\" class=\"wp-image-85007\" srcset=\"https:\/\/www.ecoitaliano.com.ar\/wp-content\/uploads\/2026\/01\/Fabbrica-Offenbach_Un-mari-a-la-porte_Jessica-RicciRosita_ph-Fabrizio-Sansoni-Opera-di-Roma-2026_DSC_7830-1024x682.jpg 1024w, https:\/\/www.ecoitaliano.com.ar\/wp-content\/uploads\/2026\/01\/Fabbrica-Offenbach_Un-mari-a-la-porte_Jessica-RicciRosita_ph-Fabrizio-Sansoni-Opera-di-Roma-2026_DSC_7830-300x200.jpg 300w, https:\/\/www.ecoitaliano.com.ar\/wp-content\/uploads\/2026\/01\/Fabbrica-Offenbach_Un-mari-a-la-porte_Jessica-RicciRosita_ph-Fabrizio-Sansoni-Opera-di-Roma-2026_DSC_7830-768x511.jpg 768w, https:\/\/www.ecoitaliano.com.ar\/wp-content\/uploads\/2026\/01\/Fabbrica-Offenbach_Un-mari-a-la-porte_Jessica-RicciRosita_ph-Fabrizio-Sansoni-Opera-di-Roma-2026_DSC_7830-1536x1022.jpg 1536w, https:\/\/www.ecoitaliano.com.ar\/wp-content\/uploads\/2026\/01\/Fabbrica-Offenbach_Un-mari-a-la-porte_Jessica-RicciRosita_ph-Fabrizio-Sansoni-Opera-di-Roma-2026_DSC_7830-2048x1363.jpg 2048w, https:\/\/www.ecoitaliano.com.ar\/wp-content\/uploads\/2026\/01\/Fabbrica-Offenbach_Un-mari-a-la-porte_Jessica-RicciRosita_ph-Fabrizio-Sansoni-Opera-di-Roma-2026_DSC_7830-150x100.jpg 150w\" sizes=\"(max-width: 1024px) 100vw, 1024px\" \/><\/a><\/figure>\n\n\n\n<figure class=\"wp-block-image size-large\"><a href=\"https:\/\/www.ecoitaliano.com.ar\/wp-content\/uploads\/2026\/01\/Fabbrica-Offenbach_Un-mari-a-la-porte_M.E.PepiSuzanne-A.Alvarez-CastilloFlorestanJ.RicciRosita_ph-Fabrizio-Sansoni-Opera-di-Roma-2026_ASR_6968.jpg\"><img decoding=\"async\" width=\"1024\" height=\"684\" data-id=\"85008\" src=\"https:\/\/www.ecoitaliano.com.ar\/wp-content\/uploads\/2026\/01\/Fabbrica-Offenbach_Un-mari-a-la-porte_M.E.PepiSuzanne-A.Alvarez-CastilloFlorestanJ.RicciRosita_ph-Fabrizio-Sansoni-Opera-di-Roma-2026_ASR_6968-1024x684.jpg\" alt=\"\" class=\"wp-image-85008\" srcset=\"https:\/\/www.ecoitaliano.com.ar\/wp-content\/uploads\/2026\/01\/Fabbrica-Offenbach_Un-mari-a-la-porte_M.E.PepiSuzanne-A.Alvarez-CastilloFlorestanJ.RicciRosita_ph-Fabrizio-Sansoni-Opera-di-Roma-2026_ASR_6968-1024x684.jpg 1024w, https:\/\/www.ecoitaliano.com.ar\/wp-content\/uploads\/2026\/01\/Fabbrica-Offenbach_Un-mari-a-la-porte_M.E.PepiSuzanne-A.Alvarez-CastilloFlorestanJ.RicciRosita_ph-Fabrizio-Sansoni-Opera-di-Roma-2026_ASR_6968-300x200.jpg 300w, https:\/\/www.ecoitaliano.com.ar\/wp-content\/uploads\/2026\/01\/Fabbrica-Offenbach_Un-mari-a-la-porte_M.E.PepiSuzanne-A.Alvarez-CastilloFlorestanJ.RicciRosita_ph-Fabrizio-Sansoni-Opera-di-Roma-2026_ASR_6968-768x513.jpg 768w, https:\/\/www.ecoitaliano.com.ar\/wp-content\/uploads\/2026\/01\/Fabbrica-Offenbach_Un-mari-a-la-porte_M.E.PepiSuzanne-A.Alvarez-CastilloFlorestanJ.RicciRosita_ph-Fabrizio-Sansoni-Opera-di-Roma-2026_ASR_6968-1536x1025.jpg 1536w, https:\/\/www.ecoitaliano.com.ar\/wp-content\/uploads\/2026\/01\/Fabbrica-Offenbach_Un-mari-a-la-porte_M.E.PepiSuzanne-A.Alvarez-CastilloFlorestanJ.RicciRosita_ph-Fabrizio-Sansoni-Opera-di-Roma-2026_ASR_6968-2048x1367.jpg 2048w, https:\/\/www.ecoitaliano.com.ar\/wp-content\/uploads\/2026\/01\/Fabbrica-Offenbach_Un-mari-a-la-porte_M.E.PepiSuzanne-A.Alvarez-CastilloFlorestanJ.RicciRosita_ph-Fabrizio-Sansoni-Opera-di-Roma-2026_ASR_6968-150x100.jpg 150w\" sizes=\"(max-width: 1024px) 100vw, 1024px\" \/><\/a><\/figure>\n\n\n\n<figure class=\"wp-block-image size-large\"><a href=\"https:\/\/www.ecoitaliano.com.ar\/wp-content\/uploads\/2026\/01\/Fabbrica-Offenbach_Un-mari-a-la-porte_M.E.PepiSuzanne-A.Alvarez-CastilloFlorestanJ.RicciRosita_ph-Fabrizio-Sansoni-Opera-di-Roma-2026_DSC_7883.jpg\"><img decoding=\"async\" width=\"1024\" height=\"682\" data-id=\"85009\" src=\"https:\/\/www.ecoitaliano.com.ar\/wp-content\/uploads\/2026\/01\/Fabbrica-Offenbach_Un-mari-a-la-porte_M.E.PepiSuzanne-A.Alvarez-CastilloFlorestanJ.RicciRosita_ph-Fabrizio-Sansoni-Opera-di-Roma-2026_DSC_7883-1024x682.jpg\" alt=\"\" class=\"wp-image-85009\" srcset=\"https:\/\/www.ecoitaliano.com.ar\/wp-content\/uploads\/2026\/01\/Fabbrica-Offenbach_Un-mari-a-la-porte_M.E.PepiSuzanne-A.Alvarez-CastilloFlorestanJ.RicciRosita_ph-Fabrizio-Sansoni-Opera-di-Roma-2026_DSC_7883-1024x682.jpg 1024w, https:\/\/www.ecoitaliano.com.ar\/wp-content\/uploads\/2026\/01\/Fabbrica-Offenbach_Un-mari-a-la-porte_M.E.PepiSuzanne-A.Alvarez-CastilloFlorestanJ.RicciRosita_ph-Fabrizio-Sansoni-Opera-di-Roma-2026_DSC_7883-300x200.jpg 300w, https:\/\/www.ecoitaliano.com.ar\/wp-content\/uploads\/2026\/01\/Fabbrica-Offenbach_Un-mari-a-la-porte_M.E.PepiSuzanne-A.Alvarez-CastilloFlorestanJ.RicciRosita_ph-Fabrizio-Sansoni-Opera-di-Roma-2026_DSC_7883-768x511.jpg 768w, https:\/\/www.ecoitaliano.com.ar\/wp-content\/uploads\/2026\/01\/Fabbrica-Offenbach_Un-mari-a-la-porte_M.E.PepiSuzanne-A.Alvarez-CastilloFlorestanJ.RicciRosita_ph-Fabrizio-Sansoni-Opera-di-Roma-2026_DSC_7883-1536x1022.jpg 1536w, https:\/\/www.ecoitaliano.com.ar\/wp-content\/uploads\/2026\/01\/Fabbrica-Offenbach_Un-mari-a-la-porte_M.E.PepiSuzanne-A.Alvarez-CastilloFlorestanJ.RicciRosita_ph-Fabrizio-Sansoni-Opera-di-Roma-2026_DSC_7883-2048x1363.jpg 2048w, https:\/\/www.ecoitaliano.com.ar\/wp-content\/uploads\/2026\/01\/Fabbrica-Offenbach_Un-mari-a-la-porte_M.E.PepiSuzanne-A.Alvarez-CastilloFlorestanJ.RicciRosita_ph-Fabrizio-Sansoni-Opera-di-Roma-2026_DSC_7883-150x100.jpg 150w\" sizes=\"(max-width: 1024px) 100vw, 1024px\" \/><\/a><\/figure>\n\n\n\n<figure class=\"wp-block-image size-large\"><a href=\"https:\/\/www.ecoitaliano.com.ar\/wp-content\/uploads\/2026\/01\/Fabbrica-Offenbach_Un-mari-a-la-porte_Maria-Elena-PepiSuzanne-Guangwei-Yao-Martel_ph-Fabrizio-Sansoni-Opera-di-Roma-2026_DSC_7822.jpg\"><img decoding=\"async\" width=\"1024\" height=\"682\" data-id=\"85010\" src=\"https:\/\/www.ecoitaliano.com.ar\/wp-content\/uploads\/2026\/01\/Fabbrica-Offenbach_Un-mari-a-la-porte_Maria-Elena-PepiSuzanne-Guangwei-Yao-Martel_ph-Fabrizio-Sansoni-Opera-di-Roma-2026_DSC_7822-1024x682.jpg\" alt=\"\" class=\"wp-image-85010\" srcset=\"https:\/\/www.ecoitaliano.com.ar\/wp-content\/uploads\/2026\/01\/Fabbrica-Offenbach_Un-mari-a-la-porte_Maria-Elena-PepiSuzanne-Guangwei-Yao-Martel_ph-Fabrizio-Sansoni-Opera-di-Roma-2026_DSC_7822-1024x682.jpg 1024w, https:\/\/www.ecoitaliano.com.ar\/wp-content\/uploads\/2026\/01\/Fabbrica-Offenbach_Un-mari-a-la-porte_Maria-Elena-PepiSuzanne-Guangwei-Yao-Martel_ph-Fabrizio-Sansoni-Opera-di-Roma-2026_DSC_7822-300x200.jpg 300w, https:\/\/www.ecoitaliano.com.ar\/wp-content\/uploads\/2026\/01\/Fabbrica-Offenbach_Un-mari-a-la-porte_Maria-Elena-PepiSuzanne-Guangwei-Yao-Martel_ph-Fabrizio-Sansoni-Opera-di-Roma-2026_DSC_7822-768x511.jpg 768w, https:\/\/www.ecoitaliano.com.ar\/wp-content\/uploads\/2026\/01\/Fabbrica-Offenbach_Un-mari-a-la-porte_Maria-Elena-PepiSuzanne-Guangwei-Yao-Martel_ph-Fabrizio-Sansoni-Opera-di-Roma-2026_DSC_7822-1536x1022.jpg 1536w, https:\/\/www.ecoitaliano.com.ar\/wp-content\/uploads\/2026\/01\/Fabbrica-Offenbach_Un-mari-a-la-porte_Maria-Elena-PepiSuzanne-Guangwei-Yao-Martel_ph-Fabrizio-Sansoni-Opera-di-Roma-2026_DSC_7822-2048x1363.jpg 2048w, https:\/\/www.ecoitaliano.com.ar\/wp-content\/uploads\/2026\/01\/Fabbrica-Offenbach_Un-mari-a-la-porte_Maria-Elena-PepiSuzanne-Guangwei-Yao-Martel_ph-Fabrizio-Sansoni-Opera-di-Roma-2026_DSC_7822-150x100.jpg 150w\" sizes=\"(max-width: 1024px) 100vw, 1024px\" \/><\/a><\/figure>\n\n\n\n<figure class=\"wp-block-image size-large\"><a href=\"https:\/\/www.ecoitaliano.com.ar\/wp-content\/uploads\/2026\/01\/Fabbrica-Offenbach_Un-mari-a-la-porte_Maria-Elena-PepiSuzanne-Jessica-RicciRosita_ph-Fabrizio-Sansoni-Opera-di-Roma-2026_DSC_7729.jpg\"><img decoding=\"async\" width=\"1024\" height=\"682\" data-id=\"85011\" src=\"https:\/\/www.ecoitaliano.com.ar\/wp-content\/uploads\/2026\/01\/Fabbrica-Offenbach_Un-mari-a-la-porte_Maria-Elena-PepiSuzanne-Jessica-RicciRosita_ph-Fabrizio-Sansoni-Opera-di-Roma-2026_DSC_7729-1024x682.jpg\" alt=\"\" class=\"wp-image-85011\" srcset=\"https:\/\/www.ecoitaliano.com.ar\/wp-content\/uploads\/2026\/01\/Fabbrica-Offenbach_Un-mari-a-la-porte_Maria-Elena-PepiSuzanne-Jessica-RicciRosita_ph-Fabrizio-Sansoni-Opera-di-Roma-2026_DSC_7729-1024x682.jpg 1024w, https:\/\/www.ecoitaliano.com.ar\/wp-content\/uploads\/2026\/01\/Fabbrica-Offenbach_Un-mari-a-la-porte_Maria-Elena-PepiSuzanne-Jessica-RicciRosita_ph-Fabrizio-Sansoni-Opera-di-Roma-2026_DSC_7729-300x200.jpg 300w, https:\/\/www.ecoitaliano.com.ar\/wp-content\/uploads\/2026\/01\/Fabbrica-Offenbach_Un-mari-a-la-porte_Maria-Elena-PepiSuzanne-Jessica-RicciRosita_ph-Fabrizio-Sansoni-Opera-di-Roma-2026_DSC_7729-768x511.jpg 768w, https:\/\/www.ecoitaliano.com.ar\/wp-content\/uploads\/2026\/01\/Fabbrica-Offenbach_Un-mari-a-la-porte_Maria-Elena-PepiSuzanne-Jessica-RicciRosita_ph-Fabrizio-Sansoni-Opera-di-Roma-2026_DSC_7729-1536x1022.jpg 1536w, https:\/\/www.ecoitaliano.com.ar\/wp-content\/uploads\/2026\/01\/Fabbrica-Offenbach_Un-mari-a-la-porte_Maria-Elena-PepiSuzanne-Jessica-RicciRosita_ph-Fabrizio-Sansoni-Opera-di-Roma-2026_DSC_7729-2048x1363.jpg 2048w, https:\/\/www.ecoitaliano.com.ar\/wp-content\/uploads\/2026\/01\/Fabbrica-Offenbach_Un-mari-a-la-porte_Maria-Elena-PepiSuzanne-Jessica-RicciRosita_ph-Fabrizio-Sansoni-Opera-di-Roma-2026_DSC_7729-150x100.jpg 150w\" sizes=\"(max-width: 1024px) 100vw, 1024px\" \/><\/a><\/figure>\n\n\n\n<figure class=\"wp-block-image size-large\"><a href=\"https:\/\/www.ecoitaliano.com.ar\/wp-content\/uploads\/2026\/01\/Fabbrica-Offenbach_Un-mari-a-la-porte_Maria-Elena-PepiSuzanne-Jessica-RicciRosita_ph-Fabrizio-Sansoni-Opera-di-Roma-2026_DSC_7854.jpg\"><img decoding=\"async\" width=\"1024\" height=\"682\" data-id=\"85012\" src=\"https:\/\/www.ecoitaliano.com.ar\/wp-content\/uploads\/2026\/01\/Fabbrica-Offenbach_Un-mari-a-la-porte_Maria-Elena-PepiSuzanne-Jessica-RicciRosita_ph-Fabrizio-Sansoni-Opera-di-Roma-2026_DSC_7854-1024x682.jpg\" alt=\"\" class=\"wp-image-85012\" srcset=\"https:\/\/www.ecoitaliano.com.ar\/wp-content\/uploads\/2026\/01\/Fabbrica-Offenbach_Un-mari-a-la-porte_Maria-Elena-PepiSuzanne-Jessica-RicciRosita_ph-Fabrizio-Sansoni-Opera-di-Roma-2026_DSC_7854-1024x682.jpg 1024w, https:\/\/www.ecoitaliano.com.ar\/wp-content\/uploads\/2026\/01\/Fabbrica-Offenbach_Un-mari-a-la-porte_Maria-Elena-PepiSuzanne-Jessica-RicciRosita_ph-Fabrizio-Sansoni-Opera-di-Roma-2026_DSC_7854-300x200.jpg 300w, https:\/\/www.ecoitaliano.com.ar\/wp-content\/uploads\/2026\/01\/Fabbrica-Offenbach_Un-mari-a-la-porte_Maria-Elena-PepiSuzanne-Jessica-RicciRosita_ph-Fabrizio-Sansoni-Opera-di-Roma-2026_DSC_7854-768x511.jpg 768w, https:\/\/www.ecoitaliano.com.ar\/wp-content\/uploads\/2026\/01\/Fabbrica-Offenbach_Un-mari-a-la-porte_Maria-Elena-PepiSuzanne-Jessica-RicciRosita_ph-Fabrizio-Sansoni-Opera-di-Roma-2026_DSC_7854-1536x1022.jpg 1536w, https:\/\/www.ecoitaliano.com.ar\/wp-content\/uploads\/2026\/01\/Fabbrica-Offenbach_Un-mari-a-la-porte_Maria-Elena-PepiSuzanne-Jessica-RicciRosita_ph-Fabrizio-Sansoni-Opera-di-Roma-2026_DSC_7854-2048x1363.jpg 2048w, https:\/\/www.ecoitaliano.com.ar\/wp-content\/uploads\/2026\/01\/Fabbrica-Offenbach_Un-mari-a-la-porte_Maria-Elena-PepiSuzanne-Jessica-RicciRosita_ph-Fabrizio-Sansoni-Opera-di-Roma-2026_DSC_7854-150x100.jpg 150w\" sizes=\"(max-width: 1024px) 100vw, 1024px\" \/><\/a><\/figure>\n\n\n\n<figure class=\"wp-block-image size-large\"><a href=\"https:\/\/www.ecoitaliano.com.ar\/wp-content\/uploads\/2026\/01\/Fabbrica-Offenbach_Un-mari-a-la-porte_Maria-Elena-PepiSuzanne-Jessica-RicciRosita_ph-Fabrizio-Sansoni-Opera-di-Roma-2026_DSC_7974.jpg\"><img decoding=\"async\" width=\"1024\" height=\"682\" data-id=\"85013\" src=\"https:\/\/www.ecoitaliano.com.ar\/wp-content\/uploads\/2026\/01\/Fabbrica-Offenbach_Un-mari-a-la-porte_Maria-Elena-PepiSuzanne-Jessica-RicciRosita_ph-Fabrizio-Sansoni-Opera-di-Roma-2026_DSC_7974-1024x682.jpg\" alt=\"\" class=\"wp-image-85013\" srcset=\"https:\/\/www.ecoitaliano.com.ar\/wp-content\/uploads\/2026\/01\/Fabbrica-Offenbach_Un-mari-a-la-porte_Maria-Elena-PepiSuzanne-Jessica-RicciRosita_ph-Fabrizio-Sansoni-Opera-di-Roma-2026_DSC_7974-1024x682.jpg 1024w, https:\/\/www.ecoitaliano.com.ar\/wp-content\/uploads\/2026\/01\/Fabbrica-Offenbach_Un-mari-a-la-porte_Maria-Elena-PepiSuzanne-Jessica-RicciRosita_ph-Fabrizio-Sansoni-Opera-di-Roma-2026_DSC_7974-300x200.jpg 300w, https:\/\/www.ecoitaliano.com.ar\/wp-content\/uploads\/2026\/01\/Fabbrica-Offenbach_Un-mari-a-la-porte_Maria-Elena-PepiSuzanne-Jessica-RicciRosita_ph-Fabrizio-Sansoni-Opera-di-Roma-2026_DSC_7974-768x511.jpg 768w, https:\/\/www.ecoitaliano.com.ar\/wp-content\/uploads\/2026\/01\/Fabbrica-Offenbach_Un-mari-a-la-porte_Maria-Elena-PepiSuzanne-Jessica-RicciRosita_ph-Fabrizio-Sansoni-Opera-di-Roma-2026_DSC_7974-1536x1022.jpg 1536w, https:\/\/www.ecoitaliano.com.ar\/wp-content\/uploads\/2026\/01\/Fabbrica-Offenbach_Un-mari-a-la-porte_Maria-Elena-PepiSuzanne-Jessica-RicciRosita_ph-Fabrizio-Sansoni-Opera-di-Roma-2026_DSC_7974-2048x1363.jpg 2048w, https:\/\/www.ecoitaliano.com.ar\/wp-content\/uploads\/2026\/01\/Fabbrica-Offenbach_Un-mari-a-la-porte_Maria-Elena-PepiSuzanne-Jessica-RicciRosita_ph-Fabrizio-Sansoni-Opera-di-Roma-2026_DSC_7974-150x100.jpg 150w\" sizes=\"(max-width: 1024px) 100vw, 1024px\" \/><\/a><\/figure>\n<\/figure>\n","protected":false},"excerpt":{"rendered":"<p>COMUNICATO STAMPA\u00a0FABBRICA OFFENBACH:\u00a0IL MAGICO MONDO DELL\u2019OPERETTAPER LA PRIMA VOLTA\u00a0\u00a0AL TEATRO NAZIONALE\u00a0Il 22 e 23 gennaio i giovani artisti di Fabbrica [&hellip;]<\/p>\n","protected":false},"author":1,"featured_media":0,"comment_status":"open","ping_status":"open","sticky":false,"template":"","format":"standard","meta":{"footnotes":""},"categories":[1],"tags":[],"class_list":["post-84995","post","type-post","status-publish","format-standard","hentry","category-sin-categoria"],"_links":{"self":[{"href":"https:\/\/www.ecoitaliano.com.ar\/index.php?rest_route=\/wp\/v2\/posts\/84995","targetHints":{"allow":["GET"]}}],"collection":[{"href":"https:\/\/www.ecoitaliano.com.ar\/index.php?rest_route=\/wp\/v2\/posts"}],"about":[{"href":"https:\/\/www.ecoitaliano.com.ar\/index.php?rest_route=\/wp\/v2\/types\/post"}],"author":[{"embeddable":true,"href":"https:\/\/www.ecoitaliano.com.ar\/index.php?rest_route=\/wp\/v2\/users\/1"}],"replies":[{"embeddable":true,"href":"https:\/\/www.ecoitaliano.com.ar\/index.php?rest_route=%2Fwp%2Fv2%2Fcomments&post=84995"}],"version-history":[{"count":1,"href":"https:\/\/www.ecoitaliano.com.ar\/index.php?rest_route=\/wp\/v2\/posts\/84995\/revisions"}],"predecessor-version":[{"id":85014,"href":"https:\/\/www.ecoitaliano.com.ar\/index.php?rest_route=\/wp\/v2\/posts\/84995\/revisions\/85014"}],"wp:attachment":[{"href":"https:\/\/www.ecoitaliano.com.ar\/index.php?rest_route=%2Fwp%2Fv2%2Fmedia&parent=84995"}],"wp:term":[{"taxonomy":"category","embeddable":true,"href":"https:\/\/www.ecoitaliano.com.ar\/index.php?rest_route=%2Fwp%2Fv2%2Fcategories&post=84995"},{"taxonomy":"post_tag","embeddable":true,"href":"https:\/\/www.ecoitaliano.com.ar\/index.php?rest_route=%2Fwp%2Fv2%2Ftags&post=84995"}],"curies":[{"name":"wp","href":"https:\/\/api.w.org\/{rel}","templated":true}]}}