{"id":85034,"date":"2026-01-22T11:07:02","date_gmt":"2026-01-22T11:07:02","guid":{"rendered":"https:\/\/www.ecoitaliano.com.ar\/?p=85034"},"modified":"2026-01-22T11:07:22","modified_gmt":"2026-01-22T11:07:22","slug":"via-petroniano-raccolta-firme-per-la-sicurezza-la-questione-arriva-in-consiglio-comunale","status":"publish","type":"post","link":"https:\/\/www.ecoitaliano.com.ar\/?p=85034","title":{"rendered":"Via Petroniano, raccolta firme per la sicurezza: la questione arriva in Consiglio comunale"},"content":{"rendered":"<div class=\"wp-block-image\">\n<figure class=\"aligncenter size-large is-resized\"><a href=\"http:\/\/www.ecoitaliano.com.ar\/wp-content\/uploads\/2026\/01\/via-petroniano.jpg\"><img decoding=\"async\" width=\"994\" height=\"1024\" src=\"http:\/\/www.ecoitaliano.com.ar\/wp-content\/uploads\/2026\/01\/via-petroniano-994x1024.jpg\" alt=\"\" class=\"wp-image-85035\" style=\"width:338px;height:auto\" srcset=\"https:\/\/www.ecoitaliano.com.ar\/wp-content\/uploads\/2026\/01\/via-petroniano-994x1024.jpg 994w, https:\/\/www.ecoitaliano.com.ar\/wp-content\/uploads\/2026\/01\/via-petroniano-291x300.jpg 291w, https:\/\/www.ecoitaliano.com.ar\/wp-content\/uploads\/2026\/01\/via-petroniano-768x791.jpg 768w, https:\/\/www.ecoitaliano.com.ar\/wp-content\/uploads\/2026\/01\/via-petroniano-146x150.jpg 146w, https:\/\/www.ecoitaliano.com.ar\/wp-content\/uploads\/2026\/01\/via-petroniano.jpg 1282w\" sizes=\"(max-width: 994px) 100vw, 994px\" \/><\/a><figcaption class=\"wp-element-caption\">Screenshot<\/figcaption><\/figure><\/div>\n\n\n<p>La preoccupazione cresce e i cittadini decidono di farsi sentire. In via Petroniano \u00e8 stata presentata una raccolta firme promossa da residenti e commercianti per segnalare le criticit\u00e0 legate alla viabilit\u00e0 e alla sicurezza stradale, aggravatesi dopo l\u2019introduzione del senso unico di marcia.<\/p>\n\n\n\n<p>Secondo quanto segnalato dai firmatari, il nuovo assetto viario avrebbe comportato un aumento della velocit\u00e0 dei veicoli, rendendo pi\u00f9 difficoltoso e pericoloso l\u2019attraversamento pedonale. Una situazione che desta particolare allarme considerando la presenza, lungo la via, di famiglie, bambini, anziani, attivit\u00e0 commerciali e un asilo.<\/p>\n\n\n\n<p>La raccolta firme \u00e8 stata presentata dal consigliere comunale Daniele Tarantino, che ha annunciato la consegna ufficiale del documento nel prossimo Consiglio Comunale.<\/p>\n\n\n\n<p>Sul tema \u00e8 stata inoltre depositata un\u2019interpellanza comunale firmata da tutto il gruppo consiliare del Partito Democratico, con cui si chiede all\u2019Amministrazione se sia a conoscenza delle criticit\u00e0 segnalate e quali interventi intenda adottare per migliorare la sicurezza in via Petroniano, anche attraverso strumenti di moderazione del traffico e verifiche tecniche sul posto.<\/p>\n\n\n\n<p>\u00abNon si tratta di polemica \u2013 spiegano i residenti \u2013 ma di sicurezza quotidiana. Chiediamo interventi concreti per ridurre la velocit\u00e0 e rendere la strada pi\u00f9 sicura per tutti\u00bb. Ora la parola passa al Consiglio comunale, chiamato a dare risposte a una richiesta che arriva direttamente dal territorio e da chi quella strada la vive ogni giorno.<\/p>\n\n\n\n<blockquote class=\"wp-block-quote is-layout-flow wp-block-quote-is-layout-flow\">\n<blockquote class=\"wp-block-quote is-layout-flow wp-block-quote-is-layout-flow\">\n<blockquote class=\"wp-block-quote is-layout-flow wp-block-quote-is-layout-flow\">\n<p>Tara comunicazione&nbsp;<\/p>\n<\/blockquote>\n<\/blockquote>\n<\/blockquote>\n\n\n\n<p><\/p>\n","protected":false},"excerpt":{"rendered":"<p>La preoccupazione cresce e i cittadini decidono di farsi sentire. In via Petroniano \u00e8 stata presentata una raccolta firme promossa [&hellip;]<\/p>\n","protected":false},"author":1,"featured_media":0,"comment_status":"open","ping_status":"open","sticky":false,"template":"","format":"standard","meta":{"footnotes":""},"categories":[10,5],"tags":[],"class_list":["post-85034","post","type-post","status-publish","format-standard","hentry","category-italiano","category-politica"],"_links":{"self":[{"href":"https:\/\/www.ecoitaliano.com.ar\/index.php?rest_route=\/wp\/v2\/posts\/85034","targetHints":{"allow":["GET"]}}],"collection":[{"href":"https:\/\/www.ecoitaliano.com.ar\/index.php?rest_route=\/wp\/v2\/posts"}],"about":[{"href":"https:\/\/www.ecoitaliano.com.ar\/index.php?rest_route=\/wp\/v2\/types\/post"}],"author":[{"embeddable":true,"href":"https:\/\/www.ecoitaliano.com.ar\/index.php?rest_route=\/wp\/v2\/users\/1"}],"replies":[{"embeddable":true,"href":"https:\/\/www.ecoitaliano.com.ar\/index.php?rest_route=%2Fwp%2Fv2%2Fcomments&post=85034"}],"version-history":[{"count":1,"href":"https:\/\/www.ecoitaliano.com.ar\/index.php?rest_route=\/wp\/v2\/posts\/85034\/revisions"}],"predecessor-version":[{"id":85036,"href":"https:\/\/www.ecoitaliano.com.ar\/index.php?rest_route=\/wp\/v2\/posts\/85034\/revisions\/85036"}],"wp:attachment":[{"href":"https:\/\/www.ecoitaliano.com.ar\/index.php?rest_route=%2Fwp%2Fv2%2Fmedia&parent=85034"}],"wp:term":[{"taxonomy":"category","embeddable":true,"href":"https:\/\/www.ecoitaliano.com.ar\/index.php?rest_route=%2Fwp%2Fv2%2Fcategories&post=85034"},{"taxonomy":"post_tag","embeddable":true,"href":"https:\/\/www.ecoitaliano.com.ar\/index.php?rest_route=%2Fwp%2Fv2%2Ftags&post=85034"}],"curies":[{"name":"wp","href":"https:\/\/api.w.org\/{rel}","templated":true}]}}