{"id":85070,"date":"2026-01-23T11:56:30","date_gmt":"2026-01-23T11:56:30","guid":{"rendered":"https:\/\/www.ecoitaliano.com.ar\/?p=85070"},"modified":"2026-01-23T11:56:46","modified_gmt":"2026-01-23T11:56:46","slug":"premio-maresciallo-ciro-siciliano","status":"publish","type":"post","link":"https:\/\/www.ecoitaliano.com.ar\/?p=85070","title":{"rendered":"Premio Maresciallo Ciro Siciliano"},"content":{"rendered":"<div class=\"wp-block-image\">\n<figure class=\"aligncenter size-full\"><a href=\"http:\/\/www.ecoitaliano.com.ar\/wp-content\/uploads\/2026\/01\/descarga-4.jpeg\"><img decoding=\"async\" width=\"184\" height=\"274\" src=\"http:\/\/www.ecoitaliano.com.ar\/wp-content\/uploads\/2026\/01\/descarga-4.jpeg\" alt=\"\" class=\"wp-image-85075\" srcset=\"https:\/\/www.ecoitaliano.com.ar\/wp-content\/uploads\/2026\/01\/descarga-4.jpeg 184w, https:\/\/www.ecoitaliano.com.ar\/wp-content\/uploads\/2026\/01\/descarga-4-101x150.jpeg 101w\" sizes=\"(max-width: 184px) 100vw, 184px\" \/><\/a><\/figure><\/div>\n\n\n<div class=\"wp-block-columns is-layout-flex wp-container-core-columns-is-layout-9d6595d7 wp-block-columns-is-layout-flex\">\n<div class=\"wp-block-column is-layout-flow wp-block-column-is-layout-flow\" style=\"flex-basis:100%\">\n<figure class=\"wp-block-gallery aligncenter has-nested-images columns-default is-cropped wp-block-gallery-1 is-layout-flex wp-block-gallery-is-layout-flex\">\n<figure class=\"wp-block-image size-large\"><a href=\"https:\/\/www.ecoitaliano.com.ar\/wp-content\/uploads\/2026\/01\/c55.jpg\"><img decoding=\"async\" width=\"1024\" height=\"776\" data-id=\"85071\" src=\"https:\/\/www.ecoitaliano.com.ar\/wp-content\/uploads\/2026\/01\/c55-1024x776.jpg\" alt=\"\" class=\"wp-image-85071\" srcset=\"https:\/\/www.ecoitaliano.com.ar\/wp-content\/uploads\/2026\/01\/c55-1024x776.jpg 1024w, https:\/\/www.ecoitaliano.com.ar\/wp-content\/uploads\/2026\/01\/c55-300x227.jpg 300w, https:\/\/www.ecoitaliano.com.ar\/wp-content\/uploads\/2026\/01\/c55-768x582.jpg 768w, https:\/\/www.ecoitaliano.com.ar\/wp-content\/uploads\/2026\/01\/c55-1536x1164.jpg 1536w, https:\/\/www.ecoitaliano.com.ar\/wp-content\/uploads\/2026\/01\/c55-150x114.jpg 150w, https:\/\/www.ecoitaliano.com.ar\/wp-content\/uploads\/2026\/01\/c55.jpg 2048w\" sizes=\"(max-width: 1024px) 100vw, 1024px\" \/><\/a><\/figure>\n<\/figure>\n<\/div>\n<\/div>\n\n\n\n<figure class=\"wp-block-gallery has-nested-images columns-default is-cropped wp-block-gallery-2 is-layout-flex wp-block-gallery-is-layout-flex\">\n<figure class=\"wp-block-image size-large\"><a href=\"https:\/\/www.ecoitaliano.com.ar\/wp-content\/uploads\/2026\/01\/ciro-24.jpg\"><img decoding=\"async\" width=\"1024\" height=\"683\" data-id=\"85072\" src=\"https:\/\/www.ecoitaliano.com.ar\/wp-content\/uploads\/2026\/01\/ciro-24-1024x683.jpg\" alt=\"\" class=\"wp-image-85072\" srcset=\"https:\/\/www.ecoitaliano.com.ar\/wp-content\/uploads\/2026\/01\/ciro-24-1024x683.jpg 1024w, https:\/\/www.ecoitaliano.com.ar\/wp-content\/uploads\/2026\/01\/ciro-24-300x200.jpg 300w, https:\/\/www.ecoitaliano.com.ar\/wp-content\/uploads\/2026\/01\/ciro-24-768x512.jpg 768w, https:\/\/www.ecoitaliano.com.ar\/wp-content\/uploads\/2026\/01\/ciro-24-150x100.jpg 150w, https:\/\/www.ecoitaliano.com.ar\/wp-content\/uploads\/2026\/01\/ciro-24.jpg 1536w\" sizes=\"(max-width: 1024px) 100vw, 1024px\" \/><\/a><\/figure>\n\n\n\n<figure class=\"wp-block-image size-large\"><a href=\"https:\/\/www.ecoitaliano.com.ar\/wp-content\/uploads\/2026\/01\/c18.jpg\"><img decoding=\"async\" width=\"1024\" height=\"776\" data-id=\"85073\" src=\"https:\/\/www.ecoitaliano.com.ar\/wp-content\/uploads\/2026\/01\/c18-1024x776.jpg\" alt=\"\" class=\"wp-image-85073\" srcset=\"https:\/\/www.ecoitaliano.com.ar\/wp-content\/uploads\/2026\/01\/c18-1024x776.jpg 1024w, https:\/\/www.ecoitaliano.com.ar\/wp-content\/uploads\/2026\/01\/c18-300x227.jpg 300w, https:\/\/www.ecoitaliano.com.ar\/wp-content\/uploads\/2026\/01\/c18-768x582.jpg 768w, https:\/\/www.ecoitaliano.com.ar\/wp-content\/uploads\/2026\/01\/c18-1536x1164.jpg 1536w, https:\/\/www.ecoitaliano.com.ar\/wp-content\/uploads\/2026\/01\/c18-150x114.jpg 150w, https:\/\/www.ecoitaliano.com.ar\/wp-content\/uploads\/2026\/01\/c18.jpg 2048w\" sizes=\"(max-width: 1024px) 100vw, 1024px\" \/><\/a><\/figure>\n\n\n\n<figure class=\"wp-block-image size-large\"><a href=\"https:\/\/www.ecoitaliano.com.ar\/wp-content\/uploads\/2026\/01\/c09.jpg\"><img decoding=\"async\" width=\"1024\" height=\"624\" data-id=\"85074\" src=\"https:\/\/www.ecoitaliano.com.ar\/wp-content\/uploads\/2026\/01\/c09-1024x624.jpg\" alt=\"\" class=\"wp-image-85074\" srcset=\"https:\/\/www.ecoitaliano.com.ar\/wp-content\/uploads\/2026\/01\/c09-1024x624.jpg 1024w, https:\/\/www.ecoitaliano.com.ar\/wp-content\/uploads\/2026\/01\/c09-300x183.jpg 300w, https:\/\/www.ecoitaliano.com.ar\/wp-content\/uploads\/2026\/01\/c09-768x468.jpg 768w, https:\/\/www.ecoitaliano.com.ar\/wp-content\/uploads\/2026\/01\/c09-1536x936.jpg 1536w, https:\/\/www.ecoitaliano.com.ar\/wp-content\/uploads\/2026\/01\/c09-150x91.jpg 150w, https:\/\/www.ecoitaliano.com.ar\/wp-content\/uploads\/2026\/01\/c09.jpg 2048w\" sizes=\"(max-width: 1024px) 100vw, 1024px\" \/><\/a><\/figure>\n<\/figure>\n\n\n\n<p><strong>Associazione Culturale Eventi sul Frigido<\/strong><\/p>\n\n\n\n<p><strong>Famiglia Siciliano<\/strong><\/p>\n\n\n\n<p><strong>A 82 anni dall\u2019eccidio di Forno e delle stragi nazifasciste della Provincia di Massa Carrara<\/strong><\/p>\n\n\n\n<p><strong>XIX edizione del Premio Maresciallo Ciro Siciliano<\/strong><\/p>\n\n\n\n<p><em><strong>(Medaglia d\u2019Oro al Merito Civile alla memoria)<\/strong><\/em><\/p>\n\n\n\n<p>\u201c<strong>Pace, Giustizia, Libert\u00e0, Democrazia\u201d <\/strong><strong>13 Giugno 1944 \u2013 13 Giugno 2026<\/strong><\/p>\n\n\n\n<p>Medaglia del Presidente della Repubblica<\/p>\n\n\n\n<p>MASSA \u2013 CARRARA &#8211; E\u2019 partita con il patrocinio morale del comune di Portici la diciannovesima edizione del premio Pace giustizia libert\u00e0 democrazia \u2013 Maresciallo Ciro Siciliano \u2013 Forno 13 giugno 1944- 2026, promosso dall\u2019associazione culturale Eventi sul Frigido in collaborazione del Comune di Massa e della famiglia Siciliano, sostenuto da enti e associazioni del territorio. La Citt\u00e0 di Portici, ospite a Massa lo scorso 13 giugno 2025 nelle persone del Sindaco dott. Vincenzo Cuomo, del Presidente del Consiglio Ciro de Martino, dell\u2019Assessore all\u2019 Istruzione Luca Manzo e del Consigliere Comunale Enrico Grandi, si \u00e8 impegnata a sostanziare un legame culturale profondo tra le comunit\u00e0 cittadine di Portici e di Massa nella memoria del Maresciallo Ciro Siciliano per educare alla pace, contrastando ogni forma di odio attraverso azioni concrete, attuate con impegno e con effetti pratici. Dunque, il concorso, volto alle scuole di ogni ordine e grado, come sottolinea l\u2019associazione Eventi sul Frigido, vuole ricordare, sensibilizzando le nuove generazioni, l\u2019importanza del valore della pace in questo periodo storico in cui le guerre divampano nel mondo, con conseguenze inenarrabili sulle popolazioni civili, oggi come ieri. Il premio nasce proprio a Forno, paese che il 13 giugno 1944 fu messo a ferro e fuoco dai militi fascisti della X Mas e da truppe naziste. La figura del Maresciallo \u00e8 emersa durante interviste a sopravvissuti. In quel 13 giugno 1944, il Maresciallo Ciro Siciliano, medaglia d\u2019oro al merito civile, era in licenza di convalescenza quando, resosi conto di ci\u00f2 che stava accadendo a Forno, decise di affrontare il comando tedesco per chiedere di risparmiare almeno le donne, i bambini e gli anziani del luogo, ormai sotto tiro. Purtroppo venne fucilato insieme ad altri giovani che erano stati rastrellati, accusati di essere sostenitori della lotta partigiana. Diede la sua vita per salvare la popolazione: un gesto di eroismo che ci riporta alla memoria Salvo D\u2019Acquisto. 68 furono le vittime della strage.<\/p>\n\n\n\n<p>Il premio si rinnova ogni anno nei valori che sono alla base della nostra Costituzione e invita scuole, docenti e alunni, ad aprire una riflessione su quello che \u00e8 accaduto in terra apuana nell\u2019ultima guerra mondiale e sugli orrori dei conflitti odierni. Il bando di concorso, tramite l\u2019ufficio Usp Massa Carrara, \u00e8 stato inoltrato a tutti i circoli scolastici di Massa-Carrara e Lucca.<\/p>\n\n\n\n<h2 class=\"wp-block-heading\">Le scuole potranno lavorare su queste tematiche. Tra i tre manifesti che la giura sceglier\u00e0, uno sar\u00e0 utilizzato come manifesto celebrativo ufficiale per la ricorrenza del 13 giugno 2026, nell\u2019 82esimo anniversario della strage nazifascista.<\/h2>\n\n\n\n<p>La data di scadenza per la presentazione degli elaborati \u00e8 fissata il giorno 24 Aprile 2026 per i manifesti e il 30 Aprile 2026 per i componimenti. Nel contesto del premio si inserisce anche lo speciale associazione Eventi sul Frigido \u201cVogliamo crescere persone belle e non bulle\u201d IX edizione del Premio Bont\u00e0 Maestro Giuseppe Fruzzetti, che sar\u00e0 attribuito a uno studente o studentessa ( o gruppo) che si siano distinti in atti di generosit\u00e0 e di bont\u00e0 verso il prossimo, per sensibilizzare al dilagante fenomeno del bullismo. Un ringraziamento alla Famiglia Siciliano, Comune di Massa, Provincia di Massa Carrara e Regione Toscana che hanno sempre sostenuto il premio, oltre che Usp (Ufficio scolastico provinciale) e le associazioni Anpi, Fivl, Anfcdg, Anvcg, Arma dei Carabinieri, le associazioni culturali Occhioni&amp;Magrini, Accademia apuana della Pace, Insieme e Confimpresa Massa Carrara. Saranno assegnati altri premi messi a disposizione di enti e associazioni tra cui la targa al M.llo Maggiore Pietro Pratici e la targa del Comune di Portici (Na), citt\u00e0 natale del Maresciallo Ciro Siciliano. L\u2019associazione Eventi sul Frigido ringrazia il Comune di Portici per il patrocinio concesso e tutti i soggetti che contribuiscono alla riuscita del premio. Per info <a href=\"mailto:angela.mf@libero.it\">angela.mf@libero.it<\/a><\/p>\n\n\n\n<p>Tara comunicazione<\/p>\n","protected":false},"excerpt":{"rendered":"<p>Associazione Culturale Eventi sul Frigido Famiglia Siciliano A 82 anni dall\u2019eccidio di Forno e delle stragi nazifasciste della Provincia di [&hellip;]<\/p>\n","protected":false},"author":1,"featured_media":0,"comment_status":"open","ping_status":"open","sticky":false,"template":"","format":"standard","meta":{"footnotes":""},"categories":[2,10],"tags":[],"class_list":["post-85070","post","type-post","status-publish","format-standard","hentry","category-informacion","category-italiano"],"_links":{"self":[{"href":"https:\/\/www.ecoitaliano.com.ar\/index.php?rest_route=\/wp\/v2\/posts\/85070","targetHints":{"allow":["GET"]}}],"collection":[{"href":"https:\/\/www.ecoitaliano.com.ar\/index.php?rest_route=\/wp\/v2\/posts"}],"about":[{"href":"https:\/\/www.ecoitaliano.com.ar\/index.php?rest_route=\/wp\/v2\/types\/post"}],"author":[{"embeddable":true,"href":"https:\/\/www.ecoitaliano.com.ar\/index.php?rest_route=\/wp\/v2\/users\/1"}],"replies":[{"embeddable":true,"href":"https:\/\/www.ecoitaliano.com.ar\/index.php?rest_route=%2Fwp%2Fv2%2Fcomments&post=85070"}],"version-history":[{"count":1,"href":"https:\/\/www.ecoitaliano.com.ar\/index.php?rest_route=\/wp\/v2\/posts\/85070\/revisions"}],"predecessor-version":[{"id":85076,"href":"https:\/\/www.ecoitaliano.com.ar\/index.php?rest_route=\/wp\/v2\/posts\/85070\/revisions\/85076"}],"wp:attachment":[{"href":"https:\/\/www.ecoitaliano.com.ar\/index.php?rest_route=%2Fwp%2Fv2%2Fmedia&parent=85070"}],"wp:term":[{"taxonomy":"category","embeddable":true,"href":"https:\/\/www.ecoitaliano.com.ar\/index.php?rest_route=%2Fwp%2Fv2%2Fcategories&post=85070"},{"taxonomy":"post_tag","embeddable":true,"href":"https:\/\/www.ecoitaliano.com.ar\/index.php?rest_route=%2Fwp%2Fv2%2Ftags&post=85070"}],"curies":[{"name":"wp","href":"https:\/\/api.w.org\/{rel}","templated":true}]}}