{"id":85082,"date":"2026-01-23T18:49:06","date_gmt":"2026-01-23T18:49:06","guid":{"rendered":"https:\/\/www.ecoitaliano.com.ar\/?p=85082"},"modified":"2026-01-23T18:49:40","modified_gmt":"2026-01-23T18:49:40","slug":"francesco-errante-tra-albert-camus-e-mario-pomilio-il-destino-della-vocazione","status":"publish","type":"post","link":"https:\/\/www.ecoitaliano.com.ar\/?p=85082","title":{"rendered":"Francesco.\u00a0 Errante tra Albert Camus e Mario Pomilio. Il destino della vocazione\u00a0"},"content":{"rendered":"\n<p><em>Pierfranco Bruni\u00a0<\/em><\/p>\n\n\n<div class=\"wp-block-image\">\n<figure class=\"aligncenter size-large is-resized\"><a href=\"http:\/\/www.ecoitaliano.com.ar\/wp-content\/uploads\/2026\/01\/1000169924.jpg\"><img decoding=\"async\" width=\"1024\" height=\"768\" src=\"http:\/\/www.ecoitaliano.com.ar\/wp-content\/uploads\/2026\/01\/1000169924-1024x768.jpg\" alt=\"\" class=\"wp-image-85083\" style=\"width:294px;height:auto\" srcset=\"https:\/\/www.ecoitaliano.com.ar\/wp-content\/uploads\/2026\/01\/1000169924-1024x768.jpg 1024w, https:\/\/www.ecoitaliano.com.ar\/wp-content\/uploads\/2026\/01\/1000169924-300x225.jpg 300w, https:\/\/www.ecoitaliano.com.ar\/wp-content\/uploads\/2026\/01\/1000169924-768x576.jpg 768w, https:\/\/www.ecoitaliano.com.ar\/wp-content\/uploads\/2026\/01\/1000169924-1536x1152.jpg 1536w, https:\/\/www.ecoitaliano.com.ar\/wp-content\/uploads\/2026\/01\/1000169924-2048x1536.jpg 2048w, https:\/\/www.ecoitaliano.com.ar\/wp-content\/uploads\/2026\/01\/1000169924-150x113.jpg 150w\" sizes=\"(max-width: 1024px) 100vw, 1024px\" \/><\/a><\/figure><\/div>\n\n\n<p>Albert Camus ebbe a scrivere di San Francesco d\u2019Assisi che fu un ribelle chiedendosi: \u00abCos\u2019\u00e8 un ribelle? Un uomo che dice no!\u00bb. Il suo \u00abuomo in rivolta\u00bb, tutto mediterraneo, \u00e8 una metafisica dell&#8217;uomo spirituale. Non accetta la modernit\u00e0 e viaggia lungo la strada del paziente ribelle. Comprende la speranza e coglie il segno dal quale proprio nella speranza si spegne il tragico.&nbsp;<\/p>\n\n\n\n<p>Con la luce della speranza si apre l&#8217;uomo nuovo che nasce appunto dalla ribellione &#8211; rivolta. Proprio come lo aveva definito Ernesto Buonaiuti nel suo libro del 1925 su Francesco considerandolo, in fondo, un ribelle che non accetta la teologia ma si veste di rivoluzionario contro la modernit\u00e0. Lo definisce \u00ab&#8230;un puro e semplice come un primitivo\u00bb e la sua spiritualit\u00e0 come \u00abLa primavera della disciplina francescana creando un percorso \u00abdella vita umana e della passione di Cristo, dal presepio di Greccio al Golgota della Verna\u00bb.&nbsp;<\/p>\n\n\n\n<p>Una visione quella di Buonaiuti che spinge ignazio Silone a riflettere comparando la dimensione francescana al suo Celestino V, il Papa della grande rinuncia, considerandolo come \u00abun povero cristiano\u00bb. Silone trova nel povero cristiano \u00abL&#8217;uomo che pensa con la propria testa e conserva il suo cuore incorrotto, \u00e8 libero\u00bb.&nbsp;<\/p>\n\n\n\n<p>Non \u00e8 proprio l&#8217;immagine di Francesco? Dir\u00e0 di pi\u00f9 Silone quando sostiene sostanzialmente che il cristiano vive un \u00abmondo semplice, chiaro, evidente\u00bb che non ha la \u00abtentazione del potere\u00bb.&nbsp;<\/p>\n\n\n\n<p>Il francescanesimo \u00e8 quell&#8217;umilt\u00e0 che per Silone trova nei suoi \u00abcafoni\u00bb. Ancora Buonaiuti conclude il suo lavoro su Francesco scrivendo: \u00abI grandi maestri della fraternit\u00e0 umana vivono immortali proprio in virt\u00f9 del lento, macerante martirio a cui debbono essere sottoposti le loro aspirazioni e il loro programma, per fiorire e fruttificare sul solco arido, ingrato e tardo della vita associata\u00bb.&nbsp;<\/p>\n\n\n\n<p>Siamo chiaramente dentro i \u00abcodici\u00bb metafisici dei \u00abFioretti\u00bb. Su questa strada \u00e8 leggibile il tratto di Francesco Grisi nei suoi saggi sul Santo d\u2019Assisi. Soprattutto quando afferma che \u00abIl destino di Francesco era la vocazione. (&#8230;) Aveva intuito che era necessario accettare e svuotare di ogni contenuto le forme mediocri nella Chiesa e fuori\u00bb.&nbsp;<\/p>\n\n\n\n<p>\u00c8 naturale che la presenza di Gioacchino da Fiore \u00e8 incisiva. Mario Pomilio in riferimento a ci\u00f2 dir\u00e0: \u00abDietro di lui c&#8217;era stato Gioacchino da Fiore, e anche lui s&#8217;era richiamato all&#8217;esigenza di liberare i Vangeli dai formalismi della &#8216;lettera&#8217; e di leggerli secondo lo &#8216;spirito'\u00bb. Pomilio insiste: \u00ab&#8230; sarebbe stato il recupero della &#8216;lettera&#8217; dei Vangeli la vera restituzione dello \u00bbspirito&#8217; dei Vangeli. Che fu la novit\u00e0 e il paradosso di San Francesco. \u00c8 certo che non si tratta di una visione eretica di Francesco nella temperie medievale.<\/p>\n\n\n\n<p>Piuttosto di un \u00abuomo in rivolta\u00bb per riprendere appunto la chiosa di Camus o anche di un viandante e di un giullare di Dio come ben sottoline\u00f2 Hermann Hesse.&nbsp;<\/p>\n\n\n\n<p>Il cammino di Francesco nei linguaggi della letteratura \u00e8 una \u00abtensione\u00bb dell&#8217;anima che attraversa i deserti ma si riconcilia nella preghiera che resta la forte \u00abrivolta metafisica\u00bb (Camus) che \u00e8 volont\u00e0 e potenza della cristocentricit\u00e0. In Francesco insiste la rivolta di Cristo. Ovvero la vera ubbidienza a Dio.<\/p>\n\n\n\n<p><\/p>\n","protected":false},"excerpt":{"rendered":"<p>Pierfranco Bruni\u00a0 Albert Camus ebbe a scrivere di San Francesco d\u2019Assisi che fu un ribelle chiedendosi: \u00abCos\u2019\u00e8 un ribelle? Un [&hellip;]<\/p>\n","protected":false},"author":1,"featured_media":0,"comment_status":"open","ping_status":"open","sticky":false,"template":"","format":"standard","meta":{"footnotes":""},"categories":[10,42],"tags":[],"class_list":["post-85082","post","type-post","status-publish","format-standard","hentry","category-italiano","category-religion"],"_links":{"self":[{"href":"https:\/\/www.ecoitaliano.com.ar\/index.php?rest_route=\/wp\/v2\/posts\/85082","targetHints":{"allow":["GET"]}}],"collection":[{"href":"https:\/\/www.ecoitaliano.com.ar\/index.php?rest_route=\/wp\/v2\/posts"}],"about":[{"href":"https:\/\/www.ecoitaliano.com.ar\/index.php?rest_route=\/wp\/v2\/types\/post"}],"author":[{"embeddable":true,"href":"https:\/\/www.ecoitaliano.com.ar\/index.php?rest_route=\/wp\/v2\/users\/1"}],"replies":[{"embeddable":true,"href":"https:\/\/www.ecoitaliano.com.ar\/index.php?rest_route=%2Fwp%2Fv2%2Fcomments&post=85082"}],"version-history":[{"count":1,"href":"https:\/\/www.ecoitaliano.com.ar\/index.php?rest_route=\/wp\/v2\/posts\/85082\/revisions"}],"predecessor-version":[{"id":85084,"href":"https:\/\/www.ecoitaliano.com.ar\/index.php?rest_route=\/wp\/v2\/posts\/85082\/revisions\/85084"}],"wp:attachment":[{"href":"https:\/\/www.ecoitaliano.com.ar\/index.php?rest_route=%2Fwp%2Fv2%2Fmedia&parent=85082"}],"wp:term":[{"taxonomy":"category","embeddable":true,"href":"https:\/\/www.ecoitaliano.com.ar\/index.php?rest_route=%2Fwp%2Fv2%2Fcategories&post=85082"},{"taxonomy":"post_tag","embeddable":true,"href":"https:\/\/www.ecoitaliano.com.ar\/index.php?rest_route=%2Fwp%2Fv2%2Ftags&post=85082"}],"curies":[{"name":"wp","href":"https:\/\/api.w.org\/{rel}","templated":true}]}}