{"id":85159,"date":"2026-01-26T09:19:50","date_gmt":"2026-01-26T09:19:50","guid":{"rendered":"https:\/\/www.ecoitaliano.com.ar\/?p=85159"},"modified":"2026-01-26T09:20:15","modified_gmt":"2026-01-26T09:20:15","slug":"nuovi-successi-per-marina-pratici-incarichi-internazionali-di-prestigio-per-la-scrittrice-aullese","status":"publish","type":"post","link":"https:\/\/www.ecoitaliano.com.ar\/?p=85159","title":{"rendered":"NUOVI SUCCESSI PER MARINA PRATICI: INCARICHI INTERNAZIONALI DI PRESTIGIO PER LA SCRITTRICE AULLESE"},"content":{"rendered":"<div class=\"wp-block-image\">\n<figure class=\"aligncenter size-large is-resized\"><a href=\"http:\/\/www.ecoitaliano.com.ar\/wp-content\/uploads\/2026\/01\/Marina-Pratici_1.jpg\"><img decoding=\"async\" width=\"748\" height=\"1024\" src=\"http:\/\/www.ecoitaliano.com.ar\/wp-content\/uploads\/2026\/01\/Marina-Pratici_1-748x1024.jpg\" alt=\"\" class=\"wp-image-85160\" style=\"width:310px;height:auto\" srcset=\"https:\/\/www.ecoitaliano.com.ar\/wp-content\/uploads\/2026\/01\/Marina-Pratici_1-748x1024.jpg 748w, https:\/\/www.ecoitaliano.com.ar\/wp-content\/uploads\/2026\/01\/Marina-Pratici_1-219x300.jpg 219w, https:\/\/www.ecoitaliano.com.ar\/wp-content\/uploads\/2026\/01\/Marina-Pratici_1-768x1052.jpg 768w, https:\/\/www.ecoitaliano.com.ar\/wp-content\/uploads\/2026\/01\/Marina-Pratici_1-110x150.jpg 110w, https:\/\/www.ecoitaliano.com.ar\/wp-content\/uploads\/2026\/01\/Marina-Pratici_1.jpg 1023w\" sizes=\"(max-width: 748px) 100vw, 748px\" \/><\/a><\/figure><\/div>\n\n\n<figure class=\"wp-block-gallery has-nested-images columns-default is-cropped wp-block-gallery-1 is-layout-flex wp-block-gallery-is-layout-flex\">\n<figure class=\"wp-block-image size-large\"><a href=\"https:\/\/www.ecoitaliano.com.ar\/wp-content\/uploads\/2026\/01\/Marina-Pratici_2.jpg\"><img decoding=\"async\" width=\"683\" height=\"1024\" data-id=\"85161\" src=\"https:\/\/www.ecoitaliano.com.ar\/wp-content\/uploads\/2026\/01\/Marina-Pratici_2-683x1024.jpg\" alt=\"\" class=\"wp-image-85161\" srcset=\"https:\/\/www.ecoitaliano.com.ar\/wp-content\/uploads\/2026\/01\/Marina-Pratici_2-683x1024.jpg 683w, https:\/\/www.ecoitaliano.com.ar\/wp-content\/uploads\/2026\/01\/Marina-Pratici_2-200x300.jpg 200w, https:\/\/www.ecoitaliano.com.ar\/wp-content\/uploads\/2026\/01\/Marina-Pratici_2-768x1152.jpg 768w, https:\/\/www.ecoitaliano.com.ar\/wp-content\/uploads\/2026\/01\/Marina-Pratici_2-100x150.jpg 100w, https:\/\/www.ecoitaliano.com.ar\/wp-content\/uploads\/2026\/01\/Marina-Pratici_2.jpg 1024w\" sizes=\"(max-width: 683px) 100vw, 683px\" \/><\/a><\/figure>\n\n\n\n<figure class=\"wp-block-image size-large\"><a href=\"https:\/\/www.ecoitaliano.com.ar\/wp-content\/uploads\/2026\/01\/Marina-Pratici-e-Guaman-Jara-Allende-.jpg\"><img decoding=\"async\" width=\"927\" height=\"861\" data-id=\"85162\" src=\"https:\/\/www.ecoitaliano.com.ar\/wp-content\/uploads\/2026\/01\/Marina-Pratici-e-Guaman-Jara-Allende-.jpg\" alt=\"\" class=\"wp-image-85162\" srcset=\"https:\/\/www.ecoitaliano.com.ar\/wp-content\/uploads\/2026\/01\/Marina-Pratici-e-Guaman-Jara-Allende-.jpg 927w, https:\/\/www.ecoitaliano.com.ar\/wp-content\/uploads\/2026\/01\/Marina-Pratici-e-Guaman-Jara-Allende--300x279.jpg 300w, https:\/\/www.ecoitaliano.com.ar\/wp-content\/uploads\/2026\/01\/Marina-Pratici-e-Guaman-Jara-Allende--768x713.jpg 768w, https:\/\/www.ecoitaliano.com.ar\/wp-content\/uploads\/2026\/01\/Marina-Pratici-e-Guaman-Jara-Allende--150x139.jpg 150w\" sizes=\"(max-width: 927px) 100vw, 927px\" \/><\/a><\/figure>\n\n\n\n<figure class=\"wp-block-image size-large\"><a href=\"https:\/\/www.ecoitaliano.com.ar\/wp-content\/uploads\/2026\/01\/Marina-Pratici-e-Patrice-Avella.jpg\"><img decoding=\"async\" width=\"492\" height=\"1024\" data-id=\"85163\" src=\"https:\/\/www.ecoitaliano.com.ar\/wp-content\/uploads\/2026\/01\/Marina-Pratici-e-Patrice-Avella-492x1024.jpg\" alt=\"\" class=\"wp-image-85163\" srcset=\"https:\/\/www.ecoitaliano.com.ar\/wp-content\/uploads\/2026\/01\/Marina-Pratici-e-Patrice-Avella-492x1024.jpg 492w, https:\/\/www.ecoitaliano.com.ar\/wp-content\/uploads\/2026\/01\/Marina-Pratici-e-Patrice-Avella-144x300.jpg 144w, https:\/\/www.ecoitaliano.com.ar\/wp-content\/uploads\/2026\/01\/Marina-Pratici-e-Patrice-Avella-72x150.jpg 72w, https:\/\/www.ecoitaliano.com.ar\/wp-content\/uploads\/2026\/01\/Marina-Pratici-e-Patrice-Avella.jpg 716w\" sizes=\"(max-width: 492px) 100vw, 492px\" \/><\/a><\/figure>\n<\/figure>\n\n\n\n<p>Sar\u00e0 un nuovo anno di grandi impegni, ma anche di grandi soddisfazioni, quello di Marina Pratici. La scrittrice aullese \u00e8 stata infatti nominata Vicerettore Responsabile del Dipartimento di Formazione permanente dell\u2019Universit\u00e0 Internazionale Europea Ciesart ( UIEC ), con sede centrale in Barcellona, Spagna.<\/p>\n\n\n\n<p>Ma gli incarichi illustri non finiscono qua: Marina Pratici \u00e8 stata, anche, nominata presidente del Premio di Arte Letteraria \u201cJuan Montalvo\u201d, un evento concorsuale letterario storico, promosso dal Consolato Generale dell\u2019Ecuador a Milano e dal Centro Ecuadoriano d\u2019Arte e Cultura, vantante la presenza di Guaman Jara Allende quale presidente di Giuria e di Giuliano Ottaviano quale padrino. L\u2019aullese \u00e8 stata inoltre confermata presidente del celebre Premio \u201cOmaggio a Pasolini\u201d, che vede come presidente di Giuria lo scrittore francese Patrice Avell\u00e0, che, negli anni, ha visto, fra le altre, premiate personalit\u00e0 del calibro di Pupi Avati e di Valerio Mastandrea e che vedr\u00e0 la cerimonia premiativa in Roma, il prossimo aprile, nel noto ristorante \u201cPommidoro dal 1890\u201d dove Pier Paolo Pasolini consum\u00f2 l\u2019ultima cena prima di essere ucciso. Confermato, per Pratici, anche l\u2019incarico di Presidente dei Premi Letterari Internazionali della Camara Internacional de Escritores &amp; Artistas, Realt\u00e0 associativa diffusa in tutto il mondo, presieduta dalla scrittrice peruviana Lily Baylon. &lt; Un grande onore \u2013 dichiara la docente \u2013 accogliere ruoli di cos\u00ec grande prestigio, che mi impegno a rispettare con grande dedizione &gt;.<\/p>\n\n\n\n<p>La saggista lunigianese \u00e8 inoltre impegnata, in Belgio e in Spagna, in importanti cicli congressuali in ambito universitario.<\/p>\n\n\n\n<p>Marina Pratici ( Viareggio, 1961 ) \u00e8 docente, critico letterario, saggista. Conferenziere, tiene sistematicamente masterclass e seminari presso Universit\u00e0 italiane e straniere. Per l\u2019intensa attivit\u00e0 letteraria e culturale ha ricevuto diciotto Premi alla Carriera, la Distinzione Alessandro Magno ad Atene, quella di Dama della Cultura Europea UNESCO a Parigi, quella di Personaggio Internazionale dell\u2019anno a Barcellona; per l\u2019impegno sociale, l\u2019Onorificenza di Ufficiale della Repubblica Italiana, la Medaglia della Presidenza del Senato della Repubblica Italiana, la Medaglia del Santo Padre Benedetto XVI per l\u2019impegno per i diritti umani e la Laurea Honoris Causa in Scienze Umane ( WHU, Miami ). Ha rappresentato l\u2019Italia al Women\u2019 Poetry di New York, dove \u00e8 stata nominata Ambasciatrice della Cultura Italiana nel mondo. Fondatrice e Presidente di prestigiosi Premi Letterari Internazionali e della Mostra del Libro e dell\u2019Editoria, Costellazione Libri, ha ricevuto dal Consolato del Per\u00f9 la Laurea Honoris Causa in Letteratura. Fra i tanti riconoscimenti, la Targa per Alti Meriti Culturali dal Consiglio Regionale della Toscana, la nomina di Accademico ad Honorem dall\u2019Accademia delle Arti e delle Scienze Filosofiche di Bari, di Donna dell\u2019anno a Madrid ( CIESART ), di Eccellenza dall\u2019Associazione Nazionale Insigniti Onorificenze Cavalleresche. Ha pubblicato ventisei libri e numerosi saggi tradotti in pi\u00f9 lingue, fra questi L\u2019eco lunga dell\u2019ironia ( Edizioni Helicon ) con Francesco Galeazzi; Bambine negate con Jacqueline Magi e Anna Massi; La Vocazione Sinfoniale ( Edizioni Helicon ), oggetto a Praga di un seminario di studi; Nel segno di Erode, oggetto di pi\u00f9 masterclass; Fotolog\u00eca dell\u2019ombra ( Edizioni Helicon ), presentato all\u2019Istituto Italiano di Cultura di New York; Le Sagittabonde ( Edizioni Helicon ), presentato all\u2019Universit\u00e0 di Citt\u00e0 del Messico, Dipartimento di Filologia; Il Liuto di Baschenis ( Edizioni Helicon ), proposto in Olanda, Belgio e Spagna. Tutte le Opere sono state presentate in tour internazionali. Ha inoltre all\u2019attivo pi\u00f9 di trecento pubblicazioni critico letterarie. Per Edizioni Helicon, cura le Collane Le Crete, narrativa e saggistica; Le Organze, poesia; Le Coccole, letteratura per l\u2019infanzia; Le Maschere, teatro.<\/p>\n","protected":false},"excerpt":{"rendered":"<p>Sar\u00e0 un nuovo anno di grandi impegni, ma anche di grandi soddisfazioni, quello di Marina Pratici. La scrittrice aullese \u00e8 [&hellip;]<\/p>\n","protected":false},"author":1,"featured_media":0,"comment_status":"open","ping_status":"open","sticky":false,"template":"","format":"standard","meta":{"footnotes":""},"categories":[10,1],"tags":[],"class_list":["post-85159","post","type-post","status-publish","format-standard","hentry","category-italiano","category-sin-categoria"],"_links":{"self":[{"href":"https:\/\/www.ecoitaliano.com.ar\/index.php?rest_route=\/wp\/v2\/posts\/85159","targetHints":{"allow":["GET"]}}],"collection":[{"href":"https:\/\/www.ecoitaliano.com.ar\/index.php?rest_route=\/wp\/v2\/posts"}],"about":[{"href":"https:\/\/www.ecoitaliano.com.ar\/index.php?rest_route=\/wp\/v2\/types\/post"}],"author":[{"embeddable":true,"href":"https:\/\/www.ecoitaliano.com.ar\/index.php?rest_route=\/wp\/v2\/users\/1"}],"replies":[{"embeddable":true,"href":"https:\/\/www.ecoitaliano.com.ar\/index.php?rest_route=%2Fwp%2Fv2%2Fcomments&post=85159"}],"version-history":[{"count":1,"href":"https:\/\/www.ecoitaliano.com.ar\/index.php?rest_route=\/wp\/v2\/posts\/85159\/revisions"}],"predecessor-version":[{"id":85164,"href":"https:\/\/www.ecoitaliano.com.ar\/index.php?rest_route=\/wp\/v2\/posts\/85159\/revisions\/85164"}],"wp:attachment":[{"href":"https:\/\/www.ecoitaliano.com.ar\/index.php?rest_route=%2Fwp%2Fv2%2Fmedia&parent=85159"}],"wp:term":[{"taxonomy":"category","embeddable":true,"href":"https:\/\/www.ecoitaliano.com.ar\/index.php?rest_route=%2Fwp%2Fv2%2Fcategories&post=85159"},{"taxonomy":"post_tag","embeddable":true,"href":"https:\/\/www.ecoitaliano.com.ar\/index.php?rest_route=%2Fwp%2Fv2%2Ftags&post=85159"}],"curies":[{"name":"wp","href":"https:\/\/api.w.org\/{rel}","templated":true}]}}