{"id":85165,"date":"2026-01-26T10:01:40","date_gmt":"2026-01-26T10:01:40","guid":{"rendered":"https:\/\/www.ecoitaliano.com.ar\/?p=85165"},"modified":"2026-01-26T10:01:56","modified_gmt":"2026-01-26T10:01:56","slug":"sissi-limperatrice-con-federica-luna-vincenti-da-domani-al-teatro-india-di-roma","status":"publish","type":"post","link":"https:\/\/www.ecoitaliano.com.ar\/?p=85165","title":{"rendered":"Sissi l\u2019imperatrice con Federica Luna Vincenti | da domani al Teatro India di Roma"},"content":{"rendered":"<div class=\"wp-block-image\">\n<figure class=\"aligncenter size-full\"><a href=\"http:\/\/www.ecoitaliano.com.ar\/wp-content\/uploads\/2026\/01\/descarga-6.jpeg\"><img decoding=\"async\" width=\"225\" height=\"225\" src=\"http:\/\/www.ecoitaliano.com.ar\/wp-content\/uploads\/2026\/01\/descarga-6.jpeg\" alt=\"\" class=\"wp-image-85166\" srcset=\"https:\/\/www.ecoitaliano.com.ar\/wp-content\/uploads\/2026\/01\/descarga-6.jpeg 225w, https:\/\/www.ecoitaliano.com.ar\/wp-content\/uploads\/2026\/01\/descarga-6-150x150.jpeg 150w\" sizes=\"(max-width: 225px) 100vw, 225px\" \/><\/a><\/figure><\/div>\n\n\n<p>Comunicato stampa<\/p>\n\n\n\n<p><strong>Acclamata da pubblico e critica, arriva a Roma<\/strong><\/p>\n\n\n\n<p><strong><em>Sissi l\u2019imperatrice&nbsp;<\/em><\/strong><strong>con Federica Luna Vincenti<\/strong><\/p>\n\n\n\n<p><strong>La grande storia dell\u2019inquieta e tormentata vita<\/strong><\/p>\n\n\n\n<p><strong>della leggendaria Elisabetta d\u2019Austria,<\/strong><\/p>\n\n\n\n<p><strong>regina di bellezza e simbolo dell\u2019indipendenza femminile<\/strong><\/p>\n\n\n\n<p><strong>Una rivisitazione teatrale unica e avvincente<\/strong><\/p>\n\n\n\n<p><strong>dedicata ad una delle protagoniste pi\u00f9 amate dal pubblico<\/strong><\/p>\n\n\n\n<p><strong>Scritto e diretto da Roberto Cavosi<\/strong><\/p>\n\n\n\n<p><strong>TEATRO INDIA, ROMA<\/strong><strong><br>dal 27 GENNAIO al 1\u00b0 FEBBRAIO 2026<\/strong><\/p>\n\n\n\n<p>orari spettacoli: 27 e 31 gennaio ore 21 I 28, 29, 30 gennaio e 1\u00b0 febbraio ore 19.30<br>DURATA 1H E 30 MINUTI<\/p>\n\n\n\n<p><em>Roma, 26 gennaio 2026<\/em>&nbsp;\u2013 Dopo aver attraversato l\u2019Italia e conquistato pubblico e critica,&nbsp;<strong><em>Sissi l\u2019imperatrice<\/em><\/strong>&nbsp;arriva a Roma&nbsp;<strong>da domani 27 gennaio al 1\u00b0 febbraio al Teatro India<\/strong>. Lo spettacolo \u00e8 scritto e diretto da&nbsp;<strong>Roberto Cavosi<\/strong>&nbsp;e interpretato da&nbsp;<strong>Federica Luna Vincenti<\/strong>, candidata come migliore attrice protagonista ai Nastri d\u2019Argento e al Globo d\u2019Oro per il ruolo di Marta Abba nel film&nbsp;<em>Eterno Visionario<\/em>&nbsp;di Michele Placido.<\/p>\n\n\n\n<p><strong>In scena prende vita il ritratto sorprendente e contemporaneo dell\u2019imperatrice Elisabetta d\u2019Austria, figura iconica che l\u2019immaginario collettivo conosce come la principessa Sissi<\/strong>. La sua vita non incarna solamente una vera e propria fiaba con tanto di carrozze dorate, gioielli, balli a corte,&nbsp;<strong>\u00e8 anche in realt\u00e0 l\u2019emblema della lotta di una donna indipendente in contrasto con le convenzioni della sua epoca<\/strong>, la sua storia si mescola a quella di un impero destinato a scomparire, ma che fino all\u2019ultimo mostrer\u00e0 al mondo i suoi splendori e i suoi artigli.<\/p>\n\n\n\n<p><strong><em>Sissi l\u2019imperatrice<\/em><\/strong>&nbsp;\u00e8 un viaggio teatrale intenso ed emozionante, capace di affascinare e colpire profondamente lo spettatore, che restituisce la complessit\u00e0 di una donna sottratta all\u2019iconografia tradizionale e riportata alla sua dimensione pi\u00f9 autentica anche grazie alla pubblicazione dei suoi diari. Ne emerge una figura dirompente e irriverente, di straordinaria forza e attualit\u00e0.<\/p>\n\n\n\n<p>Figura carismatica e ribelle, anticonformista, perennemente in lotta con s\u00e9 stessa e con la realt\u00e0 che la circondava:&nbsp;<strong>imperatrice anti-imperialista, vicina alle masse operaie, alle minoranze etniche, contraria ad ogni forma di sopraffazione<\/strong>. Anoressica, in eterno lutto per la morte assurda di due dei suoi figli, cerca di esorcizzare il dolore attraverso estenuanti sedute ginniche, con l\u2019infinita cura del suo corpo e la pettinatura dei suoi detestati capelli \u2013&nbsp;<em>\u201c\u00e8&nbsp;come se reggessi sul capo un corpo estraneo<\/em>,&nbsp;<em>sono schiava dei miei capelli\u201d<\/em>.<\/p>\n\n\n\n<p>Dotata di un feroce sarcasmo, fustigava la Corte asburgica e i nobili \u2013 \u201c<em>Una schiatta depravata<\/em>\u201d \u2013 senza mezzi termini. Non lesinava nemmeno a s\u00e9 stessa tutta l\u2019amara ironia di cui era capace, un modo per nascondere in realt\u00e0 la sua vulnerabilit\u00e0, la fragilit\u00e0 della sua anima. Un\u2019anima che cercava in tutti i modi di trovare sollievo rifugiandosi nella poesia: amante di Heine e di Baudelaire, componeva lei stessa poesie.<\/p>\n\n\n\n<p>Una personalit\u00e0 incredibilmente sfaccettata e instancabile nella continua e contraddittoria ricerca di cosa poter fare per migliorare il mondo ed allo stesso tempo di come evadere dalla realt\u00e0. Forse la sintesi di questa suo duplice aspetto sta nella sua ultima volont\u00e0, devolvere ai rifugiati politici ed alle loro famiglie il frutto della vendita postuma dei suoi diari, delle sue poesie, affidando ad una ipotetica&nbsp;<em>anima del futuro<\/em>&nbsp;tale compito, ma non prima di sessant\u2019anni dal 1890. Un testamento spirituale che, censurato a lungo per le aspre critiche alla Corte Viennese, ha trovato il suo compimento soltanto nel 1980, quando, al momento della prima pubblicazione, i diritti d\u2019autore vennero devoluti al Fondo di Soccorso dell\u2019Alto Commissariato dell\u2019Onu per i rifugiati e i proventi nell\u2019edizione successiva vennero donati ad Amnesty International, rispettando cos\u00ec la volont\u00e0 dell\u2019Imperatrice.<\/p>\n\n\n\n<p><strong><em>Sissi l\u2019imperatrice<\/em><\/strong><strong>&nbsp;si snoda in vari quadri, ognuno dei quali prende in esame alcuni aspetti del suo carattere e pensiero: dalla filosofia al sesso, dalla politica all\u2019arte<\/strong>. Un percorso ove, senza reticenze, Sissi ci parla di s\u00e9, della sua Weltanschauung, in quel suo modo crudo, cinico e pieno di dolore con cui si esprimeva \u2013&nbsp;<em>\u201cLe vere lacrime non si possono versare, e quelle che si versano scorrono tutte invano\u201d<\/em>, ripeteva spesso. Si sentiva abbandonata, sola in un mondo crudele dove le guerre erano una condanna per tutto il genere umano. Fino al momento della sua morte ha sempre covato dentro di s\u00e9 un feroce senso di colpa per quella dei suoi figli, un senso di colpa che, anche se nei fatti non aveva alcun fondamento, per tutta la vita l\u2019aveva sempre divorata portandola a veri e propri vaneggiamenti, nei quali versava parole piene d\u2019acidit\u00e0 nel disprezzo di tutto e tutti, anche dell\u2019Imperatore stesso: \u201c<em>Marito mio dove sei? Che uomo sei se neghi a tua moglie la possibilit\u00e0 di essere una donna?\u201d.<\/em><\/p>\n\n\n\n<p><em>Sissi l\u2019imperatrice<\/em>, \u00e8 un testo dove alte si fanno le \u201cgrida\u201d della sfortunata Sissi, imperatrice suo malgrado, ma donna irripetibile, il cui animo sembra per\u00f2 parte di tutti noi.&nbsp;La composizione del cast \u00e8 stata studiata per sottolineare la vastit\u00e0 dell\u2019impero asburgico, ed allo stesso tempo per creare un microcosmo che raffigurasse simbolicamente i nostri attuali \u201cimperi\u201d. Il testo e la regia sono di&nbsp;<strong>Roberto Cavosi<\/strong>&nbsp;che dirige una compagnia di talenti, i costumi di&nbsp;<strong>Paola Marchesin,<\/strong>&nbsp;mentre il disegno delle luci \u00e8 affidato a&nbsp;<strong>Gerardo Buzzanca<\/strong>. Le musiche originali sono composte dal duo&nbsp;<strong>Oragravity<\/strong>. Produzione esecutiva di Daniela Piccolo, organizzazione generale di Valentina Taddei.<\/p>\n\n\n\n<p>La produzione di&nbsp;<strong>Federica Luna Vincenti<\/strong>&nbsp;per&nbsp;<strong>Goldenart Production<\/strong>&nbsp;in coproduzione con&nbsp;<strong>Teatro Stabile di Bolzano<\/strong>&nbsp;e&nbsp;<strong>Teatro Stabile del Friuli Venezia Giulia<\/strong>&nbsp;vuole proporre un approccio nuovo e originale al mezzo teatrale: un progetto trasversale, di ampio respiro e fortemente ambizioso, in linea con il gusto delle produzioni internazionali.<\/p>\n\n\n\n<p>\u201cSissi \u00e8 il simbolo di un mondo condannato. Se fosse questione soltanto della sua vita, della sua personale esistenza, gi\u00e0 varrebbe la pena di occuparsene. Ma si tratterebbe semplicemente di un caso. Sissi invece \u00e8 al tempo stesso un caso e un simbolo. Per questo non la si pu\u00f2 trascurare. Come fenomeno umano fu la figura pi\u00f9 affascinante di una decadenza, di una rovina\u201d (E.M. Cioran).<\/p>\n\n\n\n<p>In allegato il comunicato stampa con le note di regia e la biografia di Federica Luna Vincenti<\/p>\n\n\n\n<p><strong>Il trailer<\/strong><\/p>\n\n\n\n<figure class=\"wp-block-embed\"><div class=\"wp-block-embed__wrapper\">\nhttps:\/\/www.swisstransfer.com\/d\/08de0c2a-14a1-4dec-b0ae-e90515bda15d\n<\/div><\/figure>\n\n\n\n<p><strong>Il manifesto<\/strong><\/p>\n\n\n\n<figure class=\"wp-block-embed\"><div class=\"wp-block-embed__wrapper\">\nhttps:\/\/www.swisstransfer.com\/d\/3049849b-a1af-4ccc-8106-e8d2960d1b86\n<\/div><\/figure>\n\n\n\n<p><strong>Le foto di scena<\/strong>&nbsp;(foto di Gianmarco Chieregato)<\/p>\n\n\n\n<figure class=\"wp-block-embed\"><div class=\"wp-block-embed__wrapper\">\nhttps:\/\/drive.google.com\/drive\/folders\/1M7Kgc-UVjhVWJg0VPAvRglEeVPjsnJcM\n<\/div><\/figure>\n\n\n\n<p><strong>Alcune recensioni dello spettacolo<\/strong><\/p>\n\n\n\n<figure class=\"wp-block-embed\"><div class=\"wp-block-embed__wrapper\">\nhttps:\/\/www.teatro.it\/recensioni\/sissi-limperatrice\/federica-luna-vincenti-ovvero-sissi-in-versione-dark\n<\/div><\/figure>\n\n\n\n<figure class=\"wp-block-embed is-type-wp-embed is-provider-nordestnews wp-block-embed-nordestnews\"><div class=\"wp-block-embed__wrapper\">\n<blockquote class=\"wp-embedded-content\" data-secret=\"USX6Tnq3oo\"><a href=\"https:\/\/www.nordestnews.it\/2025\/03\/26\/sissi-limperatrice-al-teatro-rossetti-una-straordinaria-federica-luna-vincenti-ci-offre-una-profonda-interpretazione-sul-vero-persiero-dellirrequieta-e-sfortunata-imperatrice\/\">\u201cSISSI L&#8217;IMPERATRICE\u201d: AL TEATRO ROSSETTI UNA STRAORDINARIA FEDERICA LUNA VINCENTI CI OFFRE UNA PROFONDA INTERPRETAZIONE SUL VERO PENSIERO DELL&#8217;IRREQUIETA E SFORTUNATA IMPERATRICE<\/a><\/blockquote><iframe loading=\"lazy\" class=\"wp-embedded-content\" sandbox=\"allow-scripts\" security=\"restricted\" style=\"position: absolute; visibility: hidden;\" title=\"&#8220;\u201cSISSI L&#8217;IMPERATRICE\u201d: AL TEATRO ROSSETTI UNA STRAORDINARIA FEDERICA LUNA VINCENTI CI OFFRE UNA PROFONDA INTERPRETAZIONE SUL VERO PENSIERO DELL&#8217;IRREQUIETA E SFORTUNATA IMPERATRICE&#8221; &#8212; NordestNews\" src=\"https:\/\/www.nordestnews.it\/2025\/03\/26\/sissi-limperatrice-al-teatro-rossetti-una-straordinaria-federica-luna-vincenti-ci-offre-una-profonda-interpretazione-sul-vero-persiero-dellirrequieta-e-sfortunata-imperatrice\/embed\/#?secret=iVMBGuHLee#?secret=USX6Tnq3oo\" data-secret=\"USX6Tnq3oo\" width=\"500\" height=\"282\" frameborder=\"0\" marginwidth=\"0\" marginheight=\"0\" scrolling=\"no\"><\/iframe>\n<\/div><\/figure>\n\n\n\n<figure class=\"wp-block-embed\"><div class=\"wp-block-embed__wrapper\">\nhttps:\/\/www.sipario.it\/recensioniprosas\/item\/16597-sissi-l-imperatrice-regia-roberto-cavosi.html?tmpl=component&#038;print=1\n<\/div><\/figure>\n\n\n\n<p>&#8212;<br>Antonio Naselli<\/p>\n\n\n\n<p>Ufficio Stampa e Promozione<\/p>\n\n\n\n<p><a href=\"mailto:antonionaselli.press@gmail.com\" target=\"_blank\" rel=\"noreferrer noopener\">antonionaselli.press@gmail.com<\/a><\/p>\n\n\n\n<p>mob. (+39) 333.1865970<\/p>\n\n\n\n<p><\/p>\n","protected":false},"excerpt":{"rendered":"<p>Comunicato stampa Acclamata da pubblico e critica, arriva a Roma Sissi l\u2019imperatrice&nbsp;con Federica Luna Vincenti La grande storia dell\u2019inquieta e [&hellip;]<\/p>\n","protected":false},"author":1,"featured_media":0,"comment_status":"open","ping_status":"open","sticky":false,"template":"","format":"standard","meta":{"footnotes":""},"categories":[2,10],"tags":[],"class_list":["post-85165","post","type-post","status-publish","format-standard","hentry","category-informacion","category-italiano"],"_links":{"self":[{"href":"https:\/\/www.ecoitaliano.com.ar\/index.php?rest_route=\/wp\/v2\/posts\/85165","targetHints":{"allow":["GET"]}}],"collection":[{"href":"https:\/\/www.ecoitaliano.com.ar\/index.php?rest_route=\/wp\/v2\/posts"}],"about":[{"href":"https:\/\/www.ecoitaliano.com.ar\/index.php?rest_route=\/wp\/v2\/types\/post"}],"author":[{"embeddable":true,"href":"https:\/\/www.ecoitaliano.com.ar\/index.php?rest_route=\/wp\/v2\/users\/1"}],"replies":[{"embeddable":true,"href":"https:\/\/www.ecoitaliano.com.ar\/index.php?rest_route=%2Fwp%2Fv2%2Fcomments&post=85165"}],"version-history":[{"count":1,"href":"https:\/\/www.ecoitaliano.com.ar\/index.php?rest_route=\/wp\/v2\/posts\/85165\/revisions"}],"predecessor-version":[{"id":85167,"href":"https:\/\/www.ecoitaliano.com.ar\/index.php?rest_route=\/wp\/v2\/posts\/85165\/revisions\/85167"}],"wp:attachment":[{"href":"https:\/\/www.ecoitaliano.com.ar\/index.php?rest_route=%2Fwp%2Fv2%2Fmedia&parent=85165"}],"wp:term":[{"taxonomy":"category","embeddable":true,"href":"https:\/\/www.ecoitaliano.com.ar\/index.php?rest_route=%2Fwp%2Fv2%2Fcategories&post=85165"},{"taxonomy":"post_tag","embeddable":true,"href":"https:\/\/www.ecoitaliano.com.ar\/index.php?rest_route=%2Fwp%2Fv2%2Ftags&post=85165"}],"curies":[{"name":"wp","href":"https:\/\/api.w.org\/{rel}","templated":true}]}}