{"id":85171,"date":"2026-01-26T11:35:39","date_gmt":"2026-01-26T11:35:39","guid":{"rendered":"https:\/\/www.ecoitaliano.com.ar\/?p=85171"},"modified":"2026-01-26T11:35:54","modified_gmt":"2026-01-26T11:35:54","slug":"book-pride-torna-a-milano-dal-20-al-22-marzo-la-fiera-delleditoria-indipendente","status":"publish","type":"post","link":"https:\/\/www.ecoitaliano.com.ar\/?p=85171","title":{"rendered":"Book Pride, torna a Milano, dal 20 al 22 marzo, la fiera dell&#8217;editoria indipendente"},"content":{"rendered":"\n<figure class=\"wp-block-table\"><table class=\"has-fixed-layout\"><tbody><tr><td><img decoding=\"async\" src=\"https:\/\/ci3.googleusercontent.com\/meips\/ADKq_NZC1twwCPWOgQSajRkcr_RFz0G-0tGVYsXa4w2FuYGwBw3KcYlOIhK70oLI_kKW03QmXMC-z3pR_pJY4zk9G9Zy5ANz-1Dv_dDSbgeMpZzxHdzTtEYrseeA7w0EKGXzEuFJwm06jxJSqDP6Re7l=s0-d-e1-ft#https:\/\/gbfa4.img.sp1-brevo.net\/im\/sh\/txhGTF63J3ty.jpg?u=7xwQLFBtniwQn1M7ZYW8IhiFwEavAM5\" width=\"600\"><strong>BOOK PRIDE, TORNA A MILANO LA FIERA NAZIONALE DELL\u2019EDITORIA INDIPENDENTE<\/strong><em><strong>Da Phoebe Greenwood a Claire Lynch, da<\/strong><\/em><em><strong>Clara Us\u00f3n a Silver, passando per Daria Bignardi, Lea Melandri, Marco Missiroli, Christian Raimo, e poi ancora Francesco Costa, Sara De Simone e Tito Faraci: questi e molti altri ospiti dall\u2019Italia e dal mondo che saranno protagonisti della X edizione.&nbsp;<\/strong><\/em><br><em><strong>\u201cLa speranza \u00e8 la cosa con le piume\u201d: saranno i versi di Dickinson a dar voce al tema di quest\u2019anno.&nbsp;<\/strong><\/em><br><em><strong>A Book Pride 2026 debutta \u201cAcrobate\u201d: uno spazio di incontri letterari dedicato alle scrittrici che hanno trasformato il vuoto e la paura in parola<\/strong><\/em><br><strong>20, 21 e 22 marzo 2026&nbsp;<\/strong><strong>Superstudio Maxi (Via Moncucco 35) &#8211; MILANO<\/strong><br><a href=\"https:\/\/gbfa4.r.sp1-brevo.net\/mk\/cl\/f\/sh\/SMK1E8tHeFuBlCKQn7QfpZyNUMJ7\/Y5p9ATSspZG7\" target=\"_blank\" rel=\"noreferrer noopener\"><u><strong>QUI FOTO BOOK PRIDE<\/strong><\/u><\/a><a href=\"https:\/\/gbfa4.r.sp1-brevo.net\/mk\/cl\/f\/sh\/SMK1E8tHeG13DL9NyHa9vPH7SetN\/mxgVgJuEF2Dr\" target=\"_blank\" rel=\"noreferrer noopener\"><u><strong>QUI BANNER E MANIFESTO<\/strong><\/u><\/a><em><u>Milano, 26.01.2026<\/u><\/em><em>&nbsp;&#8211;<\/em>&nbsp;<em><strong>La speranza \u00e8 la cosa con le piume<\/strong><\/em>: un\u2019immagine semplice e potentissima, affidata da&nbsp;<strong>Emily Dickinson<\/strong>&nbsp;alla poesia nel 1861. Questo&nbsp;<strong>\u00e8 il tema della X edizione della fiera nazionale dell\u2019editoria indipendente<\/strong>&nbsp;&#8211;&nbsp;<strong>organizzata dal Salone Internazionale del Libro di Torino&nbsp;<\/strong>&#8211; che torna a Milano dal 20 al 22 marzo 2026 presso il Superstudio Maxi (Via Moncucco 35, Milano &#8211; Metropolitana Linea M2 Famagosta). Tre giorni dedicati ai libri, alle idee e alle storie che interrogano il presente e immaginano il futuro:&nbsp;<strong>Book Pride si conferma appuntamento centrale per l\u2019editoria indipendente e di progetto italiana<\/strong>, rivendicandone con orgoglio la qualit\u00e0, la cura e la pluralit\u00e0.Con il&nbsp;<strong>coordinamento editoriale di Francesca Mancini&nbsp;<\/strong>e la rinnovata&nbsp;<strong>curatela di Marco Amerighi e Laura Pezzino,&nbsp;<\/strong>il programma dell\u2019edizione 2026 \u00e8 nuovamente affidato a una squadra di lavoro che unisce continuit\u00e0 e visione. Torneranno anche le speciali sezioni&nbsp;<strong>Book Young e YA, Book Comics e Book Sport<\/strong>, affidate rispettivamente alla curatela di&nbsp;<strong>Valentina De Poli<\/strong>&nbsp;e&nbsp;<strong>Federico Vergari<\/strong>. Per il 2026 Book Pride sceglie di camminare ancora una volta con la parola delle donne &#8211; l\u2019anno scorso era stata Ursula K. Le Guin a dare ispirazione per il tema di edizione &#8211; e&nbsp;<strong>affida il proprio titolo alla poeta Emily Dickinson<\/strong>.&nbsp;<br><em>\u00abAbbiamo deciso di mettere al centro di questa edizione la parola \u201csperanza\u201d e l\u2019abbiamo fatto con le parole di una delle pi\u00f9 grandi poete della libert\u00e0 e della forza del pensiero: Emily Dickinson. Perch\u00e9 \u00e8 di questa speranza che resiste di cui oggi abbiamo bisogno. La speranza di un mondo migliore, un mondo in cui guerre, ingiustizie e sofferenze smettano di colpire le persone pi\u00f9 fragili e indifese. La speranza di una societ\u00e0 pi\u00f9 inclusiva per le nuove generazioni, in cui nessuno sia lasciato indietro e in cui la dignit\u00e0 non sia un privilegio, ma un diritto. Quella speranza che oggi ci chiama alla responsabilit\u00e0, all\u2019azione e alla cura\u00bb&nbsp;<\/em><strong>hanno dichiarato la coordinatrice editoriale<\/strong>&nbsp;<strong>Francesca Mancini<\/strong>&nbsp;<strong>e i<\/strong>&nbsp;<strong>curatori<\/strong>&nbsp;<strong>Marco Amerighi&nbsp;<\/strong>e&nbsp;<strong>Laura Pezzino<\/strong>.<br><em>\u00abBook Pride nasce e cresce come luogo di ascolto, visibilit\u00e0 e dialogo, pensato per accompagnare un settore che contribuisce in modo decisivo alla vitalit\u00e0 e alla pluralit\u00e0 del panorama editoriale contemporaneo. Come Salone Internazionale del Libro di Torino, continuiamo ad affiancare e sostenere i piccoli e medi editori: quell\u2019editoria autonoma, di ricerca e sperimentazione, che ha un ruolo fondamentale anche nella scoperta di nuove voci. In un tempo segnato da trasformazioni profonde, crediamo che la letteratura resti uno spazio essenziale di responsabilit\u00e0, confronto e immaginazione. Book Pride 2026 sar\u00e0 un\u2019occasione di incontro, capace di interrogare il presente e di continuare a guardare al futuro\u00bb<\/em>&nbsp;le parole di&nbsp;<strong>Silvio Viale<\/strong>,&nbsp;<em><strong>Presidente dell\u2019associazione Torino, la Citt\u00e0 del Libro<\/strong><\/em><strong>.<\/strong><br><strong>I TRE GIORNI DELLA FIERA &#8211;&nbsp;<\/strong>Durante i giorni di Book Pride arriveranno a Milano tantissimi ospiti dall\u2019Italia e dal mondo: tra loro la scrittrice catalana&nbsp;<strong>Clara Us\u00f3n&nbsp;<\/strong>autrice de&nbsp;<em>Le belve&nbsp;<\/em>(Sellerio Editore) che ripercorre la storia di una delle pi\u00f9 sanguinarie terroriste dell\u2019Eta mostrando come nazionalismi e terrorismo di Stato contaminino vita e affetti; la scrittrice inglese&nbsp;<strong>Claire Lynch<\/strong>, a partire dal suo fortunato romanzo d\u2019esordio<em>&nbsp;Una questione di famiglia<\/em>&nbsp;(Fazi Editore), parler\u00e0 di rapporti intergenerazionali e familiari nella societ\u00e0 moderna. A Book Pride anche la giornalista britannica<strong>&nbsp;Phoebe Greenwood&nbsp;<\/strong>con il suo&nbsp;<em>Avvoltoi&nbsp;<\/em>(Edizioni e\/o), una narrazione satirica ambientata nella Gaza del 2012 dove, nella tragedia mediorientale, una reporter ambiziosa rischia tutto per uno scoop. E ancora, dalla critica letteraria&nbsp;<strong>Sara De Simone<\/strong>&nbsp;che far\u00e0 un omaggio &nbsp;inedito e vitale a Emily Dickinson e al suo talento per la felicit\u00e0, alla scrittrice e filosofa&nbsp;<strong>Silvia Grasso<\/strong>&nbsp;che, a partire dal suo libro&nbsp;<em>Le differenze che stiamo attraversando<\/em>&nbsp;(Mimesis Edizioni) si confronter\u00e0 con la scrittrice&nbsp;<strong>Carolina Capria<\/strong>&nbsp;sul concetto di differenza sessuale nella storia della filosofia. Molto atteso anche l\u2019incontro con la pensatrice femminista&nbsp;<strong>Lea Melandri<\/strong>&nbsp;che, con il suo&nbsp;<em>Preistorie&nbsp;<\/em>(Prospero Editore), ripercorre attraverso fatti di cronaca la storia delle relazioni &#8211; amorose e civili &#8211; in un mondo in cui i confini tra privato e pubblico si sono profondamente modificati. Alla manifestazione parteciperanno anche le scrittrici&nbsp;<strong>Daria Bignardi&nbsp;<\/strong>e&nbsp;<strong>Chiara Alessi<\/strong>, protagoniste di un confronto sui vecchi e nuovi modi di abitare il corpo e le solitudini femminili nel presente. Davanti alle notizie drammatiche che arrivano dagli Stati Uniti, tante persone si chiedono: come se ne esce? Con i giornalisti<strong>&nbsp;Francesco Costa<\/strong>&nbsp;e<strong>&nbsp;Luciana Grasso&nbsp;<\/strong>parleremo di una delle vicende politiche pi\u00f9 significative prodotte dai Democratici dopo la rielezione di Donald Trump, come l&#8217;ascesa di Zohran Mamdani, e del possibile futuro dei progressisti americani. Lo scrittore&nbsp;<strong>Daniele Mencarelli<\/strong>, autore di&nbsp;<em>Quattro presunti familiari<\/em>&nbsp;(Sellerio Editore), ci condurr\u00e0 in una storia nera intrisa di violenza e nostalgia per il potere.&nbsp;<strong>Christian Raimo&nbsp;<\/strong>presenter\u00e0 il suo nuovo romanzo,&nbsp;<em>L\u2019invenzione del colore&nbsp;<\/em>(Nave di Teseo)<em>,<\/em>&nbsp;un racconto che intreccia memoria privata e storia collettiva, formazione sentimentale e immaginario cinematografico.<br>In occasione della X edizione della fiera dell\u2019editoria indipendente debutta \u201cAcrobate\u201d, un nuovo spazio di incontri letterari dedicato a scrittrici che hanno trasformato il vuoto e la paura in parola, facendo della scrittura un esercizio di equilibrio tra fragilit\u00e0 e potenza, corpo e pensiero: tra gli e le ospiti di questo spazio la giornalista e scrittrice&nbsp;<strong>Nadeesha Uyangoda<\/strong>&nbsp;che ci mostrer\u00e0 l\u2019universo letterario di Toni Morrison, premio Nobel per la letteratura nel 1993; lo scrittore&nbsp;<strong>Marco Missiroli&nbsp;<\/strong>invece entrer\u00e0 nell\u2019opera della grande scrittrice ungherese, naturalizzata svizzera, \u00c1gota Krist\u00f3f, e la regista e attrice pluripremiata&nbsp;<strong>Daria Deflorian<\/strong>&nbsp;far\u00e0 un reading dal romanzo&nbsp;<em>Atti Umani<\/em>&nbsp;della premio Nobel Han Kang. I tre giorni saranno anche l\u2019occasione per celebrare alcuni<strong>&nbsp;importanti anniversari letterari&nbsp;<\/strong>che segnano l\u2019anno. Dai duecento anni dalla nascita di&nbsp;<strong>Carlo Collodi<\/strong>, padre del burattino pi\u00f9 famoso del mondo, al centenario del Premio Nobel a&nbsp;<strong>Grazia Deledda<\/strong>, fino al cinquantesimo anniversario della morte di&nbsp;<strong>Agatha Christie<\/strong>: la fiera proporr\u00e0 uno sguardo rinnovato su autori e autrici che hanno attraversato il canone, interrogandone l\u2019eredit\u00e0 e la capacit\u00e0 di parlare ancora al presente.<br><strong>DAL FUMETTO ALLO SPORT, PASSANDO PER GRANDI STORIE DEDICATE ALLE NUOVE GENERAZIONI: TORNANO LE SEZIONI SPECIALI DI BOOK PRIDE &#8211;&nbsp;<\/strong>Non mancheranno le consuete sezioni speciali: sar\u00e0 una fiera capace di raccontare l\u2019editoria indipendente in tutte le sue forme e linguaggi. Grande attenzione sar\u00e0 dedicata alle nuove generazioni con&nbsp;<strong>Book Young e Book YA<\/strong>, con la proposta di un programma articolato di incontri, laboratori e momenti di partecipazione attiva per bambini, bambine, ragazze e ragazzi, in dialogo costante con scuole, biblioteche, librerie e realt\u00e0 educative del territorio. Con l\u2019associazione&nbsp;<strong>Wikimedia Italia<\/strong>&nbsp;parleremo di come riconoscere le fake news al tempo dell&#8217;intelligenza artificiale, mentre con la onlus<strong>&nbsp;Insieme nelle Terre di Mezzo ODV&nbsp;<\/strong>scopriremo chi si nasconde dietro un libro con il laboratorio di scrittura creativa per bambini e bambine. A Book Young torna anche il&nbsp;<strong>Centro Formazione Supereroi<\/strong>, con la sua missione di diffondere la scrittura come superpotere per affrontare il mondo. Tantissimi anche gli autori e autrici che porteranno le loro storie ai lettori e alle lettrici in erba, come la scrittrice e illustratrice&nbsp;<strong>Roberta Ragona&nbsp;<\/strong>con&nbsp;<em>Fossili viventi<\/em>&nbsp;(Aboca Kids), il libro dedicato alle creature del passato che vivono ancora accanto a noi; e la scrittrice&nbsp;<strong>Anna Vivarelli<\/strong>&nbsp;con la storia di&nbsp;<em>Adele<\/em>&nbsp;(Sinnos Editrice), un racconto sul valore della determinazione e sulla possibilit\u00e0 di cambiare senza perdere se stessi. Tra gli ospiti di Book Young anche il vincitore del Gran Guinigi 2025&nbsp;<strong>Giuseppe Ferrario<\/strong>&nbsp;con il fumetto&nbsp;<em>Al di l\u00e0 del Fiume<\/em>&nbsp;(Terre di Mezzo Editore) e molti altri.<br>Torna&nbsp;<strong>Book Comics,<\/strong>&nbsp;lo spazio dedicato alla nona arte con incontri e workshop che esplorano il fumetto come linguaggio espressivo capace di interrogare il presente e raggiungere pubblici sempre pi\u00f9 ampi e trasversali. Molti gli ospiti che arriveranno al Superstudio Maxi: attesissimo l\u2019incontro con il fumettista&nbsp;<strong>Silver&nbsp;<\/strong>e l\u2019illustratore&nbsp;<strong>Spugna&nbsp;<\/strong>che racconteranno delle nuove (dis)avventure di&nbsp;<em>Cattivik&nbsp;<\/em>(Gigaciao). A Milano anche &nbsp;<strong>Loputyn<\/strong>&nbsp;con il suo nuovo libro<em>&nbsp;Forget me not<\/em>&nbsp;(Rebelle Edizioni), un\u2019opera sospesa tra fiaba dark, introspezione e romanticismo. Ci sar\u00e0 l\u2019occasione anche di esplorare le possibilit\u00e0 di interazione tra il fumetto e il dibattito sulla salute con il fumettista&nbsp;<strong>Tito Faraci&nbsp;<\/strong>e l&#8217;associazione culturale&nbsp;<strong>Graphic Medicine<\/strong>.<br>Infine,<strong>&nbsp;Book Sport&nbsp;<\/strong>assumer\u00e0 nel 2026 un significato particolare: nell\u2019anno di Milano\u2013Cortina, la sezione dedicata allo sport diventer\u00e0 occasione per riflettere sulle storie sportive come racconti di corpi, comunit\u00e0 e percorsi collettivi. Molto atteso l\u2019incontro con lo scrittore<strong>&nbsp;Giuseppe Pastore&nbsp;<\/strong>che porter\u00e0 a Book Pride il ricordo della leggenda dello sci Alberto Tomba a partire dal suo libro&nbsp;<em>La Bomba<\/em>&nbsp;(66thand2nd).<br><em><strong>ALTRE INFORMAZIONI:&nbsp;<\/strong><\/em><em>La fiera \u00e8 totalmente accessibile in tutte le sue aree. La biglietteria online aprir\u00e0 a met\u00e0 febbraio, da quel momento sar\u00e0 possibile anche l\u2019accreditamento per i giornalisti tramite l\u2019area press del sito di Book Pride. La fiera \u00e8 aperta il venerd\u00ec dalle ore 10 alle ore 21, il sabato e la domenica dalle ore 10 alle ore 20. Per scuole e under 18 l&#8217;ingresso \u00e8 gratuito. Tutto il programma sar\u00e0 disponibile sul sito&nbsp;<\/em><a href=\"https:\/\/gbfa4.r.sp1-brevo.net\/mk\/cl\/f\/sh\/SMK1E8tHeG7ufTyL9Rje1EZrQxTd\/o5FZAcpAUImV\" target=\"_blank\" rel=\"noreferrer noopener\"><em><u>www.bookpride.net<\/u><\/em><\/a><em>. Oltre che con il sito, la fiera \u00e8 presente online con i canali social Instagram e Facebook, dove saranno proposti contenuti speciali. L\u2019hashtag ufficiale della manifestazione \u00e8 #BookPride. Book Pride \u2013 Fiera Nazionale dell\u2019editoria indipendente \u00e8 organizzata dal Salone Internazionale del Libro di Torino.<\/em><br><em><strong>UFFICIO STAMPA BOOK PRIDE &#8211;&nbsp;<a href=\"mailto:stampa@bookpride.net\" target=\"_blank\" rel=\"noreferrer noopener\">stampa@bookpride.net<\/a><\/strong><\/em><em>Silvia Bellucci +39 3461561637<\/em><em>Claudia Cervellini +39 320 424 5502<\/em><em>Silvia Costantino +39 333 656 9893<\/em>&nbsp;<a href=\"https:\/\/gbfa4.r.sp1-brevo.net\/mk\/un\/v2\/sh\/SMJz09a0vkbXpHEjVLULqtFG72ld\/cTTGPpj0YQG3\" target=\"_blank\" rel=\"noreferrer noopener\"><u>Annulla iscrizione<\/u><\/a><\/td><\/tr><\/tbody><\/table><\/figure>\n","protected":false},"excerpt":{"rendered":"<p>BOOK PRIDE, TORNA A MILANO LA FIERA NAZIONALE DELL\u2019EDITORIA INDIPENDENTEDa Phoebe Greenwood a Claire Lynch, daClara Us\u00f3n a Silver, passando [&hellip;]<\/p>\n","protected":false},"author":1,"featured_media":0,"comment_status":"open","ping_status":"open","sticky":false,"template":"","format":"standard","meta":{"footnotes":""},"categories":[2,10],"tags":[],"class_list":["post-85171","post","type-post","status-publish","format-standard","hentry","category-informacion","category-italiano"],"_links":{"self":[{"href":"https:\/\/www.ecoitaliano.com.ar\/index.php?rest_route=\/wp\/v2\/posts\/85171","targetHints":{"allow":["GET"]}}],"collection":[{"href":"https:\/\/www.ecoitaliano.com.ar\/index.php?rest_route=\/wp\/v2\/posts"}],"about":[{"href":"https:\/\/www.ecoitaliano.com.ar\/index.php?rest_route=\/wp\/v2\/types\/post"}],"author":[{"embeddable":true,"href":"https:\/\/www.ecoitaliano.com.ar\/index.php?rest_route=\/wp\/v2\/users\/1"}],"replies":[{"embeddable":true,"href":"https:\/\/www.ecoitaliano.com.ar\/index.php?rest_route=%2Fwp%2Fv2%2Fcomments&post=85171"}],"version-history":[{"count":1,"href":"https:\/\/www.ecoitaliano.com.ar\/index.php?rest_route=\/wp\/v2\/posts\/85171\/revisions"}],"predecessor-version":[{"id":85172,"href":"https:\/\/www.ecoitaliano.com.ar\/index.php?rest_route=\/wp\/v2\/posts\/85171\/revisions\/85172"}],"wp:attachment":[{"href":"https:\/\/www.ecoitaliano.com.ar\/index.php?rest_route=%2Fwp%2Fv2%2Fmedia&parent=85171"}],"wp:term":[{"taxonomy":"category","embeddable":true,"href":"https:\/\/www.ecoitaliano.com.ar\/index.php?rest_route=%2Fwp%2Fv2%2Fcategories&post=85171"},{"taxonomy":"post_tag","embeddable":true,"href":"https:\/\/www.ecoitaliano.com.ar\/index.php?rest_route=%2Fwp%2Fv2%2Ftags&post=85171"}],"curies":[{"name":"wp","href":"https:\/\/api.w.org\/{rel}","templated":true}]}}