{"id":85175,"date":"2026-01-26T12:39:29","date_gmt":"2026-01-26T12:39:29","guid":{"rendered":"https:\/\/www.ecoitaliano.com.ar\/?p=85175"},"modified":"2026-01-26T13:00:21","modified_gmt":"2026-01-26T13:00:21","slug":"al-xxi-congresso-nazionale-svoltosi-allarsenale-della-pace-di-torino-grande-affermazione-per-ucsi-sicilia-eletti-cinque-siciliani-nei-vertici-nazionali","status":"publish","type":"post","link":"https:\/\/www.ecoitaliano.com.ar\/?p=85175","title":{"rendered":"Unione Cattolica Stampa Italiana, larga affermazione per la Sicilia al Congresso nazionale di Torino che ha confermato Vincenzo Varagona presidente ed eletto tra i vice della Giunta anche Domenico Interdonato, gi\u00e0 presidente regionale In Consiglio nazionale eletti Laura Simoncini e Francesco Pira; Antonio Foti \u00e8 stato confermato presidente del Collegio dei Garanti, Giovanni Corso \u00e8 stato eletto nel Collegio dei revisori"},"content":{"rendered":"<div class=\"wp-block-image\">\n<figure class=\"aligncenter size-full\"><a href=\"http:\/\/www.ecoitaliano.com.ar\/wp-content\/uploads\/2026\/01\/00-UCSI-LA-DELEGAZIONE-SICILIANA-CON-IL-PRESIDENTE-NAZIONALE-VARAGONA.jpg\"><img decoding=\"async\" width=\"640\" height=\"422\" src=\"http:\/\/www.ecoitaliano.com.ar\/wp-content\/uploads\/2026\/01\/00-UCSI-LA-DELEGAZIONE-SICILIANA-CON-IL-PRESIDENTE-NAZIONALE-VARAGONA.jpg\" alt=\"\" class=\"wp-image-85181\" srcset=\"https:\/\/www.ecoitaliano.com.ar\/wp-content\/uploads\/2026\/01\/00-UCSI-LA-DELEGAZIONE-SICILIANA-CON-IL-PRESIDENTE-NAZIONALE-VARAGONA.jpg 640w, https:\/\/www.ecoitaliano.com.ar\/wp-content\/uploads\/2026\/01\/00-UCSI-LA-DELEGAZIONE-SICILIANA-CON-IL-PRESIDENTE-NAZIONALE-VARAGONA-300x198.jpg 300w, https:\/\/www.ecoitaliano.com.ar\/wp-content\/uploads\/2026\/01\/00-UCSI-LA-DELEGAZIONE-SICILIANA-CON-IL-PRESIDENTE-NAZIONALE-VARAGONA-150x99.jpg 150w\" sizes=\"(max-width: 640px) 100vw, 640px\" \/><\/a><\/figure><\/div>\n\n\n<figure class=\"wp-block-gallery has-nested-images columns-default is-cropped wp-block-gallery-1 is-layout-flex wp-block-gallery-is-layout-flex\">\n<figure class=\"wp-block-image size-large\"><a href=\"https:\/\/www.ecoitaliano.com.ar\/wp-content\/uploads\/2026\/01\/04-UCSI-TO-CONGRESSO.jpg\"><img decoding=\"async\" width=\"640\" height=\"346\" data-id=\"85176\" src=\"https:\/\/www.ecoitaliano.com.ar\/wp-content\/uploads\/2026\/01\/04-UCSI-TO-CONGRESSO.jpg\" alt=\"\" class=\"wp-image-85176\" srcset=\"https:\/\/www.ecoitaliano.com.ar\/wp-content\/uploads\/2026\/01\/04-UCSI-TO-CONGRESSO.jpg 640w, https:\/\/www.ecoitaliano.com.ar\/wp-content\/uploads\/2026\/01\/04-UCSI-TO-CONGRESSO-300x162.jpg 300w, https:\/\/www.ecoitaliano.com.ar\/wp-content\/uploads\/2026\/01\/04-UCSI-TO-CONGRESSO-150x81.jpg 150w\" sizes=\"(max-width: 640px) 100vw, 640px\" \/><\/a><\/figure>\n\n\n\n<figure class=\"wp-block-image size-large\"><a href=\"https:\/\/www.ecoitaliano.com.ar\/wp-content\/uploads\/2026\/01\/02-UCSI-CONGRESSO-DI-TORINO.jpg\"><img decoding=\"async\" width=\"640\" height=\"384\" data-id=\"85177\" src=\"https:\/\/www.ecoitaliano.com.ar\/wp-content\/uploads\/2026\/01\/02-UCSI-CONGRESSO-DI-TORINO.jpg\" alt=\"\" class=\"wp-image-85177\" srcset=\"https:\/\/www.ecoitaliano.com.ar\/wp-content\/uploads\/2026\/01\/02-UCSI-CONGRESSO-DI-TORINO.jpg 640w, https:\/\/www.ecoitaliano.com.ar\/wp-content\/uploads\/2026\/01\/02-UCSI-CONGRESSO-DI-TORINO-300x180.jpg 300w, https:\/\/www.ecoitaliano.com.ar\/wp-content\/uploads\/2026\/01\/02-UCSI-CONGRESSO-DI-TORINO-150x90.jpg 150w, https:\/\/www.ecoitaliano.com.ar\/wp-content\/uploads\/2026\/01\/02-UCSI-CONGRESSO-DI-TORINO-250x150.jpg 250w\" sizes=\"(max-width: 640px) 100vw, 640px\" \/><\/a><\/figure>\n\n\n\n<figure class=\"wp-block-image size-large\"><a href=\"https:\/\/www.ecoitaliano.com.ar\/wp-content\/uploads\/2026\/01\/00-Da-sin.-Simoncini-Interdonato-e-Pira.jpg\"><img decoding=\"async\" width=\"640\" height=\"480\" data-id=\"85178\" src=\"https:\/\/www.ecoitaliano.com.ar\/wp-content\/uploads\/2026\/01\/00-Da-sin.-Simoncini-Interdonato-e-Pira.jpg\" alt=\"\" class=\"wp-image-85178\" srcset=\"https:\/\/www.ecoitaliano.com.ar\/wp-content\/uploads\/2026\/01\/00-Da-sin.-Simoncini-Interdonato-e-Pira.jpg 640w, https:\/\/www.ecoitaliano.com.ar\/wp-content\/uploads\/2026\/01\/00-Da-sin.-Simoncini-Interdonato-e-Pira-300x225.jpg 300w, https:\/\/www.ecoitaliano.com.ar\/wp-content\/uploads\/2026\/01\/00-Da-sin.-Simoncini-Interdonato-e-Pira-150x113.jpg 150w\" sizes=\"(max-width: 640px) 100vw, 640px\" \/><\/a><\/figure>\n<\/figure>\n\n\n\n<p><strong><br>Comunicato stampa<\/strong><strong>&nbsp;<\/strong><strong><\/strong><\/p>\n\n\n\n<p><strong>Unione Cattolica Stampa Italiana, larga affermazione per la Sicilia al Congresso nazionale di Torino che ha confermato Vincenzo Varagona presidente ed eletto tra i vice della Giunta anche Domenico Interdonato, gi\u00e0 presidente regionale<\/strong><\/p>\n\n\n\n<p><strong>In Consiglio nazionale eletti Laura Simoncini e Francesco Pira; Antonio Foti \u00e8 stato confermato presidente del Collegio dei Garanti, Giovanni Corso \u00e8 stato eletto nel Collegio dei revisori<\/strong><\/p>\n\n\n\n<p>A Torino grande affermazione per l\u2019Ucsi Sicilia, presieduta da Gaetano Rizzo, che nel giorno della Festa di San Francesco di Sales, Patrono dei giornalisti e dei comunicatori, \u00e8 riuscita ad assicurare un\u2019ampia e qualificata rappresentanza in ambito nazionale, cogliendo l\u2019invito al rinnovamento suggerito dal presidente nazionale Vincenzo Varagona, eletto in maniera plebiscitaria. Eletti: Domenico Interdonato \u00e8 stato eletto vicepresidente della Giunta nazionale; al consiglio nazionale eletti Francesco Pira e Laura Simoncini; alla presidenza del Collegio dei garanti \u00e8 stato confermato Antonio Foti, nel Collegio dei revisori \u00e8 stato eletto Giovanni Corso. Il XXI congresso nazionale dell\u2019Ucsi, che si \u00e8 svolto a Torino all\u2019Arsenale della Pace, sede del Sermig, ha eletto Vincenzo Varagona nel suo secondo mandato da presidente dell\u2019Unione Cattolica Stampa Italiana, accanto i tre vicepresidenti dell\u2019associazione Domenico Interdonato, Maria Luisa Sgobba e Antonello Riccelli. Della nuova giunta fanno parte anche Paola Springhetti (segretaria), Alessandro Zorco (tesoriere), Giuseppe Delle Cave, Paolo Lambruschi, Alberto Lazzarini e Luisa Pozzar. Il congresso ha eletto anche il nuovo Consiglio nazionale dell\u2019associazione, ne fanno parte: Claudio Baccarin (Veneto), Giustino Basso (Trentino Alto Adige), Elisa Battista (Piemonte), Sara Bessi (Toscana), Rita D\u2019Addona (Molise), Danijel Devetak (Friuli Venezia Giulia), Francesca Di Palma (Liguria), Giuseppe Longo (Basilicata), Elena Lovascio (Umbria), Andrea Pala (Sardegna), Mariangela Parisi (Campania), Francesco Pira (Sicilia), Laura Simoncini (Sicilia), Angela Trentini (Abruzzo), Daniela Verlicchi (Emilia Romagna).&nbsp;&nbsp;Nel Collegio dei garanti eletti Antonio Foti (Sicilia), confermato presidente, Giovanni Bucchi (Emilia Romagna) e Giulia Pigliucci (Lazio). Il Collegio dei revisori dei conti \u00e8 composto da Salvatore Catapano (Puglia), Giovanni Corso (Sicilia), Flaminia Vittoria Marinaro (Lazio), Piero Chinellato (Marche) e Eugenio Montesano (Basilicata).<\/p>\n","protected":false},"excerpt":{"rendered":"<p>Comunicato stampa&nbsp; Unione Cattolica Stampa Italiana, larga affermazione per la Sicilia al Congresso nazionale di Torino che ha confermato Vincenzo [&hellip;]<\/p>\n","protected":false},"author":1,"featured_media":0,"comment_status":"open","ping_status":"open","sticky":false,"template":"","format":"standard","meta":{"footnotes":""},"categories":[10,42],"tags":[],"class_list":["post-85175","post","type-post","status-publish","format-standard","hentry","category-italiano","category-religion"],"_links":{"self":[{"href":"https:\/\/www.ecoitaliano.com.ar\/index.php?rest_route=\/wp\/v2\/posts\/85175","targetHints":{"allow":["GET"]}}],"collection":[{"href":"https:\/\/www.ecoitaliano.com.ar\/index.php?rest_route=\/wp\/v2\/posts"}],"about":[{"href":"https:\/\/www.ecoitaliano.com.ar\/index.php?rest_route=\/wp\/v2\/types\/post"}],"author":[{"embeddable":true,"href":"https:\/\/www.ecoitaliano.com.ar\/index.php?rest_route=\/wp\/v2\/users\/1"}],"replies":[{"embeddable":true,"href":"https:\/\/www.ecoitaliano.com.ar\/index.php?rest_route=%2Fwp%2Fv2%2Fcomments&post=85175"}],"version-history":[{"count":3,"href":"https:\/\/www.ecoitaliano.com.ar\/index.php?rest_route=\/wp\/v2\/posts\/85175\/revisions"}],"predecessor-version":[{"id":85182,"href":"https:\/\/www.ecoitaliano.com.ar\/index.php?rest_route=\/wp\/v2\/posts\/85175\/revisions\/85182"}],"wp:attachment":[{"href":"https:\/\/www.ecoitaliano.com.ar\/index.php?rest_route=%2Fwp%2Fv2%2Fmedia&parent=85175"}],"wp:term":[{"taxonomy":"category","embeddable":true,"href":"https:\/\/www.ecoitaliano.com.ar\/index.php?rest_route=%2Fwp%2Fv2%2Fcategories&post=85175"},{"taxonomy":"post_tag","embeddable":true,"href":"https:\/\/www.ecoitaliano.com.ar\/index.php?rest_route=%2Fwp%2Fv2%2Ftags&post=85175"}],"curies":[{"name":"wp","href":"https:\/\/api.w.org\/{rel}","templated":true}]}}