{"id":85183,"date":"2026-01-26T13:45:19","date_gmt":"2026-01-26T13:45:19","guid":{"rendered":"https:\/\/www.ecoitaliano.com.ar\/?p=85183"},"modified":"2026-01-26T13:46:12","modified_gmt":"2026-01-26T13:46:12","slug":"bessy-in-tour-per-la-memoria-27-gennaio","status":"publish","type":"post","link":"https:\/\/www.ecoitaliano.com.ar\/?p=85183","title":{"rendered":"Bessy in tour per la MEMORIA 27 gennaio"},"content":{"rendered":"\n<figure class=\"wp-block-gallery has-nested-images columns-default is-cropped wp-block-gallery-1 is-layout-flex wp-block-gallery-is-layout-flex\">\n<figure class=\"wp-block-image size-large\"><a href=\"https:\/\/www.ecoitaliano.com.ar\/wp-content\/uploads\/2026\/01\/seg1.jpg\"><img decoding=\"async\" width=\"456\" height=\"1024\" data-id=\"85184\" src=\"https:\/\/www.ecoitaliano.com.ar\/wp-content\/uploads\/2026\/01\/seg1-456x1024.jpg\" alt=\"\" class=\"wp-image-85184\" srcset=\"https:\/\/www.ecoitaliano.com.ar\/wp-content\/uploads\/2026\/01\/seg1-456x1024.jpg 456w, https:\/\/www.ecoitaliano.com.ar\/wp-content\/uploads\/2026\/01\/seg1-134x300.jpg 134w, https:\/\/www.ecoitaliano.com.ar\/wp-content\/uploads\/2026\/01\/seg1-67x150.jpg 67w, https:\/\/www.ecoitaliano.com.ar\/wp-content\/uploads\/2026\/01\/seg1.jpg 623w\" sizes=\"(max-width: 456px) 100vw, 456px\" \/><\/a><\/figure>\n\n\n\n<figure class=\"wp-block-image size-large\"><a href=\"https:\/\/www.ecoitaliano.com.ar\/wp-content\/uploads\/2026\/01\/bessy.jpg\"><img decoding=\"async\" width=\"1020\" height=\"1024\" data-id=\"85185\" src=\"https:\/\/www.ecoitaliano.com.ar\/wp-content\/uploads\/2026\/01\/bessy-1020x1024.jpg\" alt=\"\" class=\"wp-image-85185\" srcset=\"https:\/\/www.ecoitaliano.com.ar\/wp-content\/uploads\/2026\/01\/bessy-1020x1024.jpg 1020w, https:\/\/www.ecoitaliano.com.ar\/wp-content\/uploads\/2026\/01\/bessy-300x300.jpg 300w, https:\/\/www.ecoitaliano.com.ar\/wp-content\/uploads\/2026\/01\/bessy-150x150.jpg 150w, https:\/\/www.ecoitaliano.com.ar\/wp-content\/uploads\/2026\/01\/bessy-768x771.jpg 768w, https:\/\/www.ecoitaliano.com.ar\/wp-content\/uploads\/2026\/01\/bessy.jpg 1312w\" sizes=\"(max-width: 1020px) 100vw, 1020px\" \/><\/a><\/figure>\n<\/figure>\n\n\n\n<figure class=\"wp-block-gallery has-nested-images columns-default is-cropped wp-block-gallery-2 is-layout-flex wp-block-gallery-is-layout-flex\">\n<figure class=\"wp-block-image size-large\"><a href=\"https:\/\/www.ecoitaliano.com.ar\/wp-content\/uploads\/2026\/01\/bessy-sc.jpg\"><img decoding=\"async\" width=\"750\" height=\"500\" data-id=\"85186\" src=\"https:\/\/www.ecoitaliano.com.ar\/wp-content\/uploads\/2026\/01\/bessy-sc.jpg\" alt=\"\" class=\"wp-image-85186\" srcset=\"https:\/\/www.ecoitaliano.com.ar\/wp-content\/uploads\/2026\/01\/bessy-sc.jpg 750w, https:\/\/www.ecoitaliano.com.ar\/wp-content\/uploads\/2026\/01\/bessy-sc-300x200.jpg 300w, https:\/\/www.ecoitaliano.com.ar\/wp-content\/uploads\/2026\/01\/bessy-sc-150x100.jpg 150w\" sizes=\"(max-width: 750px) 100vw, 750px\" \/><\/a><\/figure>\n\n\n\n<figure class=\"wp-block-image size-large\"><a href=\"https:\/\/www.ecoitaliano.com.ar\/wp-content\/uploads\/2026\/01\/bessy-ok.jpg\"><img decoding=\"async\" width=\"1024\" height=\"662\" data-id=\"85187\" src=\"https:\/\/www.ecoitaliano.com.ar\/wp-content\/uploads\/2026\/01\/bessy-ok-1024x662.jpg\" alt=\"\" class=\"wp-image-85187\" srcset=\"https:\/\/www.ecoitaliano.com.ar\/wp-content\/uploads\/2026\/01\/bessy-ok-1024x662.jpg 1024w, https:\/\/www.ecoitaliano.com.ar\/wp-content\/uploads\/2026\/01\/bessy-ok-300x194.jpg 300w, https:\/\/www.ecoitaliano.com.ar\/wp-content\/uploads\/2026\/01\/bessy-ok-768x496.jpg 768w, https:\/\/www.ecoitaliano.com.ar\/wp-content\/uploads\/2026\/01\/bessy-ok-1536x992.jpg 1536w, https:\/\/www.ecoitaliano.com.ar\/wp-content\/uploads\/2026\/01\/bessy-ok-150x97.jpg 150w, https:\/\/www.ecoitaliano.com.ar\/wp-content\/uploads\/2026\/01\/bessy-ok.jpg 2048w\" sizes=\"(max-width: 1024px) 100vw, 1024px\" \/><\/a><\/figure>\n\n\n\n<figure class=\"wp-block-image size-large\"><a href=\"https:\/\/www.ecoitaliano.com.ar\/wp-content\/uploads\/2026\/01\/bes2.jpg\"><img decoding=\"async\" width=\"1024\" height=\"683\" data-id=\"85188\" src=\"https:\/\/www.ecoitaliano.com.ar\/wp-content\/uploads\/2026\/01\/bes2-1024x683.jpg\" alt=\"\" class=\"wp-image-85188\" srcset=\"https:\/\/www.ecoitaliano.com.ar\/wp-content\/uploads\/2026\/01\/bes2-1024x683.jpg 1024w, https:\/\/www.ecoitaliano.com.ar\/wp-content\/uploads\/2026\/01\/bes2-300x200.jpg 300w, https:\/\/www.ecoitaliano.com.ar\/wp-content\/uploads\/2026\/01\/bes2-768x512.jpg 768w, https:\/\/www.ecoitaliano.com.ar\/wp-content\/uploads\/2026\/01\/bes2-1536x1025.jpg 1536w, https:\/\/www.ecoitaliano.com.ar\/wp-content\/uploads\/2026\/01\/bes2-150x100.jpg 150w, https:\/\/www.ecoitaliano.com.ar\/wp-content\/uploads\/2026\/01\/bes2.jpg 2048w\" sizes=\"(max-width: 1024px) 100vw, 1024px\" \/><\/a><\/figure>\n<\/figure>\n\n\n\n<p><br>La formichina Bessy \u00e8 pronta per il nuovo tour 2026, con partenza il 27 gennaio, giornata internazionale della Memoria . Incontrer\u00e0 oltre 160 studenti delle classi quarta e quinta della scuola primaria e prima secondaria di Aulla, istituto comprensivo Dante Alighieri diretto dalla dottoressa Silvia Bennati; mercoled\u00ec 28 incontrer\u00e0 gli alunni dell\u2019istituto comprensivo Gandhi di Albiano Magra per poi, prossimamente, proseguire in alcune scuole di Carrara, Saffi e Marconi. Adottata nella Giornata della memoria, dal 2023 la scrittrice Angela Maria Fruzzetti con il suo libro \u2019Ciao, mi chiamo Bessy\u2019, fiaba ispirata alla vita della senatrice Liliana Segre, edita da Tara editoria, \u00e8 ospite in diverse scuole del territorio.<br>Attraverso il viaggio di una piccola formica e della sua comunit\u00e0, i bambini possono ripercorrere i tragici eventi che sconvolsero l\u2019Europa nel Novecento: dall\u2019ingiustizia delle leggi razziali fino alla tragedia dei campi di sterminio.\u201d Bessy \u00e8 la protagonista di una narrazione sull\u2019Olocausto raccontata sotto forma di favola \u2013 spiega l\u2019autrice &#8211; , pensata per essere compresa dai bambini senza provocare traumi, ma rivolta anche agli adulti che hanno smarrito la storia e la memoria. \u00c8 una storia ispirata all\u2019esperienza della senatrice <strong>Liliana Segre<\/strong>, sopravvissuta al campo di sterminio di Auschwitz, ed \u00e8 scritta in memoria di milioni di persone che da quei luoghi infernali non fecero pi\u00f9 ritorno\u201d. Grazie all\u2019attenzione della Provincia di Massa Carrara, sensibile al tema della memoria, la senatrice Segre ha avuto modo di ricevere e apprezzare molto la favola tanto da inviare un messaggio di augurio, complimentandosi con la scrittrice. Il messaggio \u00e8 riportato nel segnalibro che accompagna il volume: \u201c<br>La farfalla gialla infatti, da me tante volte evocata, \u00e8 stata importante nella mia vita, perch\u00e9 mentre ancora eravamo internati nell&#8217;infernale campo di Auschwitz vedevamo in quella farfalla, che superava leggera il filo spinato, il simbolo della libert\u00e0, della speranza, della felicit\u00e0. Come la farfalla, anche la formichina Bessy suggerisce al nostro immaginario il senso della libert\u00e0, sempre possibile se sorretta da conoscenza, costanza, impegno \u2013 sono le parole di Liliana Segre, che invita le nuove generazioni ad essere \u201csentinelle della Memoria\u201d. Proprio in questi giorni, per volont\u00e0 della segreteria della senatrice, il<br>volume \u00e8 stato inserito nella biblioteca del Senato della Repubblica. Il testo \u00e8 stato illustrato dagli alunni della scuola primaria di Bedizzano i quali, con le loro insegnanti e la scrittrice Fruzzetti, sono stati anche al Binario 21 visitando il memoriale della Shoah, accompagnati da Bessy, la formichina che ancora non ha compiuto il suo viaggio. \u201cRingrazio \u2013 conclude Fruzzetti &#8211; le docenti delle scuole che anche quest\u2019anno hanno deciso di commemorare il 27 gennaio, Giornata della Memoria, con la fiaba di Bessy\u201d.<\/p>\n\n\n\n<blockquote class=\"wp-block-quote is-layout-flow wp-block-quote-is-layout-flow\">\n<p>Tara comunicazione<\/p>\n<\/blockquote>\n","protected":false},"excerpt":{"rendered":"<p>La formichina Bessy \u00e8 pronta per il nuovo tour 2026, con partenza il 27 gennaio, giornata internazionale della Memoria . [&hellip;]<\/p>\n","protected":false},"author":1,"featured_media":0,"comment_status":"open","ping_status":"open","sticky":false,"template":"","format":"standard","meta":{"footnotes":""},"categories":[2,10],"tags":[],"class_list":["post-85183","post","type-post","status-publish","format-standard","hentry","category-informacion","category-italiano"],"_links":{"self":[{"href":"https:\/\/www.ecoitaliano.com.ar\/index.php?rest_route=\/wp\/v2\/posts\/85183","targetHints":{"allow":["GET"]}}],"collection":[{"href":"https:\/\/www.ecoitaliano.com.ar\/index.php?rest_route=\/wp\/v2\/posts"}],"about":[{"href":"https:\/\/www.ecoitaliano.com.ar\/index.php?rest_route=\/wp\/v2\/types\/post"}],"author":[{"embeddable":true,"href":"https:\/\/www.ecoitaliano.com.ar\/index.php?rest_route=\/wp\/v2\/users\/1"}],"replies":[{"embeddable":true,"href":"https:\/\/www.ecoitaliano.com.ar\/index.php?rest_route=%2Fwp%2Fv2%2Fcomments&post=85183"}],"version-history":[{"count":2,"href":"https:\/\/www.ecoitaliano.com.ar\/index.php?rest_route=\/wp\/v2\/posts\/85183\/revisions"}],"predecessor-version":[{"id":85190,"href":"https:\/\/www.ecoitaliano.com.ar\/index.php?rest_route=\/wp\/v2\/posts\/85183\/revisions\/85190"}],"wp:attachment":[{"href":"https:\/\/www.ecoitaliano.com.ar\/index.php?rest_route=%2Fwp%2Fv2%2Fmedia&parent=85183"}],"wp:term":[{"taxonomy":"category","embeddable":true,"href":"https:\/\/www.ecoitaliano.com.ar\/index.php?rest_route=%2Fwp%2Fv2%2Fcategories&post=85183"},{"taxonomy":"post_tag","embeddable":true,"href":"https:\/\/www.ecoitaliano.com.ar\/index.php?rest_route=%2Fwp%2Fv2%2Ftags&post=85183"}],"curies":[{"name":"wp","href":"https:\/\/api.w.org\/{rel}","templated":true}]}}