{"id":85201,"date":"2026-01-26T22:32:54","date_gmt":"2026-01-26T22:32:54","guid":{"rendered":"https:\/\/www.ecoitaliano.com.ar\/?p=85201"},"modified":"2026-01-26T22:32:54","modified_gmt":"2026-01-26T22:32:54","slug":"serena-conduce-operaclassica-eco-italiano-4931","status":"publish","type":"post","link":"https:\/\/www.ecoitaliano.com.ar\/?p=85201","title":{"rendered":"Serena conduce operaclassica eco italiano"},"content":{"rendered":"<div class=\"wp-block-image\">\n<figure class=\"aligncenter size-large is-resized\"><a href=\"http:\/\/www.ecoitaliano.com.ar\/wp-content\/uploads\/2026\/01\/TRP-24-Marchio-Teatro-Regio-Parma_Blu.png\"><img decoding=\"async\" width=\"1024\" height=\"724\" src=\"http:\/\/www.ecoitaliano.com.ar\/wp-content\/uploads\/2026\/01\/TRP-24-Marchio-Teatro-Regio-Parma_Blu-1024x724.png\" alt=\"\" class=\"wp-image-84889\" style=\"width:218px;height:auto\" srcset=\"https:\/\/www.ecoitaliano.com.ar\/wp-content\/uploads\/2026\/01\/TRP-24-Marchio-Teatro-Regio-Parma_Blu-1024x724.png 1024w, https:\/\/www.ecoitaliano.com.ar\/wp-content\/uploads\/2026\/01\/TRP-24-Marchio-Teatro-Regio-Parma_Blu-300x212.png 300w, https:\/\/www.ecoitaliano.com.ar\/wp-content\/uploads\/2026\/01\/TRP-24-Marchio-Teatro-Regio-Parma_Blu-768x543.png 768w, https:\/\/www.ecoitaliano.com.ar\/wp-content\/uploads\/2026\/01\/TRP-24-Marchio-Teatro-Regio-Parma_Blu-1536x1086.png 1536w, https:\/\/www.ecoitaliano.com.ar\/wp-content\/uploads\/2026\/01\/TRP-24-Marchio-Teatro-Regio-Parma_Blu-2048x1448.png 2048w, https:\/\/www.ecoitaliano.com.ar\/wp-content\/uploads\/2026\/01\/TRP-24-Marchio-Teatro-Regio-Parma_Blu-150x106.png 150w\" sizes=\"(max-width: 1024px) 100vw, 1024px\" \/><\/a><\/figure><\/div>\n\n\n<h1 class=\"wp-block-heading\">ALESSANDRO CARBONARE,<\/h1>\n\n\n\n<h1 class=\"wp-block-heading\">IL TRIO DI PARMA<\/h1>\n\n\n\n<h1 class=\"wp-block-heading\">E MARCO BALIANI INAUGURANO<\/h1>\n\n\n\n<h1 class=\"wp-block-heading\">LA STAGIONE CONCERTISTICA 2026<\/h1>\n\n\n\n<p>Nel Giorno della Memoria, un concerto, che vuol essere un ponte tra musica, parola e storia per non dimenticare le atrocit\u00e0 del passato, d\u00e0 vita a pagine di Aaron Copland e Olivier Messiaen,con <em>Vitebsk. Studio su un tema ebraico<\/em><\/p>\n\n\n\n<p>e<em> Quatuor pour la fin du temps<\/em><\/p>\n\n\n\n<p><strong>Teatro Regio di Parma<\/strong><\/p>\n\n\n\n<p><strong>marted\u00ec 27 gennaio 2026, ore 20.30<\/strong><\/p>\n\n\n\n<p><a><\/a><a><\/a><a><strong>Il Trio di Parma, Alessandro Carbonare e Marco Baliani <\/strong><\/a>inaugurano <strong>marted\u00ec 27 gennaio 2026, ore 20.30, <\/strong>la Stagione Concertistica del Teatro Regio di Parma, realizzata da Societ\u00e0 dei Concerti di Parma, grazie al sostegno del Comune di Parma, della Regione Emilia-Romagna, del Ministero della Cultura, Sinapsi Group e Chiesi Group, nel primo dei <strong>sei concerti<\/strong> che, <strong>da gennaio a maggio<\/strong>, vedono protagonisti il <strong>Belcea Quartet, Benedetto Lupo, Grigory Sokolov, Gil Shaham con l&#8217;Orchestra da camera L&#8217;Appassionata, Paolo Fresu e Giovanni Sollima<\/strong>.<\/p>\n\n\n\n<p>\u201cUno dei doni pi\u00f9 straordinari della musica \u00e8 la sua forza di connettere gli individui, di avvolgerli in un&#8217;unica, vibrante esplorazione del suono, delle culture, della storia e, in ultima analisi, di se stessi. Una stagione concertistica, in questo senso, si rivela un vero e proprio viaggio collettivo, un&#8217;immersione profonda in un vasto mosaico di esperienze personali e comunitarie, da cui si riemerge arricchiti e rigenerati. In quest\u2019ottica abbiamo guardato al fuoco come metafora di ci\u00f2 che \u00e8 primordiale e trasformativo. Il fuoco non \u00e8 solo calore e luce; \u00e8 passione ardente, energia creativa e purificazione. Ogni concerto di questa rassegna \u00e8 un focolare d&#8217;emozioni, un luogo dove le note si accendono e si propagano, illuminando l&#8217;anima e risvegliando lo spirito. \u00c8 un fuoco interiore che la musica accende in ognuno di noi, bruciando le barriere e connettendo le persone in un&#8217;unica, vibrante sinfonia di sensazioni\u201d.<\/p>\n\n\n\n<p><strong>Giampaolo Bandini <\/strong>Direttore artistico Societ\u00e0 dei Concerti di Parma<\/p>\n\n\n\n<p>La Stagione Concertistica del Teatro Regio di Parma debutta <strong>marted\u00ec 27 gennaio 2026, ore 20.30<\/strong>, in occasione del <strong>Giorno della Memoria<\/strong> con un concerto che vuol essere un ponte tra musica, parola e storia, per non dimenticare le atrocit\u00e0 del passato. Sul palco, un ensemble di straordinari artisti dar\u00e0 vita a pagine di <strong>Aaron Copland<\/strong> e <strong>Olivier Messiaen<\/strong>, in particolare di quest\u2019ultimo il <em>Quatuor pour la fin du temps<\/em>, capolavoro nato in un contesto di sofferenza, simbolo della resilienza umana. Interpreti speciali ed acclamati di questa serata speciale sono <strong>Alessandro Carbonare<\/strong>, primo clarinetto dell&#8217;Orchestra di Santa Cecilia e il <strong>Trio di Parma<\/strong>, formazione da camera d&#8217;eccellenza, composta da tre grandi artisti parmigiani quali <strong>Ivan Rabaglia <\/strong>(violino), <strong>Enrico Bronzi <\/strong>(violoncello) e <strong>Alberto Miodini <\/strong>(pianoforte), insieme a loro <strong>Marco Baliani<\/strong>, uno degli artisti pi\u00f9 autorevoli del teatro italiano, che guider\u00e0 il pubblico nella riflessione storica ed emotiva del brano attraverso i testi lasciati dallo stesso Messiaen. \u201c<em>Quatuor pour la fin du temps<\/em> \u00e8 un&#8217;opera capitale anche per la sua genesi unica. Composto nel 1940, mentre Messiaen era prigioniero nello Stalag VIII-A in Germania, fu eseguito per la prima volta proprio all&#8217;interno del campo, davanti a prigionieri e guardie tedesche. Ispirato a passi biblici dell&#8217;Apocalisse, il brano si riferisce alla \u00abfine del tempo\u00bb come all&#8217;inizio dell&#8217;eternit\u00e0, della trascendenza. Messiaen infuse nell&#8217;opera la sua profonda fede, il canto degli uccelli (sua grande passione, simbolo di libert\u00e0) e tecniche compositive innovative per creare sonorit\u00e0 uniche e sospese. Ogni movimento del Quatuor \u00e8 un inno alla speranza e alla capacit\u00e0 dello spirito umano di elevarsi anche nelle condizioni pi\u00f9 avverse. \u00c8 un potente messaggio di resilienza e un monito contro l&#8217;orrore, un&#8217;opera che rende la musica veicolo di memoria e di riflessione. La serata sar\u00e0 l&#8217;occasione per vivere un&#8217;esperienza profonda e toccante, in cui la musica si fa testimone di un passato che non dobbiamo e non possiamo dimenticare\u201d.<\/p>\n\n\n\n<p><strong>PARTNER E SPONSOR<\/strong><\/p>\n\n\n\n<p><em>La Stagione del Teatro Regio di Parma \u00e8 realizzata grazie al contributo di<\/em> Ministero della Cultura, Regione Emilia-Romagna, Comune di Parma, Reggio Parma Festival. <em>Major partner <\/em>Fondazione Cariparma. <em>Main<\/em> <em>partner <\/em>Chiesi. <em>Cultural partner <\/em>Cr\u00e9dit Agricole. <em>Media partner<\/em> Mediaset Publitalia \u201980.<em> Main sponsor <\/em>Iren, Barilla. <em>Sponsor <\/em>Agugiaro e Figna, CePIM, Grasselli, La Giovane, Mutti, Opem, GloveICT, Amoretti, GHC, Poliambulatorio Dalla Rosa Prati, Drill Pac, Rainieri. <em>Security partner <\/em>Metronotte. <em>Educational partner<\/em> Parmalat. <em>Wine partner <\/em>Oinoe. <em>Mobility partner <\/em>Tep. <em>Fair Play partner<\/em> Zebre. <em>Identity Partner<\/em> Parma Calcio.<em> Radio Ufficiale<\/em> Radio Monte Carlo. <em>Con il contributo di <\/em>Ascom Confcommercio Parma Fondazione, Ascom Parma Confcommercio, Camera di Commercio dell\u2019Emilia, Fondazione Monteparma. <em>Legal counselling <\/em>Villa&amp;Partners. <em>Con il supporto di<\/em> \u201cParma, io ci sto!\u201d. <em>Sostenitori tecnici<\/em> De Simoni, Teamwork, Graphital. <em>Partner artistici e istituzionali <\/em>Casa della Musica, Coro del Teatro Regio di Parma, Conservatorio \u201cArrigo Boito\u201d, Societ\u00e0 dei Concerti di Parma, La Toscanini. <em>Il Teatro Regio aderisce a <\/em>Parma Citt\u00e0 Climate Neutral 2030<em>, <\/em>ATIT, AGIS<em>, <\/em>Comitato per la Salvaguardia dell\u2019Arte del Canto Lirico Italiano, Fedora, Opera Europa, Opera Vision, Emilia taste, nature &amp; culture.<\/p>\n\n\n\n<p><strong>BIGLIETTERIA DEL TEATRO REGIO DI PARMA<\/strong><\/p>\n\n\n\n<p>Strada Giuseppe Garibaldi, 16\/A &#8211; 43121 Parma Tel. +39 0521 203999<\/p>\n\n\n\n<p>biglietteria@teatroregioparma.it<\/p>\n\n\n\n<p>orari di apertura: marted\u00ec, gioved\u00ec e sabato 10:00 &#8211; 13:00; mercoled\u00ec e venerd\u00ec 10:00 &#8211; 13:00, 16:00 &#8211; 18:00 e un\u2019ora e mezza prima dello spettacolo.<strong><br><\/strong><\/p>\n\n\n\n<p><strong>Teatro Regio di Parma<\/strong><\/p>\n\n\n\n<p><strong>marted\u00ec 27 gennaio 2026, ore 20.30<\/strong><\/p>\n\n\n\n<p>Clarinetto <strong>Alessandro Carbonare<\/strong><\/p>\n\n\n\n<p><strong>Trio di Parma<\/strong><\/p>\n\n\n\n<p>Violino <strong>Ivan Rabaglia<\/strong><\/p>\n\n\n\n<p>Violoncello <strong>Enrico Bronzi<\/strong><\/p>\n\n\n\n<p>Pianoforte <strong>Alberto Miodini<\/strong><\/p>\n\n\n\n<p>voce recitante <strong>Marco Baliani<\/strong><\/p>\n\n\n\n<p><strong>AARON COPLAND<\/strong> (1900-1990)<\/p>\n\n\n\n<p><em>Vitebsk. Studio su un tema ebraico<\/em><\/p>\n\n\n\n<p>per violino, violoncello e pianoforte<\/p>\n\n\n\n<p><strong>OLIVIER MESSIAEN<\/strong> (1908-1992)<\/p>\n\n\n\n<p><em>Quatuor pour la fin du temps<\/em><\/p>\n\n\n\n<p>per clarinetto, violino, violoncello e pianoforte<\/p>\n\n\n\n<p>1. Liturgie de cristal<\/p>\n\n\n\n<p>2. Vocalise, pour l&#8217;Ange qui annonce la fin du Temps<\/p>\n\n\n\n<p>3. Ab\u00eeme des oiseaux<\/p>\n\n\n\n<p>4. Interm\u00e8de<\/p>\n\n\n\n<p>5. Louange \u00e0 l&#8217;Eternit\u00e9 de J\u00e9sus<\/p>\n\n\n\n<p>6. Danse de la fureur pour les sept trompettes<\/p>\n\n\n\n<p>7. Fouillis d&#8217;arcs-en-ciel, pour l&#8217;Ange qui annonce la fin du Temps<\/p>\n\n\n\n<p>8. Louange \u00e0 l&#8217;Immortalit\u00e9 de J\u00e9sus<\/p>\n\n\n\n<p><a>Parma, 25 gennaio 2025<\/a><\/p>\n\n\n\n<p>Paolo Maier<\/p>\n\n\n\n<p><em>Responsabile Comunicazione istituzionale, Ufficio Stampa, Archivio<\/em><\/p>\n\n\n\n<p>Teatro Regio di Parma strada Garibaldi, 16\/A, 43121 Parma \u2013 Italia<\/p>\n\n\n\n<p>Tel. +39 0521 203969<\/p>\n\n\n\n<p>p.maier@teatroregioparma.it<\/p>\n\n\n\n<p>stampa@teatroregioparma.it<\/p>\n\n\n\n<p>www.teatroregioparma.it<\/p>\n\n\n\n<p><a href=\"http:\/\/www.facebook.com\/teatroregioparma\"><\/a>&nbsp;<img decoding=\"async\" width=\"20\" height=\"20\" src=\"\" alt=\"Immagine\">&nbsp;<img decoding=\"async\" width=\"20\" height=\"20\" src=\"\">&nbsp;<img decoding=\"async\" width=\"35\" height=\"24\" src=\"\" alt=\"youtube\"><br><strong>Trio di Parma<\/strong><\/p>\n\n\n\n<p>Il Trio di Parma si \u00e8 costituito nel 1990 nella classe di musica da camera di Pierpaolo Maurizzi al Conservatorio \u201cArrigo Boito\u201d di Parma. Successivamente il Trio ha approfondito la sua formazione musicale con il leggendario Trio di Trieste presso la Scuola di Musica di Fiesole e l\u2019Accademia Chigiana di Siena. Nel 2000 \u00e8 stato scelto per partecipare all\u2019Isaac Stern Chamber Music Workshop presso la Carnegie Hall di New York.<\/p>\n\n\n\n<p>Il Trio di Parma ha ottenuto i riconoscimenti pi\u00f9 prestigiosi grazie alle affermazioni al Concorso Internazionale \u201cVittorio Gui\u201d di Firenze, al Concorso Internazionale di Musica da Camera di Melbourne, al Concorso Internazionale ARD di Monaco e al Concorso Internazionale di Musica da Camera di Lione. Inoltre, nel 1994 l\u2019Associazione Nazionale della Critica Musicale ha assegnato al Trio di Parma il \u201cPremio Abbiati\u201d quale miglior complesso cameristico.<\/p>\n\n\n\n<p>Il Trio di Parma \u00e8 stato invitato dalle pi\u00f9 importanti istituzioni musicali in Italia (Accademia Nazionale di Santa Cecilia di Roma, Societ\u00e0 del Quartetto di Milano, Amici della Musica di Firenze, Gran Teatro La Fenice di Venezia, Unione Musicale di Torino, GOG di Genova, Amici della Musica di Palermo, Accademia Filarmonica Romana, Orta Festival, per citarne solo alcuni) e all\u2019estero (Filarmonica di Berlino, Carnegie Hall e Lincoln Center di New York, Wigmore Hall di Londra, Konzerthaus di Vienna, Sala Moliere di Lione, Filarmonica di San Pietroburgo, Teatro Colon e Coliseum di Buenos Aires, Los Angeles, Washington, Amburgo, Monaco, Dublino, Varsavia, Rio de Janeiro, San Paolo, Festival di Lockenhaus e Melbourne Festival).<\/p>\n\n\n\n<p>Ha collaborato con rinomati musicisti quali Vladimir Delman, Carl Melles, Anton Nanut, Bruno&nbsp;&nbsp; Giuranna, Simonide Braconi, Alessandro Carbonare, Eduard Brunner e Guglielmo Pellarin; ha effettuato registrazioni radiofoniche e televisive per la RAI e per numerose emittenti estere (Bayerischer Rundfunk, NDR, WDR, MDR, Radio Bremen, ORT, BBC Londra, ABC-Classic Australia).<\/p>\n\n\n\n<p>Ha inoltre inciso le opere integrali di Brahms per l\u2019UNICEF, Beethoven e Ravel per la rivista Amadeus, Schostakovich per Stradivarius (premiato come miglior disco dell\u2019anno 2008 dalla rivista Classic Voice), Pizzetti, Liszt, Schumann e Dvorak per l\u2019etichetta Concerto, Schubert per Decca e \u010cajkovskij dal vivo alla Wigmore Hall di Londra per l\u2019etichetta Movimento Classical.<\/p>\n\n\n\n<p>I componenti del Trio di Parma hanno un impegno didattico costante all\u2019Accademia Nazionale di Santa Cecilia di Roma, al Mozarteum di Salisburgo e al Conservatorio di Parma dove il Trio tiene anche un Master di Alto Perfezionamento in Musica da Camera.<\/p>\n\n\n\n<p>Ivan Rabaglia suona un violino Giuseppe Baldantoni creato ad Ancona nel 1850; Enrico Bronzi suona un violoncello Vincenzo Panormo creato a Londra nel 1775.<\/p>\n\n\n\n<p><strong>Alessandro Carbonare<\/strong><\/p>\n\n\n\n<p>Primo Clarinetto dell\u2019Orchestra dell\u2019Accademia Nazionale di Santa Cecilia di Roma&nbsp;dal 2003, in passato Alessandro Carbonare ha vissuto a Parigi, dove per 15 anni ha occupato il posto di Primo Clarinetto solista <em>all\u2019Orchestre National de France<\/em>. Sempre nello stesso ruolo, ha avuto importanti collaborazioni anche con i <em>Berliner Philarmoniker<\/em>, la <em>Chicago Symphony<\/em> e la Filarmonica di New York.<\/p>\n\n\n\n<p>Si \u00e8 imposto nei pi\u00f9 importanti concorsi internazionali: Ginevra, Praga, Tolone, Monaco di Baviera e Parigi. Dal suo debutto con l\u2019<em>Orchestre de la Suisse Romande <\/em>di Ginevra, Alessandro Carbonare si \u00e8 esibito come solista,&nbsp;tra le altre, con l\u2019Orchestra Nazionale di Spagna, la Filarmonica di Oslo, l&#8217;Orchestra della Radio Bavarese di Monaco, l\u2019<em>Orchestre National de France<\/em>, la <em>Wien Sinfonietta<\/em>, l\u2019Orchestra della Radio di Berlino, la <em>Tokyo Metropolitan Orchestra<\/em> e con tutte le pi\u00f9 importanti orchestre italiane. Ha registrato gran parte del repertorio per <em>Harmonia Mundi<\/em> e <em>JVC Victor,<\/em> dando anche grande impulso alla nuova musica per clarinetto, commissionando nuovi concerti a Ivan Fedele, Salvatore Sciarrino, Luis De Pablo e Claude Bolling. Appassionato cultore della musica da camera, \u00e8 stato membro del Quintetto Bibiena e collabora regolarmente con eminenti artisti ed amici del calibro di Mario Brunello, Marco Rizzi, Pinkas Zukerman, Alexander Lonquich, Emmanuel Pahud, Andrea Lucchesini, Wolfram Christ, Trio di Parma, Enrico Dindo, Massimo Quarta, Luis Sclavis e molti altri. Da sempre attratto non solo dalla musica \u201cclassica\u201d, si esibisce anche in programmi jazz e Klezmer. Importanti sono state le collaborazioni con Paquito D&#8217;Riveira, Enrico Pieranunzi&nbsp;e Stefano Bollani. \u201cGuest Professor\u201d in alcuni tra i pi\u00f9 importanti Conservatori di tutto il mondo (tra cui il <em>Royal College<\/em> di Londra, la <em>Juillard School<\/em> di New York, il Conservatorio Superiore di Parigi, la <em>School of Arts<\/em> di Tokyo), Alessandro Carbonare ha fatto parte delle giurie di tutti i pi\u00f9 importanti concorsi internazionali per il suo strumento (Ginevra, Monaco di Baviera, Praga, Pechino, il \u201cK.Nielsen\u201d in Danimarca ed il \u201cB. Crusell\u201d in Finlandia). Su personale invito di Claudio Abbado, Alessandro Carbonare ha accettato il ruolo di Primo Clarinetto nell\u2019Orchestra del Festival di Lucerna e nell\u2019Orchestra Mozart con la quale, sempre sotto la direzione di Abbado, ha registrato per <em>Deutsche Grammophon<\/em> il Concerto K622 al clarinetto di bassetto, incisione che ha vinto il&nbsp;49\u00b0 <em>Record Academy Awards<\/em> <em>2013<\/em>. Grande successo ha ottenuto anche il CD \u00abThe Art of the Clarinet\u00bb registrato per <em>Decca<\/em>, mentre il canale satellitare SKY-CLASSICA ha dedicato ad Alessandro Carbonare un ritratto nella serie \u201cI Notevoli\u201d. Il suo impegno sociale lo vede sostenitore di progetti che possano contribuire al miglioramento della societ\u00e0 attraverso l\u2019educazione musicale: ha per esempio assistito Claudio Abbado nel progetto sociale dell\u2019Orchestra Simon Bolivar e delle orchestre infantili del Venezuela. Alessandro Carbonare \u00e8 Professore di Clarinetto all&#8217;Accademia Musicale Chigiana di Siena.<\/p>\n\n\n\n<p><strong>Marco Baliani<\/strong><\/p>\n\n\n\n<p>Attore, autore e regista. Con lo spettacolo <em>Kohlhaas<\/em>del 1989, attraverso un originale percorso di ricerca, d\u00e0 vita al teatro di narrazione che segna la scena teatrale italiana. Figura eclettica e complessa del teatro italiano contemporaneo, ha sperimentato drammaturgie corali creando spettacoli-evento per molti attori, come <em>Come gocce di una fiumana<\/em> (premio IDI per la regia), o <em>Antigone delle citt\u00e0<\/em>, sulla strage di Bologna del 2 agosto, o ancora dirigendo progetti come <em>I Porti del Mediterraneo<\/em> con attori provenienti da diversi paesi dell\u2019area mediterranea. Parallelamente ha proseguito la propria ricerca nella narrazione realizzando spettacoli ancora oggi nel repertorio (<em>Tracce<\/em>, <em>Corpo di Stato <\/em>e <em>Frollo<\/em>).&nbsp;<\/p>\n\n\n\n<p>Nel 2017, Baliani \u00e8 chiamato a dirigere lo spettacolo <em>Sette contro Tebe<\/em>, presentato al Teatro Greco di Siracusa. Destinato a grandi spazi anche lo spettacolo <em>Quinta<\/em> <em>stagione<\/em> del 2021, tratto dall\u2019omonimo poema di Franco Marcoaldi, diretto e interpretato da Baliani al Teatro Grande di Pompei, con le scene di Mimmo Paladino. Ha diretto anche opere liriche, tra cui <em>Ellis Island<\/em>, su musiche di Giovanni Sollima, <em>La famosa invasione degli orsi in Sicilia<\/em> per l\u2019Auditorium Parco della Musica di Roma, <em>Il sogno di una cosa<\/em> e <em>Corpi eretici, <\/em>con la direzione musicale di Mauro Montalbetti.<\/p>\n\n\n\n<p>Per il cinema \u00e8 stato diretto da registi quali Francesca Archibugi, Roberto And\u00f2, Saverio Costanzo, Cristina Comencini e Mario Martone. Come scrittore ha pubblicato romanzi, racconti e saggi tra cui <em>Ho cavalcato in groppa ad una sedia (<\/em>Titivillus edizioni) e per la Rizzoli <em>Corpo di stato<\/em>, <em>Pinocchio Nero<\/em>, <em>L\u2019Amore Buono<\/em>, <em>Nel Regno di Acilia<\/em>, <em>La met\u00e0 di Sophia<\/em>, e <em>L\u2019occasione<\/em>. Nel 2021 \u00e8 uscito per Bompiani il romanzo <em>La pietra oscura<\/em> e nel 2025 <em>Con il cuore in bocca <\/em>(Titivillus Edizioni). <strong><br><\/strong><\/p>\n\n\n\n<p><strong>CONCERTI 2026<\/strong><\/p>\n\n\n\n<p>Teatro Regio di Parma<\/p>\n\n\n\n<p>marted\u00ec 27 gennaio 2026, ore 20.30<\/p>\n\n\n\n<p><em>Giorno della Memoria<\/em><\/p>\n\n\n\n<p>TRIO DI PARMA<\/p>\n\n\n\n<p>Ivan Rabaglia <em>violino<\/em>; Enrico Bronzi <em>violoncello<\/em>; Alberto Miodini <em>pianoforte<\/em><\/p>\n\n\n\n<p>ALESSANDRO CARBONARE <em>clarinetto<\/em><em><\/em><\/p>\n\n\n\n<p>MARCO BALIANI <em>voce recitante<\/em><\/p>\n\n\n\n<p>&nbsp;mercoled\u00ec 18 febbraio 2026, ore 20.30<\/p>\n\n\n\n<p>BELCEA QUARTET<em><\/em><\/p>\n\n\n\n<p>Corina Belcea-Fisher <em>violino<\/em>; Suyeon Kang <em>violino<\/em>;<\/p>\n\n\n\n<p>Krzysztof Chorzelski <em>viola<\/em>; Antoine Lederlin <em>violoncello<\/em><\/p>\n\n\n\n<p>marted\u00ec 24 marzo 2026, ore 20.30<\/p>\n\n\n\n<p>BENEDETTO LUPO<em> <\/em><em>pianoforte<\/em><\/p>\n\n\n\n<p>marted\u00ec 7 aprile 2026, ore 20.30<\/p>\n\n\n\n<p>GRIGORY SOKOLOV <em>pianoforte<\/em><\/p>\n\n\n\n<p>luned\u00ec 27 aprile 2026, ore 20.30<\/p>\n\n\n\n<p>Anteprima XXVI Paganini Guitar Festival<\/p>\n\n\n\n<p>GIL SHAHAM<em> <\/em><em>violino solista e concertatore<\/em><\/p>\n\n\n\n<p>L\u2019APPASSIONATA<em>, orchestra da camera<\/em><\/p>\n\n\n\n<p>domenica 17 maggio 2026, ore 17.30<\/p>\n\n\n\n<p>PAOLO FRESU <em>tromba e flicorno<\/em><em><\/em><\/p>\n\n\n\n<p>GIOVANNI SOLLIMA <em>violoncello<\/em><em> <\/em><strong><\/strong><\/p>\n\n\n\n<figure class=\"wp-block-gallery has-nested-images columns-default is-cropped wp-block-gallery-1 is-layout-flex wp-block-gallery-is-layout-flex\">\n<figure class=\"wp-block-image size-large\"><a href=\"https:\/\/www.ecoitaliano.com.ar\/wp-content\/uploads\/2026\/01\/9374e023564babbbdf80f404fa799626-0.jpg\"><img decoding=\"async\" width=\"724\" height=\"1024\" data-id=\"85202\" src=\"https:\/\/www.ecoitaliano.com.ar\/wp-content\/uploads\/2026\/01\/9374e023564babbbdf80f404fa799626-0-724x1024.jpg\" alt=\"\" class=\"wp-image-85202\" srcset=\"https:\/\/www.ecoitaliano.com.ar\/wp-content\/uploads\/2026\/01\/9374e023564babbbdf80f404fa799626-0-724x1024.jpg 724w, https:\/\/www.ecoitaliano.com.ar\/wp-content\/uploads\/2026\/01\/9374e023564babbbdf80f404fa799626-0-212x300.jpg 212w, https:\/\/www.ecoitaliano.com.ar\/wp-content\/uploads\/2026\/01\/9374e023564babbbdf80f404fa799626-0-768x1086.jpg 768w, https:\/\/www.ecoitaliano.com.ar\/wp-content\/uploads\/2026\/01\/9374e023564babbbdf80f404fa799626-0-1086x1536.jpg 1086w, https:\/\/www.ecoitaliano.com.ar\/wp-content\/uploads\/2026\/01\/9374e023564babbbdf80f404fa799626-0-1448x2048.jpg 1448w, https:\/\/www.ecoitaliano.com.ar\/wp-content\/uploads\/2026\/01\/9374e023564babbbdf80f404fa799626-0-106x150.jpg 106w, https:\/\/www.ecoitaliano.com.ar\/wp-content\/uploads\/2026\/01\/9374e023564babbbdf80f404fa799626-0.jpg 1654w\" sizes=\"(max-width: 724px) 100vw, 724px\" \/><\/a><\/figure>\n\n\n\n<figure class=\"wp-block-image size-large\"><a href=\"https:\/\/www.ecoitaliano.com.ar\/wp-content\/uploads\/2026\/01\/9374e023564babbbdf80f404fa799626-1.jpg\"><img decoding=\"async\" width=\"724\" height=\"1024\" data-id=\"85203\" src=\"https:\/\/www.ecoitaliano.com.ar\/wp-content\/uploads\/2026\/01\/9374e023564babbbdf80f404fa799626-1-724x1024.jpg\" alt=\"\" class=\"wp-image-85203\" srcset=\"https:\/\/www.ecoitaliano.com.ar\/wp-content\/uploads\/2026\/01\/9374e023564babbbdf80f404fa799626-1-724x1024.jpg 724w, https:\/\/www.ecoitaliano.com.ar\/wp-content\/uploads\/2026\/01\/9374e023564babbbdf80f404fa799626-1-212x300.jpg 212w, https:\/\/www.ecoitaliano.com.ar\/wp-content\/uploads\/2026\/01\/9374e023564babbbdf80f404fa799626-1-768x1086.jpg 768w, https:\/\/www.ecoitaliano.com.ar\/wp-content\/uploads\/2026\/01\/9374e023564babbbdf80f404fa799626-1-1086x1536.jpg 1086w, https:\/\/www.ecoitaliano.com.ar\/wp-content\/uploads\/2026\/01\/9374e023564babbbdf80f404fa799626-1-1448x2048.jpg 1448w, https:\/\/www.ecoitaliano.com.ar\/wp-content\/uploads\/2026\/01\/9374e023564babbbdf80f404fa799626-1-106x150.jpg 106w, https:\/\/www.ecoitaliano.com.ar\/wp-content\/uploads\/2026\/01\/9374e023564babbbdf80f404fa799626-1.jpg 1654w\" sizes=\"(max-width: 724px) 100vw, 724px\" \/><\/a><\/figure>\n<\/figure>\n\n\n\n<figure class=\"wp-block-gallery has-nested-images columns-default is-cropped wp-block-gallery-2 is-layout-flex wp-block-gallery-is-layout-flex\">\n<figure class=\"wp-block-image size-large\"><a href=\"https:\/\/www.ecoitaliano.com.ar\/wp-content\/uploads\/2026\/01\/97bd6cebe37f147f78926d5f92d7cd2f-0.jpg\"><img decoding=\"async\" width=\"724\" height=\"1024\" data-id=\"85204\" src=\"https:\/\/www.ecoitaliano.com.ar\/wp-content\/uploads\/2026\/01\/97bd6cebe37f147f78926d5f92d7cd2f-0-724x1024.jpg\" alt=\"\" class=\"wp-image-85204\" srcset=\"https:\/\/www.ecoitaliano.com.ar\/wp-content\/uploads\/2026\/01\/97bd6cebe37f147f78926d5f92d7cd2f-0-724x1024.jpg 724w, https:\/\/www.ecoitaliano.com.ar\/wp-content\/uploads\/2026\/01\/97bd6cebe37f147f78926d5f92d7cd2f-0-212x300.jpg 212w, https:\/\/www.ecoitaliano.com.ar\/wp-content\/uploads\/2026\/01\/97bd6cebe37f147f78926d5f92d7cd2f-0-768x1086.jpg 768w, https:\/\/www.ecoitaliano.com.ar\/wp-content\/uploads\/2026\/01\/97bd6cebe37f147f78926d5f92d7cd2f-0-1086x1536.jpg 1086w, https:\/\/www.ecoitaliano.com.ar\/wp-content\/uploads\/2026\/01\/97bd6cebe37f147f78926d5f92d7cd2f-0-1448x2048.jpg 1448w, https:\/\/www.ecoitaliano.com.ar\/wp-content\/uploads\/2026\/01\/97bd6cebe37f147f78926d5f92d7cd2f-0-106x150.jpg 106w, https:\/\/www.ecoitaliano.com.ar\/wp-content\/uploads\/2026\/01\/97bd6cebe37f147f78926d5f92d7cd2f-0.jpg 1654w\" sizes=\"(max-width: 724px) 100vw, 724px\" \/><\/a><\/figure>\n\n\n\n<figure class=\"wp-block-image size-large\"><a href=\"https:\/\/www.ecoitaliano.com.ar\/wp-content\/uploads\/2026\/01\/97bd6cebe37f147f78926d5f92d7cd2f-1.jpg\"><img decoding=\"async\" width=\"724\" height=\"1024\" data-id=\"85205\" src=\"https:\/\/www.ecoitaliano.com.ar\/wp-content\/uploads\/2026\/01\/97bd6cebe37f147f78926d5f92d7cd2f-1-724x1024.jpg\" alt=\"\" class=\"wp-image-85205\" srcset=\"https:\/\/www.ecoitaliano.com.ar\/wp-content\/uploads\/2026\/01\/97bd6cebe37f147f78926d5f92d7cd2f-1-724x1024.jpg 724w, https:\/\/www.ecoitaliano.com.ar\/wp-content\/uploads\/2026\/01\/97bd6cebe37f147f78926d5f92d7cd2f-1-212x300.jpg 212w, https:\/\/www.ecoitaliano.com.ar\/wp-content\/uploads\/2026\/01\/97bd6cebe37f147f78926d5f92d7cd2f-1-768x1086.jpg 768w, https:\/\/www.ecoitaliano.com.ar\/wp-content\/uploads\/2026\/01\/97bd6cebe37f147f78926d5f92d7cd2f-1-1086x1536.jpg 1086w, https:\/\/www.ecoitaliano.com.ar\/wp-content\/uploads\/2026\/01\/97bd6cebe37f147f78926d5f92d7cd2f-1-1448x2048.jpg 1448w, https:\/\/www.ecoitaliano.com.ar\/wp-content\/uploads\/2026\/01\/97bd6cebe37f147f78926d5f92d7cd2f-1-106x150.jpg 106w, https:\/\/www.ecoitaliano.com.ar\/wp-content\/uploads\/2026\/01\/97bd6cebe37f147f78926d5f92d7cd2f-1.jpg 1654w\" sizes=\"(max-width: 724px) 100vw, 724px\" \/><\/a><\/figure>\n<\/figure>\n\n\n\n<figure class=\"wp-block-gallery has-nested-images columns-default is-cropped wp-block-gallery-3 is-layout-flex wp-block-gallery-is-layout-flex\">\n<figure class=\"wp-block-image size-large\"><a href=\"https:\/\/www.ecoitaliano.com.ar\/wp-content\/uploads\/2026\/01\/7b129671a1f2568d02763a4049d92b67-0.jpg\"><img decoding=\"async\" width=\"724\" height=\"1024\" data-id=\"85206\" src=\"https:\/\/www.ecoitaliano.com.ar\/wp-content\/uploads\/2026\/01\/7b129671a1f2568d02763a4049d92b67-0-724x1024.jpg\" alt=\"\" class=\"wp-image-85206\" srcset=\"https:\/\/www.ecoitaliano.com.ar\/wp-content\/uploads\/2026\/01\/7b129671a1f2568d02763a4049d92b67-0-724x1024.jpg 724w, https:\/\/www.ecoitaliano.com.ar\/wp-content\/uploads\/2026\/01\/7b129671a1f2568d02763a4049d92b67-0-212x300.jpg 212w, https:\/\/www.ecoitaliano.com.ar\/wp-content\/uploads\/2026\/01\/7b129671a1f2568d02763a4049d92b67-0-768x1086.jpg 768w, https:\/\/www.ecoitaliano.com.ar\/wp-content\/uploads\/2026\/01\/7b129671a1f2568d02763a4049d92b67-0-1086x1536.jpg 1086w, https:\/\/www.ecoitaliano.com.ar\/wp-content\/uploads\/2026\/01\/7b129671a1f2568d02763a4049d92b67-0-1448x2048.jpg 1448w, https:\/\/www.ecoitaliano.com.ar\/wp-content\/uploads\/2026\/01\/7b129671a1f2568d02763a4049d92b67-0-106x150.jpg 106w, https:\/\/www.ecoitaliano.com.ar\/wp-content\/uploads\/2026\/01\/7b129671a1f2568d02763a4049d92b67-0.jpg 1654w\" sizes=\"(max-width: 724px) 100vw, 724px\" \/><\/a><\/figure>\n\n\n\n<figure class=\"wp-block-image size-large\"><a href=\"https:\/\/www.ecoitaliano.com.ar\/wp-content\/uploads\/2026\/01\/7b129671a1f2568d02763a4049d92b67-1.jpg\"><img decoding=\"async\" width=\"724\" height=\"1024\" data-id=\"85207\" src=\"https:\/\/www.ecoitaliano.com.ar\/wp-content\/uploads\/2026\/01\/7b129671a1f2568d02763a4049d92b67-1-724x1024.jpg\" alt=\"\" class=\"wp-image-85207\" srcset=\"https:\/\/www.ecoitaliano.com.ar\/wp-content\/uploads\/2026\/01\/7b129671a1f2568d02763a4049d92b67-1-724x1024.jpg 724w, https:\/\/www.ecoitaliano.com.ar\/wp-content\/uploads\/2026\/01\/7b129671a1f2568d02763a4049d92b67-1-212x300.jpg 212w, https:\/\/www.ecoitaliano.com.ar\/wp-content\/uploads\/2026\/01\/7b129671a1f2568d02763a4049d92b67-1-768x1086.jpg 768w, https:\/\/www.ecoitaliano.com.ar\/wp-content\/uploads\/2026\/01\/7b129671a1f2568d02763a4049d92b67-1-1086x1536.jpg 1086w, https:\/\/www.ecoitaliano.com.ar\/wp-content\/uploads\/2026\/01\/7b129671a1f2568d02763a4049d92b67-1-1448x2048.jpg 1448w, https:\/\/www.ecoitaliano.com.ar\/wp-content\/uploads\/2026\/01\/7b129671a1f2568d02763a4049d92b67-1-106x150.jpg 106w, https:\/\/www.ecoitaliano.com.ar\/wp-content\/uploads\/2026\/01\/7b129671a1f2568d02763a4049d92b67-1.jpg 1654w\" sizes=\"(max-width: 724px) 100vw, 724px\" \/><\/a><\/figure>\n<\/figure>\n\n\n\n<p>foto<\/p>\n\n\n\n<figure class=\"wp-block-gallery has-nested-images columns-default is-cropped wp-block-gallery-4 is-layout-flex wp-block-gallery-is-layout-flex\">\n<figure class=\"wp-block-image size-large\"><a href=\"https:\/\/www.ecoitaliano.com.ar\/wp-content\/uploads\/2026\/01\/MarcoBaliani2_fotoIvanNocera.jpg\"><img decoding=\"async\" width=\"1024\" height=\"683\" data-id=\"85208\" src=\"https:\/\/www.ecoitaliano.com.ar\/wp-content\/uploads\/2026\/01\/MarcoBaliani2_fotoIvanNocera-1024x683.jpg\" alt=\"\" class=\"wp-image-85208\" srcset=\"https:\/\/www.ecoitaliano.com.ar\/wp-content\/uploads\/2026\/01\/MarcoBaliani2_fotoIvanNocera-1024x683.jpg 1024w, https:\/\/www.ecoitaliano.com.ar\/wp-content\/uploads\/2026\/01\/MarcoBaliani2_fotoIvanNocera-300x200.jpg 300w, https:\/\/www.ecoitaliano.com.ar\/wp-content\/uploads\/2026\/01\/MarcoBaliani2_fotoIvanNocera-768x512.jpg 768w, https:\/\/www.ecoitaliano.com.ar\/wp-content\/uploads\/2026\/01\/MarcoBaliani2_fotoIvanNocera-1536x1024.jpg 1536w, https:\/\/www.ecoitaliano.com.ar\/wp-content\/uploads\/2026\/01\/MarcoBaliani2_fotoIvanNocera-2048x1366.jpg 2048w, https:\/\/www.ecoitaliano.com.ar\/wp-content\/uploads\/2026\/01\/MarcoBaliani2_fotoIvanNocera-150x100.jpg 150w\" sizes=\"(max-width: 1024px) 100vw, 1024px\" \/><\/a><figcaption class=\"wp-element-caption\">Ivan Nocera Ph per Teatro di Napoli<\/figcaption><\/figure>\n\n\n\n<figure class=\"wp-block-image size-large\"><a href=\"https:\/\/www.ecoitaliano.com.ar\/wp-content\/uploads\/2026\/01\/trio-di-parma-3.jpg\"><img decoding=\"async\" width=\"1024\" height=\"682\" data-id=\"85209\" src=\"https:\/\/www.ecoitaliano.com.ar\/wp-content\/uploads\/2026\/01\/trio-di-parma-3-1024x682.jpg\" alt=\"\" class=\"wp-image-85209\" srcset=\"https:\/\/www.ecoitaliano.com.ar\/wp-content\/uploads\/2026\/01\/trio-di-parma-3-1024x682.jpg 1024w, https:\/\/www.ecoitaliano.com.ar\/wp-content\/uploads\/2026\/01\/trio-di-parma-3-300x200.jpg 300w, https:\/\/www.ecoitaliano.com.ar\/wp-content\/uploads\/2026\/01\/trio-di-parma-3-768x511.jpg 768w, https:\/\/www.ecoitaliano.com.ar\/wp-content\/uploads\/2026\/01\/trio-di-parma-3-1536x1022.jpg 1536w, https:\/\/www.ecoitaliano.com.ar\/wp-content\/uploads\/2026\/01\/trio-di-parma-3-150x100.jpg 150w, https:\/\/www.ecoitaliano.com.ar\/wp-content\/uploads\/2026\/01\/trio-di-parma-3.jpg 2048w\" sizes=\"(max-width: 1024px) 100vw, 1024px\" \/><\/a><\/figure>\n<\/figure>\n","protected":false},"excerpt":{"rendered":"<p>ALESSANDRO CARBONARE, IL TRIO DI PARMA E MARCO BALIANI INAUGURANO LA STAGIONE CONCERTISTICA 2026 Nel Giorno della Memoria, un concerto, [&hellip;]<\/p>\n","protected":false},"author":1,"featured_media":0,"comment_status":"open","ping_status":"open","sticky":false,"template":"","format":"standard","meta":{"footnotes":""},"categories":[1],"tags":[],"class_list":["post-85201","post","type-post","status-publish","format-standard","hentry","category-sin-categoria"],"_links":{"self":[{"href":"https:\/\/www.ecoitaliano.com.ar\/index.php?rest_route=\/wp\/v2\/posts\/85201","targetHints":{"allow":["GET"]}}],"collection":[{"href":"https:\/\/www.ecoitaliano.com.ar\/index.php?rest_route=\/wp\/v2\/posts"}],"about":[{"href":"https:\/\/www.ecoitaliano.com.ar\/index.php?rest_route=\/wp\/v2\/types\/post"}],"author":[{"embeddable":true,"href":"https:\/\/www.ecoitaliano.com.ar\/index.php?rest_route=\/wp\/v2\/users\/1"}],"replies":[{"embeddable":true,"href":"https:\/\/www.ecoitaliano.com.ar\/index.php?rest_route=%2Fwp%2Fv2%2Fcomments&post=85201"}],"version-history":[{"count":1,"href":"https:\/\/www.ecoitaliano.com.ar\/index.php?rest_route=\/wp\/v2\/posts\/85201\/revisions"}],"predecessor-version":[{"id":85210,"href":"https:\/\/www.ecoitaliano.com.ar\/index.php?rest_route=\/wp\/v2\/posts\/85201\/revisions\/85210"}],"wp:attachment":[{"href":"https:\/\/www.ecoitaliano.com.ar\/index.php?rest_route=%2Fwp%2Fv2%2Fmedia&parent=85201"}],"wp:term":[{"taxonomy":"category","embeddable":true,"href":"https:\/\/www.ecoitaliano.com.ar\/index.php?rest_route=%2Fwp%2Fv2%2Fcategories&post=85201"},{"taxonomy":"post_tag","embeddable":true,"href":"https:\/\/www.ecoitaliano.com.ar\/index.php?rest_route=%2Fwp%2Fv2%2Ftags&post=85201"}],"curies":[{"name":"wp","href":"https:\/\/api.w.org\/{rel}","templated":true}]}}