{"id":85211,"date":"2026-01-26T22:41:46","date_gmt":"2026-01-26T22:41:46","guid":{"rendered":"https:\/\/www.ecoitaliano.com.ar\/?p=85211"},"modified":"2026-01-26T22:41:46","modified_gmt":"2026-01-26T22:41:46","slug":"serena-conduce-operaclassica-eco-italiano-4932","status":"publish","type":"post","link":"https:\/\/www.ecoitaliano.com.ar\/?p=85211","title":{"rendered":"Serena conduce operaclassica eco italiano"},"content":{"rendered":"\n<figure class=\"wp-block-image size-large is-resized\"><a href=\"https:\/\/www.ecoitaliano.com.ar\/wp-content\/uploads\/2026\/01\/image-42.png\"><img decoding=\"async\" width=\"1024\" height=\"331\" src=\"https:\/\/www.ecoitaliano.com.ar\/wp-content\/uploads\/2026\/01\/image-42-1024x331.png\" alt=\"\" class=\"wp-image-85212\" style=\"width:350px;height:auto\" srcset=\"https:\/\/www.ecoitaliano.com.ar\/wp-content\/uploads\/2026\/01\/image-42-1024x331.png 1024w, https:\/\/www.ecoitaliano.com.ar\/wp-content\/uploads\/2026\/01\/image-42-300x97.png 300w, https:\/\/www.ecoitaliano.com.ar\/wp-content\/uploads\/2026\/01\/image-42-768x248.png 768w, https:\/\/www.ecoitaliano.com.ar\/wp-content\/uploads\/2026\/01\/image-42-1536x496.png 1536w, https:\/\/www.ecoitaliano.com.ar\/wp-content\/uploads\/2026\/01\/image-42-150x48.png 150w, https:\/\/www.ecoitaliano.com.ar\/wp-content\/uploads\/2026\/01\/image-42.png 1771w\" sizes=\"(max-width: 1024px) 100vw, 1024px\" \/><\/a><\/figure>\n\n\n\n<p>comunicato stampa<\/p>\n\n\n\n<p><strong>L\u2019OPERA \u201cMARINA\u201d DI UMBERTO GIORDANO IN PRIMA ASSOLUTA PER L\u201981a STAGIONE DEI POMERIGGI MUSICALI \u201cS\u00c8NTITI P\u00c0RTE\u201d AL TEATRO DAL VERME DI MILANO<\/strong><br><br><em>Il 12 e 14 febbraio due star come il soprano Eleonora Buratto e il tenore Freddie De Tommaso daranno vita al lavoro sconosciuto del compositore pugliese<\/em><br><br><em>Sul podio Vincenzo Milletar\u00ec e registrazione dell\u2019etichetta discografica Decca<\/em><br><br><em>La partitura autografa \u00e8 stata individuata a Yale da Andreas Gies che ha curato l\u2019edizione critica per l\u2019Edizione Nazionale delle Opere di Umberto Giordano \/ LIM-Libreria Musicale Italiana con il libretto ricostruito da Emanuele d\u2019Angelo<\/em><\/p>\n\n\n\n<p><strong>Milano, Teatro Dal Verme<\/strong><br>gioved\u00ec 12 febbraio 2026, ore 18.45 presentazione al pubblico con Raffaele Mellace<br>gioved\u00ec 12 febbraio 2026, ore 18.45 Altri Pomeriggi Under30<br>gioved\u00ec 12 febbraio 2026, ore 20 concerto<br>sabato 14 febbraio 2026, ore 15.45 presentazione al pubblico con Raffaele Mellace<br>sabato 14 febbraio 2026, ore 17 concerto<br><br><br><br><br>\u00c8 uno degli appuntamenti pi\u00f9 attesi del mondo musicale internazionale per questi primi mesi del 2026: la\u00a0<strong>prima esecuzione assoluta di<\/strong>\u00a0<strong><em>Marina<\/em><\/strong>\u00a0\u2013 opera giovanile di\u00a0<strong>Umberto Giordano<\/strong>\u00a0nell\u2019edizione critica a cura di Andreas Gies \u2013 in programma il\u00a0<strong>12 e il 14 febbraio 2026 al Teatro Dal Verme di Milano<\/strong>\u00a0per l\u201981\u00aa Stagione concertistica dei Pomeriggi Musicali, grazie alla collaborazione con l\u2019Edizione Nazionale delle Opere di Umberto Giordano \/ LIM-Libreria Musicale Italiana. Un\u2019esecuzione in forma di concerto che sar\u00e0 anche registrata dall\u2019etichetta discografica Decca.<\/p>\n\n\n\n<p>A portare alla luce per la prima volta&nbsp;<em>Marina<\/em>&nbsp;dopo oltre un secolo dalla sua stesura \u2013 in un luogo simbolo del Verismo come il Teatro Dal Verme, profondamente legato all\u2019editore Sonzogno \u2013 \u00e8 un cast di interpreti di livello internazionale con protagonista&nbsp;<strong>Eleonora Buratto<\/strong>, tra i soprani pi\u00f9 richiesti della scena operistica contemporanea (chiamata a sostituire l\u2019inizialmente prevista Sonya Yoncheva). Accanto a lei, il tenore&nbsp;<strong>Freddie De Tommaso<\/strong>&nbsp;che presta al personaggio di Giorgio Lascari il suo ormai celebre timbro luminoso e appassionato, mentre&nbsp;<strong>Mihai Damian<\/strong>&nbsp;e&nbsp;<strong>Nicolas Mogg<\/strong>&nbsp;affronteranno le due parti baritonali di Lambro e Daniele, incarnazioni di una violenza cieca e implacabile.<br>Sul podio&nbsp;<strong>Vincenzo Milletar\u00ec<\/strong>, direttore pugliese come il compositore, tra i pi\u00f9 apprezzati della nuova generazione, alla guida dell\u2019<strong>Orchestra I Pomeriggi Musicali<\/strong>, che conferma cos\u00ec la propria vocazione storica alla riscoperta del repertorio raro e alla valorizzazione del patrimonio musicale italiano. Il&nbsp;<strong>Coro \u00e8 quello della Fondazione Teatro Petruzzelli di Bari<\/strong>, preparato da&nbsp;<strong>Marco Medved<\/strong>.<\/p>\n\n\n\n<p>Prima delle due esecuzioni \u2013 il 12 febbraio alle ore 18.45 e il 14 febbraio alle ore 15.45 (sempre al Teatro Dal Verme) \u2013 il musicologo Raffaele Mellace presenter\u00e0 l\u2019opera al pubblico con la partecipazione del curatore Andreas Gies (ingresso libero).<br>In occasione della prima di gioved\u00ec 12 febbraio, sempre alle ore 18.45 al Teatro Dal Verme, ci sar\u00e0 anche l\u2019appuntamento riservato agli Under30 \u201cAltri Pomeriggi\u201d con un aperitivo e incontro con i musicisti.<br><br>Composta nel 1888,&nbsp;<em>Marina<\/em>&nbsp;\u00e8 la prima opera scritta dal pugliese Giordano (Foggia 1867-Milano 1948) appena ventenne e ancora studente del Conservatorio di Napoli. L\u2019esordiente decise di presentare questa partitura al celebre Concorso Sonzogno, destinato in realt\u00e0 a cambiare il corso del melodramma italiano. Sebbene poi non sia stata tra le tre opere premiate (al primo posto arriv\u00f2&nbsp;<em>Cavalleria rusticana<\/em>&nbsp;di Mascagni),&nbsp;<em>Marina<\/em>&nbsp;attir\u00f2 l\u2019attenzione dell\u2019editore, che riconobbe nel giovane autore rilevanti qualit\u00e0, mettendolo subito sotto contratto. Presto sarebbero arrivate le sue opere pi\u00f9 note:&nbsp;<em>Andrea Ch\u00e9nier<\/em>,&nbsp;<em>Fedora<\/em>&nbsp;e&nbsp;<em>Siberia<\/em>.<br><br>Mai rappresentata,&nbsp;<em>Marina<\/em>&nbsp;rest\u00f2 a lungo in una sorta di limbo, anche perch\u00e9 parte della sua musica sarebbe confluita nella successiva&nbsp;<em>Mala vita<\/em>. La svolta \u00e8 arrivata solo in tempi recenti, con l\u2019individuazione della partitura autografa presso la Beinecke Rare Book and Manuscript Library di Yale, nella Koch Collection, da parte di&nbsp;<strong>Andreas Gies<\/strong>, che ha curato l\u2019edizione critica oggi alla base di questa prima assoluta. Un lavoro filologico di altissima precisione, che ha permesso di restituire non solo la musica, ma anche il testo cantato e le indicazioni sceniche, in assenza di un libretto originale sopravvissuto, ricostruito da&nbsp;<strong>Emanuele d\u2019Angelo<\/strong>.<br><br><em>Marina<\/em>&nbsp;si colloca nell\u2019alveo della drammaturgia verista, mettendo in scena una&nbsp;<em>tranche de vie<\/em>&nbsp;aspra e violenta, ambientata sullo sfondo delle ataviche ostilit\u00e0 serbo-montenegrine. I personaggi \u2013 Marina, il fratello Daniele, lo spasimante Lambro e il giovane serbo Giorgio \u2013 sono travolti da passioni assolute, in cui amore, gelosia e appartenenza ideologica precipitano verso un epilogo brutale. Al centro del dramma emerge la figura della protagonista, donna capace di sfidare la violenza patriarcale e bellica nel tentativo di salvare l\u2019uomo amato.<br>Dal punto di vista musicale,&nbsp;<em>Marina<\/em>&nbsp;rivela gi\u00e0 con sorprendente evidenza il talento di Giordano: un linguaggio moderno, armonicamente avanzato, flessibile nell\u2019adesione alla parola, capace di dialogare con i modelli del melodramma ottocentesco \u2013 da Verdi a Ponchielli, fino a echi della&nbsp;<em>Carmen<\/em>&nbsp;di Bizet \u2013 ma anche di anticipare soluzioni che torneranno nelle opere della maturit\u00e0. La struttura dell\u2019atto unico bipartito \u00e8 solida ed efficace: dalla scena iniziale della protagonista al duetto con Giorgio ferito, fino ai grandi concertati e al finale di sconvolgente rapidit\u00e0, in cui la violenza irrompe senza mediazioni, secondo un\u2019estetica ormai pienamente verista.<br><br>La prima assoluta di&nbsp;<em>Marina<\/em>&nbsp;\u2013 dopo i festeggiamenti per i 150 anni del Teatro Dal Verme e quelli per gli 80 anni dell\u2019Orchestra \u2013 conferma il rinnovato progetto culturale dei Pomeriggi Musicali che, dalla loro fondazione nel 1945, coniugano repertorio, contemporaneit\u00e0 e riscoperte alla luce del legame con la storia della propria sede e della citt\u00e0 di Milano.<\/p>\n\n\n\n<p><strong>Milano, Teatro Dal Verme<\/strong><br>gioved\u00ec 12 febbraio 2026, ore 18.45 presentazione al pubblico con Raffaele Mellace<br>gioved\u00ec 12 febbraio 2026, ore 18.45 Altri Pomeriggi Under30<br>gioved\u00ec 12 febbraio 2026, ore 20<br>sabato 14 febbraio 2026, ore 15.45 presentazione al pubblico con Raffaele Mellace<br>sabato 14 febbraio 2026, ore 17<br><br>Lambro (baritono)&nbsp;<strong>Mihai Damian<\/strong><br>Daniele (baritono)&nbsp;<strong>Nicolas Mogg<\/strong><br>Marina (soprano)&nbsp;<strong>Eleonora Buratto<\/strong><br>Giorgio Lascari (tenore)&nbsp;<strong>Freddie De Tommaso<\/strong><br>Direttore&nbsp;<strong>Vincenzo Milletar\u00ec<\/strong><br><br><strong>Orchestra I Pomeriggi Musicali<\/strong><br><strong>Coro della Fondazione Teatro Petruzzelli<\/strong>&nbsp;Maestro del coro&nbsp;<strong>Marco Medved<\/strong><br><br><br><strong>81a stagione 2025\/2026<\/strong><br><br>I&nbsp;<strong>carnet<\/strong>&nbsp;\u201cliberi di scegliere\u201d a 15 concerti hanno un costo&nbsp;<strong>intero<\/strong>&nbsp;da 161 a 258 euro + prevendita<br>I&nbsp;<strong>carnet<\/strong>&nbsp;\u201cliberi di scegliere\u201d a 15 concerti hanno un costo&nbsp;<strong>ridotto<\/strong>&nbsp;da 117 a 194 euro + prevendita<br><em>La riduzione \u00e8 valida per gli under 30, per gli over 60, gruppi, associazioni ed enti convenzionati.<\/em><br><br>I biglietti per i singoli concerti hanno un costo da 13 a 23,50 euro (intero) e da 11 a 19 euro (ridotto). I biglietti per le prove generali \u201cIn anteprima\u201d hanno un costo unico di 12 euro.<br><em>La riduzione \u00e8 valida per gli under 30, per gli over 60, gruppi, associazioni ed enti convenzionati.<\/em><br><br>Biglietteria TicketOne &#8211; Teatro Dal Verme<br>via San Giovanni sul Muro, 2 &#8211; 20121, Milano<br>Tel. +39 02 87 905 \u2013&nbsp;<a target=\"_blank\" href=\"https:\/\/florianatessitore.us12.list-manage.com\/track\/click?u=9aecf99759cc1d6c0a0ef9c1d&amp;id=18103c9316&amp;e=cceb3c1a2f\" rel=\"noreferrer noopener\">www.ipomeriggi.it<\/a><br><br>La biglietteria del Teatro Dal Verme \u00e8 aperta da marted\u00ec a sabato ore 10-18<br><a href=\"mailto:biglietteria@ipomeriggi.it\" target=\"_blank\" rel=\"noreferrer noopener\">biglietteria@ipomeriggi.it<\/a>&nbsp;\/ Te. +39 02 87905 201<br><br><strong>Acquista online&nbsp;<\/strong><a target=\"_blank\" href=\"https:\/\/florianatessitore.us12.list-manage.com\/track\/click?u=9aecf99759cc1d6c0a0ef9c1d&amp;id=aa73ffbea3&amp;e=cceb3c1a2f\" rel=\"noreferrer noopener\">www.ipomeriggi.it\/acquista<\/a>&nbsp;\/ &nbsp;<a target=\"_blank\" href=\"https:\/\/florianatessitore.us12.list-manage.com\/track\/click?u=9aecf99759cc1d6c0a0ef9c1d&amp;id=bd6530164b&amp;e=cceb3c1a2f\" rel=\"noreferrer noopener\">www.ticketone.it<\/a><\/p>\n\n\n\n<p><strong><em>Ufficio stampa<\/em><\/strong><br>Floriana Tessitore +39 3387339981<br><a href=\"mailto:stampa@ipomeriggi.it\" target=\"_blank\" rel=\"noreferrer noopener\">stampa@ipomeriggi.it<\/a><br>Fondazione I Pomeriggi Musicali<br><a href=\"http:\/\/www.ipomeriggi.it\/\" target=\"_blank\" rel=\"noreferrer noopener\">www.ipomeriggi.it<\/a><br>&nbsp;<\/p>\n\n\n\n<p>Milano, 26 gennaio 2026 (f.t.)<\/p>\n\n\n\n<p>FONDAZIONE I POMERIGGI MUSICALI<br>Ufficio stampa<br>Via San Giovanni sul Muro, 2 &#8211; 20121 Milano<br>T. 02 87905; F. 02 87905291<br><a href=\"http:\/\/www.ipomeriggi.it\/\" target=\"_blank\" rel=\"noreferrer noopener\">www.ipomeriggi.it<\/a><\/p>\n\n\n\n<p><em>copyright \u00a9 2026 Tessitore Vitale, All rights reserved.<\/em><\/p>\n\n\n\n<p>foto<\/p>\n\n\n\n<figure class=\"wp-block-gallery has-nested-images columns-default is-cropped wp-block-gallery-1 is-layout-flex wp-block-gallery-is-layout-flex\">\n<figure class=\"wp-block-image size-large\"><a href=\"https:\/\/www.ecoitaliano.com.ar\/wp-content\/uploads\/2026\/01\/De-Tommaso-Freddie-CHG10570-copy-scaled-1.jpg\"><img decoding=\"async\" width=\"683\" height=\"1024\" data-id=\"85213\" src=\"https:\/\/www.ecoitaliano.com.ar\/wp-content\/uploads\/2026\/01\/De-Tommaso-Freddie-CHG10570-copy-scaled-1-683x1024.jpg\" alt=\"\" class=\"wp-image-85213\" srcset=\"https:\/\/www.ecoitaliano.com.ar\/wp-content\/uploads\/2026\/01\/De-Tommaso-Freddie-CHG10570-copy-scaled-1-683x1024.jpg 683w, https:\/\/www.ecoitaliano.com.ar\/wp-content\/uploads\/2026\/01\/De-Tommaso-Freddie-CHG10570-copy-scaled-1-200x300.jpg 200w, https:\/\/www.ecoitaliano.com.ar\/wp-content\/uploads\/2026\/01\/De-Tommaso-Freddie-CHG10570-copy-scaled-1-768x1152.jpg 768w, https:\/\/www.ecoitaliano.com.ar\/wp-content\/uploads\/2026\/01\/De-Tommaso-Freddie-CHG10570-copy-scaled-1-1024x1536.jpg 1024w, https:\/\/www.ecoitaliano.com.ar\/wp-content\/uploads\/2026\/01\/De-Tommaso-Freddie-CHG10570-copy-scaled-1-1366x2048.jpg 1366w, https:\/\/www.ecoitaliano.com.ar\/wp-content\/uploads\/2026\/01\/De-Tommaso-Freddie-CHG10570-copy-scaled-1-100x150.jpg 100w, https:\/\/www.ecoitaliano.com.ar\/wp-content\/uploads\/2026\/01\/De-Tommaso-Freddie-CHG10570-copy-scaled-1.jpg 1707w\" sizes=\"(max-width: 683px) 100vw, 683px\" \/><\/a><\/figure>\n\n\n\n<figure class=\"wp-block-image size-large\"><a href=\"https:\/\/www.ecoitaliano.com.ar\/wp-content\/uploads\/2026\/01\/eleonora-buratto-by-gianluca-fontana.jpg\"><img decoding=\"async\" width=\"809\" height=\"1024\" data-id=\"85214\" src=\"https:\/\/www.ecoitaliano.com.ar\/wp-content\/uploads\/2026\/01\/eleonora-buratto-by-gianluca-fontana-809x1024.jpg\" alt=\"\" class=\"wp-image-85214\" srcset=\"https:\/\/www.ecoitaliano.com.ar\/wp-content\/uploads\/2026\/01\/eleonora-buratto-by-gianluca-fontana-809x1024.jpg 809w, https:\/\/www.ecoitaliano.com.ar\/wp-content\/uploads\/2026\/01\/eleonora-buratto-by-gianluca-fontana-237x300.jpg 237w, https:\/\/www.ecoitaliano.com.ar\/wp-content\/uploads\/2026\/01\/eleonora-buratto-by-gianluca-fontana-768x973.jpg 768w, https:\/\/www.ecoitaliano.com.ar\/wp-content\/uploads\/2026\/01\/eleonora-buratto-by-gianluca-fontana-1213x1536.jpg 1213w, https:\/\/www.ecoitaliano.com.ar\/wp-content\/uploads\/2026\/01\/eleonora-buratto-by-gianluca-fontana-118x150.jpg 118w, https:\/\/www.ecoitaliano.com.ar\/wp-content\/uploads\/2026\/01\/eleonora-buratto-by-gianluca-fontana.jpg 1617w\" sizes=\"(max-width: 809px) 100vw, 809px\" \/><\/a><\/figure>\n\n\n\n<figure class=\"wp-block-image size-large\"><a href=\"https:\/\/www.ecoitaliano.com.ar\/wp-content\/uploads\/2026\/01\/Milletari-Vincenzo-direttore-dorchestra-foto-di-Roberto-Ricca.jpeg\"><img decoding=\"async\" width=\"1024\" height=\"683\" data-id=\"85215\" src=\"https:\/\/www.ecoitaliano.com.ar\/wp-content\/uploads\/2026\/01\/Milletari-Vincenzo-direttore-dorchestra-foto-di-Roberto-Ricca-1024x683.jpeg\" alt=\"\" class=\"wp-image-85215\" srcset=\"https:\/\/www.ecoitaliano.com.ar\/wp-content\/uploads\/2026\/01\/Milletari-Vincenzo-direttore-dorchestra-foto-di-Roberto-Ricca-1024x683.jpeg 1024w, https:\/\/www.ecoitaliano.com.ar\/wp-content\/uploads\/2026\/01\/Milletari-Vincenzo-direttore-dorchestra-foto-di-Roberto-Ricca-300x200.jpeg 300w, https:\/\/www.ecoitaliano.com.ar\/wp-content\/uploads\/2026\/01\/Milletari-Vincenzo-direttore-dorchestra-foto-di-Roberto-Ricca-768x512.jpeg 768w, https:\/\/www.ecoitaliano.com.ar\/wp-content\/uploads\/2026\/01\/Milletari-Vincenzo-direttore-dorchestra-foto-di-Roberto-Ricca-1536x1024.jpeg 1536w, https:\/\/www.ecoitaliano.com.ar\/wp-content\/uploads\/2026\/01\/Milletari-Vincenzo-direttore-dorchestra-foto-di-Roberto-Ricca-2048x1366.jpeg 2048w, https:\/\/www.ecoitaliano.com.ar\/wp-content\/uploads\/2026\/01\/Milletari-Vincenzo-direttore-dorchestra-foto-di-Roberto-Ricca-150x100.jpeg 150w\" sizes=\"(max-width: 1024px) 100vw, 1024px\" \/><\/a><\/figure>\n<\/figure>\n","protected":false},"excerpt":{"rendered":"<p>comunicato stampa L\u2019OPERA \u201cMARINA\u201d DI UMBERTO GIORDANO IN PRIMA ASSOLUTA PER L\u201981a STAGIONE DEI POMERIGGI MUSICALI \u201cS\u00c8NTITI P\u00c0RTE\u201d AL TEATRO [&hellip;]<\/p>\n","protected":false},"author":1,"featured_media":0,"comment_status":"open","ping_status":"open","sticky":false,"template":"","format":"standard","meta":{"footnotes":""},"categories":[1],"tags":[],"class_list":["post-85211","post","type-post","status-publish","format-standard","hentry","category-sin-categoria"],"_links":{"self":[{"href":"https:\/\/www.ecoitaliano.com.ar\/index.php?rest_route=\/wp\/v2\/posts\/85211","targetHints":{"allow":["GET"]}}],"collection":[{"href":"https:\/\/www.ecoitaliano.com.ar\/index.php?rest_route=\/wp\/v2\/posts"}],"about":[{"href":"https:\/\/www.ecoitaliano.com.ar\/index.php?rest_route=\/wp\/v2\/types\/post"}],"author":[{"embeddable":true,"href":"https:\/\/www.ecoitaliano.com.ar\/index.php?rest_route=\/wp\/v2\/users\/1"}],"replies":[{"embeddable":true,"href":"https:\/\/www.ecoitaliano.com.ar\/index.php?rest_route=%2Fwp%2Fv2%2Fcomments&post=85211"}],"version-history":[{"count":1,"href":"https:\/\/www.ecoitaliano.com.ar\/index.php?rest_route=\/wp\/v2\/posts\/85211\/revisions"}],"predecessor-version":[{"id":85216,"href":"https:\/\/www.ecoitaliano.com.ar\/index.php?rest_route=\/wp\/v2\/posts\/85211\/revisions\/85216"}],"wp:attachment":[{"href":"https:\/\/www.ecoitaliano.com.ar\/index.php?rest_route=%2Fwp%2Fv2%2Fmedia&parent=85211"}],"wp:term":[{"taxonomy":"category","embeddable":true,"href":"https:\/\/www.ecoitaliano.com.ar\/index.php?rest_route=%2Fwp%2Fv2%2Fcategories&post=85211"},{"taxonomy":"post_tag","embeddable":true,"href":"https:\/\/www.ecoitaliano.com.ar\/index.php?rest_route=%2Fwp%2Fv2%2Ftags&post=85211"}],"curies":[{"name":"wp","href":"https:\/\/api.w.org\/{rel}","templated":true}]}}