{"id":85238,"date":"2026-01-27T18:26:26","date_gmt":"2026-01-27T18:26:26","guid":{"rendered":"https:\/\/www.ecoitaliano.com.ar\/?p=85238"},"modified":"2026-01-27T18:26:26","modified_gmt":"2026-01-27T18:26:26","slug":"serena-conduce-operaclassica-eco-italiano-4936","status":"publish","type":"post","link":"https:\/\/www.ecoitaliano.com.ar\/?p=85238","title":{"rendered":"Serena conduce operaclassica eco italiano"},"content":{"rendered":"<div class=\"wp-block-image\">\n<figure class=\"aligncenter size-full is-resized\"><a href=\"https:\/\/www.ecoitaliano.com.ar\/wp-content\/uploads\/2026\/01\/image-43.png\"><img decoding=\"async\" width=\"131\" height=\"78\" src=\"https:\/\/www.ecoitaliano.com.ar\/wp-content\/uploads\/2026\/01\/image-43.png\" alt=\"\" class=\"wp-image-85239\" style=\"width:156px;height:auto\"\/><\/a><\/figure><\/div>\n\n\n<p>Comunicato stampa<\/p>\n\n\n\n<p><strong>TCBO: DAN\u00cdEL BJARNASON DIRIGE IN PRIMA ITALIANA LE SUE COMPOSIZIONI&nbsp;<em>FRAGILE HOPE<\/em>&nbsp;E IL CONCERTO PER VIOLINO E ORCHESTRA<\/strong><\/p>\n\n\n\n<p><strong>In programma anche musiche di Britten e Sibelius<\/strong><\/p>\n\n\n\n<p><strong>Solista la violinista Ava Bahari, al debutto con l\u2019Orchestra della fondazione lirico-sinfonica felsinea<\/strong><\/p>\n\n\n\n<p><em>Sabato 31 gennaio ore 20.30 all\u2019Auditorium Manzoni<\/em><\/p>\n\n\n\n<p>Un percorso musicale che attraversa sonorit\u00e0 nordiche e suggestioni legate al mare caratterizza il prossimo concerto della Stagione Sinfonica 2026 del Teatro Comunale di Bologna diretto da<strong>&nbsp;Dan\u00edel Bjarnason<\/strong>, tra le figure pi\u00f9 significative della nuova musica islandese.&nbsp;<strong>Sabato 31 gennaio alle ore 20.30 all\u2019Auditorium Manzoni<\/strong>, Bjarnason torna sul podio dell\u2019Orchestra della fondazione lirico-sinfonica felsinea presentando due proprie composizioni, entrambe interpretate in prima esecuzione italiana:&nbsp;<em>Fragile Hope<\/em>&nbsp;e il Concerto per violino e orchestra. In quest\u2019ultimo, impegnata nella parte solistica \u00e8&nbsp;<strong>Ava Bahari<\/strong>, violinista svedese tra le pi\u00f9 interessanti delle nuove generazioni, premiata anche al Concorso \u201cPaganini\u201d di Genova nel 2021, che debutta nel cartellone del Comunale. Completano il concerto la&nbsp;<em>Passacaglia<\/em>&nbsp;tratta dall\u2019opera&nbsp;<em>Peter Grimes<\/em>&nbsp;di Benjamin Britten e la Sinfonia n. 7 in do maggiore&nbsp;op. 105 di Jean Sibelius.<\/p>\n\n\n\n<p>Artista associato della Iceland Symphony Orchestra, Bjarnasonha diretto le principali compagini internazionali come la Los Angeles Philharmonic, la BBC Philharmonic Orchestra e la Tokyo Symphony Orchestra. Come compositore, si distingue per versatilit\u00e0 ed eclettismo: ha spesso attraversato i confini della musica classica e collaborato con musicisti quali Sigur R\u00f3s, Laufey, Ben Frost, Brian Eno ed Efterklang. La sua musica \u00e8 stata diretta, tra i tanti, da Esa-Pekka Salonen, Gustavo Dudamel, John Adams, James Conlon. Pi\u00f9 volte premiato con l\u2019Icelandic Music Awards, ha inoltre ricevuto una nomination ai Grammy Awards per l\u2019album&nbsp;<em>Concurrence<\/em>.<\/p>\n\n\n\n<p>Classe 1996, la violinista Ava Bahari&nbsp;ha&nbsp;tenuto il suo primo concerto da solista&nbsp;alla G\u00f6teborgs Konserthus a soli otto anni. Da allora si \u00e8 esibita come solista con numerose orchestre, tra cui l\u2019Orchestra Sinfonica di G\u00f6teborg, l\u2019Orchestra Sinfonica di Malm\u00f6, l\u2019Orchestra Filarmonica Reale di Stoccolma e la Philharmonia Orchestra. Le sue collaborazioni con musicisti e direttori d\u2019orchestra si estendono a nomi come Pekka Kuusisto,&nbsp;Andrew Manze, Tabita Berglund,&nbsp;e, nell\u2019ambito cameristico, a Kirill Gerstein e Daniel Hope.<\/p>\n\n\n\n<p>La serata si apre con&nbsp;<em>Fragile Hope<\/em>, brano orchestrale presentato per la prima volta a G\u00f6teborg nel 2024 e appartenente a una serie di pezzi commissionati proprio dall\u2019Orchestra Sinfonica di G\u00f6teborg ai principali compositori di area scandinava con l\u2019obiettivo di sensibilizzare sul tema della vulnerabilit\u00e0 dell\u2019ecosistema marino. La scrittura di Bjarnason d\u00e0 qui vita a suggestioni sonore continue, che riflettono la mutevolezza e la potenza dell\u2019immaginario naturale del suo paese natale, l\u2019Islanda appunto.<\/p>\n\n\n\n<p>Segue il Concerto per violino e orchestra, composto da Bjarnason su commissione della Los Angeles Philharmonic e della Iceland Symphony&nbsp;Orchestra. Questo concerto \u00e8 stato eseguito per la prima volta nel 2017 sotto la direzione di Gustavo Dudamel. Nel brano il violino presenta un&#8217;accordatura non convenzionale \u2013 tipica della prassi barocca \u2013, e nel corso dell&#8217;opera si misura con soluzioni tecniche molto ardite, tra accordi spezzati velocissimi e cadenze iper-virtuosistiche. Strutturato in un unico movimento, si apre con l\u2019intervento solistico, a cui poco per volta va a sovrapporsi l\u2019intera orchestra, in un processo di continua espansione timbrica e drammatica.<\/p>\n\n\n\n<p>Legato all\u2019ambientazione marina \u00e8 anche il terzo brano in programma: la&nbsp;<em>Passacaglia&nbsp;<\/em>tratta dal&nbsp;<em>Peter Grimes<\/em>&nbsp;di Britten. Al centro di quest\u2019opera, composta nel 1945, vi \u00e8 la storia tragica di un pescatore solitario, rifiutato e condannato da una comunit\u00e0 chiusa e giudicante. Dalla partitura l\u2019autore estrasse alcuni brani sinfonici rappresentativi della vicenda di Grimes \u2013&nbsp;<em>Quattro interludi marini&nbsp;<\/em>e la&nbsp;<em>Passacaglia<\/em>, appunto \u2013 dove il mare, non pi\u00f9 solo un semplice sfondo, si fa protagonista.<\/p>\n\n\n\n<p>Conclude il concerto la Sinfonia n. 7 in do maggiore op. 105 di Sibelius. Ultimo lavoro sinfonico del compositore finlandese, cui segu\u00ec un silenzio creativo che dur\u00f2 per quasi trent\u2019anni, questa \u201cfantasia sinfonica\u201d \u2013 come la soprannomin\u00f2 lui stesso \u2013 rappresenta il culmine di un percorso iniziato con le prime sinfonie e sempre orientato al superamento della forma classica. L\u2019opera \u00e8 concentrata in un unico movimento organico, dove episodi contrastanti vengono fusi senza soluzione di continuit\u00e0, e testimonia l\u2019inarrestabile struggimento di Sibelius verso una sintesi sinfonica definitiva.<\/p>\n\n\n\n<p>Main Partner della Stagione Sinfonica 2026 del Teatro Comunale di Bologna \u00e8 Intesa Sanpaolo.<\/p>\n\n\n\n<p>I biglietti \u2013&nbsp;da 15 a 45 euro \u2013 sono&nbsp;in vendita online tramite&nbsp;<a target=\"_blank\" href=\"https:\/\/www.vivaticket.com\/it\/ticket\/2-sinfonica-2026-bjarnason\/289964\" rel=\"noreferrer noopener\">Vivaticket&nbsp;<\/a>e presso la biglietteria del Teatro Comunale (Largo Respighi), dal marted\u00ec al venerd\u00ec dalle 12 alle 18 e il sabato dalle 11 alle 15; il giorno del concerto presso l\u2019Auditorium Manzoni da 1 ora prima fino a 15 minuti dopo l\u2019inizio dello spettacolo.<\/p>\n\n\n\n<p>Per ogni appuntamento della Stagione Sinfonica 2026 si terranno le consuete introduzioni all\u2019ascolto per il pubblico \u201cNote a margine\u201d, in programma circa 30 minuti prima dell\u2019inizio del concerto presso il foyer del bar dell\u2019Auditorium Manzoni.<\/p>\n\n\n\n<p>Info:&nbsp;<a target=\"_blank\" href=\"https:\/\/www.tcbo.it\/eventi\/concerti-2026-sinfonica-bjarnason\/\" rel=\"noreferrer noopener\">https:\/\/www.tcbo.it\/eventi\/concerti-2026-sinfonica-bjarnason\/<\/a><\/p>\n\n\n\n<p>27.01.2026<\/p>\n\n\n\n<p><\/p>\n\n\n\n<p><strong>Skill&amp;Music<\/strong><\/p>\n\n\n\n<p>Alissa Balocco \u2013 referente ufficio stampa<\/p>\n\n\n\n<p>Alice Castelnuovo \u2013 assistente ufficio stampa<\/p>\n\n\n\n<p>Fondazione Teatro Comunale di Bologna&nbsp;<\/p>\n\n\n\n<p>Largo Respighi, 1 &#8211; 40126 Bologna&nbsp;<\/p>\n\n\n\n<p>T. +39 051 529947&nbsp;<\/p>\n\n\n\n<p>e-mail:&nbsp;<strong><a href=\"mailto:ufficiostampa@comunalebologna.it\" target=\"_blank\" rel=\"noreferrer noopener\">ufficiostampa@comunalebologna.it<\/a><\/strong>&nbsp;<\/p>\n\n\n\n<p><strong><a target=\"_blank\" href=\"http:\/\/www.tcbo.it\/\" rel=\"noreferrer noopener\">www.tcbo.it<\/a><\/strong><\/p>\n\n\n\n<p><strong>STAGIONE SINFONICA 2026 DEL TEATRO COMUNALE DI BOLOGNA<\/strong><\/p>\n\n\n\n<p><strong>Sabato 31 gennaio ore 20.30, Auditorium Manzoni<\/strong><\/p>\n\n\n\n<p><strong>Dan\u00edel Bjarnason&nbsp;<\/strong><em>direttore<\/em><\/p>\n\n\n\n<p><strong>Ava Bahari&nbsp;<\/strong><em>violino<\/em><\/p>\n\n\n\n<p>Orchestra del Teatro Comunale di Bologna<\/p>\n\n\n\n<p><strong>PROGRAMMA<\/strong><\/p>\n\n\n\n<p><strong>Dan\u00edel Bjarnason<\/strong><\/p>\n\n\n\n<p><em>Fragile Hope<\/em><\/p>\n\n\n\n<p>Prima esecuzione italiana<\/p>\n\n\n\n<p>Concerto per violino e orchestra<\/p>\n\n\n\n<p>Prima esecuzione italiana<\/p>\n\n\n\n<p><strong>Benjamin Britten<\/strong><\/p>\n\n\n\n<p><em>Peter Grimes: Passacaglia<\/em><\/p>\n\n\n\n<p><strong>Jean Sibelius<\/strong><\/p>\n\n\n\n<p>Sinfonia n. 7 in do maggiore op. 105<\/p>\n\n\n\n<p>Main Partner della Stagione Sinfonica 2026 del Teatro Comunale di Bologna \u00e8 Intesa Sanpaolo<\/p>\n\n\n\n<figure class=\"wp-block-table\"><table class=\"has-fixed-layout\"><tbody><tr><td colspan=\"3\"><strong>Ufficio Stampa Teatro Comunale di Bologna<\/strong><\/td><\/tr><tr><td rowspan=\"2\"><\/td><td rowspan=\"2\"><\/td><td><strong>Fondazione Teatro Comunale di Bologna<\/strong><br>Largo Respighi,1 &#8211; 40126 Bologna<br>Telefono:&nbsp;<a target=\"_blank\" href=\"tel:051529947\" rel=\"noreferrer noopener\">051529947<\/a><br>Fax: 051529995<br><a target=\"_blank\" href=\"http:\/\/www.tcbo.it\/\" rel=\"noreferrer noopener\">www.tcbo.it<\/a><\/td><\/tr><\/tbody><\/table><\/figure>\n\n\n\n<p>foto<\/p>\n\n\n\n<figure class=\"wp-block-gallery has-nested-images columns-default is-cropped wp-block-gallery-1 is-layout-flex wp-block-gallery-is-layout-flex\">\n<figure class=\"wp-block-image size-large\"><a href=\"https:\/\/www.ecoitaliano.com.ar\/wp-content\/uploads\/2026\/01\/Orchestra-TCBO-senza-direttore-al-Manzoni-1\u00a9Andrea-Ranzi-3.jpg\"><img decoding=\"async\" width=\"1024\" height=\"683\" data-id=\"85240\" src=\"https:\/\/www.ecoitaliano.com.ar\/wp-content\/uploads\/2026\/01\/Orchestra-TCBO-senza-direttore-al-Manzoni-1\u00a9Andrea-Ranzi-3-1024x683.jpg\" alt=\"\" class=\"wp-image-85240\" srcset=\"https:\/\/www.ecoitaliano.com.ar\/wp-content\/uploads\/2026\/01\/Orchestra-TCBO-senza-direttore-al-Manzoni-1\u00a9Andrea-Ranzi-3-1024x683.jpg 1024w, https:\/\/www.ecoitaliano.com.ar\/wp-content\/uploads\/2026\/01\/Orchestra-TCBO-senza-direttore-al-Manzoni-1\u00a9Andrea-Ranzi-3-300x200.jpg 300w, https:\/\/www.ecoitaliano.com.ar\/wp-content\/uploads\/2026\/01\/Orchestra-TCBO-senza-direttore-al-Manzoni-1\u00a9Andrea-Ranzi-3-768x512.jpg 768w, https:\/\/www.ecoitaliano.com.ar\/wp-content\/uploads\/2026\/01\/Orchestra-TCBO-senza-direttore-al-Manzoni-1\u00a9Andrea-Ranzi-3-1536x1024.jpg 1536w, https:\/\/www.ecoitaliano.com.ar\/wp-content\/uploads\/2026\/01\/Orchestra-TCBO-senza-direttore-al-Manzoni-1\u00a9Andrea-Ranzi-3-2048x1366.jpg 2048w, https:\/\/www.ecoitaliano.com.ar\/wp-content\/uploads\/2026\/01\/Orchestra-TCBO-senza-direttore-al-Manzoni-1\u00a9Andrea-Ranzi-3-150x100.jpg 150w\" sizes=\"(max-width: 1024px) 100vw, 1024px\" \/><\/a><\/figure>\n\n\n\n<figure class=\"wp-block-image size-large\"><a href=\"https:\/\/www.ecoitaliano.com.ar\/wp-content\/uploads\/2026\/01\/Daniel-Bjarnason@-Saga-Sig.jpg\"><img decoding=\"async\" width=\"683\" height=\"1024\" data-id=\"85241\" src=\"https:\/\/www.ecoitaliano.com.ar\/wp-content\/uploads\/2026\/01\/Daniel-Bjarnason@-Saga-Sig-683x1024.jpg\" alt=\"\" class=\"wp-image-85241\" srcset=\"https:\/\/www.ecoitaliano.com.ar\/wp-content\/uploads\/2026\/01\/Daniel-Bjarnason@-Saga-Sig-683x1024.jpg 683w, https:\/\/www.ecoitaliano.com.ar\/wp-content\/uploads\/2026\/01\/Daniel-Bjarnason@-Saga-Sig-200x300.jpg 200w, https:\/\/www.ecoitaliano.com.ar\/wp-content\/uploads\/2026\/01\/Daniel-Bjarnason@-Saga-Sig-768x1152.jpg 768w, https:\/\/www.ecoitaliano.com.ar\/wp-content\/uploads\/2026\/01\/Daniel-Bjarnason@-Saga-Sig-1024x1536.jpg 1024w, https:\/\/www.ecoitaliano.com.ar\/wp-content\/uploads\/2026\/01\/Daniel-Bjarnason@-Saga-Sig-1366x2048.jpg 1366w, https:\/\/www.ecoitaliano.com.ar\/wp-content\/uploads\/2026\/01\/Daniel-Bjarnason@-Saga-Sig-100x150.jpg 100w, https:\/\/www.ecoitaliano.com.ar\/wp-content\/uploads\/2026\/01\/Daniel-Bjarnason@-Saga-Sig.jpg 1707w\" sizes=\"(max-width: 683px) 100vw, 683px\" \/><\/a><\/figure>\n\n\n\n<figure class=\"wp-block-image size-large\"><a href=\"https:\/\/www.ecoitaliano.com.ar\/wp-content\/uploads\/2026\/01\/Daniel-Bjarnason.jpeg\"><img decoding=\"async\" width=\"1024\" height=\"683\" data-id=\"85242\" src=\"https:\/\/www.ecoitaliano.com.ar\/wp-content\/uploads\/2026\/01\/Daniel-Bjarnason-1024x683.jpeg\" alt=\"\" class=\"wp-image-85242\" srcset=\"https:\/\/www.ecoitaliano.com.ar\/wp-content\/uploads\/2026\/01\/Daniel-Bjarnason-1024x683.jpeg 1024w, https:\/\/www.ecoitaliano.com.ar\/wp-content\/uploads\/2026\/01\/Daniel-Bjarnason-300x200.jpeg 300w, https:\/\/www.ecoitaliano.com.ar\/wp-content\/uploads\/2026\/01\/Daniel-Bjarnason-768x512.jpeg 768w, https:\/\/www.ecoitaliano.com.ar\/wp-content\/uploads\/2026\/01\/Daniel-Bjarnason-1536x1024.jpeg 1536w, https:\/\/www.ecoitaliano.com.ar\/wp-content\/uploads\/2026\/01\/Daniel-Bjarnason-2048x1366.jpeg 2048w, https:\/\/www.ecoitaliano.com.ar\/wp-content\/uploads\/2026\/01\/Daniel-Bjarnason-150x100.jpeg 150w\" sizes=\"(max-width: 1024px) 100vw, 1024px\" \/><\/a><figcaption class=\"wp-element-caption\">Evoto<\/figcaption><\/figure>\n\n\n\n<figure class=\"wp-block-image size-large\"><a href=\"https:\/\/www.ecoitaliano.com.ar\/wp-content\/uploads\/2026\/01\/Ava-Bahari_DSCF9051_\u00a9SylvainBarres.jpg\"><img decoding=\"async\" width=\"683\" height=\"1024\" data-id=\"85243\" src=\"https:\/\/www.ecoitaliano.com.ar\/wp-content\/uploads\/2026\/01\/Ava-Bahari_DSCF9051_\u00a9SylvainBarres-683x1024.jpg\" alt=\"\" class=\"wp-image-85243\" srcset=\"https:\/\/www.ecoitaliano.com.ar\/wp-content\/uploads\/2026\/01\/Ava-Bahari_DSCF9051_\u00a9SylvainBarres-683x1024.jpg 683w, https:\/\/www.ecoitaliano.com.ar\/wp-content\/uploads\/2026\/01\/Ava-Bahari_DSCF9051_\u00a9SylvainBarres-200x300.jpg 200w, https:\/\/www.ecoitaliano.com.ar\/wp-content\/uploads\/2026\/01\/Ava-Bahari_DSCF9051_\u00a9SylvainBarres-768x1152.jpg 768w, https:\/\/www.ecoitaliano.com.ar\/wp-content\/uploads\/2026\/01\/Ava-Bahari_DSCF9051_\u00a9SylvainBarres-1024x1536.jpg 1024w, https:\/\/www.ecoitaliano.com.ar\/wp-content\/uploads\/2026\/01\/Ava-Bahari_DSCF9051_\u00a9SylvainBarres-1366x2048.jpg 1366w, https:\/\/www.ecoitaliano.com.ar\/wp-content\/uploads\/2026\/01\/Ava-Bahari_DSCF9051_\u00a9SylvainBarres-100x150.jpg 100w, https:\/\/www.ecoitaliano.com.ar\/wp-content\/uploads\/2026\/01\/Ava-Bahari_DSCF9051_\u00a9SylvainBarres.jpg 1707w\" sizes=\"(max-width: 683px) 100vw, 683px\" \/><\/a><\/figure>\n<\/figure>\n","protected":false},"excerpt":{"rendered":"<p>Comunicato stampa TCBO: DAN\u00cdEL BJARNASON DIRIGE IN PRIMA ITALIANA LE SUE COMPOSIZIONI&nbsp;FRAGILE HOPE&nbsp;E IL CONCERTO PER VIOLINO E ORCHESTRA In [&hellip;]<\/p>\n","protected":false},"author":1,"featured_media":0,"comment_status":"open","ping_status":"open","sticky":false,"template":"","format":"standard","meta":{"footnotes":""},"categories":[1],"tags":[],"class_list":["post-85238","post","type-post","status-publish","format-standard","hentry","category-sin-categoria"],"_links":{"self":[{"href":"https:\/\/www.ecoitaliano.com.ar\/index.php?rest_route=\/wp\/v2\/posts\/85238","targetHints":{"allow":["GET"]}}],"collection":[{"href":"https:\/\/www.ecoitaliano.com.ar\/index.php?rest_route=\/wp\/v2\/posts"}],"about":[{"href":"https:\/\/www.ecoitaliano.com.ar\/index.php?rest_route=\/wp\/v2\/types\/post"}],"author":[{"embeddable":true,"href":"https:\/\/www.ecoitaliano.com.ar\/index.php?rest_route=\/wp\/v2\/users\/1"}],"replies":[{"embeddable":true,"href":"https:\/\/www.ecoitaliano.com.ar\/index.php?rest_route=%2Fwp%2Fv2%2Fcomments&post=85238"}],"version-history":[{"count":1,"href":"https:\/\/www.ecoitaliano.com.ar\/index.php?rest_route=\/wp\/v2\/posts\/85238\/revisions"}],"predecessor-version":[{"id":85244,"href":"https:\/\/www.ecoitaliano.com.ar\/index.php?rest_route=\/wp\/v2\/posts\/85238\/revisions\/85244"}],"wp:attachment":[{"href":"https:\/\/www.ecoitaliano.com.ar\/index.php?rest_route=%2Fwp%2Fv2%2Fmedia&parent=85238"}],"wp:term":[{"taxonomy":"category","embeddable":true,"href":"https:\/\/www.ecoitaliano.com.ar\/index.php?rest_route=%2Fwp%2Fv2%2Fcategories&post=85238"},{"taxonomy":"post_tag","embeddable":true,"href":"https:\/\/www.ecoitaliano.com.ar\/index.php?rest_route=%2Fwp%2Fv2%2Ftags&post=85238"}],"curies":[{"name":"wp","href":"https:\/\/api.w.org\/{rel}","templated":true}]}}