{"id":85253,"date":"2026-01-28T10:33:41","date_gmt":"2026-01-28T10:33:41","guid":{"rendered":"https:\/\/www.ecoitaliano.com.ar\/?p=85253"},"modified":"2026-01-28T10:34:00","modified_gmt":"2026-01-28T10:34:00","slug":"il-vento-del-nord-est-vannacci-e-lenigma-di-futuro-nazionale","status":"publish","type":"post","link":"https:\/\/www.ecoitaliano.com.ar\/?p=85253","title":{"rendered":"Il vento del nord-est: Vannacci e l\u2019enigma di Futuro Nazionale"},"content":{"rendered":"\n<p><em>Carlo De Stanislao<\/em><\/p>\n\n\n<div class=\"wp-block-image\">\n<figure class=\"aligncenter size-full\"><a href=\"http:\/\/www.ecoitaliano.com.ar\/wp-content\/uploads\/2026\/01\/descarga-4-1.jpeg\"><img decoding=\"async\" width=\"225\" height=\"225\" src=\"http:\/\/www.ecoitaliano.com.ar\/wp-content\/uploads\/2026\/01\/descarga-4-1.jpeg\" alt=\"\" class=\"wp-image-85254\" srcset=\"https:\/\/www.ecoitaliano.com.ar\/wp-content\/uploads\/2026\/01\/descarga-4-1.jpeg 225w, https:\/\/www.ecoitaliano.com.ar\/wp-content\/uploads\/2026\/01\/descarga-4-1-150x150.jpeg 150w\" sizes=\"(max-width: 225px) 100vw, 225px\" \/><\/a><\/figure><\/div>\n\n\n<blockquote class=\"wp-block-quote is-layout-flow wp-block-quote-is-layout-flow\">\n<p>\u200b\u00bb<em>Non \u00e8 il vento, ma la vela a determinare la rotta.\u00bb<\/em><\/p>\n\n\n\n<p><em>\u2014 Seneca<\/em><\/p>\n<\/blockquote>\n\n\n\n<p>\u200bIl panorama politico italiano, storicamente frammentato e incline a improvvise fiammate populiste, si trova oggi di fronte a un nuovo interrogativo che agita i palazzi del potere e le piazze digitali: Roberto Vannacci sta per mettersi in proprio? L&#8217;indizio che ha trasformato il sospetto in quasi-certezza \u00e8 la registrazione del marchio&nbsp;<strong>Futuro Nazionale<\/strong>. Non un semplice slogan da campagna elettorale, ma un\u2019entit\u00e0 giuridica depositata con cura, che profuma di simbolo sulla scheda elettorale.<\/p>\n\n\n\n<p>\u200bPer il generale pi\u00f9 discusso d&#8217;Italia, l&#8217;europarlamentare indipendente eletto nelle liste della Lega con un numero imponente di preferenze, il passo verso una formazione autonoma sembra ormai dettato da una logica di destino manifesto.<\/p>\n\n\n\n<h2 class=\"wp-block-heading\">\u200bL&#8217;identit\u00e0 del brand: cos&#8217;\u00e8 Futuro Nazionale?<\/h2>\n\n\n\n<p>\u200bLa registrazione di un marchio \u00e8 l&#8217;atto di nascita burocratico di un&#8217;ambizione.&nbsp;<strong>Futuro Nazionale<\/strong>&nbsp;non evoca solo un generico patriottismo, ma sintetizza i pilastri su cui Vannacci ha costruito la sua ascesa mediatica.<\/p>\n\n\n\n<p>\u200bDa un lato c&#8217;\u00e8 la visione del futuro, una proiezione che vuole superare la gestione dell&#8217;emergenza per proporre un modello di societ\u00e0 a lungo termine, basato su quelli che il generale definisce valori tradizionali. Dall&#8217;altro c&#8217;\u00e8 l&#8217;appartenenza nazionale, un richiamo forte alla sovranit\u00e0, in un momento in cui il dibattito europeo si fa sempre pi\u00f9 serrato su temi come difesa comune e gestione dei confini. Il logo, che gioca su cromatismi classici e un&#8217;estetica pulita, sembra voler rassicurare l&#8217;elettorato di destra che cerca ordine e fermezza, distinguendosi per\u00f2 dalle liturgie dei partiti tradizionali.<\/p>\n\n\n\n<h2 class=\"wp-block-heading\">\u200bDalla caserma all&#8217;Europarlamento: una strategia di attrito<\/h2>\n\n\n\n<p>\u200bLa traiettoria di Vannacci \u00e8 un caso di studio sociologico. Tutto \u00e8 iniziato con un libro che ha agito come un sasso in uno stagno. Quello che sembrava un caso letterario \u00e8 diventato un movimento d&#8217;opinione. La Lega di Matteo Salvini ha intuito il potenziale elettorale, offrendogli un passaggio sicuro verso Bruxelles, ma il rapporto tra il generale e il Carroccio \u00e8 sempre stato quello di un matrimonio di convenienza.<\/p>\n\n\n\n<p>\u200bVannacci non ha mai preso la tessera della Lega. Si \u00e8 mosso come un corpo estraneo, un ospite d&#8217;eccezione che drena voti ma non risponde alle gerarchie interne. La nascita di Futuro Nazionale rappresenta la fine di questa ambiguit\u00e0. Per Vannacci \u00e8 la via per la piena autonomia finanziaria e decisionale. Per la Lega \u00e8 una minaccia esistenziale, specialmente in quelle aree del Paese dove il generale ha raccolto consensi trasversali.<\/p>\n\n\n\n<h2 class=\"wp-block-heading\">\u200bI temi portanti: oltre il mondo al contrario<\/h2>\n\n\n\n<p>\u200bSe il partito dovesse concretizzarsi, la retorica vannacciana punterebbe su cardini ben precisi che definiscono l&#8217;identit\u00e0 di Futuro Nazionale.<\/p>\n\n\n\n<p>\u200bLa critica all&#8217;ideologia cosiddetta woke \u00e8 centrale. Vannacci ha intercettato un malessere profondo in una parte della popolazione che si sente alienata dai nuovi canoni del politicamente corretto. La difesa della famiglia tradizionale e il rifiuto delle politiche di genere non sono per lui solo opinioni, ma una battaglia culturale per la normalit\u00e0.<\/p>\n\n\n\n<p>\u200bA questo si aggiunge un sovranismo pratico. A differenza del sovranismo urlato degli anni passati, quello di Futuro Nazionale si presenta come un ritorno al pragmatismo: difesa dei confini, tutela del prodotto interno e una revisione critica dei trattati europei. Infine, da militare di carriera, Vannacci declina la sicurezza non solo come ordine pubblico, ma come protezione dell&#8217;identit\u00e0 nazionale in un&#8217;epoca di globalizzazione selvaggia.<\/p>\n\n\n\n<h2 class=\"wp-block-heading\">\u200bLa geopolitica del consenso: chi vota Vannacci?<\/h2>\n\n\n\n<p>\u200bLe analisi mostrano che il vannaccismo non \u00e8 un fenomeno confinato alla sola destra radicale. Il suo elettorato \u00e8 composto da militari e forze dell&#8217;ordine che vedono in lui un rappresentante autentico, ma anche da astensionisti delusi che ritrovano in un linguaggio schietto una ragione per tornare alle urne. Vi sono poi molti ex elettori del centro-destra che percepiscono i partiti attuali come troppo istituzionalizzati o poco incisivi sulle questioni identitarie.<\/p>\n\n\n\n<h2 class=\"wp-block-heading\">\u200bLe sfide di un nuovo partito<\/h2>\n\n\n\n<p>\u200bCreare un partito da zero in Italia rimane un&#8217;impresa titanica. La storia \u00e8 piena di movimenti nati sull&#8217;onda di un leader carismatico e naufragati alla prima prova amministrativa.<\/p>\n\n\n\n<p>\u200bUna delle sfide principali riguarda il radicamento territoriale. Passare dai consensi sui social ai circoli locali richiede una struttura che attualmente Vannacci non possiede. Senza una rete di amministratori locali, un partito rischia di restare una meteora legata esclusivamente alla visibilit\u00e0 televisiva del suo fondatore.<\/p>\n\n\n\n<p>\u200bInoltre, c&#8217;\u00e8 la questione della selezione della classe dirigente. Il rischio \u00e8 che il nuovo contenitore diventi un rifugio per transfughi di altre forze politiche in cerca di ricollocamento. Infine, il rapporto di coalizione: Vannacci dovr\u00e0 decidere se essere un alleato critico del governo o un&#8217;alternativa solitaria, una scelta che determiner\u00e0 la sua sopravvivenza nel lungo periodo.<\/p>\n\n\n\n<h2 class=\"wp-block-heading\">\u200bConclusioni: un futuro gi\u00e0 scritto?<\/h2>\n\n\n\n<p>\u200bLa registrazione di Futuro Nazionale \u00e8 il segnale che la fase della testimonianza \u00e8 finita ed \u00e8 iniziata quella della costruzione. Non si tratta pi\u00f9 solo di vendere libri o rilasciare interviste provocatorie, ma di gettare le basi per una macchina politica. Se Vannacci riuscir\u00e0 a trasformare la sua notoriet\u00e0 in una struttura solida, potremmo assistere a una ricomposizione profonda della destra italiana, con uno spostamento dell&#8217;asse verso posizioni ancora pi\u00f9 identitarie.<\/p>\n\n\n\n<p>\u200bIl generale sa bene che in politica, come in battaglia, il tempismo \u00e8 tutto. E il vento, al momento, sembra soffiare nelle sue vele. Resta da vedere se la rotta tracciata porter\u00e0 a un approdo sicuro o verso le secche di un isolazionismo che l&#8217;attuale sistema fatica a digerire.<\/p>\n\n\n\n<p><em><strong>Tutte l\u2019opinioni versati nel sito correspondono solo a chi la manifesta. Non e necessariamente l\u2019opinione della Direzione<\/strong><\/em><\/p>\n","protected":false},"excerpt":{"rendered":"<p>Carlo De Stanislao \u200b\u00bbNon \u00e8 il vento, ma la vela a determinare la rotta.\u00bb \u2014 Seneca \u200bIl panorama politico italiano, [&hellip;]<\/p>\n","protected":false},"author":1,"featured_media":0,"comment_status":"open","ping_status":"open","sticky":false,"template":"","format":"standard","meta":{"footnotes":""},"categories":[10,35],"tags":[],"class_list":["post-85253","post","type-post","status-publish","format-standard","hentry","category-italiano","category-opiniones"],"_links":{"self":[{"href":"https:\/\/www.ecoitaliano.com.ar\/index.php?rest_route=\/wp\/v2\/posts\/85253","targetHints":{"allow":["GET"]}}],"collection":[{"href":"https:\/\/www.ecoitaliano.com.ar\/index.php?rest_route=\/wp\/v2\/posts"}],"about":[{"href":"https:\/\/www.ecoitaliano.com.ar\/index.php?rest_route=\/wp\/v2\/types\/post"}],"author":[{"embeddable":true,"href":"https:\/\/www.ecoitaliano.com.ar\/index.php?rest_route=\/wp\/v2\/users\/1"}],"replies":[{"embeddable":true,"href":"https:\/\/www.ecoitaliano.com.ar\/index.php?rest_route=%2Fwp%2Fv2%2Fcomments&post=85253"}],"version-history":[{"count":1,"href":"https:\/\/www.ecoitaliano.com.ar\/index.php?rest_route=\/wp\/v2\/posts\/85253\/revisions"}],"predecessor-version":[{"id":85255,"href":"https:\/\/www.ecoitaliano.com.ar\/index.php?rest_route=\/wp\/v2\/posts\/85253\/revisions\/85255"}],"wp:attachment":[{"href":"https:\/\/www.ecoitaliano.com.ar\/index.php?rest_route=%2Fwp%2Fv2%2Fmedia&parent=85253"}],"wp:term":[{"taxonomy":"category","embeddable":true,"href":"https:\/\/www.ecoitaliano.com.ar\/index.php?rest_route=%2Fwp%2Fv2%2Fcategories&post=85253"},{"taxonomy":"post_tag","embeddable":true,"href":"https:\/\/www.ecoitaliano.com.ar\/index.php?rest_route=%2Fwp%2Fv2%2Ftags&post=85253"}],"curies":[{"name":"wp","href":"https:\/\/api.w.org\/{rel}","templated":true}]}}