{"id":85262,"date":"2026-01-28T15:07:07","date_gmt":"2026-01-28T15:07:07","guid":{"rendered":"https:\/\/www.ecoitaliano.com.ar\/?p=85262"},"modified":"2026-01-28T15:07:24","modified_gmt":"2026-01-28T15:07:24","slug":"trump-non-gradisce-il-brillante-discorso-di-carney-a-davos","status":"publish","type":"post","link":"https:\/\/www.ecoitaliano.com.ar\/?p=85262","title":{"rendered":"Trump non gradisce il brillante discorso di Carney a Davos"},"content":{"rendered":"\n<p><em>Domenico Maceri<\/em><\/p>\n\n\n<div class=\"wp-block-image\">\n<figure class=\"aligncenter size-full\"><a href=\"http:\/\/www.ecoitaliano.com.ar\/wp-content\/uploads\/2026\/01\/descarga-5.jpeg\"><img decoding=\"async\" width=\"225\" height=\"225\" src=\"http:\/\/www.ecoitaliano.com.ar\/wp-content\/uploads\/2026\/01\/descarga-5.jpeg\" alt=\"\" class=\"wp-image-84576\" srcset=\"https:\/\/www.ecoitaliano.com.ar\/wp-content\/uploads\/2026\/01\/descarga-5.jpeg 225w, https:\/\/www.ecoitaliano.com.ar\/wp-content\/uploads\/2026\/01\/descarga-5-150x150.jpeg 150w\" sizes=\"(max-width: 225px) 100vw, 225px\" \/><\/a><\/figure><\/div>\n\n\n<p><br>\u201cCaro Primo Ministro Carney: Con questa lettera la informo che il Board of Peace ritira l\u2019invito al Canada di divenire membro di ci\u00f2 che sar\u00e0 il pi\u00f9 prestigioso Board of Leaders che sia mai stato creato\u201d. Con queste parole Donald Trump ha disinvitato il Canada dal nuovo gruppo lanciato all\u2019incontro di Davos che dovrebbe risolvere il conflitto a Gaza e quelli in altri Paesi. Non si tratta di una grossa perdita per Carney poich\u00e9 la nuova creatura di Trump \u00e8 stata etichettata da alcuni come un gruppo di \u201csuper furfanti\u201d per la preponderanza di regimi autoritari dei 19 Paesi che hanno aderito.<\/p>\n\n\n\n<p>Trump era contrariato in buona parte per il memorabile discorso fatto a Davos da Carney che \u00e8 stato ricevuto con una rarissima standing ovation. Anthony Scaramucci, ex consigliere di Trump, ha dichiarato che il presidente Usa rispetta il discorso di Carney. Il primo ministro canadese ha asserito che il sistema economico mondiale \u00e8 a un \u201cpunto di rottura\u201d, suggerendo, senza per\u00f2 menzionare il nome, che Trump sia responsabile. Per Carney le medie potenze sapevano gi\u00e0 che i big boys usavano le regole per i loro vantaggi ma in passato tutti potevano prosperare. Il presidente americano ha tolto la maschera con le sue dichiarazioni senza filtri, sostenendo che i grandi poteri si possono prendere ci\u00f2 che vogliono nella loro sfera di potere. Nel caso degli Usa si tratta delle Americhe con il rilancio della Monroe Doctrine ribattezzata da Trump come la Don Doctrine.<\/p>\n\n\n\n<p>Il presidente Usa ha dichiarato che voleva controllare la Groenlandia e che lo avrebbe fatto con le buone o con le cattive. La sorprendente reazione muscolare dell\u2019Europa che ha anche incluso i partiti di destra tipicamente alleati di Trump, come le Rassemblement National di Le Pen e Bardella francese e l\u2019Afd di Alice Weidel tedesca, ha costretto il presidente Usa a indietreggiare non solo dal completo controllo della Groenlandia ma anche dalla sua minaccia di aumentare i dazi agli otto Paesi europei che avevano partecipato all\u2019esercitazione militare in Groenlandia.<\/p>\n\n\n\n<p>Se Trump ha fatto marcia indietro ha per\u00f2 continuato con le sue minacce dirette al Canada. Nel suo discorso a Davos il 47esimo presidente si \u00e8 diretto a Carney dicendo che \u201cil Canada vive alle spalle degli Stati Uniti\u201d. Secondo Trump, il Canada riceve molti benefici dagli Usa e dovrebbe dimostrare \u201cgratitudine\u201d. Da ricordare che Trump ha anche detto che il Canada \u00e8 roba da poco e che dovrebbe divenire il 51esimo Stato americano, creando fortissime reazioni negative da canadesi di sinistra ma anche di destra. Carney da parte sua ha risposto direttamente che \u201cil Canada e gli Stati Uniti hanno costruito un\u2019eccezionale partnership in economia, in sicurezza e in ricchi scambi culturali\u201d. Il Canada, ha continuato Carney, non vive a causa degli Usa ma prospera per il semplice fatto di \u201cessere canadesi\u201d. Carney ha ovviamente ragione. I due Paesi condividono un confine di quasi 9 mila chilometri spesso descritto come il pi\u00f9 lungo confine del mondo senza difesa, dove in grandissima misura non esistono impedimenti di attraversare da un Paese all\u2019altro. Il confine Usa al sud invece, come si sa, \u00e8 fonte di problemi a causa della pressione di ingressi da un Paese relativamente povero verso uno economicamente molto forte.<\/p>\n\n\n\n<p>Nonostante la sua giustificata difesa Carney sa benissimo che l\u2019imprevedibilit\u00e0 di Trump richiede una nuova strategia. Per ridurre la dipendenza degli Usa che raggiunge il 70 percento dell\u2019export canadese Carney ha gi\u00e0 siglato accordi con la Cina che includono la riduzione dei dazi dal 106 percento a solo 6 percento all\u2019importazione di auto elettriche, in effetti eliminandoli, aprendo il mercato canadese a questa industria anche se impone il limite a 49 mila unit\u00e0 per il 2026 che aumenteranno a 700 mila nel 2030. Trump ha minacciato di imporre dazi del 100% al Canada ma tutti sanno che le sue parole vanno prese cum grano salis.<\/p>\n\n\n\n<p>Il governatore della California Gavin Newsom ha commentato l\u2019accordo della Cina col Canada sull\u2019importazione delle macchine elettriche come prova della \u201cspericolata\u201d politica estera di Trump. Newsom ha aggiunto che la \u201crottura di alleanze che durano da pi\u00f9 di 80 anni\u201d \u00e8 una cosa eccezionale causata da Trump.<\/p>\n\n\n\n<p><em><br>Domenico Maceri, PhD, \u00e8 professore emerito all\u2019Allan Hancock College, Santa Maria, California. Alcuni dei suoi articoli hanno vinto premi della National Association of Hispanic Publications.<\/em><\/p>\n\n\n\n<p><em><strong>Tutte l\u2019opinioni versati nel sito correspondono solo a chi la manifesta. Non e necessariamente l\u2019opinione della Direzione<\/strong><\/em><\/p>\n","protected":false},"excerpt":{"rendered":"<p>Domenico Maceri \u201cCaro Primo Ministro Carney: Con questa lettera la informo che il Board of Peace ritira l\u2019invito al Canada [&hellip;]<\/p>\n","protected":false},"author":1,"featured_media":0,"comment_status":"open","ping_status":"open","sticky":false,"template":"","format":"standard","meta":{"footnotes":""},"categories":[10,35],"tags":[],"class_list":["post-85262","post","type-post","status-publish","format-standard","hentry","category-italiano","category-opiniones"],"_links":{"self":[{"href":"https:\/\/www.ecoitaliano.com.ar\/index.php?rest_route=\/wp\/v2\/posts\/85262","targetHints":{"allow":["GET"]}}],"collection":[{"href":"https:\/\/www.ecoitaliano.com.ar\/index.php?rest_route=\/wp\/v2\/posts"}],"about":[{"href":"https:\/\/www.ecoitaliano.com.ar\/index.php?rest_route=\/wp\/v2\/types\/post"}],"author":[{"embeddable":true,"href":"https:\/\/www.ecoitaliano.com.ar\/index.php?rest_route=\/wp\/v2\/users\/1"}],"replies":[{"embeddable":true,"href":"https:\/\/www.ecoitaliano.com.ar\/index.php?rest_route=%2Fwp%2Fv2%2Fcomments&post=85262"}],"version-history":[{"count":1,"href":"https:\/\/www.ecoitaliano.com.ar\/index.php?rest_route=\/wp\/v2\/posts\/85262\/revisions"}],"predecessor-version":[{"id":85263,"href":"https:\/\/www.ecoitaliano.com.ar\/index.php?rest_route=\/wp\/v2\/posts\/85262\/revisions\/85263"}],"wp:attachment":[{"href":"https:\/\/www.ecoitaliano.com.ar\/index.php?rest_route=%2Fwp%2Fv2%2Fmedia&parent=85262"}],"wp:term":[{"taxonomy":"category","embeddable":true,"href":"https:\/\/www.ecoitaliano.com.ar\/index.php?rest_route=%2Fwp%2Fv2%2Fcategories&post=85262"},{"taxonomy":"post_tag","embeddable":true,"href":"https:\/\/www.ecoitaliano.com.ar\/index.php?rest_route=%2Fwp%2Fv2%2Ftags&post=85262"}],"curies":[{"name":"wp","href":"https:\/\/api.w.org\/{rel}","templated":true}]}}