{"id":85268,"date":"2026-01-29T08:56:26","date_gmt":"2026-01-29T08:56:26","guid":{"rendered":"https:\/\/www.ecoitaliano.com.ar\/?p=85268"},"modified":"2026-01-29T08:56:44","modified_gmt":"2026-01-29T08:56:44","slug":"spazio-b5-ospita-la-mostra-fotografica-discendere-o-salire-di-andrea-borzatta-dal-19-al-30-marzo-vicolo-cattani-5b-bologna","status":"publish","type":"post","link":"https:\/\/www.ecoitaliano.com.ar\/?p=85268","title":{"rendered":"Spazio b5 ospita la mostra fotografica \u00abDISCENDERE O SALIRE\u00bb di Andrea Borzatta | dal 19 al 30 marzo | Vicolo Cattani 5b, Bologna"},"content":{"rendered":"\n<figure class=\"wp-block-table\"><table class=\"has-fixed-layout\"><tbody><tr><td><img decoding=\"async\" src=\"https:\/\/ci3.googleusercontent.com\/meips\/ADKq_NZ_0w-ovgpLx90hKY6flEQBUT9spjs-JHVy0XbIwV2-yKzUshyW-ljcRM1sRMUPeO4BU0qOmYsUTh0zeyXFgBUHNJkYdJJt_AiKV0DT8XVnRlquy0VlL3jNkjdh5VYfpMSY2s5B1mIrK2yMXarfMXTCswQEC7GuNmPBitWd=s0-d-e1-ft#https:\/\/culturaliart.img.musvc3.net\/static\/91342\/images\/1\/Screenshot%202026-01-21%20alle%2012.56.42.png\" width=\"570\" alt=\"\" height=\"auto\">\u200a<strong>\u201cDISCENDERE O SALIRE\u201d<\/strong><strong>Il senso del paesaggio cileno<\/strong><strong>&nbsp;<\/strong><strong>Mostra fotografica di Andrea Borzatta<\/strong>A cura dell\u2019Arch. Lorena Z\u00fa\u00f1iga Aguilera<img decoding=\"async\" src=\"https:\/\/ci3.googleusercontent.com\/meips\/ADKq_NYMY4-Fif6K6gdJJ4jk7EGK5I-qQ23wFcAxa3-fg5trd3MHQhcdphRGxwTJL3NrF4gnu78A4WguFaATzg9EqPkSjX37Bnx8EuKtWU2IIV9xQwWSBfMWlLWVp_JiSZOCRiOCrsST=s0-d-e1-ft#https:\/\/culturaliart.img.musvc3.net\/static\/91342\/images\/1\/Tra-terra-e-cielo.jpg\" width=\"600\" alt=\"\" height=\"auto\"><em>Andrea Borzatta, Tra terra e cielo (2024<\/em>)<a href=\"https:\/\/culturaliart.musvc3.net\/e\/tr?q=8%3dOT5YH%26E%3d3%26I%3dGX3Y%265%3dUBbPb%26w%3dC0MrN_8tUu_Id_tvis_4k_8tUu_HiyRC.6wG0Nt62BcM0.6qH_8tUu_HigQuGvD_8tUu_HifD96gIt8t0-5-LcGyKg-D2-LgI9H-f02-Ic094iByH-eD28pJ-3HuO84-hJ0HiMq9k8q-7k-647t0q-5qMF4vOq-4-dJ2HiIq-4-r68MkMu-7cG-Gb-o68Sq-WPU8_MgvR_WV_KSxf_VHP0F_uJAKe0_8tUu_Igp0CLn00MgM_8tUu_HYwO3_Fg9yNo_MgvR_XT8o6yE_tvis_4aAMo6q4c_8qFr6y0p_MgvR_XTFcD2Nr%269%3d3NuQsV.p00%26Bu%3dVIb6b%260L%3d4eHYBVHbBWPV7a%26x%3d77Aq949PTA8Lb9WLW48I8h8uZfXLVB7IbcZtYB8LY00Ob4cuah6MWg9rU4dGVdZv&amp;mupckp=mupAtu4m8OiX0wt\" target=\"_blank\" rel=\"noreferrer noopener\"><strong>CARTELLA STAMPA E IMMAGINI<\/strong><\/a>OPENING:&nbsp;<strong>Sabato 21 marzo ore 18:00<\/strong><strong>19 &#8211; 30 marzo 2026<\/strong><em>Spazio b5 \u2013 Vicolo Cattani 5b, Bologna<\/em><strong>Dal 19 al 30 marzo 2026<\/strong>,&nbsp;<strong>Spazio b5&nbsp;<\/strong>a&nbsp;<strong>Bologna<\/strong>&nbsp;ospita la mostra fotografica \u201c<strong>Discendere o salire<\/strong>\u201d, curata dall\u2019Arch.&nbsp;<strong>Lorena Z\u00fa\u00f1iga Aguilera,&nbsp;<\/strong>con testo critico di<strong>&nbsp;Lorenzo Gresleri&nbsp;<\/strong>e con il<strong>&nbsp;patrocinio del Consolato Onorario del Cile per l&#8217;Emilia-Romagna<\/strong>. L\u2019esposizione<strong>&nbsp;<\/strong>introduce al lavoro del fotografo&nbsp;<strong>Andrea Borzatta<\/strong>, artista che ha scelto il&nbsp;<strong>paesaggio cileno<\/strong>&nbsp;come campo di osservazione, riflessione e visione. La&nbsp;<strong>cerimonia d\u2019inaugurazione<\/strong>&nbsp;ufficiale si terr\u00e0&nbsp;<strong>sabato 21 marzo alle ore 18:00.<\/strong>&nbsp;All\u2019interno di Spazio b5, il visitatore potr\u00e0 immergersi in&nbsp;<strong>ventuno fotografie<\/strong>, che insieme vanno a formare un racconto espositivo che mette in dialogo&nbsp;<strong>Patagonia&nbsp;<\/strong>e<strong>&nbsp;deserto cileno<\/strong>. Gli scatti di Borzatta, oltre a documentare i luoghi, trasformano ogni scena in&nbsp;<strong>un\u2019esperienza corporea e poetica<\/strong>, dove la geografia diventa specchio del corpo e della coscienza, dando forma ad&nbsp;<strong>un paesaggio che comunica direttamente con chi lo osserva<\/strong>.&nbsp;Il&nbsp;<strong>paesaggio silenzioso del Cile<\/strong>&nbsp;\u00e8 il focus di una ricerca su due movimenti che definiscono la nostra relazione con lo spazio e con noi stessi, e che danno il titolo alla mostra. Nel&nbsp;<strong>discendere<\/strong>&nbsp;avvertiamo il vuoto che ci prepara, come un respiro che si dilata per accoglierci. Come spiega Lorenzo Gresleri: \u201c<em>Pi\u00f9 ci allontaniamo dal crinale, pi\u00f9 cresce la vertigine: \u00e8 un abbandono che ricorda il ritorno al grembo della terra, un lasciarsi cullare dall\u2019ombra fino a sentirne la tensione protettiva<\/em>\u201d.&nbsp;<strong>Salire<\/strong>, invece, \u00e8 un esercizio di volont\u00e0 e misura. Gresleri aggiunge: \u201c<em>Ogni passo, tra la gamba che solleva e quella che sostiene, genera una tensione ritmica. L\u2019aria avvolge il corpo, il vento ne prolunga lo sforzo, il calore diventa pulsione e la luce guida i movimenti. Quando l\u2019incontro con il creato avviene in spazi vasti, quasi infiniti, la percezione si dilata fino a superare se stessa. Di fronte alle proporzioni smisurate della natura, l\u2019io si smarrisce e l\u2019essere umano si chiede se possiede davvero la forza di attraversare un orizzonte cos\u00ec ampio<\/em>\u201d.<img decoding=\"async\" src=\"https:\/\/ci3.googleusercontent.com\/meips\/ADKq_NYuW_qujg7FOlJ6xKfrw0eAXYc3mE7pjckSveyGjKTNEA6IdkopVo7NFUpY516-N5ZJjsViKYjeGhOf0fIsd8H01YiO8UdPyqwSYESNX_8aa703rkUzw2gB4g=s0-d-e1-ft#https:\/\/culturaliart.img.musvc3.net\/static\/91342\/images\/1\/Fronde.jpg\" width=\"270\" alt=\"\" height=\"auto\"><em>Andrea Borzatta, Fronde (2024)<\/em>In molte delle fotografie che verranno esposte al pubblico a partire dal 19 marzo, un&nbsp;<strong>dettaglio<\/strong>&nbsp;\u2014 una foglia, un ramo, un riflesso sull\u2019acqua \u2014 racchiude gi\u00e0 la totalit\u00e0 del paesaggio. Borzatta estrae momenti quasi astratti, in cui la vita si raccoglie in un gesto minimo, in una tensione perfetta tra chiusura e apertura, tra forma e respiro. Gresleri approfondisce questo concetto e afferma: \u201c<em>\u00c8 il frammento che si fa sintesi, in cui la parte contiene la memoria e la legge dell\u2019intero. Ma il frammento, nelle immagini di Borzatta, \u00e8 anche soglia: un punto di passaggio che invita a oltrepassare la superficie per accedere a un altrove, dove la percezione si apre e la visione diventa esperienza.<\/em>\u201d&nbsp;Gli scatti invitano ad un&nbsp;<strong>deconfinamento intimo<\/strong>, uscire dall\u2019immediato per abitare un vuoto necessario, un vuoto che \u00e8 tempo, spazio di riflessione attraverso un paesaggio lontano, estraneo, eppure lentamente vicino. Come spiega la curatrice Arch. Lorena Z\u00fa\u00f1iga Aguilera: \u201c<em>Il lontano diventa estraneo. L\u2019estraneo, lentamente, diventa vicino. Queste ventuno immagini non descrivono un luogo, lo aprono. Lasciano spazio allo spettatore per entrare, per perdersi, per respirare. Tra pieni e vuoti, tra freddo sospeso e luce ostinata, il paesaggio smette di essere esterno e si trasforma in un territorio interiore.<\/em>\u201dAnche i colori esprimono l\u2019essenza dei paesaggi, rivelando la&nbsp;<strong>relazione sottile tra visibile e invisibile<\/strong>, tra ci\u00f2 che appare e ci\u00f2 che attende di essere colto. I&nbsp;<strong>monocromi freddi&nbsp;<\/strong>o le<strong>&nbsp;tonalit\u00e0 d\u2019azzurro&nbsp;<\/strong>della Patagonia comunicano un senso di immobilit\u00e0, come se il tempo avesse deciso di fermarsi ancora un istante. Nel deserto, invece, il colore insiste:&nbsp;<strong>ocre diluite, terre consumate dalla luce, una ripetizione infinita dello stesso tono&nbsp;<\/strong>che rende la distanza un\u2019esperienza fisica. Il paesaggio permane e, in questa permanenza, costringe lo sguardo a rallentare.&nbsp;Agendo come&nbsp;<strong>testimone e ascoltatore del paesaggio<\/strong>, Borzatta imprime nelle sue opere uno sguardo concentrato e chirurgico. Il fotografo racconta: \u201c<em>Attraverso l\u2019obiettivo riesco a fermare il tempo e a trasformare attimi fugaci in storie visive profonde. Ogni scatto che realizzo si trasforma in un racconto, un momento di connessione che va oltre il linguaggio<\/em>\u201d.<img decoding=\"async\" src=\"https:\/\/ci3.googleusercontent.com\/meips\/ADKq_NYITi1SCjXxDBSP8tTZEOYyuo3K9s7YKaAIrWePKDIkmIRForWm-bvNFBqd_xKArufrNQFvOArZ7STaBNNyWYnYd6EcUv6jzZpUhejNr0Flj0FbOQSr4qpGDthbrQ-4r7aCbdiI=s0-d-e1-ft#https:\/\/culturaliart.img.musvc3.net\/static\/91342\/images\/1\/Verso%20Icalma(0).jpg\" width=\"270\" alt=\"\" height=\"auto\"><em>Andrea Borzatta, Verso Icalma (2024)<\/em>Grafiche: Silvia Galliani&nbsp;<strong>INFORMAZIONI UTILI<\/strong>TITOLO:<strong>&nbsp;\u201cDISCENDERE O SALIRE\u201d di Andrea Borzatta. A cura dell\u2019Arch. Lorena Z\u00fa\u00f1iga Aguilera<\/strong>DOVE:&nbsp;<strong>Spazio b5 \u2013 Vicolo Cattani 5b, 40126, Bologna<\/strong>OPENING: S<strong>abato 21 marzo ore 18:00<\/strong>DATE DI APERTURA:<strong>&nbsp;19 &#8211; 30 marzo 2026<\/strong>ORARI: mar. \u2013 sab. 16:00 \u2013 19:00 o su appuntamento | dom. e lun. chiusoPATROCINIO:&nbsp;<strong>Consolato Onorario del Cile per l&#8217;Emilia-Romagna<\/strong><strong>&nbsp;<\/strong><strong>INGRESSO GRATUITO<\/strong>&nbsp;<strong>CONTATTI ANDREA BORZATTA<\/strong>SITO WEB:&nbsp;<a href=\"https:\/\/culturaliart.musvc3.net\/e\/tr?q=0%3dLSBaE%26D%3d0%26K%3dDW0a%262%3dTIdMa%264%3dE7LyP_5sbw_Fc_1xfr_Am_5sbw_EhjKqJn8oG1WnL38.vL_1xfr_Am_5sbw_Fh4Qz_KxR55n_OduY_ZQFnT6DnQ771_OduY_YIM3J_z7mF8E_1xfr_BkrEjFy_JZzc_TER7E_l8zHjFtF_1xfr_Bkz3rI8H%26m%3dJ8K50F.FnQ%26vK%3d0ZLVF%26Q6%3dTIYIb0YLb8n3jAgFWE%26E%3dL5DgD4mbDSmcJ4EXJ8mfn8oYs7IcKUEdI6ogLbEZKbl0rUHdMXFcJX0ZMUCgJ8Bd&amp;mupckp=mupAtu4m8OiX0wt\" target=\"_blank\" rel=\"noreferrer noopener\">https:\/\/andreaborzatta.it<\/a><strong>&nbsp;<\/strong>\u200a<a href=\"https:\/\/culturaliart.musvc3.net\/e\/tr?q=7%3dOQ8XH%26B%3d6%26H%3dGU6X%265%3dREaPY%26z%3dB0Ju_LgsU_WQ_HVwf_RK_LgsU_VVM2Q.sKqNAHfFy1wN.sEr_LgsU_VV_HVwf_SKO0C_xIAHh9_8qXt_Ids9CIq90JjL_8qXt_HVzN3_Cj8yKr_LgsU_WT5r5yB_wuip_7ZAJr_7qCu5y7s_LgsU_WTCfC2Ku%268%3d3KxPsS.s90%269x%3dUIY9a%260I%3d7dHVEUH5q1fYEVPS0Z%26x%3d4DXMS9Xr3h9NXC5qZ9bvYCWMQgWH1hWHZ6Yv3BYI1E7uV85IXC8MUA8sYE0JQ0cv&amp;mupckp=mupAtu4m8OiX0wt\" target=\"_blank\" rel=\"noreferrer noopener\"><\/a><strong>CULTURALIA DI NORMA WALTMANN<\/strong><strong>&nbsp;<\/strong><strong>Agenzia di comunicazione e ufficio stampa<\/strong>&nbsp;tel : +39-051-6569105 mob: +39-392-2527126&nbsp;email:&nbsp;<a href=\"mailto:info@culturaliart.com%20\" target=\"_blank\" rel=\"noreferrer noopener\">info@culturaliart.com&nbsp;<\/a>web:&nbsp;<a href=\"https:\/\/culturaliart.musvc3.net\/e\/tr?q=7%3d0S8X3%26D%3d6%26H%3d2W6X%26p%3dTEaAa%26z%3dBuLu_LRuU_WB_JVwQ_TK_LRuU_VGO2Q.dMqNvJfFj3wN.dGr_LRuU_VG_JVwQ_UKOuE_xIvJh9_ssXt_4fs9xKq9uLjL_ssXt_3XzNn_Ej8jMr_LRuU_WE7r5jD_wuTr_7ZvLr_7bEu5j9s_LRuU_WEEfCmMu%268%3dnMxPdU.s9u%26Ax%3dU4a9a%26uK%3d7d3XEU35b3faEVAU0Z%26i%3d6DX8U9Xc5h99ZC5bb9bgaCW8SgW33hW3b6Yg5BY43E7fX854ZC88WA8daE05S0cg&amp;mupckp=mupAtu4m8OiX0wt\" rel=\"noreferrer noopener\" target=\"_blank\">www.culturaliart.com<\/a>Facebook:&nbsp;<a href=\"https:\/\/culturaliart.musvc3.net\/e\/tr?q=7%3dKVQXD%26G%3dO%26H%3dCZOX%261%3dWXaLd%26I%3dB6ODM_4vqt_Ef_Fueu_Pj_4vqt_DkKQ9.Ay7q7CIw.8CG_4vqt_DkaOxOILmG75_4vqt_EkINy_NCO483_Lcxn_WPI3Q5G3N60F_Lcxn_VHPHG_y02C7H_Fueu_QhqHyCx_Mowb_WTO6H_15yKyCsI_Fueu_Qhy67F7K%262%3dG7NJ7E.I3N%26uN%3dOWKYU%26N5%3d5m6yWXVHeOVKePdEZT%26B%3dCdQco7y9nVV6nWX6FAU0CaVYLeydo0y5p6z7p0RaKaR9KbR0FeWXJA26LWzWnZSa&amp;mupckp=mupAtu4m8OiX0wt\" target=\"_blank\" rel=\"noreferrer noopener\">Culturalia<\/a>&nbsp;Instagram:&nbsp;<a href=\"https:\/\/culturaliart.musvc3.net\/e\/tr?q=7%3dQXAXJ%26I%3d9%26H%3dIb9X%267%3dYHaRf%263%3dBBQxM_0xat_Kh_zukw_0j_0xat_Jm5QE.FvMB8oLsJ.kI5_OYwh_YN7CI2O08tCs_0wGCKq7sOm_50Qm_LizX_WXR2G_AL3LuB_zukw_Ah6B5M4B2NwO_zukw_0ZCQu_GwAqO5_OYwh_ZL958qF_0xat_Jc3N5_0iG88qA6_OYwh_ZLGsFtO8%26A%3duOASkW.6B2%26CA%3dXAcLd%262M%3dJg0ZRX0cRYHWMc%26p%3dYN9C5MdGYManbQ0FaRd9dvCnVL0B5RBD5Q0HWRcFdN9m6P8B9t8FXxbGXP5s8iZnWNXl&amp;mupckp=mupAtu4m8OiX0wt\" target=\"_blank\" rel=\"noreferrer noopener\">Culturalia_comunicare_arte<\/a>Linkedin:&nbsp;<a href=\"https:\/\/culturaliart.musvc3.net\/e\/tr?q=5%3dTYPVM%26J%3dN%26F%3dLcNV%260%3dZWYUg%26H%3d0ERCK_Cypr_Ni_Esnx_Oh_Cypr_MnJOH.J6F6C1A9.ABE_Cypr_MnzG8NxFJ_Pnuk_Zc5FJGMC99Av-B6-F0P03-H99L89AF_Cypr_Mn_Esnx_PhFR0_K0SE5z_Pnuk_aaFzUFDzRG7C_Pnuk_ZSMEK_07yGHE_Cypr_Nl2EvG9_Jl1m_TQSGE_x90HvG4F_Cypr_Nl034JHH%26y%3dKHKGAP.FzR%266K%3dLaVVR%26RF%3dTUZSbLZVbMhPWQ%26F%3dyaNARZxAU5RhxSTcPYU9Q5QhQXyAT31ARW3v9xPaVXRbT3PeSVvd2XPfP8z9y8zY24Oa&amp;mupckp=mupAtu4m8OiX0wt\" target=\"_blank\" rel=\"noreferrer noopener\">Culturalia di Norma Waltmann<\/a>&nbsp;&nbsp;Youtube:&nbsp;<a href=\"https:\/\/culturaliart.musvc3.net\/e\/tr?q=8%3dESHY8%26D%3dF%26I%3d7WFY%26u%3dTObFa%260%3dCzL5N_xshu_9c_7vYr_Gk_xshu_8hBR3.Q4PzMq0.iG2_MWue_WL5w6tFtG_xshu_8hjhj20EA-J-f_vDsoPpABe_-G_JfxV_UUPzE_8J1Jr0_xshu_9f303K10zLtM_xshu_8X0Os_Et9oM2_MWue_XJ726oD_7vYr_Ga1L2_8gE56o93_MWue_XJEpDrM5%269%3dsM8QiU.30z%26A8%3dV9aIb%26zK%3dGe8XOV8aOWFUJa%26n%3dbHXCSpcEZIcAbI80SIcjSu693p0FVLY0TrAjbIAg5ObCVIX6g3pF5LY77u8hWNV9XHW8&amp;mupckp=mupAtu4m8OiX0wt\" target=\"_blank\" rel=\"noreferrer noopener\">Culturalia<\/a>TikTok:&nbsp;<a href=\"https:\/\/culturaliart.musvc3.net\/e\/tr?q=5%3dAX8V4%26I%3d6%26F%3d3b6V%26q%3dYEYBf%26z%3d0vQuK_txXr_5h_wsUw_7h_txXr_4m2Oy.QnCvLp.5qJ_wsUw_7h_txXr_6ghMnQzJcIn3tQ_wsUw_8h_v_OVuR_ZI2P-ezEnVGaqdbs_txXr_4c_w_JSzU_UFX_wsUw_7XwQr_KqRw5g_OVuR_ZIFgTxDgQy7t_OVuR_YAMvJ_r7fFzE_txXr_5kjEcFq_JSzU_T8RyE_e8rHcFlF_txXr_5kr3kIzH%26f%3dJzKx08.FgQ%26nK%3d3ZDV9%26Qx%3dTBYAb3YDb4g8W8%26E%3dgTgchS9YDThe6Sdf3c8fjV3Z7b4f687aBUh9i530B65ZCTBZkWefg53YgSgdBYh98a9C&amp;mupckp=mupAtu4m8OiX0wt\" target=\"_blank\" rel=\"noreferrer noopener\">Culturaliart<\/a><a href=\"https:\/\/culturaliart.musvc3.net\/e\/tr?q=8%3dHTCYA%26E%3dA%26I%3d0XAY%26x%3dUJbIb%265%3dC3Mz_MZvZ_XJ_KaxY_UP_MZvZ_WOP7R.lNvO4KkGr42O.lHw_MZvZ_WO_KaxY_VPP3F_3J4Km0_1tcu_Bgx06Lv03MoM_1tcu_AY5Ov_Fo9rNw_MZvZ_XM8w6rE_2vbs_Ba4Mw_8jFz6r0x_MZvZ_XMFkDuNz%269%3dvN3QlV.x03%26B3%3dVBbDb%263L%3dBeAYJVA6j4kbJWIVEa%26q%3d7IYFVDYk6m0GaH6jcDcobHXFTlXA4mXAcAZo6GZB4J8nYC6BaH9FXF9lbJACTEdo&amp;mupckp=mupAtu4m8OiX0wt\" target=\"_blank\" rel=\"noreferrer noopener\"><\/a><a href=\"https:\/\/culturaliart.musvc3.net\/e\/tr?q=7%3dQXEXJ%26I%3dC%26H%3dIbCX%267%3dYLaRf%267%3dBBQ2M_0xet_Kh_4ukw_Dj_0xet_Jm9QE.Cm7w91I3.01G_0xet_JmOO4Q7LsIu5_0xet_Jm_4ukw_EjCQy_M7R47w_Ocwh_ZPHwT5FwQ690_Ocwh_YHOBJ_y9vF7G_0xet_KkqGsFx_Lizb_VNR6G_u8yJsFsH_0xet_Kky51I7J%26v%3dJ7MD0E.HwQ%26uM%3dI5s8mZKXO%26Q5%3dVRYHdIYKdJgEYN%26E%3dCbtALWObGXveL0sgJUMYGZKfG9NaHZIgE6LCJbReF8v9qcQADctYJbsZJ5I9J5Q0&amp;mupckp=mupAtu4m8OiX0wt\" target=\"_blank\" rel=\"noreferrer noopener\"><\/a><a href=\"https:\/\/culturaliart.musvc3.net\/e\/tr?q=9%3dSQCZL%26B%3dA%26J%3dKUAZ%269%3dRJcTY%265%3dDDJzO_Bqcv_Ma_2wmp_Bl_Bqcv_Lf7SG.9xOD1qNuC.mK7_Hayj_RP9EB4QB1vEu_3yIEDs9uHo_7BJo_NksZ_XZ_Hayj_SPQDC_3KEHmA_Bqcv_MdxAGIvADJoN_Bqcv_LV5P7_Co03Kw_NksZ_YX5w73B_2wmp_BbEJw_9uCz737x_NksZ_YXCkE6Kz%260%3d7K3RwS.xAD%2693%3dWMYDc%26DI%3dBfLVJWLYJXTSEb%262%3dXGbLXG0QTnfuWHXRQH0T2o7PUIYwRnaOSFeSXBYQRo7y2J8zQo7u1k9ORpdM4kbx4BAT&amp;mupckp=mupAtu4m8OiX0wt\" target=\"_blank\" rel=\"noreferrer noopener\"><\/a><a href=\"https:\/\/culturaliart.musvc3.net\/e\/tr?q=6%3dTVOWM%26G%3dM%26G%3dLZMW%260%3dWVZUd%26G%3dAEOBL_Cvos_Nf_Dtnu_Ni_Cvos_MkIPH.G5G60zB9.8AF_Cvos_MkyH8KwGJ_Mmvk_Wb6FGFNC68Bv-95-G0M94-H68M860G_Cvos_Mk_Dtnu_OiFO9_L0PD6z_Mmvk_XZGzREEzOF8C_Mmvk_WRNEH_98yDGF_Cvos_Ni1FvD8_Klxl_UQPFF_x69IvD3G_Cvos_Ni944GGI%26y%3dHGLG8O.GzO%265L%3dLXUWR%26OE%3dUUWRcLWUcMeOXQ%26C%3dxbN8Qax8T6RewTTZOZU6P6QePYy8S418QX4v6wPXUYRYS4PbRWva1YPcO9z6x9zV15OX&amp;mupckp=mupAtu4m8OiX0wt\" target=\"_blank\" rel=\"noreferrer noopener\"><\/a><a href=\"https:\/\/culturaliart.musvc3.net\/e\/tr?q=6%3dNXOWG%26I%3dM%26G%3dFbMW%264%3dYVZOf%26G%3dA9QBL_7xos_Hh_Dthw_Ni_7xos_GmIPB.VAN9Rx8.rL9_Kfzl_UU0443K1E_7xos_Gmqfs7GCJ-O-m_tMxvNyFIc_-P_Omve_ZbN9J_EH0Oy8_7xos_Hk08BP889Q1K_7xos_GcGM2_J17xR9_Kfzl_VSB94xI_Dthw_NY0Q9_6pJB4xD0_Kfzl_VSJwB1RB%267%3d2REOrZ.089%26FE%3dTHfPZ%269P%3dNcGcVTGfVUOZQY%26w%3dgOVLXwaNePaJgP6IXPasX24H8w8OaSWIYy9sgP9p0VZLaPV4p8wO0SWFB26qbUTHcOUG&amp;mupckp=mupAtu4m8OiX0wt\" target=\"_blank\" rel=\"noreferrer noopener\"><\/a><\/td><\/tr><\/tbody><\/table><\/figure>\n","protected":false},"excerpt":{"rendered":"<p>\u200a\u201cDISCENDERE O SALIRE\u201dIl senso del paesaggio cileno&nbsp;Mostra fotografica di Andrea BorzattaA cura dell\u2019Arch. Lorena Z\u00fa\u00f1iga AguileraAndrea Borzatta, Tra terra e [&hellip;]<\/p>\n","protected":false},"author":1,"featured_media":0,"comment_status":"open","ping_status":"open","sticky":false,"template":"","format":"standard","meta":{"footnotes":""},"categories":[2,10],"tags":[],"class_list":["post-85268","post","type-post","status-publish","format-standard","hentry","category-informacion","category-italiano"],"_links":{"self":[{"href":"https:\/\/www.ecoitaliano.com.ar\/index.php?rest_route=\/wp\/v2\/posts\/85268","targetHints":{"allow":["GET"]}}],"collection":[{"href":"https:\/\/www.ecoitaliano.com.ar\/index.php?rest_route=\/wp\/v2\/posts"}],"about":[{"href":"https:\/\/www.ecoitaliano.com.ar\/index.php?rest_route=\/wp\/v2\/types\/post"}],"author":[{"embeddable":true,"href":"https:\/\/www.ecoitaliano.com.ar\/index.php?rest_route=\/wp\/v2\/users\/1"}],"replies":[{"embeddable":true,"href":"https:\/\/www.ecoitaliano.com.ar\/index.php?rest_route=%2Fwp%2Fv2%2Fcomments&post=85268"}],"version-history":[{"count":1,"href":"https:\/\/www.ecoitaliano.com.ar\/index.php?rest_route=\/wp\/v2\/posts\/85268\/revisions"}],"predecessor-version":[{"id":85269,"href":"https:\/\/www.ecoitaliano.com.ar\/index.php?rest_route=\/wp\/v2\/posts\/85268\/revisions\/85269"}],"wp:attachment":[{"href":"https:\/\/www.ecoitaliano.com.ar\/index.php?rest_route=%2Fwp%2Fv2%2Fmedia&parent=85268"}],"wp:term":[{"taxonomy":"category","embeddable":true,"href":"https:\/\/www.ecoitaliano.com.ar\/index.php?rest_route=%2Fwp%2Fv2%2Fcategories&post=85268"},{"taxonomy":"post_tag","embeddable":true,"href":"https:\/\/www.ecoitaliano.com.ar\/index.php?rest_route=%2Fwp%2Fv2%2Ftags&post=85268"}],"curies":[{"name":"wp","href":"https:\/\/api.w.org\/{rel}","templated":true}]}}