{"id":85270,"date":"2026-01-29T08:58:55","date_gmt":"2026-01-29T08:58:55","guid":{"rendered":"https:\/\/www.ecoitaliano.com.ar\/?p=85270"},"modified":"2026-01-29T08:59:12","modified_gmt":"2026-01-29T08:59:12","slug":"dopo-oltre-70-anni-di-assenza-arriva-al-teatro-caniglia-di-sulmona-per-la-camerata-musicale-lelisir-damore-di-g-donizetti-regia-di-a-brachetti-domenica-1-febbraio-ore-17-00","status":"publish","type":"post","link":"https:\/\/www.ecoitaliano.com.ar\/?p=85270","title":{"rendered":"Dopo oltre 70 anni di assenza arriva al Teatro Caniglia di Sulmona per la CAMERATA MUSICALE \u00abL\u2019ELISIR D\u2019AMORE\u00bb di G.DONIZETTI regia di A.Brachetti Domenica 1 febbraio ore 17.00"},"content":{"rendered":"\n<figure class=\"wp-block-gallery has-nested-images columns-default is-cropped wp-block-gallery-1 is-layout-flex wp-block-gallery-is-layout-flex\">\n<figure class=\"wp-block-image size-large\"><a href=\"https:\/\/www.ecoitaliano.com.ar\/wp-content\/uploads\/2026\/01\/Elisir-3.jpg\"><img decoding=\"async\" width=\"1024\" height=\"693\" data-id=\"85271\" src=\"https:\/\/www.ecoitaliano.com.ar\/wp-content\/uploads\/2026\/01\/Elisir-3-1024x693.jpg\" alt=\"\" class=\"wp-image-85271\" srcset=\"https:\/\/www.ecoitaliano.com.ar\/wp-content\/uploads\/2026\/01\/Elisir-3-1024x693.jpg 1024w, https:\/\/www.ecoitaliano.com.ar\/wp-content\/uploads\/2026\/01\/Elisir-3-300x203.jpg 300w, https:\/\/www.ecoitaliano.com.ar\/wp-content\/uploads\/2026\/01\/Elisir-3-768x520.jpg 768w, https:\/\/www.ecoitaliano.com.ar\/wp-content\/uploads\/2026\/01\/Elisir-3-1536x1040.jpg 1536w, https:\/\/www.ecoitaliano.com.ar\/wp-content\/uploads\/2026\/01\/Elisir-3-150x102.jpg 150w, https:\/\/www.ecoitaliano.com.ar\/wp-content\/uploads\/2026\/01\/Elisir-3.jpg 2038w\" sizes=\"(max-width: 1024px) 100vw, 1024px\" \/><\/a><figcaption class=\"wp-element-caption\">Screenshot<\/figcaption><\/figure>\n\n\n\n<figure class=\"wp-block-image size-large\"><a href=\"https:\/\/www.ecoitaliano.com.ar\/wp-content\/uploads\/2026\/01\/Elisir-2.jpg\"><img decoding=\"async\" width=\"1024\" height=\"659\" data-id=\"85272\" src=\"https:\/\/www.ecoitaliano.com.ar\/wp-content\/uploads\/2026\/01\/Elisir-2-1024x659.jpg\" alt=\"\" class=\"wp-image-85272\" srcset=\"https:\/\/www.ecoitaliano.com.ar\/wp-content\/uploads\/2026\/01\/Elisir-2-1024x659.jpg 1024w, https:\/\/www.ecoitaliano.com.ar\/wp-content\/uploads\/2026\/01\/Elisir-2-300x193.jpg 300w, https:\/\/www.ecoitaliano.com.ar\/wp-content\/uploads\/2026\/01\/Elisir-2-768x494.jpg 768w, https:\/\/www.ecoitaliano.com.ar\/wp-content\/uploads\/2026\/01\/Elisir-2-1536x988.jpg 1536w, https:\/\/www.ecoitaliano.com.ar\/wp-content\/uploads\/2026\/01\/Elisir-2-2048x1318.jpg 2048w, https:\/\/www.ecoitaliano.com.ar\/wp-content\/uploads\/2026\/01\/Elisir-2-150x97.jpg 150w\" sizes=\"(max-width: 1024px) 100vw, 1024px\" \/><\/a><figcaption class=\"wp-element-caption\">Screenshot<\/figcaption><\/figure>\n\n\n\n<figure class=\"wp-block-image size-large\"><a href=\"https:\/\/www.ecoitaliano.com.ar\/wp-content\/uploads\/2026\/01\/Eelisir-1.jpg\"><img decoding=\"async\" width=\"1024\" height=\"662\" data-id=\"85273\" src=\"https:\/\/www.ecoitaliano.com.ar\/wp-content\/uploads\/2026\/01\/Eelisir-1-1024x662.jpg\" alt=\"\" class=\"wp-image-85273\" srcset=\"https:\/\/www.ecoitaliano.com.ar\/wp-content\/uploads\/2026\/01\/Eelisir-1-1024x662.jpg 1024w, https:\/\/www.ecoitaliano.com.ar\/wp-content\/uploads\/2026\/01\/Eelisir-1-300x194.jpg 300w, https:\/\/www.ecoitaliano.com.ar\/wp-content\/uploads\/2026\/01\/Eelisir-1-768x496.jpg 768w, https:\/\/www.ecoitaliano.com.ar\/wp-content\/uploads\/2026\/01\/Eelisir-1-1536x992.jpg 1536w, https:\/\/www.ecoitaliano.com.ar\/wp-content\/uploads\/2026\/01\/Eelisir-1-2048x1323.jpg 2048w, https:\/\/www.ecoitaliano.com.ar\/wp-content\/uploads\/2026\/01\/Eelisir-1-150x97.jpg 150w\" sizes=\"(max-width: 1024px) 100vw, 1024px\" \/><\/a><figcaption class=\"wp-element-caption\">Screenshot<\/figcaption><\/figure>\n<\/figure>\n\n\n\n<figure class=\"wp-block-image\"><img decoding=\"async\" src=\"https:\/\/mail.google.com\/mail\/u\/3?ui=2&amp;ik=a91c2962d6&amp;attid=0.0.1&amp;permmsgid=msg-f:1855633559828142780&amp;th=19c088e41ed99abc&amp;view=fimg&amp;fur=ip&amp;permmsgid=msg-f:1855633559828142780&amp;sz=s0-l75-ft&amp;attbid=ANGjdJ8SFEwgbW01QzRLUzhu2rSrnEWhjMhX6H-nLcg_GaBEeuyZF5LxltFRFg1lprgNyDzfO2RLMQ3bCn6JmpIQNeR93m-wo5PcxN4qsTqwshIGwn71WIEbyIHFSUg&amp;disp=emb&amp;realattid=ii_mkyle7g34&amp;zw\" alt=\"image.png\"\/><\/figure>\n\n\n\n<p><strong>73a Stagione Musicale 2025-2026<\/strong><\/p>\n\n\n\n<p><strong>Direttore Artistico M\u00b0Gaetano Di Bacco<\/strong><strong>&nbsp;&nbsp;<\/strong><\/p>\n\n\n\n<p><strong>CAMERATA MUSICALE SULMONESE &nbsp;<\/strong><\/p>\n\n\n\n<p><strong>Teatro Comunale \u201cM.Caniglia\u201d \u2013 Sulmona (AQ)<\/strong><\/p>\n\n\n\n<p><strong>Domenica 1 febbraio ore 17.00<\/strong><br><strong><em>L\u2019ELISIR D\u2019AMORE<\/em><\/strong><strong><em><\/em><\/strong><\/p>\n\n\n\n<p>melodramma giocoso in due atti<\/p>\n\n\n\n<p><strong>libretto di Felice Romani<\/strong><\/p>\n\n\n\n<p>&nbsp;musica di&nbsp;<\/p>\n\n\n\n<p><strong>Gaetano Donizetti<\/strong><\/p>\n\n\n\n<p><strong>Orchestra Sinfonica delle Terre Verdiane &#8211; Coro dell&#8217;Opera di Parma dir. M\u00b0Ruben Ferrai<\/strong><\/p>\n\n\n\n<p><strong>Maestro concertatore e direttore Stefano Giaroli<\/strong><\/p>\n\n\n\n<p><strong>regia di Alessandro Brachetti<\/strong><strong><\/strong><strong><\/strong><\/p>\n\n\n\n<p>Torna l\u2019Opera a Sulmona. Domenica 1 febbraio per la stagione della Camerata Musicale, sul palcoscenico dello storico Teatro Caniglia va in scena \u201cL\u2019Elisir d\u2019Amore\u201d, melodramma giocoso in due atti con musiche di Gaetano Donizetti su libretto di Felice Romani. L\u2019orario di inizio dello spettacolo come sempre per gli appuntamenti con l\u2019Opera, \u00e8 anticipato alle ore 17,00.<\/p>\n\n\n\n<p>L\u2019Elisir d\u2019Amore per la prima volta entra nel cartellone della Camerata Musicale Sulmonese in cui risulta assente da ben 72 anni.&nbsp;L\u2019opera \u00e8 presentata &nbsp;nell\u2019allestimento con<\/p>\n\n\n\n<p>l\u2019<strong>&nbsp;<\/strong>Orchestra Sinfonica delle Terre Verdiane diretta dal M\u00b0 Stefano Giaroli, il Coro dell&#8217;Opera di Parma diretto dal M\u00b0 Ruben Ferrari, per la regia di Alessandro Brachetti.<strong>&nbsp;<\/strong>&nbsp;Le scene sono firmate da Gabriele Sassi per la realizzazione di ArteScenica&nbsp;di Reggio Emilia.<\/p>\n\n\n\n<p>Considerato uno degli esempi pi\u00f9 alti dell&#8217;opera comica ottocentesca,&nbsp;<em>L\u2019Elisir d\u2019Amore<\/em>&nbsp;fu composta&nbsp; in pochissimo tempo, nella&nbsp; primavera del 1832, su libretto diFelice Romani&nbsp; ispirato a un testo di&nbsp; Eug\u00e8ne Scribe e and\u00f2 in scena il 12 maggio dello stesso anno al Teatro della Cannobiana di Milano,&nbsp;Fu subito un grande successo, con trentadue repliche consecutive.&nbsp;<\/p>\n\n\n\n<p>La storia ruota attorno alle vicende del giovane Nemorino, umile contadino, innamorato di Adina ma troppo timido per dichiararsi. Finch\u00e9 non arriva Dulcamara, il ciarlatano che si finge dottore e con il&nbsp;suo presunto elisir d\u2019amore, riesce a cambiare le carte in tavola.<\/p>\n\n\n\n<p>Nell\u2019allestimento presentato a Sulmona gli interpreti sono: il tenore&nbsp;Danilo Formaggia nelle vesti di di&nbsp;<em>Nemorino,&nbsp;<\/em>il soprano Scilla Cristiano&nbsp;nei panni di&nbsp;<em>Adina<\/em>, il tenore Marzio Giossi \u00e8&nbsp;<em>Dulcamara,&nbsp;<\/em>il castsi completa con il baritono Leonardo Galeazzi che \u00e8&nbsp;<em>Belcore&nbsp;<\/em>e il soprano Tania Bussi che nella parte di&nbsp;<em>Giannetta.<\/em><em>&nbsp;<\/em><em>&nbsp;<\/em><em><\/em><\/p>\n\n\n\n<p>Ritenuto&nbsp;tra i pi\u00f9 celebri operisti dell\u2019Ottocento Donizetti, pur essendo vissuto solo 51 anni \u00e8&nbsp;annoverato tra i compositori pi\u00f9 prolifici della storia. Nell\u2019immenso patrimonio lasciato sono settantuno le sue opere liriche a cui va aggiunta la&nbsp;ricca produzione di musica sacra e da camera, oratori, cantate, inni, musica strumentale orchestrale, quartetti, quintetti, musica per pianoforte a due e quattro mani, melodie a una &nbsp;o pi\u00f9 voci, e miscellanee di pezzi inediti. Il Maestro Donizetti fu per sedici anni direttore artistico al Teatro San Carlo di Napoli dove tra il 1822 e il 1838 &nbsp;present\u00f2 in prima esecuzione assoluta diciassette opere, fra cui il suo capolavoro, la&nbsp;<em>Lucia di Lammermoor<\/em>.Ma fu&nbsp;<em>Anna Bolena<\/em>, scritta in soli trenta giorni per il Teatro Carcano di Milano, che segn\u00f2 il suo primo grande successo internazionale.&nbsp;Oggi le sue opere pi\u00f9 rappresentate nei teatri di tutto il mondo sono&nbsp;L\u2019Elisir d\u2019Amore,&nbsp;<em>Lucia di Lammermoor e Don Pasquale.<\/em><\/p>\n\n\n\n<p>A&nbsp;<em>L\u2019Elisir d\u2019Amore<\/em>&nbsp;si \u00e8 ispirato anche il cinema: \u00e8 del 1941 il film di Amleto Palermi, mentre&nbsp; nel 1946 Mario Costa dirige una sua versione con l\u2019omonimo titolo. E\u2019 del 2002 il &nbsp;film per la televisione, firmato da Andrea Bevilacqua per la regia televisiva e da Saverio Marconi per la regia teatrale.&nbsp;<\/p>\n\n\n\n<p>L\u2019aria pi\u00f9 conosciuta dell\u2019opera<em>&nbsp;Una furtiva lacrima\u2026<\/em>nella versione cantata da Enrico Caruso si ritrova come leitmotiv nel film di Woody Allen&nbsp; \u201cMatch Point\u201d e anche in \u201cPartitura incompiuta\u201d&nbsp; del regista russo Nikita Mikhalkov. John Huston la inserisce nel film \u201cL\u2019onore dei Prizzi\u201d, mentre Pasolini la usa in una scena &nbsp;con Anna Magnani in \u201cMamma Roma\u201d e la si ritrova anche nel film \u201cL\u2019et\u00e0 dell\u2019innocenza\u201d di Martin Scorsese per citarne solo alcuni. Ed \u00e8 stata usata anche in molte molte serie tv non solo italiane. &nbsp;&nbsp;<\/p>\n\n\n\n<p>Le pi\u00f9 belle e famose voci sono state interpreti di quest\u2019opera di Donizetti &nbsp;da Giuseppe Di Stefano a Luciano Pavarotti, Placido Domingo, Jos\u00e9 Carreras e Maria Callas, Mirella Freni, Renata Scotto, Mariella Devia.<\/p>\n\n\n\n<p><strong>Per consentire al pubblico una miglior comprensione della storia, nel corso della rappresentazione, su un maxischermo installato in sala scorrer\u00e0 il testo del libretto dell\u2019opera.<\/strong><\/p>\n\n\n\n<p><strong>Il Coro dell&#8217;Opera di Parma<\/strong>, &nbsp;gruppo vocale che raccoglie la secolare tradizione corale della citt\u00e0, nasce dall&#8217;esigenza di creare una realt\u00e0 composta da artisti di ottima preparazione musicale e, insieme, straordinaria capacit\u00e0 di movimento sulla scena.&nbsp;Partecipa a numerose produzioni liriche nei principali teatri italiani.&nbsp;Nel 2015 il coro \u00e8 chiamato da Giovanni Allevi ad incidere un brano che diventa poi l&#8217;Inno ufficiale del campionato di calcio della Serie A.<\/p>\n\n\n\n<p>Fondata nel 2003 dal M\u00b0 Stefano Giaroli per valorizzare giovani musicisti dell&#8217;Emilia Romagna,<\/p>\n\n\n\n<p>l\u2019&nbsp;<strong>Orchestra Sinfonica delle Terre Verdiane<\/strong>&nbsp;si caratterizza oggi come una delle pi\u00f9 vivaci e dinamiche realt\u00e0 orchestrali italiane accogliendo elementi di spicco che collaborano con prestigiose orchestre nazionali ed internazionali. Negli anni ha acquisito un vasto repertorio operistico&nbsp;che va dalla quasi totalit\u00e0 delle opere verdiane a tutto Puccini, dalle opere italiane di Mozart a Carmen, dalle opere buffe di Rossini a tutto il pi\u00f9 significativo verismo italiano.&nbsp;Annovera esibizioni in Italia e all&#8217;estero.<\/p>\n\n\n\n<p><strong>Personaggi e Interpreti<\/strong><\/p>\n\n\n\n<p><em>Nemorino (tenore)&nbsp;<\/em><strong>Danilo Formaggia<\/strong><\/p>\n\n\n\n<p><em>Adina (soprano)&nbsp;<\/em><strong>Scilla Cristiano<\/strong><\/p>\n\n\n\n<p><em>Belcore &nbsp;(baritono)&nbsp;<\/em><strong>&nbsp;Leonardo Galeazzi<\/strong><em><\/em><\/p>\n\n\n\n<p><em>&nbsp;Dulcamara (buffo)&nbsp;<\/em><strong>Marzio Giossi<\/strong><\/p>\n\n\n\n<p>Giannetta &nbsp;(soprano)&nbsp;<strong>Ta<\/strong><strong>nia Bussi<\/strong><\/p>\n\n\n\n<p><strong>PROSSIMO APPUNTAMENTO<\/strong><\/p>\n\n\n\n<p><strong>SERATA MOZART<\/strong><\/p>\n\n\n\n<p><strong>ORCHESTRA SINFONICA G.ROSSINI<\/strong><\/p>\n\n\n\n<p><strong>Domenica 8 febbraio &nbsp;ORE 17.30<\/strong><\/p>\n\n\n\n<p><strong>&nbsp; &nbsp; &nbsp; &nbsp; &nbsp; &nbsp; &nbsp; &nbsp; &nbsp; &nbsp; &nbsp; &nbsp; &nbsp; &nbsp; &nbsp; &nbsp; &nbsp; &nbsp; &nbsp; &nbsp; &nbsp; &nbsp; &nbsp; &nbsp; &nbsp; &nbsp; &nbsp; &nbsp; &nbsp; &nbsp; &nbsp; &nbsp; &nbsp; &nbsp; &nbsp; &nbsp; &nbsp; &nbsp; &nbsp; &nbsp; &nbsp; &nbsp; &nbsp; &nbsp; &nbsp; &nbsp; &nbsp; &nbsp; &nbsp; &nbsp; &nbsp; &nbsp; &nbsp; &nbsp; &nbsp; &nbsp; &nbsp; &nbsp; &nbsp; &nbsp; &nbsp; &nbsp; &nbsp; &nbsp; &nbsp; &nbsp; &nbsp; &nbsp; &nbsp; &nbsp; &nbsp; &nbsp; &nbsp; &nbsp; &nbsp; &nbsp; &nbsp; &nbsp; &nbsp; &nbsp; &nbsp; &nbsp; &nbsp; &nbsp; &nbsp; &nbsp; &nbsp; &nbsp; &nbsp; &nbsp; &nbsp; &nbsp; &nbsp; &nbsp; &nbsp; &nbsp; &nbsp; &nbsp; &nbsp; &nbsp; &nbsp; &nbsp; &nbsp; &nbsp; &nbsp; &nbsp; &nbsp; &nbsp; &nbsp; &nbsp; &nbsp; &nbsp; &nbsp; &nbsp; &nbsp; &nbsp; &nbsp; &nbsp; &nbsp; &nbsp; &nbsp; &nbsp; &nbsp; &nbsp; &nbsp; &nbsp; &nbsp; &nbsp; &nbsp; &nbsp; &nbsp; &nbsp; &nbsp; &nbsp; &nbsp; &nbsp; &nbsp;Biglietti: \u20ac 40 \u2013 10<\/strong><\/p>\n\n\n\n<p><strong>per la sottoscrizione 5Xmille Info:0864 212207<\/strong><\/p>\n\n\n\n<p><strong>camusic<\/strong><strong>@<\/strong><strong><a href=\"http:\/\/libero.it\/\" target=\"_blank\" rel=\"noreferrer noopener\">libero.it<\/a><\/strong><\/p>\n\n\n\n<p>&nbsp; &nbsp; &nbsp; &nbsp; &nbsp; &nbsp; &nbsp;&nbsp;&nbsp; &nbsp; &nbsp; &nbsp; &nbsp; &nbsp; &nbsp; &nbsp; &nbsp;&nbsp; &nbsp; &nbsp; &nbsp; &nbsp; &nbsp; &nbsp; &nbsp; &nbsp; &nbsp; &nbsp; &nbsp; &nbsp; &nbsp; &nbsp; &nbsp; &nbsp; &nbsp; &nbsp; &nbsp; &nbsp; &nbsp; &nbsp; &nbsp; &nbsp; &nbsp; &nbsp; &nbsp; &nbsp; &nbsp; &nbsp; &nbsp; &nbsp; &nbsp; &nbsp; &nbsp; &nbsp; &nbsp; &nbsp; &nbsp; &nbsp; &nbsp; &nbsp; &nbsp; &nbsp; &nbsp; &nbsp; &nbsp; &nbsp; &nbsp; &nbsp; &nbsp; &nbsp; &nbsp; &nbsp; &nbsp; &nbsp; &nbsp; &nbsp; &nbsp; &nbsp; &nbsp; &nbsp; &nbsp; &nbsp; &nbsp; &nbsp; &nbsp; &nbsp; &nbsp; &nbsp; &nbsp; &nbsp; &nbsp; &nbsp; &nbsp; &nbsp;&nbsp;&nbsp; &nbsp; &nbsp; &nbsp; &nbsp; &nbsp; &nbsp;&nbsp; &nbsp; &nbsp; &nbsp;&nbsp;&nbsp;&nbsp; &nbsp; &nbsp; &nbsp; &nbsp; &nbsp; &nbsp; &nbsp; &nbsp; &nbsp; &nbsp; &nbsp; &nbsp; &nbsp;<a href=\"http:\/\/www.cameratamusicalesulmonese.it\/\" target=\"_blank\" rel=\"noreferrer noopener\"><strong>www.cameratamusicalesulmonese.it<\/strong><\/a>&nbsp;&nbsp; &nbsp; &nbsp;<\/p>\n\n\n\n<p><strong><em>Ufficio Stampa<\/em><\/strong><\/p>\n\n\n\n<p><strong><em>Fiorentina Galterio<\/em><\/strong><\/p>\n\n\n\n<p><strong><em>Tel. 349 7031924&nbsp;&nbsp;&nbsp;&nbsp;&nbsp;&nbsp;&nbsp;&nbsp;&nbsp;&nbsp;&nbsp;&nbsp;&nbsp;&nbsp;&nbsp;&nbsp;&nbsp;&nbsp;&nbsp;&nbsp;&nbsp;&nbsp;&nbsp;&nbsp;&nbsp;&nbsp;&nbsp;&nbsp;&nbsp;<\/em><\/strong><\/p>\n\n\n\n<p><a href=\"mailto:stampacameratamusic@gmail.com\" target=\"_blank\" rel=\"noreferrer noopener\"><strong><em>stampacameratamusic<\/em><\/strong>@g<strong><em>mail.com<\/em><\/strong><\/a><\/p>\n\n\n\n<p><\/p>\n","protected":false},"excerpt":{"rendered":"<p>73a Stagione Musicale 2025-2026 Direttore Artistico M\u00b0Gaetano Di Bacco&nbsp;&nbsp; CAMERATA MUSICALE SULMONESE &nbsp; Teatro Comunale \u201cM.Caniglia\u201d \u2013 Sulmona (AQ) Domenica [&hellip;]<\/p>\n","protected":false},"author":1,"featured_media":0,"comment_status":"open","ping_status":"open","sticky":false,"template":"","format":"standard","meta":{"footnotes":""},"categories":[2,10],"tags":[],"class_list":["post-85270","post","type-post","status-publish","format-standard","hentry","category-informacion","category-italiano"],"_links":{"self":[{"href":"https:\/\/www.ecoitaliano.com.ar\/index.php?rest_route=\/wp\/v2\/posts\/85270","targetHints":{"allow":["GET"]}}],"collection":[{"href":"https:\/\/www.ecoitaliano.com.ar\/index.php?rest_route=\/wp\/v2\/posts"}],"about":[{"href":"https:\/\/www.ecoitaliano.com.ar\/index.php?rest_route=\/wp\/v2\/types\/post"}],"author":[{"embeddable":true,"href":"https:\/\/www.ecoitaliano.com.ar\/index.php?rest_route=\/wp\/v2\/users\/1"}],"replies":[{"embeddable":true,"href":"https:\/\/www.ecoitaliano.com.ar\/index.php?rest_route=%2Fwp%2Fv2%2Fcomments&post=85270"}],"version-history":[{"count":1,"href":"https:\/\/www.ecoitaliano.com.ar\/index.php?rest_route=\/wp\/v2\/posts\/85270\/revisions"}],"predecessor-version":[{"id":85274,"href":"https:\/\/www.ecoitaliano.com.ar\/index.php?rest_route=\/wp\/v2\/posts\/85270\/revisions\/85274"}],"wp:attachment":[{"href":"https:\/\/www.ecoitaliano.com.ar\/index.php?rest_route=%2Fwp%2Fv2%2Fmedia&parent=85270"}],"wp:term":[{"taxonomy":"category","embeddable":true,"href":"https:\/\/www.ecoitaliano.com.ar\/index.php?rest_route=%2Fwp%2Fv2%2Fcategories&post=85270"},{"taxonomy":"post_tag","embeddable":true,"href":"https:\/\/www.ecoitaliano.com.ar\/index.php?rest_route=%2Fwp%2Fv2%2Ftags&post=85270"}],"curies":[{"name":"wp","href":"https:\/\/api.w.org\/{rel}","templated":true}]}}