{"id":85299,"date":"2026-01-30T17:36:16","date_gmt":"2026-01-30T17:36:16","guid":{"rendered":"https:\/\/www.ecoitaliano.com.ar\/?p=85299"},"modified":"2026-01-30T17:40:37","modified_gmt":"2026-01-30T17:40:37","slug":"serena-conduce-operaclassica-eco-italiano-4938","status":"publish","type":"post","link":"https:\/\/www.ecoitaliano.com.ar\/?p=85299","title":{"rendered":"Serena conduce operaclassica eco italiano"},"content":{"rendered":"<div class=\"wp-block-image\">\n<figure class=\"aligncenter size-full\"><a href=\"https:\/\/www.ecoitaliano.com.ar\/wp-content\/uploads\/2026\/01\/image-45.png\"><img decoding=\"async\" width=\"300\" height=\"97\" src=\"https:\/\/www.ecoitaliano.com.ar\/wp-content\/uploads\/2026\/01\/image-45.png\" alt=\"\" class=\"wp-image-85301\" srcset=\"https:\/\/www.ecoitaliano.com.ar\/wp-content\/uploads\/2026\/01\/image-45.png 300w, https:\/\/www.ecoitaliano.com.ar\/wp-content\/uploads\/2026\/01\/image-45-150x49.png 150w\" sizes=\"(max-width: 300px) 100vw, 300px\" \/><\/a><\/figure><\/div>\n\n\n<figure class=\"wp-block-table\"><table class=\"has-fixed-layout\"><tbody><tr><td><strong>COMUNICATO STAMPA<\/strong>&nbsp;<strong>L\u2019EPOPEA INDIANA DE&nbsp;<em>LA BAYAD\u00c8RE&nbsp;<\/em>CON LE<\/strong><strong><em>\u00c9TOILES<\/em><\/strong><strong>&nbsp;DELL\u2019OP\u00c9RA DI PARIGI&nbsp;<\/strong><strong>SAE EUN PARK E PAUL MARQUE<\/strong><strong>AL DEBUTTO AL COSTANZI<\/strong>&nbsp;<strong>In scena nelle sette recite del balletto firmato da Benjamin Pech anche gli ospiti<\/strong><strong>Iana Salenko con Bakhtiyar Adamzhan e le stelle del Corpo di Ballo dell\u2019Opera di Roma<\/strong>&nbsp;&nbsp;Non solo intrighi d\u2019amore, gelosia e tradimento ne&nbsp;<em>La Bayad\u00e8re<\/em>&nbsp;in scena dal 3 all\u20198 febbraio al Costanzi nella versione coreografica creata da Benjamin Pech, da Petipa, proprio per l\u2019Opera di Roma nel 2023. \u00ab<em>\u00c8<\/em>&nbsp;<em>un balletto epico&nbsp;<\/em>\u2013 dichiara Pech \u2013<em>&nbsp;una vera epopea. Questa produzione \u00e8 una sfida che coinvolge, assieme agli ospiti, ai danzatori del Corpo di Ballo e agli allievi della Scuola di Danza, tutti coloro che lavorano nell\u2019ombra, dietro le quinte impegnati nei numerosi cambi di scena\u00bb.&nbsp;<\/em>L\u2019ambizioso spettacolo si avvale delle scene firmate dall\u2019artista Ignasi Monreal, dei costumi di Anna Biagiotti e delle luci di Vinicio Cheli, per trasportare il pubblico in un universo onirico senza tempo, elegantemente esotico e contemporaneo. La musica di Ludwig Minkus, composta per il balletto ideato da Marius Petipa nel 1877, \u00e8 affidata alla bacchetta del francese Fay\u00e7al Karoui che dirige l\u2019Orchestra dell\u2019Opera di Roma.I protagonisti de<em>&nbsp;La Bayad\u00e8re<\/em>, come nel poema indiano&nbsp;<em>Sakuntala<\/em>&nbsp;di Kalidasa cui Petipa si \u00e8 ispirato, sono il guerriero Solor e della sua amante segreta, la baiadera Nikiya. Ad interpretarli sono chiamati quattro ospiti internazionali: le&nbsp;<em>\u00e9toiles<\/em>&nbsp;dell\u2019Op\u00e9ra di Parigi Sae Eun Park e Paul Marque (3 e 5 febbraio), entrambi al debutto al Costanzi; la Principal Dancer dello Staatsballett Berlin Iana Salenko e il Principal Dancer dell\u2019Astana Opera Bakhtiyar Adamzhan (4, 6 e 7 febbraio ore 20), che tornano l\u2019una dopo il recente&nbsp;<em>Marco Spada<\/em>&nbsp;di Lacotte (premio Danza&amp;Danza miglior produzione 2025), l\u2019altro dopo l\u2019indimenticabile interpretazione di Quasimodo in&nbsp;<em>Notre-Dame de Paris<\/em>&nbsp;di Petit (2021 e 2022). Nel ruolo della bella baiadera e del suo amante danzano poi la prima ballerina Marianna Suriano e Mattia Tortora (7 ore 15, 8 febbraio). La crudele e gelosa Gamzatti, futura sposa di Solor, \u00e8 interpretata dall\u2019\u00e9toile Susanna Salvi (3, 5, 7 ore 15 e 8 febbraio) e dalla prima ballerina Federica Maine (4, 6 e 7 febbraio ore 20), l\u2019Idolo d\u2019oro dal primo ballerino Simone Agr\u00f2 (3, 5, 7 ore 20 e 8 febbraio) e da Gabriele Consoli (4, 6, e 7 febbraio ore 15).&nbsp;Sae Eun Park, Paul Marque e il coreografo Pech si ritrovano a Roma sotto il segno di una grande eredit\u00e0 artistica, quella di Rudolf Nureyev al Palais Garnier. La coreana Park, formatasi nel suo paese natale, si \u00e8 unita al Ballet dell\u2019Op\u00e9ra nel 2011. La nomina ad \u00e9toile \u00e8 arrivata nel 2021, al termine di&nbsp;<em>Rom\u00e9o and Juliet<\/em>&nbsp;firmato da Nureyev. Il francese Marque, dopo la scuola dell\u2019Op\u00e9ra \u00e8 entrato nella compagnia nel 2014. Ha scalato la vetta e raggiunto il titolo di \u00e9toile nel 2020 proprio ne&nbsp;<em>La Bayad\u00e8re<\/em>&nbsp;di Nureyev, dove interpretava l\u2019Idolo d\u2019oro. Pech, ex danzatore, \u00e9toile dell\u2019Op\u00e9ra di Parigi, \u00e8 cresciuto con&nbsp;<em>La Bayad\u00e8re<\/em>&nbsp;e ha visto Nureyev lavorare a questo titolo, l\u2019ultima creazione dell\u2019artista per la compagnia parigina, poco prima della sua scomparsa. \u00ab<em>Dopo&nbsp;<\/em>Il lago dei cigni \u2013 racconta Pech \u2013&nbsp;<em>Eleonora Abbaganto mi ha proposto di pensare a un secondo lavoro coreografico per la compagnia. L\u2019idea di rileggere<\/em>&nbsp;La Bayad\u00e8re&nbsp;<em>\u00e8 arrivata naturalmente, \u00e8 diventata una necessit\u00e0.<\/em>&nbsp;<em>Conoscere questi balletti<\/em>\u2013 conclude il coreografo \u2013<em>&nbsp;\u00e8 importante per sapere da dove veniamo e capire dove andiamo. Riadattarli al mondo di oggi \u00e8 un modo di tenerli vivi, perch\u00e9 devono continuare a esistere<\/em>\u00bb. Per la ripresa dello spettacolo Pech si avvale di due assistenti alla coreografia, Isabelle Gu\u00e9rin, gi\u00e0 \u00e9toile dell\u2019Op\u00e9ra di Parigi nominata da Nureyev (1985), ed Herv\u00e9 Courtain, ma\u00eetre de ballet per Les Grands Ballets Canadiens.&nbsp;&nbsp;La \u2018prima\u2019 de&nbsp;<em>La Bayad\u00e8re<\/em>, marted\u00ec 3 febbraio (ore 20), \u00e8 preceduta dall\u2019Anteprima Giovani, domenica 1\u00b0 febbraio (ore 16.30). Il balletto firmato da Benjamin Pech torna in scena mercoled\u00ec 4 (ore 20), gioved\u00ec 5 (ore 20), venerd\u00ec 6 (ore 20), sabato 7 (ore 15 e ore 20) e domenica 8 febbraio (ore 16.30).&nbsp;<strong>Info:&nbsp;<\/strong>operaroma.it<strong>Biglietti<\/strong>&nbsp;in vendita sul sito&nbsp;<a href=\"https:\/\/fondazioneteatrodelloperadirom.musvc2.net\/e\/tr?q=6%3dPfAaN%26I%3d3%26G%3dMd7W%269%3dX5bPe0%26N%3d2QuIC_ORvj_ZB_KkzQ_UZ_ORvj_YGPGT.pIyObK9Jb.BD_ORvj_YGL0BuMu0pE3_ORvj_YGEu-9bRuAfKy-Y_stmw_3i%26x%3dJvLF03.GyQ%26jL%3dQY6a%26DP%3d3cLcATLe2TOc3a%262%3dag9vXdZu835Qdb5wf88xfd5yA74T0e6PbdZyf5ayB26za36PXbXPA0U4u8bL058zbfVO&amp;mupckp=mupAtu4m8OiX0wt\" target=\"_blank\" rel=\"noreferrer noopener\">https:\/\/www.operaroma.it\/spettacoli\/la-bayadere-2\/<\/a>&nbsp;e al Botteghino dell\u2019Opera di Roma.&nbsp;<strong>28 gennaio 2026<\/strong><strong>&nbsp;<\/strong><strong>TEATRO DELL\u2019OPERA DI ROMA<\/strong><strong>Cosimo Manicone<\/strong>ufficio stampa<a href=\"mailto:cosimo.manicone@operaroma.it\" target=\"_blank\" rel=\"noreferrer noopener\">cosimo.manicone@operaroma.it<\/a>&nbsp;&nbsp;&nbsp;<strong>DOPPIO SOGNO \u2013 STAGIONE 2025\/2026 DEL TEATRO DELL\u2019OPERA DI ROMA<\/strong>&nbsp;<strong><em>La Bayad\u00e8re<\/em><\/strong>Musica di<strong>&nbsp;Ludwig Minkus<\/strong>Balletto in tre attiDurata: 2 ore e 10 minuti circa. (I parte 70&#8242;; intervallo 25&#8242;; II parte 35\u2019)<strong>&nbsp;<\/strong>Direttore<strong>&nbsp;Fay\u00e7al Karoui<\/strong>Coreografia<strong>&nbsp;<\/strong><strong>Benjamin Pech<\/strong><strong>&nbsp;<\/strong>Assistenti alla coreografia<strong>&nbsp;Herv\u00e9 Courtain<\/strong>,<strong>&nbsp;Isabelle Gu\u00e9rin<\/strong>Scene&nbsp;<strong>Ignasi Monreal<\/strong>Costumi&nbsp;<strong>Anna Biagiotti<\/strong>Luci<strong>&nbsp;Vinicio Cheli<\/strong><strong>&nbsp;<\/strong><strong>&nbsp;<\/strong><strong>INTERPRETI PRINCIPALI<\/strong>&nbsp;SOLOR&nbsp;<strong>Paul Marque&nbsp;<\/strong>3, 5 \/&nbsp;<strong>Bakhtiyar Adamzhan&nbsp;<\/strong>4, 6, 7<strong>&nbsp;<\/strong>(ore 20) \/<strong>&nbsp;Mattia Tortora&nbsp;<\/strong>7 (ore 15), 8<strong>&nbsp;<\/strong>NIKIYA&nbsp;<strong>Sae Eun Park&nbsp;<\/strong>3, 5 \/<strong>&nbsp;Iana Salenko&nbsp;<\/strong>4, 6, 7 (ore 20) \/<strong>&nbsp;Marianna Suriano&nbsp;<\/strong>7 (ore 15), 8<strong>&nbsp;<\/strong>IDOLO D\u2019ORO&nbsp;<strong>Simone Agr\u00f2&nbsp;<\/strong>3, 5, 7 (ore 20), 8 \/<strong>&nbsp;Gabriele Consoli&nbsp;<\/strong>4, 6, 7 (ore 15)&nbsp;GAMZATTI&nbsp;<strong>Susanna Salvi&nbsp;<\/strong>3, 5, 7 (ore 15), 8 \/<strong>&nbsp;Federica Maine&nbsp;<\/strong>4, 6, 7 (ore 20)<strong>&nbsp;<\/strong><strong>&nbsp;<\/strong><strong>Orchestra, \u00c9toiles, Primi Ballerini, Solisti e Corpo di Ballo del Teatro dell\u2019Opera di Roma<\/strong>con la partecipazione degli Allievi della Scuola di Danza del Teatro dell\u2019Opera di Roma&nbsp;<strong>Allestimento Teatro dell\u2019Opera di Roma<\/strong>&nbsp;&nbsp;<strong>TEATRO COSTANZI<\/strong><strong>Anteprima Giovani&nbsp;<\/strong>domenica 1\u00b0 febbraio, ore 16.30<strong>Prima rappresentazione<\/strong>&nbsp;marted\u00ec 3 febbraio, ore 20<strong>Repliche<\/strong>mercoled\u00ec 4 febbraio, ore 20gioved\u00ec 5 febbraio, ore 20venerd\u00ec 6 febbraio, ore 20sabato 7 febbraio, ore 15 e ore 20domenica 8 febbraio, ore 16.30&nbsp;<\/td><\/tr><\/tbody><\/table><\/figure>\n\n\n\n<figure class=\"wp-block-table\"><table class=\"has-fixed-layout\"><tbody><tr><td><img decoding=\"async\" src=\"https:\/\/fondazioneteatrodelloperadirom.img.musvc2.net\/static\/69084\/images\/2\/51111a50cb0b42a6bcd886505ddbf941.jpg\" width=\"300\" alt=\"Image\" height=\"auto\"><\/td><\/tr><\/tbody><\/table><\/figure>\n\n\n\n<p>foto<\/p>\n\n\n\n<figure class=\"wp-block-gallery has-nested-images columns-default is-cropped wp-block-gallery-1 is-layout-flex wp-block-gallery-is-layout-flex\">\n<figure class=\"wp-block-image\"><img decoding=\"async\" width=\"1170\" height=\"1457\" data-id=\"85309\" src=\"http:\/\/www.ecoitaliano.com.ar\/wp-content\/uploads\/2026\/01\/1_Sae-Eun-Park.jpg\" alt=\"\" class=\"wp-image-85309\" srcset=\"https:\/\/www.ecoitaliano.com.ar\/wp-content\/uploads\/2026\/01\/1_Sae-Eun-Park.jpg 1170w, https:\/\/www.ecoitaliano.com.ar\/wp-content\/uploads\/2026\/01\/1_Sae-Eun-Park-241x300.jpg 241w, https:\/\/www.ecoitaliano.com.ar\/wp-content\/uploads\/2026\/01\/1_Sae-Eun-Park-822x1024.jpg 822w, https:\/\/www.ecoitaliano.com.ar\/wp-content\/uploads\/2026\/01\/1_Sae-Eun-Park-768x956.jpg 768w, https:\/\/www.ecoitaliano.com.ar\/wp-content\/uploads\/2026\/01\/1_Sae-Eun-Park-120x150.jpg 120w\" sizes=\"(max-width: 1170px) 100vw, 1170px\" \/><\/figure>\n\n\n\n<figure class=\"wp-block-image\"><img decoding=\"async\" width=\"1708\" height=\"2560\" data-id=\"85310\" src=\"http:\/\/www.ecoitaliano.com.ar\/wp-content\/uploads\/2026\/01\/2_Paul-Marque_credit-James-Bort.jpg\" alt=\"\" class=\"wp-image-85310\" srcset=\"https:\/\/www.ecoitaliano.com.ar\/wp-content\/uploads\/2026\/01\/2_Paul-Marque_credit-James-Bort.jpg 1708w, https:\/\/www.ecoitaliano.com.ar\/wp-content\/uploads\/2026\/01\/2_Paul-Marque_credit-James-Bort-200x300.jpg 200w, https:\/\/www.ecoitaliano.com.ar\/wp-content\/uploads\/2026\/01\/2_Paul-Marque_credit-James-Bort-683x1024.jpg 683w, https:\/\/www.ecoitaliano.com.ar\/wp-content\/uploads\/2026\/01\/2_Paul-Marque_credit-James-Bort-768x1151.jpg 768w, https:\/\/www.ecoitaliano.com.ar\/wp-content\/uploads\/2026\/01\/2_Paul-Marque_credit-James-Bort-1025x1536.jpg 1025w, https:\/\/www.ecoitaliano.com.ar\/wp-content\/uploads\/2026\/01\/2_Paul-Marque_credit-James-Bort-1366x2048.jpg 1366w, https:\/\/www.ecoitaliano.com.ar\/wp-content\/uploads\/2026\/01\/2_Paul-Marque_credit-James-Bort-100x150.jpg 100w\" sizes=\"(max-width: 1708px) 100vw, 1708px\" \/><\/figure>\n\n\n\n<figure class=\"wp-block-image\"><img decoding=\"async\" width=\"1875\" height=\"2500\" data-id=\"85311\" src=\"http:\/\/www.ecoitaliano.com.ar\/wp-content\/uploads\/2026\/01\/3_Iana-Salenko.jpg\" alt=\"\" class=\"wp-image-85311\" srcset=\"https:\/\/www.ecoitaliano.com.ar\/wp-content\/uploads\/2026\/01\/3_Iana-Salenko.jpg 1875w, https:\/\/www.ecoitaliano.com.ar\/wp-content\/uploads\/2026\/01\/3_Iana-Salenko-225x300.jpg 225w, https:\/\/www.ecoitaliano.com.ar\/wp-content\/uploads\/2026\/01\/3_Iana-Salenko-768x1024.jpg 768w, https:\/\/www.ecoitaliano.com.ar\/wp-content\/uploads\/2026\/01\/3_Iana-Salenko-1152x1536.jpg 1152w, https:\/\/www.ecoitaliano.com.ar\/wp-content\/uploads\/2026\/01\/3_Iana-Salenko-1536x2048.jpg 1536w, https:\/\/www.ecoitaliano.com.ar\/wp-content\/uploads\/2026\/01\/3_Iana-Salenko-113x150.jpg 113w\" sizes=\"(max-width: 1875px) 100vw, 1875px\" \/><\/figure>\n\n\n\n<figure class=\"wp-block-image\"><img decoding=\"async\" width=\"1707\" height=\"2560\" data-id=\"85312\" src=\"http:\/\/www.ecoitaliano.com.ar\/wp-content\/uploads\/2026\/01\/4_Bakhtiyar-Adamzhan_27-01-26-04-44-4.jpeg\" alt=\"\" class=\"wp-image-85312\" srcset=\"https:\/\/www.ecoitaliano.com.ar\/wp-content\/uploads\/2026\/01\/4_Bakhtiyar-Adamzhan_27-01-26-04-44-4.jpeg 1707w, https:\/\/www.ecoitaliano.com.ar\/wp-content\/uploads\/2026\/01\/4_Bakhtiyar-Adamzhan_27-01-26-04-44-4-200x300.jpeg 200w, https:\/\/www.ecoitaliano.com.ar\/wp-content\/uploads\/2026\/01\/4_Bakhtiyar-Adamzhan_27-01-26-04-44-4-683x1024.jpeg 683w, https:\/\/www.ecoitaliano.com.ar\/wp-content\/uploads\/2026\/01\/4_Bakhtiyar-Adamzhan_27-01-26-04-44-4-768x1152.jpeg 768w, https:\/\/www.ecoitaliano.com.ar\/wp-content\/uploads\/2026\/01\/4_Bakhtiyar-Adamzhan_27-01-26-04-44-4-1024x1536.jpeg 1024w, https:\/\/www.ecoitaliano.com.ar\/wp-content\/uploads\/2026\/01\/4_Bakhtiyar-Adamzhan_27-01-26-04-44-4-1366x2048.jpeg 1366w, https:\/\/www.ecoitaliano.com.ar\/wp-content\/uploads\/2026\/01\/4_Bakhtiyar-Adamzhan_27-01-26-04-44-4-100x150.jpeg 100w\" sizes=\"(max-width: 1707px) 100vw, 1707px\" \/><\/figure>\n\n\n\n<figure class=\"wp-block-image\"><img decoding=\"async\" width=\"1920\" height=\"1277\" data-id=\"85313\" src=\"http:\/\/www.ecoitaliano.com.ar\/wp-content\/uploads\/2026\/01\/La-Bayadere_Corpo-di-Ballo-dell_Opera-di-Roma-Ombre_ph-Fabrizio-Sansoni-Opera-di-Roma-2023_7986.jpg\" alt=\"\" class=\"wp-image-85313\" srcset=\"https:\/\/www.ecoitaliano.com.ar\/wp-content\/uploads\/2026\/01\/La-Bayadere_Corpo-di-Ballo-dell_Opera-di-Roma-Ombre_ph-Fabrizio-Sansoni-Opera-di-Roma-2023_7986.jpg 1920w, https:\/\/www.ecoitaliano.com.ar\/wp-content\/uploads\/2026\/01\/La-Bayadere_Corpo-di-Ballo-dell_Opera-di-Roma-Ombre_ph-Fabrizio-Sansoni-Opera-di-Roma-2023_7986-300x200.jpg 300w, https:\/\/www.ecoitaliano.com.ar\/wp-content\/uploads\/2026\/01\/La-Bayadere_Corpo-di-Ballo-dell_Opera-di-Roma-Ombre_ph-Fabrizio-Sansoni-Opera-di-Roma-2023_7986-1024x681.jpg 1024w, https:\/\/www.ecoitaliano.com.ar\/wp-content\/uploads\/2026\/01\/La-Bayadere_Corpo-di-Ballo-dell_Opera-di-Roma-Ombre_ph-Fabrizio-Sansoni-Opera-di-Roma-2023_7986-768x511.jpg 768w, https:\/\/www.ecoitaliano.com.ar\/wp-content\/uploads\/2026\/01\/La-Bayadere_Corpo-di-Ballo-dell_Opera-di-Roma-Ombre_ph-Fabrizio-Sansoni-Opera-di-Roma-2023_7986-1536x1022.jpg 1536w, https:\/\/www.ecoitaliano.com.ar\/wp-content\/uploads\/2026\/01\/La-Bayadere_Corpo-di-Ballo-dell_Opera-di-Roma-Ombre_ph-Fabrizio-Sansoni-Opera-di-Roma-2023_7986-150x100.jpg 150w\" sizes=\"(max-width: 1920px) 100vw, 1920px\" \/><\/figure>\n\n\n\n<figure class=\"wp-block-image\"><img decoding=\"async\" width=\"1920\" height=\"1248\" data-id=\"85314\" src=\"http:\/\/www.ecoitaliano.com.ar\/wp-content\/uploads\/2026\/01\/La-bayadere_Corpo-di-Ballo-dell_Opera-di-Roma-Ombre_ph-Fabrizio-Sansoni-Opera-di-Roma-2023_DSC_9686.jpg\" alt=\"\" class=\"wp-image-85314\" srcset=\"https:\/\/www.ecoitaliano.com.ar\/wp-content\/uploads\/2026\/01\/La-bayadere_Corpo-di-Ballo-dell_Opera-di-Roma-Ombre_ph-Fabrizio-Sansoni-Opera-di-Roma-2023_DSC_9686.jpg 1920w, https:\/\/www.ecoitaliano.com.ar\/wp-content\/uploads\/2026\/01\/La-bayadere_Corpo-di-Ballo-dell_Opera-di-Roma-Ombre_ph-Fabrizio-Sansoni-Opera-di-Roma-2023_DSC_9686-300x195.jpg 300w, https:\/\/www.ecoitaliano.com.ar\/wp-content\/uploads\/2026\/01\/La-bayadere_Corpo-di-Ballo-dell_Opera-di-Roma-Ombre_ph-Fabrizio-Sansoni-Opera-di-Roma-2023_DSC_9686-1024x666.jpg 1024w, https:\/\/www.ecoitaliano.com.ar\/wp-content\/uploads\/2026\/01\/La-bayadere_Corpo-di-Ballo-dell_Opera-di-Roma-Ombre_ph-Fabrizio-Sansoni-Opera-di-Roma-2023_DSC_9686-768x499.jpg 768w, https:\/\/www.ecoitaliano.com.ar\/wp-content\/uploads\/2026\/01\/La-bayadere_Corpo-di-Ballo-dell_Opera-di-Roma-Ombre_ph-Fabrizio-Sansoni-Opera-di-Roma-2023_DSC_9686-1536x998.jpg 1536w, https:\/\/www.ecoitaliano.com.ar\/wp-content\/uploads\/2026\/01\/La-bayadere_Corpo-di-Ballo-dell_Opera-di-Roma-Ombre_ph-Fabrizio-Sansoni-Opera-di-Roma-2023_DSC_9686-150x98.jpg 150w\" sizes=\"(max-width: 1920px) 100vw, 1920px\" \/><\/figure>\n\n\n\n<figure class=\"wp-block-image\"><img decoding=\"async\" width=\"1914\" height=\"1280\" data-id=\"85315\" src=\"http:\/\/www.ecoitaliano.com.ar\/wp-content\/uploads\/2026\/01\/La-Bayadere_Damiano-Mongelli_ph-Fabrizio-Sansoni-Opera-di-Roma-2023_8261.jpg\" alt=\"\" class=\"wp-image-85315\" srcset=\"https:\/\/www.ecoitaliano.com.ar\/wp-content\/uploads\/2026\/01\/La-Bayadere_Damiano-Mongelli_ph-Fabrizio-Sansoni-Opera-di-Roma-2023_8261.jpg 1914w, https:\/\/www.ecoitaliano.com.ar\/wp-content\/uploads\/2026\/01\/La-Bayadere_Damiano-Mongelli_ph-Fabrizio-Sansoni-Opera-di-Roma-2023_8261-300x201.jpg 300w, https:\/\/www.ecoitaliano.com.ar\/wp-content\/uploads\/2026\/01\/La-Bayadere_Damiano-Mongelli_ph-Fabrizio-Sansoni-Opera-di-Roma-2023_8261-1024x685.jpg 1024w, https:\/\/www.ecoitaliano.com.ar\/wp-content\/uploads\/2026\/01\/La-Bayadere_Damiano-Mongelli_ph-Fabrizio-Sansoni-Opera-di-Roma-2023_8261-768x514.jpg 768w, https:\/\/www.ecoitaliano.com.ar\/wp-content\/uploads\/2026\/01\/La-Bayadere_Damiano-Mongelli_ph-Fabrizio-Sansoni-Opera-di-Roma-2023_8261-1536x1027.jpg 1536w, https:\/\/www.ecoitaliano.com.ar\/wp-content\/uploads\/2026\/01\/La-Bayadere_Damiano-Mongelli_ph-Fabrizio-Sansoni-Opera-di-Roma-2023_8261-150x100.jpg 150w\" sizes=\"(max-width: 1914px) 100vw, 1914px\" \/><\/figure>\n\n\n\n<figure class=\"wp-block-image\"><img decoding=\"async\" width=\"1920\" height=\"1277\" data-id=\"85316\" src=\"http:\/\/www.ecoitaliano.com.ar\/wp-content\/uploads\/2026\/01\/La-Bayadere_Michele-Satriano-capo-dei-fachiri_ph-Fabrizio-Sansoni-Opera-di-Roma-2023_DSC_9899.jpg\" alt=\"\" class=\"wp-image-85316\" srcset=\"https:\/\/www.ecoitaliano.com.ar\/wp-content\/uploads\/2026\/01\/La-Bayadere_Michele-Satriano-capo-dei-fachiri_ph-Fabrizio-Sansoni-Opera-di-Roma-2023_DSC_9899.jpg 1920w, https:\/\/www.ecoitaliano.com.ar\/wp-content\/uploads\/2026\/01\/La-Bayadere_Michele-Satriano-capo-dei-fachiri_ph-Fabrizio-Sansoni-Opera-di-Roma-2023_DSC_9899-300x200.jpg 300w, https:\/\/www.ecoitaliano.com.ar\/wp-content\/uploads\/2026\/01\/La-Bayadere_Michele-Satriano-capo-dei-fachiri_ph-Fabrizio-Sansoni-Opera-di-Roma-2023_DSC_9899-1024x681.jpg 1024w, https:\/\/www.ecoitaliano.com.ar\/wp-content\/uploads\/2026\/01\/La-Bayadere_Michele-Satriano-capo-dei-fachiri_ph-Fabrizio-Sansoni-Opera-di-Roma-2023_DSC_9899-768x511.jpg 768w, https:\/\/www.ecoitaliano.com.ar\/wp-content\/uploads\/2026\/01\/La-Bayadere_Michele-Satriano-capo-dei-fachiri_ph-Fabrizio-Sansoni-Opera-di-Roma-2023_DSC_9899-1536x1022.jpg 1536w, https:\/\/www.ecoitaliano.com.ar\/wp-content\/uploads\/2026\/01\/La-Bayadere_Michele-Satriano-capo-dei-fachiri_ph-Fabrizio-Sansoni-Opera-di-Roma-2023_DSC_9899-150x100.jpg 150w\" sizes=\"(max-width: 1920px) 100vw, 1920px\" \/><\/figure>\n\n\n\n<figure class=\"wp-block-image\"><img decoding=\"async\" width=\"1920\" height=\"1277\" data-id=\"85317\" src=\"http:\/\/www.ecoitaliano.com.ar\/wp-content\/uploads\/2026\/01\/La-Bayadere_Michele-Satriano-capo-dei-fachiri_ph-Fabrizio-Sansoni-Opera-di-Roma-2023_DSC_9987.jpg\" alt=\"\" class=\"wp-image-85317\" srcset=\"https:\/\/www.ecoitaliano.com.ar\/wp-content\/uploads\/2026\/01\/La-Bayadere_Michele-Satriano-capo-dei-fachiri_ph-Fabrizio-Sansoni-Opera-di-Roma-2023_DSC_9987.jpg 1920w, https:\/\/www.ecoitaliano.com.ar\/wp-content\/uploads\/2026\/01\/La-Bayadere_Michele-Satriano-capo-dei-fachiri_ph-Fabrizio-Sansoni-Opera-di-Roma-2023_DSC_9987-300x200.jpg 300w, https:\/\/www.ecoitaliano.com.ar\/wp-content\/uploads\/2026\/01\/La-Bayadere_Michele-Satriano-capo-dei-fachiri_ph-Fabrizio-Sansoni-Opera-di-Roma-2023_DSC_9987-1024x681.jpg 1024w, https:\/\/www.ecoitaliano.com.ar\/wp-content\/uploads\/2026\/01\/La-Bayadere_Michele-Satriano-capo-dei-fachiri_ph-Fabrizio-Sansoni-Opera-di-Roma-2023_DSC_9987-768x511.jpg 768w, https:\/\/www.ecoitaliano.com.ar\/wp-content\/uploads\/2026\/01\/La-Bayadere_Michele-Satriano-capo-dei-fachiri_ph-Fabrizio-Sansoni-Opera-di-Roma-2023_DSC_9987-1536x1022.jpg 1536w, https:\/\/www.ecoitaliano.com.ar\/wp-content\/uploads\/2026\/01\/La-Bayadere_Michele-Satriano-capo-dei-fachiri_ph-Fabrizio-Sansoni-Opera-di-Roma-2023_DSC_9987-150x100.jpg 150w\" sizes=\"(max-width: 1920px) 100vw, 1920px\" \/><\/figure>\n\n\n\n<figure class=\"wp-block-image\"><img decoding=\"async\" width=\"1920\" height=\"1277\" data-id=\"85318\" src=\"http:\/\/www.ecoitaliano.com.ar\/wp-content\/uploads\/2026\/01\/La-bayadere_Simone-Agro-capo-dei-fachiri_ph-Fabrizio-Sansoni-Opera-di-Roma-2023_DSC_9311.jpg\" alt=\"\" class=\"wp-image-85318\" srcset=\"https:\/\/www.ecoitaliano.com.ar\/wp-content\/uploads\/2026\/01\/La-bayadere_Simone-Agro-capo-dei-fachiri_ph-Fabrizio-Sansoni-Opera-di-Roma-2023_DSC_9311.jpg 1920w, https:\/\/www.ecoitaliano.com.ar\/wp-content\/uploads\/2026\/01\/La-bayadere_Simone-Agro-capo-dei-fachiri_ph-Fabrizio-Sansoni-Opera-di-Roma-2023_DSC_9311-300x200.jpg 300w, https:\/\/www.ecoitaliano.com.ar\/wp-content\/uploads\/2026\/01\/La-bayadere_Simone-Agro-capo-dei-fachiri_ph-Fabrizio-Sansoni-Opera-di-Roma-2023_DSC_9311-1024x681.jpg 1024w, https:\/\/www.ecoitaliano.com.ar\/wp-content\/uploads\/2026\/01\/La-bayadere_Simone-Agro-capo-dei-fachiri_ph-Fabrizio-Sansoni-Opera-di-Roma-2023_DSC_9311-768x511.jpg 768w, https:\/\/www.ecoitaliano.com.ar\/wp-content\/uploads\/2026\/01\/La-bayadere_Simone-Agro-capo-dei-fachiri_ph-Fabrizio-Sansoni-Opera-di-Roma-2023_DSC_9311-1536x1022.jpg 1536w, https:\/\/www.ecoitaliano.com.ar\/wp-content\/uploads\/2026\/01\/La-bayadere_Simone-Agro-capo-dei-fachiri_ph-Fabrizio-Sansoni-Opera-di-Roma-2023_DSC_9311-150x100.jpg 150w\" sizes=\"(max-width: 1920px) 100vw, 1920px\" \/><\/figure>\n\n\n\n<figure class=\"wp-block-image\"><img decoding=\"async\" width=\"1920\" height=\"1277\" data-id=\"85320\" src=\"http:\/\/www.ecoitaliano.com.ar\/wp-content\/uploads\/2026\/01\/La-Bayadere_Susanna-Salvi-Gamzatti_ph-Fabrizio-Sansoni-Opera-di-Roma-2023_DSC_0022.jpg\" alt=\"\" class=\"wp-image-85320\" srcset=\"https:\/\/www.ecoitaliano.com.ar\/wp-content\/uploads\/2026\/01\/La-Bayadere_Susanna-Salvi-Gamzatti_ph-Fabrizio-Sansoni-Opera-di-Roma-2023_DSC_0022.jpg 1920w, https:\/\/www.ecoitaliano.com.ar\/wp-content\/uploads\/2026\/01\/La-Bayadere_Susanna-Salvi-Gamzatti_ph-Fabrizio-Sansoni-Opera-di-Roma-2023_DSC_0022-300x200.jpg 300w, https:\/\/www.ecoitaliano.com.ar\/wp-content\/uploads\/2026\/01\/La-Bayadere_Susanna-Salvi-Gamzatti_ph-Fabrizio-Sansoni-Opera-di-Roma-2023_DSC_0022-1024x681.jpg 1024w, https:\/\/www.ecoitaliano.com.ar\/wp-content\/uploads\/2026\/01\/La-Bayadere_Susanna-Salvi-Gamzatti_ph-Fabrizio-Sansoni-Opera-di-Roma-2023_DSC_0022-768x511.jpg 768w, https:\/\/www.ecoitaliano.com.ar\/wp-content\/uploads\/2026\/01\/La-Bayadere_Susanna-Salvi-Gamzatti_ph-Fabrizio-Sansoni-Opera-di-Roma-2023_DSC_0022-1536x1022.jpg 1536w, https:\/\/www.ecoitaliano.com.ar\/wp-content\/uploads\/2026\/01\/La-Bayadere_Susanna-Salvi-Gamzatti_ph-Fabrizio-Sansoni-Opera-di-Roma-2023_DSC_0022-150x100.jpg 150w\" sizes=\"(max-width: 1920px) 100vw, 1920px\" \/><\/figure>\n\n\n\n<figure class=\"wp-block-image\"><img decoding=\"async\" width=\"1920\" height=\"1277\" data-id=\"85321\" src=\"http:\/\/www.ecoitaliano.com.ar\/wp-content\/uploads\/2026\/01\/La-Bayadere_Susanna-Salvi-Gamzatti_ph-Fabrizio-Sansoni-Opera-di-Roma-2023_DSC_0030.jpg\" alt=\"\" class=\"wp-image-85321\" srcset=\"https:\/\/www.ecoitaliano.com.ar\/wp-content\/uploads\/2026\/01\/La-Bayadere_Susanna-Salvi-Gamzatti_ph-Fabrizio-Sansoni-Opera-di-Roma-2023_DSC_0030.jpg 1920w, https:\/\/www.ecoitaliano.com.ar\/wp-content\/uploads\/2026\/01\/La-Bayadere_Susanna-Salvi-Gamzatti_ph-Fabrizio-Sansoni-Opera-di-Roma-2023_DSC_0030-300x200.jpg 300w, https:\/\/www.ecoitaliano.com.ar\/wp-content\/uploads\/2026\/01\/La-Bayadere_Susanna-Salvi-Gamzatti_ph-Fabrizio-Sansoni-Opera-di-Roma-2023_DSC_0030-1024x681.jpg 1024w, https:\/\/www.ecoitaliano.com.ar\/wp-content\/uploads\/2026\/01\/La-Bayadere_Susanna-Salvi-Gamzatti_ph-Fabrizio-Sansoni-Opera-di-Roma-2023_DSC_0030-768x511.jpg 768w, https:\/\/www.ecoitaliano.com.ar\/wp-content\/uploads\/2026\/01\/La-Bayadere_Susanna-Salvi-Gamzatti_ph-Fabrizio-Sansoni-Opera-di-Roma-2023_DSC_0030-1536x1022.jpg 1536w, https:\/\/www.ecoitaliano.com.ar\/wp-content\/uploads\/2026\/01\/La-Bayadere_Susanna-Salvi-Gamzatti_ph-Fabrizio-Sansoni-Opera-di-Roma-2023_DSC_0030-150x100.jpg 150w\" sizes=\"(max-width: 1920px) 100vw, 1920px\" \/><\/figure>\n\n\n\n<figure class=\"wp-block-image\"><img decoding=\"async\" width=\"1920\" height=\"1277\" data-id=\"85322\" src=\"http:\/\/www.ecoitaliano.com.ar\/wp-content\/uploads\/2026\/01\/La-Bayadere_Susanna-Salvi-Gamzatti_ph-Fabrizio-Sansoni-Opera-id-Roma-2023_1783.jpg\" alt=\"\" class=\"wp-image-85322\" srcset=\"https:\/\/www.ecoitaliano.com.ar\/wp-content\/uploads\/2026\/01\/La-Bayadere_Susanna-Salvi-Gamzatti_ph-Fabrizio-Sansoni-Opera-id-Roma-2023_1783.jpg 1920w, https:\/\/www.ecoitaliano.com.ar\/wp-content\/uploads\/2026\/01\/La-Bayadere_Susanna-Salvi-Gamzatti_ph-Fabrizio-Sansoni-Opera-id-Roma-2023_1783-300x200.jpg 300w, https:\/\/www.ecoitaliano.com.ar\/wp-content\/uploads\/2026\/01\/La-Bayadere_Susanna-Salvi-Gamzatti_ph-Fabrizio-Sansoni-Opera-id-Roma-2023_1783-1024x681.jpg 1024w, https:\/\/www.ecoitaliano.com.ar\/wp-content\/uploads\/2026\/01\/La-Bayadere_Susanna-Salvi-Gamzatti_ph-Fabrizio-Sansoni-Opera-id-Roma-2023_1783-768x511.jpg 768w, https:\/\/www.ecoitaliano.com.ar\/wp-content\/uploads\/2026\/01\/La-Bayadere_Susanna-Salvi-Gamzatti_ph-Fabrizio-Sansoni-Opera-id-Roma-2023_1783-1536x1022.jpg 1536w, https:\/\/www.ecoitaliano.com.ar\/wp-content\/uploads\/2026\/01\/La-Bayadere_Susanna-Salvi-Gamzatti_ph-Fabrizio-Sansoni-Opera-id-Roma-2023_1783-150x100.jpg 150w\" sizes=\"(max-width: 1920px) 100vw, 1920px\" \/><\/figure>\n\n\n\n<figure class=\"wp-block-image\"><img decoding=\"async\" width=\"1920\" height=\"1277\" data-id=\"85323\" src=\"http:\/\/www.ecoitaliano.com.ar\/wp-content\/uploads\/2026\/01\/La-Bayadere_Susanna-Salvi_ph-Fabrizio-Sansoni-Opera-di-Roma-2023_8692.jpg\" alt=\"\" class=\"wp-image-85323\" srcset=\"https:\/\/www.ecoitaliano.com.ar\/wp-content\/uploads\/2026\/01\/La-Bayadere_Susanna-Salvi_ph-Fabrizio-Sansoni-Opera-di-Roma-2023_8692.jpg 1920w, https:\/\/www.ecoitaliano.com.ar\/wp-content\/uploads\/2026\/01\/La-Bayadere_Susanna-Salvi_ph-Fabrizio-Sansoni-Opera-di-Roma-2023_8692-300x200.jpg 300w, https:\/\/www.ecoitaliano.com.ar\/wp-content\/uploads\/2026\/01\/La-Bayadere_Susanna-Salvi_ph-Fabrizio-Sansoni-Opera-di-Roma-2023_8692-1024x681.jpg 1024w, https:\/\/www.ecoitaliano.com.ar\/wp-content\/uploads\/2026\/01\/La-Bayadere_Susanna-Salvi_ph-Fabrizio-Sansoni-Opera-di-Roma-2023_8692-768x511.jpg 768w, https:\/\/www.ecoitaliano.com.ar\/wp-content\/uploads\/2026\/01\/La-Bayadere_Susanna-Salvi_ph-Fabrizio-Sansoni-Opera-di-Roma-2023_8692-1536x1022.jpg 1536w, https:\/\/www.ecoitaliano.com.ar\/wp-content\/uploads\/2026\/01\/La-Bayadere_Susanna-Salvi_ph-Fabrizio-Sansoni-Opera-di-Roma-2023_8692-150x100.jpg 150w\" sizes=\"(max-width: 1920px) 100vw, 1920px\" \/><\/figure>\n\n\n\n<figure class=\"wp-block-image\"><img decoding=\"async\" width=\"1920\" height=\"1277\" data-id=\"85324\" src=\"http:\/\/www.ecoitaliano.com.ar\/wp-content\/uploads\/2026\/01\/La-Bayadere_Susanna-Salvi_ph-Fabrizio-Sansoni-Opera-di-Roma-2023_8790.jpg\" alt=\"\" class=\"wp-image-85324\" srcset=\"https:\/\/www.ecoitaliano.com.ar\/wp-content\/uploads\/2026\/01\/La-Bayadere_Susanna-Salvi_ph-Fabrizio-Sansoni-Opera-di-Roma-2023_8790.jpg 1920w, https:\/\/www.ecoitaliano.com.ar\/wp-content\/uploads\/2026\/01\/La-Bayadere_Susanna-Salvi_ph-Fabrizio-Sansoni-Opera-di-Roma-2023_8790-300x200.jpg 300w, https:\/\/www.ecoitaliano.com.ar\/wp-content\/uploads\/2026\/01\/La-Bayadere_Susanna-Salvi_ph-Fabrizio-Sansoni-Opera-di-Roma-2023_8790-1024x681.jpg 1024w, https:\/\/www.ecoitaliano.com.ar\/wp-content\/uploads\/2026\/01\/La-Bayadere_Susanna-Salvi_ph-Fabrizio-Sansoni-Opera-di-Roma-2023_8790-768x511.jpg 768w, https:\/\/www.ecoitaliano.com.ar\/wp-content\/uploads\/2026\/01\/La-Bayadere_Susanna-Salvi_ph-Fabrizio-Sansoni-Opera-di-Roma-2023_8790-1536x1022.jpg 1536w, https:\/\/www.ecoitaliano.com.ar\/wp-content\/uploads\/2026\/01\/La-Bayadere_Susanna-Salvi_ph-Fabrizio-Sansoni-Opera-di-Roma-2023_8790-150x100.jpg 150w\" sizes=\"(max-width: 1920px) 100vw, 1920px\" \/><\/figure>\n\n\n\n<figure class=\"wp-block-image\"><img decoding=\"async\" width=\"1920\" height=\"1277\" data-id=\"85325\" src=\"http:\/\/www.ecoitaliano.com.ar\/wp-content\/uploads\/2026\/01\/La-Bayadere_Sussani-Salvi_ph-Fabrizio-Sansoni-Opera-di-Roma-2023_8737.jpg\" alt=\"\" class=\"wp-image-85325\" srcset=\"https:\/\/www.ecoitaliano.com.ar\/wp-content\/uploads\/2026\/01\/La-Bayadere_Sussani-Salvi_ph-Fabrizio-Sansoni-Opera-di-Roma-2023_8737.jpg 1920w, https:\/\/www.ecoitaliano.com.ar\/wp-content\/uploads\/2026\/01\/La-Bayadere_Sussani-Salvi_ph-Fabrizio-Sansoni-Opera-di-Roma-2023_8737-300x200.jpg 300w, https:\/\/www.ecoitaliano.com.ar\/wp-content\/uploads\/2026\/01\/La-Bayadere_Sussani-Salvi_ph-Fabrizio-Sansoni-Opera-di-Roma-2023_8737-1024x681.jpg 1024w, https:\/\/www.ecoitaliano.com.ar\/wp-content\/uploads\/2026\/01\/La-Bayadere_Sussani-Salvi_ph-Fabrizio-Sansoni-Opera-di-Roma-2023_8737-768x511.jpg 768w, https:\/\/www.ecoitaliano.com.ar\/wp-content\/uploads\/2026\/01\/La-Bayadere_Sussani-Salvi_ph-Fabrizio-Sansoni-Opera-di-Roma-2023_8737-1536x1022.jpg 1536w, https:\/\/www.ecoitaliano.com.ar\/wp-content\/uploads\/2026\/01\/La-Bayadere_Sussani-Salvi_ph-Fabrizio-Sansoni-Opera-di-Roma-2023_8737-150x100.jpg 150w\" sizes=\"(max-width: 1920px) 100vw, 1920px\" \/><\/figure>\n\n\n\n<figure class=\"wp-block-image\"><img decoding=\"async\" width=\"1920\" height=\"1139\" data-id=\"85326\" src=\"http:\/\/www.ecoitaliano.com.ar\/wp-content\/uploads\/2026\/01\/La-Bayadere_Un-totale_ph-Fabrizio-Sansoni-Opera-di-Roma-2023_DSC_5361.jpg\" alt=\"\" class=\"wp-image-85326\" srcset=\"https:\/\/www.ecoitaliano.com.ar\/wp-content\/uploads\/2026\/01\/La-Bayadere_Un-totale_ph-Fabrizio-Sansoni-Opera-di-Roma-2023_DSC_5361.jpg 1920w, https:\/\/www.ecoitaliano.com.ar\/wp-content\/uploads\/2026\/01\/La-Bayadere_Un-totale_ph-Fabrizio-Sansoni-Opera-di-Roma-2023_DSC_5361-300x178.jpg 300w, https:\/\/www.ecoitaliano.com.ar\/wp-content\/uploads\/2026\/01\/La-Bayadere_Un-totale_ph-Fabrizio-Sansoni-Opera-di-Roma-2023_DSC_5361-1024x607.jpg 1024w, https:\/\/www.ecoitaliano.com.ar\/wp-content\/uploads\/2026\/01\/La-Bayadere_Un-totale_ph-Fabrizio-Sansoni-Opera-di-Roma-2023_DSC_5361-768x456.jpg 768w, https:\/\/www.ecoitaliano.com.ar\/wp-content\/uploads\/2026\/01\/La-Bayadere_Un-totale_ph-Fabrizio-Sansoni-Opera-di-Roma-2023_DSC_5361-1536x911.jpg 1536w, https:\/\/www.ecoitaliano.com.ar\/wp-content\/uploads\/2026\/01\/La-Bayadere_Un-totale_ph-Fabrizio-Sansoni-Opera-di-Roma-2023_DSC_5361-150x89.jpg 150w\" sizes=\"(max-width: 1920px) 100vw, 1920px\" \/><\/figure>\n\n\n\n<figure class=\"wp-block-image\"><img decoding=\"async\" width=\"1920\" height=\"1165\" data-id=\"85327\" src=\"http:\/\/www.ecoitaliano.com.ar\/wp-content\/uploads\/2026\/01\/La-Bayadere_Un-totale_ph-Fabrizio-Sansoni-Opera-di-Roma-2023_DSC_5398.jpg\" alt=\"\" class=\"wp-image-85327\" srcset=\"https:\/\/www.ecoitaliano.com.ar\/wp-content\/uploads\/2026\/01\/La-Bayadere_Un-totale_ph-Fabrizio-Sansoni-Opera-di-Roma-2023_DSC_5398.jpg 1920w, https:\/\/www.ecoitaliano.com.ar\/wp-content\/uploads\/2026\/01\/La-Bayadere_Un-totale_ph-Fabrizio-Sansoni-Opera-di-Roma-2023_DSC_5398-300x182.jpg 300w, https:\/\/www.ecoitaliano.com.ar\/wp-content\/uploads\/2026\/01\/La-Bayadere_Un-totale_ph-Fabrizio-Sansoni-Opera-di-Roma-2023_DSC_5398-1024x621.jpg 1024w, https:\/\/www.ecoitaliano.com.ar\/wp-content\/uploads\/2026\/01\/La-Bayadere_Un-totale_ph-Fabrizio-Sansoni-Opera-di-Roma-2023_DSC_5398-768x466.jpg 768w, https:\/\/www.ecoitaliano.com.ar\/wp-content\/uploads\/2026\/01\/La-Bayadere_Un-totale_ph-Fabrizio-Sansoni-Opera-di-Roma-2023_DSC_5398-1536x932.jpg 1536w, https:\/\/www.ecoitaliano.com.ar\/wp-content\/uploads\/2026\/01\/La-Bayadere_Un-totale_ph-Fabrizio-Sansoni-Opera-di-Roma-2023_DSC_5398-150x91.jpg 150w\" sizes=\"(max-width: 1920px) 100vw, 1920px\" \/><\/figure>\n\n\n\n<figure class=\"wp-block-image\"><img decoding=\"async\" width=\"1920\" height=\"1068\" data-id=\"85328\" src=\"http:\/\/www.ecoitaliano.com.ar\/wp-content\/uploads\/2026\/01\/La-Bayadere_Un-totale_ph-Fabrizio-Sansoni-Opera-di-Roma-2023_DSC_5437.jpg\" alt=\"\" class=\"wp-image-85328\" srcset=\"https:\/\/www.ecoitaliano.com.ar\/wp-content\/uploads\/2026\/01\/La-Bayadere_Un-totale_ph-Fabrizio-Sansoni-Opera-di-Roma-2023_DSC_5437.jpg 1920w, https:\/\/www.ecoitaliano.com.ar\/wp-content\/uploads\/2026\/01\/La-Bayadere_Un-totale_ph-Fabrizio-Sansoni-Opera-di-Roma-2023_DSC_5437-300x167.jpg 300w, https:\/\/www.ecoitaliano.com.ar\/wp-content\/uploads\/2026\/01\/La-Bayadere_Un-totale_ph-Fabrizio-Sansoni-Opera-di-Roma-2023_DSC_5437-1024x570.jpg 1024w, https:\/\/www.ecoitaliano.com.ar\/wp-content\/uploads\/2026\/01\/La-Bayadere_Un-totale_ph-Fabrizio-Sansoni-Opera-di-Roma-2023_DSC_5437-768x427.jpg 768w, https:\/\/www.ecoitaliano.com.ar\/wp-content\/uploads\/2026\/01\/La-Bayadere_Un-totale_ph-Fabrizio-Sansoni-Opera-di-Roma-2023_DSC_5437-1536x854.jpg 1536w, https:\/\/www.ecoitaliano.com.ar\/wp-content\/uploads\/2026\/01\/La-Bayadere_Un-totale_ph-Fabrizio-Sansoni-Opera-di-Roma-2023_DSC_5437-150x83.jpg 150w\" sizes=\"(max-width: 1920px) 100vw, 1920px\" \/><\/figure>\n\n\n\n<figure class=\"wp-block-image\"><img decoding=\"async\" width=\"1920\" height=\"1104\" data-id=\"85329\" src=\"http:\/\/www.ecoitaliano.com.ar\/wp-content\/uploads\/2026\/01\/La-Bayadere_Un-totale_ph-Fabrizio-Sansoni-Opera-di-Roma-2023_DSC_5653.jpg\" alt=\"\" class=\"wp-image-85329\" srcset=\"https:\/\/www.ecoitaliano.com.ar\/wp-content\/uploads\/2026\/01\/La-Bayadere_Un-totale_ph-Fabrizio-Sansoni-Opera-di-Roma-2023_DSC_5653.jpg 1920w, https:\/\/www.ecoitaliano.com.ar\/wp-content\/uploads\/2026\/01\/La-Bayadere_Un-totale_ph-Fabrizio-Sansoni-Opera-di-Roma-2023_DSC_5653-300x173.jpg 300w, https:\/\/www.ecoitaliano.com.ar\/wp-content\/uploads\/2026\/01\/La-Bayadere_Un-totale_ph-Fabrizio-Sansoni-Opera-di-Roma-2023_DSC_5653-1024x589.jpg 1024w, https:\/\/www.ecoitaliano.com.ar\/wp-content\/uploads\/2026\/01\/La-Bayadere_Un-totale_ph-Fabrizio-Sansoni-Opera-di-Roma-2023_DSC_5653-768x442.jpg 768w, https:\/\/www.ecoitaliano.com.ar\/wp-content\/uploads\/2026\/01\/La-Bayadere_Un-totale_ph-Fabrizio-Sansoni-Opera-di-Roma-2023_DSC_5653-1536x883.jpg 1536w, https:\/\/www.ecoitaliano.com.ar\/wp-content\/uploads\/2026\/01\/La-Bayadere_Un-totale_ph-Fabrizio-Sansoni-Opera-di-Roma-2023_DSC_5653-150x86.jpg 150w\" sizes=\"(max-width: 1920px) 100vw, 1920px\" \/><\/figure>\n<\/figure>\n","protected":false},"excerpt":{"rendered":"<p>COMUNICATO STAMPA&nbsp;L\u2019EPOPEA INDIANA DE&nbsp;LA BAYAD\u00c8RE&nbsp;CON LE\u00c9TOILES&nbsp;DELL\u2019OP\u00c9RA DI PARIGI&nbsp;SAE EUN PARK E PAUL MARQUEAL DEBUTTO AL COSTANZI&nbsp;In scena nelle sette recite [&hellip;]<\/p>\n","protected":false},"author":1,"featured_media":0,"comment_status":"open","ping_status":"open","sticky":false,"template":"","format":"standard","meta":{"footnotes":""},"categories":[1],"tags":[],"class_list":["post-85299","post","type-post","status-publish","format-standard","hentry","category-sin-categoria"],"_links":{"self":[{"href":"https:\/\/www.ecoitaliano.com.ar\/index.php?rest_route=\/wp\/v2\/posts\/85299","targetHints":{"allow":["GET"]}}],"collection":[{"href":"https:\/\/www.ecoitaliano.com.ar\/index.php?rest_route=\/wp\/v2\/posts"}],"about":[{"href":"https:\/\/www.ecoitaliano.com.ar\/index.php?rest_route=\/wp\/v2\/types\/post"}],"author":[{"embeddable":true,"href":"https:\/\/www.ecoitaliano.com.ar\/index.php?rest_route=\/wp\/v2\/users\/1"}],"replies":[{"embeddable":true,"href":"https:\/\/www.ecoitaliano.com.ar\/index.php?rest_route=%2Fwp%2Fv2%2Fcomments&post=85299"}],"version-history":[{"count":3,"href":"https:\/\/www.ecoitaliano.com.ar\/index.php?rest_route=\/wp\/v2\/posts\/85299\/revisions"}],"predecessor-version":[{"id":85330,"href":"https:\/\/www.ecoitaliano.com.ar\/index.php?rest_route=\/wp\/v2\/posts\/85299\/revisions\/85330"}],"wp:attachment":[{"href":"https:\/\/www.ecoitaliano.com.ar\/index.php?rest_route=%2Fwp%2Fv2%2Fmedia&parent=85299"}],"wp:term":[{"taxonomy":"category","embeddable":true,"href":"https:\/\/www.ecoitaliano.com.ar\/index.php?rest_route=%2Fwp%2Fv2%2Fcategories&post=85299"},{"taxonomy":"post_tag","embeddable":true,"href":"https:\/\/www.ecoitaliano.com.ar\/index.php?rest_route=%2Fwp%2Fv2%2Ftags&post=85299"}],"curies":[{"name":"wp","href":"https:\/\/api.w.org\/{rel}","templated":true}]}}