{"id":85336,"date":"2026-01-30T17:44:39","date_gmt":"2026-01-30T17:44:39","guid":{"rendered":"https:\/\/www.ecoitaliano.com.ar\/?p=85336"},"modified":"2026-01-30T17:44:39","modified_gmt":"2026-01-30T17:44:39","slug":"serena-conduce-operaclassica-eco-italiano-4940","status":"publish","type":"post","link":"https:\/\/www.ecoitaliano.com.ar\/?p=85336","title":{"rendered":"Serena conduce operaclassica eco italiano"},"content":{"rendered":"<div class=\"wp-block-image\">\n<figure class=\"aligncenter size-full\"><a href=\"http:\/\/www.ecoitaliano.com.ar\/wp-content\/uploads\/2026\/01\/ghjk-1.jpg\"><img decoding=\"async\" width=\"244\" height=\"119\" src=\"http:\/\/www.ecoitaliano.com.ar\/wp-content\/uploads\/2026\/01\/ghjk-1.jpg\" alt=\"\" class=\"wp-image-85332\" srcset=\"https:\/\/www.ecoitaliano.com.ar\/wp-content\/uploads\/2026\/01\/ghjk-1.jpg 244w, https:\/\/www.ecoitaliano.com.ar\/wp-content\/uploads\/2026\/01\/ghjk-1-150x73.jpg 150w\" sizes=\"(max-width: 244px) 100vw, 244px\" \/><\/a><\/figure><\/div>\n\n\n<p><strong>Comunicato stampa<\/strong><\/p>\n\n\n\n<p><strong>Teatro di San Carlo, T\u00e9zier sostituisce Goerne<\/strong><\/p>\n\n\n\n<p><strong>nel concerto di domenica 1 febbraio<\/strong><\/p>\n\n\n\n<p><strong>Sul podio Metzmacher, in programma i \u201cWesendonck-Lieder\u201d di Wagner<\/strong><\/p>\n\n\n\n<p><em>Napoli, 30 gennaio 2026 <\/em>\u2013 <strong>Ludovic T\u00e9zier<\/strong> sar\u00e0 la voce solista del concerto di <strong>domenica 1 febbraio 2026 <\/strong>(ore 19), in calendario al <strong>Teatro di San Carlo<\/strong>. Il baritono francese, protagonista del \u201cNabucco\u201d che sta riscuotendo enorme successo, sostituir\u00e0 Matthias Goerne. Resta <strong>Ingo Metzmacher<\/strong> alla direzione dell\u2019<strong>Orchestra del Lirico di Napoli<\/strong>.<\/p>\n\n\n\n<p>Il programma, in occasione del centenario della nascita di <strong>Hans Werner Henze<\/strong>, rende omaggio a uno dei protagonisti assoluti del secondo Novecento con <strong>\u201cLa selva incantata\u201d<\/strong> in apertura. &nbsp;I <strong>\u201cWesendonck-Lieder\u201d<\/strong> di <strong>Richard Wagner<\/strong>, che seguono in locandina in luogo dei \u201cF\u00fcnf neapolitanische Lieder\u201d, vengono proposti nella orchestrazione di Henze.<\/p>\n\n\n\n<p>Nella seconda parte della serata, la <strong>Sinfonia n. 2 in re maggiore,<\/strong> <strong>op. 73 <\/strong>di <strong>Johannes Brahms<\/strong>.<\/p>\n\n\n\n<p>\u00c8 di Carlo Gozzi la favola teatrale che ispira, a Henze, l\u2019opera \u201cIl re cervo\u201d e, da questa, trae nel 1991 <strong>\u201cLa selva incantata\u201d<\/strong>, una rielaborazione orchestrale di due scene dal secondo atto. \u201cNell\u2019originale &#8211; spiega il compositore &#8211; l\u2019Aria, qui riscritta per orchestra sola, \u00e8 cantata dal protagonista (tenore) che brama di ritornare nella foresta, alla natura, alle origini della sua esistenza animale. Il Rond\u00f2, in un solo rapidissimo tempo di danza (forse una tarantella?), \u00e8 costruito in tre parti: la prima \u00e8 allegra, buffonesca, la seconda ha un carattere lirico-romantico, mentre nella terza parte il carattere musicale si capovolge e diventa impetuoso ed altamente drammatico\u201d.<\/p>\n\n\n\n<p>Nati per voce femminile e pianoforte, i <strong>\u201cWesendonck-Lieder\u201d<\/strong> occupano una posizione centrale nell\u2019universo wagneriano. Composti nel 1857 su testi di Mathilde Wesendonck, nei cinque Lieder affiorano temi e atmosfere che confluiranno nel \u201cTristan und Isolde\u201d. L\u2019orchestrazione che Henze realizza, per dieci fiati, arpa e un piccolo ensemble di archi, preserva la natura cameristica del ciclo. Intatta l\u2019intimit\u00e0 del Lied wagneriano, con una scrittura che pone l\u2019accento sul rapporto tra le parole e i suoni.<\/p>\n\n\n\n<p>Composta nell\u2019estate del 1877 sulle rive del lago W\u00f6rthersee, la <strong>Seconda Sinfonia<\/strong> \u00e8 spesso definita la \u201cPastorale\u201d di Brahms: se la Prima era stata il frutto di una gestazione ventennale all&#8217;ombra di Beethoven, la Seconda sgorga con sorprendente, e insolita, fluidit\u00e0. La prima esecuzione, avvenuta nel dicembre dello stesso anno, vede sul podio Hans Richter alla guida dei Wiener Philharmoniker.<\/p>\n\n\n\n<p>L\u2019opera si distingue per un lirismo luminoso e una natura quasi bucolica, pur lasciando trapelare, nelle sue fitte trame strumentali, quella malinconia introspettiva tipica del linguaggio brahmsiano.<\/p>\n\n\n\n<p><strong>Ingo Metzmacher<\/strong> ha legato il suo nome a prestigiose istituzioni ricoprendo, tra le altre, le cariche di Direttore Musicale dell\u2019Opera di Amburgo e della Deutsches Symphonie-Orchester di Berlino. Interprete di riferimento per la musica del XX e XXI secolo, ha diretto regolarmente complessi del calibro dei Berliner e Wiener Philharmoniker, della Royal Concertgebouw Orchestra e della Chicago Symphony. La sua vasta discografia riflette un impegno costante nella divulgazione dei linguaggi contemporanei, attivit\u00e0 affiancata dalla pubblicazione di saggi dedicati all&#8217;opera e alla nuova musica.<\/p>\n\n\n\n<p><strong>Ludovic T\u00e9zier<\/strong> \u00e8 riconosciuto come uno dei maggiori baritoni della scena lirica contemporanea. Ospite abituale dei pi\u00f9 prestigiosi teatri internazionali, si \u00e8 imposto come interprete di riferimento del repertorio verdiano, accanto a un repertorio che spazia dal melodramma ottocentesco al teatro musicale francese e tedesco. Svolge un\u2019intensa attivit\u00e0 operistica e concertistica, collaborando regolarmente con i principali direttori d\u2019orchestra del nostro tempo.<\/p>\n\n\n\n<p>Stagione 25\/26<\/p>\n\n\n\n<p>1 febbraio 2026<\/p>\n\n\n\n<p><strong>Ingo Metzmacher<\/strong><\/p>\n\n\n\n<p>Direttore | <strong>Ingo Metzmacher<\/strong><\/p>\n\n\n\n<p>Baritono | <strong>Ludovic T\u00e9zier<\/strong><\/p>\n\n\n\n<p><strong>Programma<\/strong><\/p>\n\n\n\n<p><strong>Hans Werner Henze<\/strong>, La selva incantata<\/p>\n\n\n\n<p><strong>Richard Wagner<\/strong>, Wesendonck-Lieder (Orchestrazione di Henze)<\/p>\n\n\n\n<p><strong>Johannes Brahms<\/strong>, Sinfonia n. 2 in re maggiore per orchestra, op. 73<\/p>\n\n\n\n<p><strong>Orchestra del Teatro di San Carlo<\/strong><\/p>\n\n\n\n<p>Teatro di San Carlo | CREMISI<\/p>\n\n\n\n<p>domenica 1 febbraio 2026, ore 19:00 \u2013 S\/P \u2013 CREMISI \u2013 VII<\/p>\n\n\n\n<p>Durata: 2 ore circa, con intervallo<\/p>\n\n\n\n<p>foto<\/p>\n\n\n\n<figure class=\"wp-block-gallery has-nested-images columns-default is-cropped wp-block-gallery-1 is-layout-flex wp-block-gallery-is-layout-flex\">\n<figure class=\"wp-block-image\"><img decoding=\"async\" width=\"904\" height=\"1314\" data-id=\"85337\" src=\"http:\/\/www.ecoitaliano.com.ar\/wp-content\/uploads\/2026\/01\/Ingo-Metzmacher-2022-\u00a9Felix-Broede-1.jpg\" alt=\"\" class=\"wp-image-85337\" srcset=\"https:\/\/www.ecoitaliano.com.ar\/wp-content\/uploads\/2026\/01\/Ingo-Metzmacher-2022-\u00a9Felix-Broede-1.jpg 904w, https:\/\/www.ecoitaliano.com.ar\/wp-content\/uploads\/2026\/01\/Ingo-Metzmacher-2022-\u00a9Felix-Broede-1-206x300.jpg 206w, https:\/\/www.ecoitaliano.com.ar\/wp-content\/uploads\/2026\/01\/Ingo-Metzmacher-2022-\u00a9Felix-Broede-1-704x1024.jpg 704w, https:\/\/www.ecoitaliano.com.ar\/wp-content\/uploads\/2026\/01\/Ingo-Metzmacher-2022-\u00a9Felix-Broede-1-768x1116.jpg 768w, https:\/\/www.ecoitaliano.com.ar\/wp-content\/uploads\/2026\/01\/Ingo-Metzmacher-2022-\u00a9Felix-Broede-1-103x150.jpg 103w\" sizes=\"(max-width: 904px) 100vw, 904px\" \/><\/figure>\n\n\n\n<figure class=\"wp-block-image\"><img decoding=\"async\" width=\"2000\" height=\"1000\" data-id=\"85338\" src=\"http:\/\/www.ecoitaliano.com.ar\/wp-content\/uploads\/2026\/01\/Ludovic-Tezier-c-Gregor-Hohenberg.jpg\" alt=\"\" class=\"wp-image-85338\" srcset=\"https:\/\/www.ecoitaliano.com.ar\/wp-content\/uploads\/2026\/01\/Ludovic-Tezier-c-Gregor-Hohenberg.jpg 2000w, https:\/\/www.ecoitaliano.com.ar\/wp-content\/uploads\/2026\/01\/Ludovic-Tezier-c-Gregor-Hohenberg-300x150.jpg 300w, https:\/\/www.ecoitaliano.com.ar\/wp-content\/uploads\/2026\/01\/Ludovic-Tezier-c-Gregor-Hohenberg-1024x512.jpg 1024w, https:\/\/www.ecoitaliano.com.ar\/wp-content\/uploads\/2026\/01\/Ludovic-Tezier-c-Gregor-Hohenberg-768x384.jpg 768w, https:\/\/www.ecoitaliano.com.ar\/wp-content\/uploads\/2026\/01\/Ludovic-Tezier-c-Gregor-Hohenberg-1536x768.jpg 1536w, https:\/\/www.ecoitaliano.com.ar\/wp-content\/uploads\/2026\/01\/Ludovic-Tezier-c-Gregor-Hohenberg-150x75.jpg 150w\" sizes=\"(max-width: 2000px) 100vw, 2000px\" \/><\/figure>\n<\/figure>\n","protected":false},"excerpt":{"rendered":"<p>Comunicato stampa Teatro di San Carlo, T\u00e9zier sostituisce Goerne nel concerto di domenica 1 febbraio Sul podio Metzmacher, in programma [&hellip;]<\/p>\n","protected":false},"author":1,"featured_media":0,"comment_status":"open","ping_status":"open","sticky":false,"template":"","format":"standard","meta":{"footnotes":""},"categories":[1],"tags":[],"class_list":["post-85336","post","type-post","status-publish","format-standard","hentry","category-sin-categoria"],"_links":{"self":[{"href":"https:\/\/www.ecoitaliano.com.ar\/index.php?rest_route=\/wp\/v2\/posts\/85336","targetHints":{"allow":["GET"]}}],"collection":[{"href":"https:\/\/www.ecoitaliano.com.ar\/index.php?rest_route=\/wp\/v2\/posts"}],"about":[{"href":"https:\/\/www.ecoitaliano.com.ar\/index.php?rest_route=\/wp\/v2\/types\/post"}],"author":[{"embeddable":true,"href":"https:\/\/www.ecoitaliano.com.ar\/index.php?rest_route=\/wp\/v2\/users\/1"}],"replies":[{"embeddable":true,"href":"https:\/\/www.ecoitaliano.com.ar\/index.php?rest_route=%2Fwp%2Fv2%2Fcomments&post=85336"}],"version-history":[{"count":1,"href":"https:\/\/www.ecoitaliano.com.ar\/index.php?rest_route=\/wp\/v2\/posts\/85336\/revisions"}],"predecessor-version":[{"id":85339,"href":"https:\/\/www.ecoitaliano.com.ar\/index.php?rest_route=\/wp\/v2\/posts\/85336\/revisions\/85339"}],"wp:attachment":[{"href":"https:\/\/www.ecoitaliano.com.ar\/index.php?rest_route=%2Fwp%2Fv2%2Fmedia&parent=85336"}],"wp:term":[{"taxonomy":"category","embeddable":true,"href":"https:\/\/www.ecoitaliano.com.ar\/index.php?rest_route=%2Fwp%2Fv2%2Fcategories&post=85336"},{"taxonomy":"post_tag","embeddable":true,"href":"https:\/\/www.ecoitaliano.com.ar\/index.php?rest_route=%2Fwp%2Fv2%2Ftags&post=85336"}],"curies":[{"name":"wp","href":"https:\/\/api.w.org\/{rel}","templated":true}]}}