{"id":86511,"date":"2026-02-24T15:07:52","date_gmt":"2026-02-24T15:07:52","guid":{"rendered":"https:\/\/www.ecoitaliano.com.ar\/?p=86511"},"modified":"2026-02-24T15:08:08","modified_gmt":"2026-02-24T15:08:08","slug":"concerto-alla-carnegie-hall-di-new-york-tenuto-da-alexian-santino-spinelli","status":"publish","type":"post","link":"https:\/\/www.ecoitaliano.com.ar\/?p=86511","title":{"rendered":"Concerto\u00a0alla Carnegie Hall di New York\u00a0tenuto da\u00a0Alexian Santino Spinelli"},"content":{"rendered":"\n<figure class=\"wp-block-gallery has-nested-images columns-default is-cropped wp-block-gallery-1 is-layout-flex wp-block-gallery-is-layout-flex\">\n<figure class=\"wp-block-image size-large\"><a href=\"https:\/\/www.ecoitaliano.com.ar\/wp-content\/uploads\/2026\/02\/Gennaro-e-Santino-Spinelli-a-New-York.jpg\"><img decoding=\"async\" width=\"1024\" height=\"682\" data-id=\"86512\" src=\"https:\/\/www.ecoitaliano.com.ar\/wp-content\/uploads\/2026\/02\/Gennaro-e-Santino-Spinelli-a-New-York-1024x682.jpg\" alt=\"\" class=\"wp-image-86512\" srcset=\"https:\/\/www.ecoitaliano.com.ar\/wp-content\/uploads\/2026\/02\/Gennaro-e-Santino-Spinelli-a-New-York-1024x682.jpg 1024w, https:\/\/www.ecoitaliano.com.ar\/wp-content\/uploads\/2026\/02\/Gennaro-e-Santino-Spinelli-a-New-York-300x200.jpg 300w, https:\/\/www.ecoitaliano.com.ar\/wp-content\/uploads\/2026\/02\/Gennaro-e-Santino-Spinelli-a-New-York-768x512.jpg 768w, https:\/\/www.ecoitaliano.com.ar\/wp-content\/uploads\/2026\/02\/Gennaro-e-Santino-Spinelli-a-New-York-1536x1023.jpg 1536w, https:\/\/www.ecoitaliano.com.ar\/wp-content\/uploads\/2026\/02\/Gennaro-e-Santino-Spinelli-a-New-York-150x100.jpg 150w, https:\/\/www.ecoitaliano.com.ar\/wp-content\/uploads\/2026\/02\/Gennaro-e-Santino-Spinelli-a-New-York.jpg 1600w\" sizes=\"(max-width: 1024px) 100vw, 1024px\" \/><\/a><\/figure>\n\n\n\n<figure class=\"wp-block-image size-large\"><a href=\"https:\/\/www.ecoitaliano.com.ar\/wp-content\/uploads\/2026\/02\/spinelli2.jpg\"><img decoding=\"async\" width=\"640\" height=\"640\" data-id=\"86513\" src=\"https:\/\/www.ecoitaliano.com.ar\/wp-content\/uploads\/2026\/02\/spinelli2.jpg\" alt=\"\" class=\"wp-image-86513\" srcset=\"https:\/\/www.ecoitaliano.com.ar\/wp-content\/uploads\/2026\/02\/spinelli2.jpg 640w, https:\/\/www.ecoitaliano.com.ar\/wp-content\/uploads\/2026\/02\/spinelli2-300x300.jpg 300w, https:\/\/www.ecoitaliano.com.ar\/wp-content\/uploads\/2026\/02\/spinelli2-150x150.jpg 150w\" sizes=\"(max-width: 640px) 100vw, 640px\" \/><\/a><\/figure>\n<\/figure>\n\n\n\n<p><strong>Alexian Santino Spinelli, ambasciatore della cultura roman\u00ec: una vita in musica, memoria e dialogo tra i popoli<\/strong><\/p>\n\n\n\n<p>Portare la musica roman\u00ec nei templi mondiali della cultura, trasformandola in linguaggio universale di memoria, pace e fratellanza: \u00e8 questa la traiettoria artistica e umana di <strong>Alexian Santino Spinelli<\/strong>, musicista, compositore, docente universitario e tra le pi\u00f9 autorevoli voci della cultura rom a livello internazionale. Fisarmonicista, poeta e intellettuale, <strong>Spinelli<\/strong> \u00e8 anche docente di Lingua e Cultura Roman\u00ec all\u2019Universit\u00e0 La Sapienza di Roma, fondatore e presidente dell\u2019associazione culturale <em>Th\u00e8m Roman\u00f2<\/em> e riconosciuto ambasciatore della cultura roman\u00ec nel mondo. La sua poesia <em>Auschwitz<\/em> \u00e8 incisa nel Roma Memorial di Berlino, inaugurato alla presenza della cancelliera <strong>Angela Merkel<\/strong>, a testimonianza di un impegno che unisce arte, memoria storica e diritti umani.<\/p>\n\n\n\n<p><strong>Dalla tradizione roman\u00ec ai grandi palcoscenici internazionali<\/strong><\/p>\n\n\n\n<p>Con l\u2019<em>Alexian Group, <\/em><strong>Spinelli<\/strong> ha realizzato oltre 3.000 concerti in Italia e all\u2019estero, portando la musica roman\u00ec in contesti dove storicamente era assente o marginalizzata. Un percorso che lo ha visto esibirsi in luoghi simbolo della cultura europea e mondiale, tra cui il Teatro alla Scala di Milano, il Teatro San Carlo di Napoli, nel Palazzo del Consiglio d\u2019Europa di Strasburgo, ma anche a Palazzo Chigi, sede della Presidenza del Consiglio dei Ministri e nei teatri nazionali di Podgorica (Montenegro), Skopje (Macedonia del Nord) e Zagabria (Croazia). Significativa anche l\u2019esibizione al Parlamento Europeo, dove quattro<strong> Spinelli<\/strong> (<strong>Santino <\/strong>e i tre figli musicisti: <strong>Gennaro<\/strong> al violino, <strong>Evedise<\/strong> all\u2019arpa e <strong>Giulia <\/strong>al violoncello) hanno suonato insieme nella Sala <strong>Altiero Spinelli<\/strong>, in un ideale intreccio tra identit\u00e0 culturale roman\u00ec e cittadinanza europea. Ha partecipato a Festival prestigiosi come il <em>Roma World festival <\/em>di Riga e Jurmala dove ha suonato quattro volte e il Khamoro \u2013 il pi\u00f9 grande festival professionale rom al mondo, che si tiene a Praga, ove torner\u00e0 a maggio per la terza volta. Si \u00e8 esibito per importanti istituzioni culturali in Spagna come l\u2019Istituto Cervantes di Madrid, l\u2019Auditorium Reina Sofia, il Palau Sant Jordi di Barcellona e il Centro Federico Garc\u00eda Lorca di Granada. Accanto a lui, sempre pi\u00f9 spesso, i figli. Una vera famiglia d\u2019arte che incarna la continuit\u00e0 tra tradizione e innovazione. Con il figlio <strong>Gennaro<\/strong>, <strong>Santino Spinelli<\/strong> \u00e8 stato il primo musicista rom a esibirsi da solista alla Scala di Milano e al San Carlo di Napoli insieme a solisti delle rispettive orchestre e dell\u2019Orchestra Sinfonica G. Rossini di Pesaro.<\/p>\n\n\n\n<p><strong>La musica per i Papi e le istituzioni internazionali<\/strong><\/p>\n\n\n\n<p>Il percorso di <strong>Spinelli<\/strong> \u00e8 anche profondamente segnato da eventi di alto valore simbolico. Ha incontrato <strong>Papa Giovanni Paolo II<\/strong>, ha suonato in mondovisione per <strong>Papa Benedetto XVI<\/strong>, pi\u00f9 volte per <strong>Papa Francesco<\/strong> e, lo scorso ottobre 2025 per <strong>Papa Leone XIV<\/strong> con i figli, portando la musica roman\u00ec in contesti spirituali e istituzionali di portata globale.<\/p>\n\n\n\n<p>Il 2 febbraio 2026,<strong> Santino<\/strong> e <strong>Gennaro Spinelli<\/strong> sono stati protagonisti alla Carnegie Hall di New York del Concert for the Day of Remembrance\/Samudaripen. In scena un progetto etno-sinfonico con repertorio classico rivisitato, musica tradizionale roman\u00ec e composizioni originali, insieme ad alcuni elementi dell\u2019Orchestra Europea per la Pace, fondata da <strong>Spinelli<\/strong> per promuovere un\u2019Europa unita, solidale e senza discriminazioni. Il concerto si \u00e8 concluso con una standing ovation in una sala gremita e partecipe. \u201c<em>Non \u00e8 stato solo un concerto virtuosistico<\/em> \u2013 ha dichiarato <strong>Spinelli<\/strong> \u2013 <em>ma un momento celebrativo e profondamente emotivo. Il pubblico ha compreso e condiviso il messaggio di memoria, pace e fratellanza. \u00c8 una data storica per l\u2019arte e la cultura roman\u00ec\u201d.<\/em><\/p>\n\n\n\n<p>Il sodalizio artistico con <strong>Gennaro Spinelli<\/strong> rappresenta uno degli elementi pi\u00f9 originali e intensi del loro percorso. Fisarmonica e violino dialogano in una continua alternanza tra scrittura e improvvisazione, elemento centrale nella musica roman\u00ec. \u201c<em>Sul palco basta un cenno per capirci &#8211;<\/em> racconta <strong>Santino Spinelli &#8211; <\/strong><em>abbiamo strumenti e stili diversi, ma \u00e8 proprio questa diversit\u00e0 a rendere pi\u00f9 ricca la nostra musica\u201d.<\/em> Un\u2019intesa costruita in anni di concerti condivisi che trasforma ogni esibizione in un racconto vivo, emotivo e sempre nuovo.<\/p>\n\n\n\n<p>Nei suoi concerti, l\u2019artista accompagna il pubblico alla scoperta del contributo del popolo rom alla musica europea, evidenziando come melodie, ritmi e stili roman\u00ec abbiano influenzato generazioni di compositori nel corso dei secoli. \u201c<em>La musica arriva al cuore prima che alla mente, \u2013 sottolinea \u2013 le melodie roman\u00ec hanno un pathos profondo, spesso legato alla sofferenza e al dolore, mentre il ritmo \u00e8 poliritmico, ha una influenza fisica, trascinante. \u00c8 difficile restare indifferenti\u201d. <\/em>Il segreto del suo successo risiede nel virtuosismo, nelle composizioni originali e nella capacit\u00e0 di aver portato la musica etnica roman\u00ec in una dimensione sinfonica. <strong>Santino Spinelli <\/strong>si distingue a livello internazionale per una proposta musicale innovativa: la costruzione di una vera musica roman\u00ec europea in chiave etno-sinfonica.Se per lungo tempo le diverse tradizioni musicali roman\u00ec sono rimaste legate a specifiche aree geografiche, il suo lavoro punta a fonderle in un linguaggio unitario, capace di rappresentare le molteplici comunit\u00e0 rom e sinti. Un elemento distintivo di questa ricerca \u00e8 anche l\u2019uso del canto lirico in lingua roman\u00ec, mantenendo un forte carattere etnico.<\/p>\n\n\n\n<p>Il percorso prosegue con nuovi appuntamenti di grande rilievo. Nel 2026 sono in programma concerti in tante citt\u00e0 europee come il 23 marzo a Cracovia in Polonia, il 2 agosto 2026 a Ustica, in occasione della commemorazione del Samudaripen,<strong> Spinelli<\/strong> si esibir\u00e0 al mattino con i figli <strong>Evedise <\/strong>e <strong>Giulia<\/strong> in un repertorio solenne e meditativo. In serata, a Zagabria, con l\u2019Orchestra Europea per la Pace, proporr\u00e0 un grande progetto etno-sinfonico con voci liriche in lingua roman\u00ec, aprendo nuove prospettive espressive per la musica tradizionale.<\/p>\n\n\n\n<p>Alla base di tutto resta una motivazione semplice e potente: \u201c<em>Amo la musica roman\u00ec in tutti i suoi stili, dal flamengo al Jazz manouche alla musica roman\u00ec balcanica e dell\u2019est Europa. Sono orgoglioso di essere rom e di vivere intensamente la musica roman\u00ec e sono contro ogni forma di discriminazione che lede la dignit\u00e0 dell\u2019essere umano\u201d<\/em> dichiara. Ai giovani musicisti lascia un messaggio diretto: \u201c<em>Amate la musica e non abbiate paura di sognare. A volte la realt\u00e0 \u00e8 pi\u00f9 grande del sogno\u201d.<\/em><\/p>\n\n\n\n<p><strong>COMUNICATO STAMPA<\/strong><\/p>\n\n\n\n<p><strong>Trionfo alla Carnegie Hall: la memoria dei Rom e Sinti emoziona New York con Gennaro e Santino Spinelli e musicisti dell\u2019Orchestra Europea per la Pace.<\/strong><\/p>\n\n\n\n<p><strong>Straordinario successo per il <\/strong><em><strong>Concert for the Day of Remembrance \/ Samudaripen<\/strong><\/em><strong>: sala gremita, pubblico in piedi e applausi interminabili<\/strong><\/p>\n\n\n\n<p>NEW YORK. \u00c8 stato un successo straordinario il C<em>oncert for the Day of Remembrance \/ Samudaripen<\/em>, che si \u00e8 tenuto ieri sera, 2 febbraio 2026, nella prestigiosa Carnegie Hall di New York. L\u2019evento, promosso e organizzato dalla Union of Roma Communities in Italy (UCRI) in occasione della Giornata Internazionale della Memoria, ha registrato il tutto esaurito e un pubblico profondamente coinvolto, che ha tributato agli artisti lunghi applausi e una commossa standing ovation finale. Protagonisti dell\u2019evento sono stati i due artisti di fama internazionale <strong>Gennaro Spinelli,<\/strong> violino solista, e <strong>Santino Spinelli<\/strong>, fisarmonica solista, accompagnati da alcuni elementi dell\u2019Orchestra Europea per la Pace. Il progetto etno-sinfonico ha saputo intrecciare repertorio classico rivisitato, musica tradizionale roman\u00ec e composizioni originali, dando vita a un percorso sonoro intenso e carico di significato simbolico. L\u2019emozione in sala \u00e8 stata palpabile per tutta la durata del concerto, con momenti di profondo raccoglimento alternati a esplosioni di entusiasmo. Il concerto \u00e8 stato realizzato con il patrocinio e il supporto dell\u2019Istituto Italiano di Cultura di New York, UNAR \u2013 Palazzo Chigi e delle principali organizzazioni europee rom e sinti \u2014 ERGO Network, ERIAC e IRU \u2014 e ha rappresentato un momento storico per la memoria del Samudaripen, il genocidio del popolo rom durante la Seconda Guerra Mondiale. Attraverso il linguaggio universale della musica, la serata ha unito memoria, arte e dialogo interculturale in uno dei templi mondiali della musica.<\/p>\n\n\n\n<p>L\u2019iniziativa si inserisce nel percorso culturale internazionale promosso da UCRI per la valorizzazione della cultura roman\u00ec, gi\u00e0 presentato in sedi simbolo come il Teatro alla Scala di Milano e il Teatro San Carlo di Napoli. L\u2019approdo alla Carnegie Hall segna un ulteriore, fondamentale passo verso il riconoscimento globale della memoria e dell\u2019identit\u00e0 rom e sinti.<\/p>\n\n\n\n<p>\u201c<em>Portare la memoria del Samudaripen alla Carnegie Hall<\/em> \u2013 dichiara <strong>Santino Spinelli<\/strong> &#8211; <em>\u00e8 stato momento che rester\u00e0 nella storia del nostro popolo. Abbiamo sentito un\u2019energia straordinaria: il pubblico non ha solo ascoltato la nostra musica, l\u2019ha condivisa con il cuore. \u00c8 questo il potere dell\u2019arte: trasformare il dolore della memoria in consapevolezza e dialogo\u201d.<\/em><\/p>\n\n\n\n<p>Grande emozione anche nelle parole di <strong>Gennaro Spinelli<\/strong>: <em>\u201cSuonare qui, insieme a mio padre e a altri talentuosi musicisti, in un luogo cos\u00ec simbolico, davanti a una sala gremita e partecipe, \u00e8 stato indescrivibile. Abbiamo percepito rispetto, attenzione e una profonda umanit\u00e0. Questa serata dimostra che la musica pu\u00f2 abbattere barriere e unire le persone nella memoria e nella speranza\u201d.<\/em><\/p>\n\n\n\n<p><\/p>\n","protected":false},"excerpt":{"rendered":"<p>Alexian Santino Spinelli, ambasciatore della cultura roman\u00ec: una vita in musica, memoria e dialogo tra i popoli Portare la musica [&hellip;]<\/p>\n","protected":false},"author":1,"featured_media":0,"comment_status":"open","ping_status":"open","sticky":false,"template":"","format":"standard","meta":{"footnotes":""},"categories":[46],"tags":[],"class_list":["post-86511","post","type-post","status-publish","format-standard","hentry","category-musica"],"_links":{"self":[{"href":"https:\/\/www.ecoitaliano.com.ar\/index.php?rest_route=\/wp\/v2\/posts\/86511","targetHints":{"allow":["GET"]}}],"collection":[{"href":"https:\/\/www.ecoitaliano.com.ar\/index.php?rest_route=\/wp\/v2\/posts"}],"about":[{"href":"https:\/\/www.ecoitaliano.com.ar\/index.php?rest_route=\/wp\/v2\/types\/post"}],"author":[{"embeddable":true,"href":"https:\/\/www.ecoitaliano.com.ar\/index.php?rest_route=\/wp\/v2\/users\/1"}],"replies":[{"embeddable":true,"href":"https:\/\/www.ecoitaliano.com.ar\/index.php?rest_route=%2Fwp%2Fv2%2Fcomments&post=86511"}],"version-history":[{"count":1,"href":"https:\/\/www.ecoitaliano.com.ar\/index.php?rest_route=\/wp\/v2\/posts\/86511\/revisions"}],"predecessor-version":[{"id":86514,"href":"https:\/\/www.ecoitaliano.com.ar\/index.php?rest_route=\/wp\/v2\/posts\/86511\/revisions\/86514"}],"wp:attachment":[{"href":"https:\/\/www.ecoitaliano.com.ar\/index.php?rest_route=%2Fwp%2Fv2%2Fmedia&parent=86511"}],"wp:term":[{"taxonomy":"category","embeddable":true,"href":"https:\/\/www.ecoitaliano.com.ar\/index.php?rest_route=%2Fwp%2Fv2%2Fcategories&post=86511"},{"taxonomy":"post_tag","embeddable":true,"href":"https:\/\/www.ecoitaliano.com.ar\/index.php?rest_route=%2Fwp%2Fv2%2Ftags&post=86511"}],"curies":[{"name":"wp","href":"https:\/\/api.w.org\/{rel}","templated":true}]}}