{"id":87025,"date":"2026-03-09T14:56:43","date_gmt":"2026-03-09T14:56:43","guid":{"rendered":"https:\/\/www.ecoitaliano.com.ar\/?p=87025"},"modified":"2026-03-09T14:56:43","modified_gmt":"2026-03-09T14:56:43","slug":"divinamente-donna-le-insignite-speciali-e-la-classifica-del-premio-letterario-cerimonia-di-premiazione-giovedi-12-marzo-2026-ore-10-sala-zuccari-del-senato-della-repubblica","status":"publish","type":"post","link":"https:\/\/www.ecoitaliano.com.ar\/?p=87025","title":{"rendered":"\u201cDIVINAMENTE DONNA\u201d, LE INSIGNITE SPECIALI E LA CLASSIFICA DEL PREMIO LETTERARIO &#8211; Cerimonia di premiazione gioved\u00ec 12 marzo 2026, ore 10, Sala Zuccari del Senato della Repubblica"},"content":{"rendered":"<div class=\"wp-block-image\">\n<figure class=\"aligncenter size-large is-resized\"><a href=\"http:\/\/www.ecoitaliano.com.ar\/wp-content\/uploads\/2026\/03\/Divinamente-Donna-2026.jpg\"><img decoding=\"async\" width=\"1024\" height=\"1024\" src=\"http:\/\/www.ecoitaliano.com.ar\/wp-content\/uploads\/2026\/03\/Divinamente-Donna-2026-1024x1024.jpg\" alt=\"\" class=\"wp-image-87026\" style=\"width:496px;height:auto\" srcset=\"https:\/\/www.ecoitaliano.com.ar\/wp-content\/uploads\/2026\/03\/Divinamente-Donna-2026-1024x1024.jpg 1024w, https:\/\/www.ecoitaliano.com.ar\/wp-content\/uploads\/2026\/03\/Divinamente-Donna-2026-300x300.jpg 300w, https:\/\/www.ecoitaliano.com.ar\/wp-content\/uploads\/2026\/03\/Divinamente-Donna-2026-150x150.jpg 150w, https:\/\/www.ecoitaliano.com.ar\/wp-content\/uploads\/2026\/03\/Divinamente-Donna-2026-768x768.jpg 768w, https:\/\/www.ecoitaliano.com.ar\/wp-content\/uploads\/2026\/03\/Divinamente-Donna-2026.jpg 1080w\" sizes=\"(max-width: 1024px) 100vw, 1024px\" \/><\/a><\/figure><\/div>\n\n\n<figure class=\"wp-block-gallery has-nested-images columns-default is-cropped wp-block-gallery-1 is-layout-flex wp-block-gallery-is-layout-flex\">\n<figure class=\"wp-block-image size-large\"><a href=\"http:\/\/www.ecoitaliano.com.ar\/wp-content\/uploads\/2026\/03\/1-Regina-Resta.jpg\"><img decoding=\"async\" width=\"1024\" height=\"1024\" data-id=\"87028\" src=\"http:\/\/www.ecoitaliano.com.ar\/wp-content\/uploads\/2026\/03\/1-Regina-Resta-1024x1024.jpg\" alt=\"\" class=\"wp-image-87028\" srcset=\"https:\/\/www.ecoitaliano.com.ar\/wp-content\/uploads\/2026\/03\/1-Regina-Resta-1024x1024.jpg 1024w, https:\/\/www.ecoitaliano.com.ar\/wp-content\/uploads\/2026\/03\/1-Regina-Resta-300x300.jpg 300w, https:\/\/www.ecoitaliano.com.ar\/wp-content\/uploads\/2026\/03\/1-Regina-Resta-150x150.jpg 150w, https:\/\/www.ecoitaliano.com.ar\/wp-content\/uploads\/2026\/03\/1-Regina-Resta-768x768.jpg 768w, https:\/\/www.ecoitaliano.com.ar\/wp-content\/uploads\/2026\/03\/1-Regina-Resta-1536x1536.jpg 1536w, https:\/\/www.ecoitaliano.com.ar\/wp-content\/uploads\/2026\/03\/1-Regina-Resta.jpg 1552w\" sizes=\"(max-width: 1024px) 100vw, 1024px\" \/><\/a><\/figure>\n\n\n\n<figure class=\"wp-block-image size-full\"><a href=\"http:\/\/www.ecoitaliano.com.ar\/wp-content\/uploads\/2026\/03\/Divinamente-Donna-2026-poster.jpeg\"><img decoding=\"async\" width=\"724\" height=\"1024\" data-id=\"87027\" src=\"http:\/\/www.ecoitaliano.com.ar\/wp-content\/uploads\/2026\/03\/Divinamente-Donna-2026-poster.jpeg\" alt=\"\" class=\"wp-image-87027\" srcset=\"https:\/\/www.ecoitaliano.com.ar\/wp-content\/uploads\/2026\/03\/Divinamente-Donna-2026-poster.jpeg 724w, https:\/\/www.ecoitaliano.com.ar\/wp-content\/uploads\/2026\/03\/Divinamente-Donna-2026-poster-212x300.jpeg 212w\" sizes=\"(max-width: 724px) 100vw, 724px\" \/><\/a><\/figure>\n\n\n\n<figure class=\"wp-block-image size-large\"><a href=\"https:\/\/www.ecoitaliano.com.ar\/wp-content\/uploads\/2026\/03\/2-Maria-Pia-Turiello-presidente-Comitato-scientifico.jpg\"><img decoding=\"async\" width=\"1024\" height=\"995\" data-id=\"87029\" src=\"https:\/\/www.ecoitaliano.com.ar\/wp-content\/uploads\/2026\/03\/2-Maria-Pia-Turiello-presidente-Comitato-scientifico-1024x995.jpg\" alt=\"\" class=\"wp-image-87029\" srcset=\"https:\/\/www.ecoitaliano.com.ar\/wp-content\/uploads\/2026\/03\/2-Maria-Pia-Turiello-presidente-Comitato-scientifico-1024x995.jpg 1024w, https:\/\/www.ecoitaliano.com.ar\/wp-content\/uploads\/2026\/03\/2-Maria-Pia-Turiello-presidente-Comitato-scientifico-300x291.jpg 300w, https:\/\/www.ecoitaliano.com.ar\/wp-content\/uploads\/2026\/03\/2-Maria-Pia-Turiello-presidente-Comitato-scientifico-768x746.jpg 768w, https:\/\/www.ecoitaliano.com.ar\/wp-content\/uploads\/2026\/03\/2-Maria-Pia-Turiello-presidente-Comitato-scientifico-1536x1492.jpg 1536w, https:\/\/www.ecoitaliano.com.ar\/wp-content\/uploads\/2026\/03\/2-Maria-Pia-Turiello-presidente-Comitato-scientifico.jpg 1600w\" sizes=\"(max-width: 1024px) 100vw, 1024px\" \/><\/a><\/figure>\n<\/figure>\n\n\n\n<p>9 marzo 2026<\/p>\n\n\n\n<p>\u201c<strong>DIVINAMENTE DONNA\u201d, LE INSIGNITE SPECIALI E LA CLASSIFICA DEL PREMIO LETTERARIO<\/strong><\/p>\n\n\n\n<p><strong>Cerimonia di premiazione gioved\u00ec 12 marzo 2026, ore 10, Sala Zuccari del Senato della Repubblica<\/strong><\/p>\n\n\n\n<p>ROMA &#8211; Un evento dedicato al talento, alla cultura e alla forza trasformativa delle donne la celebrazione di <strong>Premio Internazionale d\u2019Eccellenza <\/strong><em><strong>\u201cDivinamente Donna\u201d<\/strong><\/em>, promosso dall\u2019Associazione <strong>VerbumlandiArt APS<\/strong>. Con il Premio si rinnova l\u2019appuntamento che in pochi anni \u00e8 diventato un\u2019occasione internazionale di riferimento per la valorizzazione delle eccellenze femminili nel panorama culturale, artistico, sociale e istituzionale. <em>\u201cDivinamente Donna\u201d<\/em> intende mettere in luce <strong>figure che, con il proprio lavoro e la propria testimonianza, rappresentano esempi concreti di determinazione, creativit\u00e0 e responsabilit\u00e0 sociale<\/strong><strong>,<\/strong> contribuendo a diffondere valori di libert\u00e0, dignit\u00e0 e pari opportunit\u00e0.<\/p>\n\n\n\n<p>La cerimonia di Premiazione si terr\u00e0 gioved\u00ec <strong>12 marzo<\/strong>, dalle ore 10, presso la <strong>Sala Zuccari<\/strong> del <strong>Senato della Repubblica<\/strong>. Accanto ai riconoscimenti istituzionali, conferiti a Personalit\u00e0 che si sono distinte nei rispettivi ambiti professionali, l\u2019evento valorizza anche il percorso partecipativo del <strong>concorso culturale e letterario<\/strong> legato al progetto <em>\u201cDivinamente Donna\u201d<\/em>, che coinvolge autori, artisti e giovani talenti in una riflessione collettiva sul ruolo della donna nella societ\u00e0 contemporanea.<\/p>\n\n\n\n<p>MADRINA DEL PREMIO:<strong> MARISA MANZINI <\/strong>-Sostituto Procuratore della Repubblica di Catanzaro, scrittrice.<\/p>\n\n\n\n<p>PRESIDENTE ONORARIO:<strong>TILDE MINASI<\/strong> -Senatrice<\/p>\n\n\n\n<p>PRESIDENTE DEL PREMIO:<strong> REGINA RESTA <\/strong>&#8211; Presidente VerbumlandiArt Aps, editore rivista VerbumPress.<\/p>\n\n\n\n<p>PRESIDENTE COMITATO D\u2019ONORE:<strong>MARIA PIA TURIELLO<\/strong> &#8211; Presidente del Comitato Scientifico VerbumlandiArt.<\/p>\n\n\n\n<p><strong>COMITATO D\u2019ONORE<\/strong><\/p>\n\n\n\n<p><strong>MANFREDI POTENTI<\/strong> \u2013 Senatore, avvocato.<\/p>\n\n\n\n<p><strong>TILDE MINASI<\/strong> \u2013 Senatrice<\/p>\n\n\n\n<p><strong>EUGENIO BISCEGLIA<\/strong> \u2013 Avvocato, Presidente Premio Caruso, saggista.<\/p>\n\n\n\n<p><strong>HAFEZ HAIDAR <\/strong>\u2013 Ufficiale OMRI, poeta e scrittore, candidato al Premio Nobel per la Pace e la Letteratura.<\/p>\n\n\n\n<p><strong>FRANCESCO LENOCI<\/strong> \u2013 Economista, autore, docente Universit\u00e0 Cattolica Milano.<\/p>\n\n\n\n<p><strong>GOFFREDO PALMERINI<\/strong> \u2013 Giornalista internazionale, scrittore,.<\/p>\n\n\n\n<p><strong>FRANCESCO NIGRI<\/strong> \u2013 Digital Marketing Specialist, Founder &amp; CEO iBusiness Srls, poeta.<\/p>\n\n\n\n<p><strong>GRAZIANO PERRIA<\/strong> \u2013gi\u00e0 Primo Dirigente della Polizia di Stato.<\/p>\n\n\n\n<p><strong>HEBE MU\u00d1OZ<\/strong> \u2013 Poetessa, scrittrice, traduttrice.<\/p>\n\n\n\n<p><strong>MIRELLA CRISTINA<\/strong> \u2013 Avvocato, giornalista.<\/p>\n\n\n\n<p><strong>MIRJANA DOBRILLA<\/strong> \u2013 Autrice, traduttrice.<\/p>\n\n\n\n<p><strong>ROBERTO SCIARRONE <\/strong>\u2013 Giornalista, direttore responsabile VerbumPress.it<\/p>\n\n\n\n<p><strong>FIORELLA FRANCHINI <\/strong>\u2013 Giornalista, scrittrice.<\/p>\n\n\n\n<p><strong>ROSELLA MURANO<\/strong> \u2013 Docente, scrittrice, poetessa.<\/p>\n\n\n\n<p>Condurranno la Cerimonia di premiazione <strong>Mirella Cristina <\/strong>e<strong> Maria Pia Turiello<\/strong>. Qui di seguito le insignite del Premio d\u2019Eccellenza \u201cDivinamente Donna\u201d 2026 con una sintesi delle rispettive motivazioni alla base del conferimento.<\/p>\n\n\n\n<p><strong>PREMIO D\u2019ECCELLENZA \u201cDIVINAMENTE DONNA\u201d 2026<\/strong><\/p>\n\n\n\n<p><strong>LIDIA SALERNO<\/strong> &#8211; Presidente del Tribunale per i Minorenni di Roma. Motivazione del Premio: <em>Alla Dott.ssa Lidia Salerno, per l\u2019altissimo senso delle istituzioni, la competenza giuridica e la profonda umanit\u00e0 con cui ha dedicato la propria carriera alla tutela dei diritti dell\u2019infanzia e dell\u2019adolescenza.<\/em><\/p>\n\n\n\n<p><strong>ELSA BRUNI<\/strong> &#8211; Rettrice dell\u2019Universit\u00e0 IUL e Ordinaria di Pedagogia Generale e Speciale. Motivazione del Premio: <em>Alla Prof.ssa Elsa Maria Bruni, per l\u2019alto profilo accademico, la visione culturale e l\u2019instancabile impegno nel promuovere una formazione inclusiva, innovativa e profondamente orientata alla persona.<\/em><\/p>\n\n\n\n<p><strong>DELFINA LICATA<\/strong> \u2013 Sociologa, studiosa delle dinamiche migratorie. Motivazione del Premio: <em>Alla Dott.ssa Delfina Licata, voce autorevole nel panorama della ricerca sociale contemporanea, per il suo prezioso impegno scientifico e culturale presso la Fondazione Migrantes, e in particolare come curatrice e caporedattrice del Rapporto Italiani nel Mondo, dedicato allo studio della mobilit\u00e0 umana e delle comunit\u00e0 italiane all\u2019estero.<\/em><\/p>\n\n\n\n<p><strong>NATHANIA ZEVI<\/strong> &#8211; Giornalista del TG1 della RAI. Motivazione del Premio: <em>Alla Dott.ssa Nathania Zevi, per la competenza, il rigore professionale e la passione civile con cui svolge il proprio lavoro al servizio dell\u2019informazione pubblica.<\/em><\/p>\n\n\n\n<p><strong>PATRIZIA BERALDI<\/strong> &#8211; Docente universitaria ed esperta in Intelligenza Artificiale. Motivazione del Premio: <em>All\u2019Avv. Patrizia Beraldi, per l\u2019eccellenza professionale, la visione innovativa e il contributo determinante allo studio e alla regolamentazione delle nuove tecnologie applicate al diritto.<\/em><\/p>\n\n\n\n<p><strong>FEDERICA SARTOR<\/strong> &#8211; Amministratore Unico di Marcolin Covering Srl. Motivazione del Premio: <em>Alla Dott.ssa Federica Sartor, per la competenza manageriale, la visione imprenditoriale e la determinazione con cui guida l\u2019azienda, coniugando innovazione, responsabilit\u00e0 e crescita sostenibile.<\/em><\/p>\n\n\n\n<p><strong>CLAUDIA SILVESTRINI<\/strong> &#8211; Direttore Generale del Consorzio PolieCo. Motivazione del Premio: <em>Alla Dott.ssa Claudia Salvestrini, per l\u2019autorevole competenza, la visione strategica e l\u2019impegno costante nella promozione della sostenibilit\u00e0 ambientale e dell\u2019economia circolare.<\/em><\/p>\n\n\n\n<p><strong>RINA RIZZO<\/strong> &#8211; Penalista ed esperta di diritto di famiglia. Motivazione del Premio: <em>All\u2019Avv. Rina Izzo, per l\u2019elevata competenza professionale, la dedizione alla tutela dei diritti e la sensibilit\u00e0 con cui affronta le pi\u00f9 delicate vicende umane e familiari.<\/em><\/p>\n\n\n\n<p><strong>SARA VERTA<\/strong> &#8211; Segretaria del Sindacato Giornalisti Rai \u2013 UNIRAI. Motivazione del Premio: <em>Alla Dott.ssa Sara Verta, per il coraggio, la competenza e la determinazione con cui ha saputo affermare una leadership autorevole in un ambito strategico per la tutela del pluralismo e della libert\u00e0 di informazione.<\/em><\/p>\n\n\n\n<p><strong>SUSANNA FORTUNA <\/strong>&#8211; Direttore Amministrativo e del Personale presso la Fondazione IFEL. Motivazione del Premio: <em>Alla Dott.ssa Susanna Fortuna, per la competenza manageriale, il rigore professionale e la capacit\u00e0 organizzativa con cui contribuisce al buon funzionamento di un ente strategico a supporto degli enti locali italiani.<\/em><\/p>\n\n\n\n<p><strong>MARGHERITA VITALE<\/strong> \u2013 Scrittrice. Motivazione del Premio: <em>Alla Dott.ssa Margherita Vitale, per la sensibilit\u00e0 artistica, la profondit\u00e0 di pensiero e la capacit\u00e0 di dare voce, attraverso la parola scritta, alle sfumature pi\u00f9 autentiche dell\u2019animo umano.<\/em><\/p>\n\n\n\n<p><strong>ROSAMARIA ROMANO<\/strong> &#8211; Esperta in diritto minorile e Curatore Speciale del Minore. Motivazione del Premio: <em>All\u2019Avv. Rosamaria Romano, per l\u2019elevata competenza giuridica, la profonda sensibilit\u00e0 umana e l\u2019instancabile impegno nella tutela dei diritti dei pi\u00f9 piccoli.<\/em><\/p>\n\n\n\n<p><strong>ENZA SPAGNOLO<\/strong> &#8211; Critica letteraria. Motivazione del Premio: <em>Alla Dott.ssa Enza Spagnolo, per l\u2019autorevolezza intellettuale, la passione culturale e la costante opera di valorizzazione della letteratura quale strumento di crescita civile e consapevolezza collettiva.<\/em><\/p>\n\n\n\n<p><strong>CINZIA NOZIGLIA<\/strong> &#8211; Agente scelto e campionessa di tiro con l\u2019arco. Motivazione del Premio: <em>A Cinzia Noziglia, per l\u2019eccellenza, la determinazione e la disciplina con cui ha saputo distinguersi sia nello sport che nel servizio pubblico.<\/em><\/p>\n\n\n\n<p><strong>MARGHERITA PANZIERA<\/strong> &#8211; Agente scelto e campionessa di nuoto nel 200 metri dorso. Motivazione del Premio: <em>A Margherita Panziera, per l\u2019eccellenza sportiva, la determinazione e la disciplina con cui ha saputo distinguersi sia nello sport agonistico che nell\u2019impegno professionale. Specialista nel dorso (100m e 200m), \u00e8 nota come la \u00ableonessa del dorso\u00bb.<\/em><\/p>\n\n\n\n<p><strong>MARISA FIORANI<\/strong> &#8211; \u201cMadre coraggio\u201d. Motivazione del Premio: <em>Alla Signora Marisa Fiorani, per l\u2019incredibile forza, il coraggio e la determinazione con cui ha affrontato sfide personali e sociali straordinarie, trasformando il dolore in impegno e speranza per gli altri.<\/em><\/p>\n\n\n\n<p><strong>ELENA DADDI<\/strong> &#8211; Sindaco di Bregnano. Motivazione del Premio: <em>Alla Dott.ssa Elena Daddi, per l\u2019impegno concreto nella promozione della legalit\u00e0, della trasparenza e della correttezza nella gestione della cosa pubblica.<\/em><\/p>\n\n\n\n<p><strong>ESTERO<\/strong><\/p>\n\n\n\n<p><strong>NATASHA LAKO<\/strong> \u2013 Voce autorevole della letteratura albanese contemporanea. Motivazione del Premio: <em>Alla scrittrice Natasha Lako<\/em><em><strong>, <\/strong><\/em><em>per la profondit\u00e0 poetica, la sensibilit\u00e0 culturale e il coraggio intellettuale con cui ha raccontato la condizione umana, le sfide sociali e le trasformazioni del proprio Paese.<\/em><\/p>\n\n\n\n<p><strong>ELIANA SEVILLANO<\/strong> &#8211; Artista di origine boliviana. Motivazione del Premio: <em>Alla pittrice Eliana Sevillano, per la straordinaria capacit\u00e0 di tradurre emozioni, cultura e memoria in opere visive che parlano all\u2019animo e alla coscienza collettiva.<\/em><\/p>\n\n\n\n<p><strong>SOFIJA OSMANOVI\u0106<\/strong> &#8211; Funzionaria statale della Repubblica di Serbia. Motivazione del Premio: <em>Alla Dott.ssa Sofija Osmanovi\u0107<\/em><em><strong>,<\/strong><\/em><em> per l\u2019eccezionale impegno nella promozione dei diritti umani, dell\u2019inclusione sociale e della parit\u00e0 di opportunit\u00e0 per le minoranze, quale Capo del Dipartimento per il miglioramento della condizione dei Rom presso il Ministero per i Diritti Umani e delle Minoranze e il Dialogo Sociale.<\/em><\/p>\n\n\n\n<p><strong>YASEMIN G\u00dcZEL<\/strong> \u2013 Artista. Motivazione del Premio: <em>All\u2019artista <\/em><em><strong>Yasemin G\u00fczel<\/strong><\/em><em> per aver trasformato l\u2019arte in strumento di denuncia, memoria e rinascita, dando voce alle ferite invisibili delle donne vittime di violenza<\/em>.<\/p>\n\n\n\n<p><strong>DAMIANO ANDRESSANO <\/strong><strong>\u2013 Regista. <\/strong>Motivazione del Premio: <strong><em>Al regista Damiano Andressano<\/em><\/strong><strong><em>, <\/em><\/strong><em>per aver saputo trasformare un incontro in viaggio e il viaggio in narrazione civile, dando voce, attraverso il linguaggio universale del cinema, al coraggio silenzioso delle donne che resistono alla violenza. Con il suo documentario <\/em><em>\u201cLa giacca fuori moda a Istanbul\u201d<\/em><em>, dedicato all\u2019artista turca Yasemin G\u00fczel, Andressano racconta con sguardo sensibile e profonda umanit\u00e0 una storia di arte e riscatto, illuminando una realt\u00e0 ancora segnata da dinamiche patriarcali e da ferite troppo spesso invisibili.<\/em><\/p>\n\n\n\n<p><strong>CLASSIFICA FINALE PREMIO LETTERARIO INTERNAZIONALE D\u2019ECCELLENZA<\/strong><\/p>\n\n\n\n<p>\u201c<strong>Divinamente Donna\u201d &#8211; III Edizione<\/strong><\/p>\n\n\n\n<ul class=\"wp-block-list\">\n<li><strong>PRESIDENTE DI GIURIA<\/strong><\/li>\n<\/ul>\n\n\n\n<p><strong>CORRADO CALABR\u00d2 <\/strong><em>&#8211; G<\/em><em>iurista, scrittore e poeta italiano<\/em><\/p>\n\n\n\n<ul class=\"wp-block-list\">\n<li><strong>MEMBRI DI GIURIA AUTORI ITALIANI<\/strong><\/li>\n<\/ul>\n\n\n\n<p><strong>ANNA MANNA <\/strong>&#8211; poetessa, scrittrice, saggista e cultural promoter.<\/p>\n\n\n\n<p><strong>EUGENIA SERAFINI <\/strong>&#8211; docente universitaria, artista e scrittrice\/performer internazionale, giornalista.<\/p>\n\n\n\n<p><strong>GIUSEPPE FABIANO<\/strong> &#8211; psicologo, psicoterapeuta, docente universitario, scrittore.<\/p>\n\n\n\n<p><strong>GIUSEPPE VULTAGGIO<\/strong> &#8211; attore, musicista, commediografo, poeta.<\/p>\n\n\n\n<p><strong>LUANA MARTUCCI<\/strong> &#8211; avvocata, docente, scrittrice.<\/p>\n\n\n\n<p><strong>MASSIMO ROSSI<\/strong> &#8211; avvocato, saggista.<\/p>\n\n\n\n<p><strong>ROBERTA VITELLI <\/strong>-psicologa, psicoterapeuta, docente, saggista.<\/p>\n\n\n\n<ul class=\"wp-block-list\">\n<li><strong>MEMBRI DI GIURIA AUTORI STRANIERI<\/strong><\/li>\n<\/ul>\n\n\n\n<p><strong>ANGELA KOSTA <\/strong>&#8211; giornalista, poetessa, saggista, scrittrice, traduttrice.<\/p>\n\n\n\n<p><strong>HASSANE YARTI<\/strong> &#8211; scrittore, poeta, editore e traduttore marocchino.<\/p>\n\n\n\n<p><strong>MIRJANA DOBRILA<\/strong> &#8211; scrittrice, poetessa, traduttrice.<\/p>\n\n\n\n<p><a><\/a> <strong>CLASSIFICA FINALE ITALIANI<\/strong><\/p>\n\n\n\n<p>SEZIONE A &#8211; POESIA<\/p>\n\n\n\n<p><strong>1\u00b0 <\/strong><strong>LORENA SILVIA SAMBRUNA<\/strong><em> &#8211; Resisto, Esisto<\/em>&#8211;<\/p>\n\n\n\n<p><strong>2\u00b0<\/strong> <strong>ANNALISA BELTRAMME<\/strong><em> &#8211; Attese Disattese<\/em> &#8211;<\/p>\n\n\n\n<p><strong>3\u00b0<\/strong> <strong>SARA PALLADINI<\/strong><em> &#8211; Tante Albe<\/em><\/p>\n\n\n\n<p><strong>3\u00b0<\/strong> ex aequo <strong>DONATELLA NARDIN<\/strong><em> &#8211; Materne Radici<\/em><\/p>\n\n\n\n<p><strong>PREMIO SPECIALE DEL PRESIDENTE DI GIURIA<\/strong><\/p>\n\n\n\n<p><strong>FABIA BALDI<\/strong><em> &#8211; Dopo la rabbia<\/em><\/p>\n\n\n\n<p><strong>MENZIONI D\u2019ONORE<\/strong><\/p>\n\n\n\n<p><strong>MARIA LUISA MACALUSO<\/strong><em> &#8211; Amami sempre, come ora<\/em><\/p>\n\n\n\n<p><strong>MARIA CRISTINA PENSOVECCHIO<\/strong><em> &#8211; La madre di tutti<\/em><\/p>\n\n\n\n<p><strong>ELISABETTA BONAPARTE<\/strong><em> &#8211; Donna<\/em><\/p>\n\n\n\n<p><strong>PARADISO ANNALINA<\/strong><em> &#8211; Donna custode<\/em><\/p>\n\n\n\n<p>SEZIONE B &#8211; RACCONTO<\/p>\n\n\n\n<p><strong>1\u00b0 MARIKA STAPANE <\/strong>&#8211;<em>Difesa di Gertrude<\/em><\/p>\n\n\n\n<p><strong>2\u00b0 IDA POLTRONIERI <\/strong>&#8211;<em>Rinascere da una violenza senza preavviso<\/em><\/p>\n\n\n\n<p><strong>3\u00b0 GLORIA JACOBS <\/strong>&#8211;<em>Lettera dalla prigione invisibile<\/em><\/p>\n\n\n\n<p>SEZIONE SAGGIO<\/p>\n\n\n\n<p><strong>1\u00b0 NADIA MARI <\/strong>&#8211; <em>Radici e Rinascite: la donna, l\u2019anima della trasformazione;<\/em><\/p>\n\n\n\n<p><strong>1\u00b0 ENRICO CASARTELLI<\/strong> &#8211; <em>Celebrando le Donne che ispirano il Mondo: Marisa Bellisario<\/em><\/p>\n\n\n\n<p><strong>2\u00b0 GIOVANNI TERESI <\/strong>&#8211;<em>Il femminismo di Oriana Fallaci e di Michela Murgia attraverso le loro opere letterarie<\/em>. <em>Idee a confronto.<\/em><\/p>\n\n\n\n<p><strong>3\u00b0 VALENTINA UGHETTO <\/strong><em>&#8211;<\/em><em>Le protagoniste del Giubileo.<\/em><\/p>\n\n\n\n<p>LIBRI DI POESIA<\/p>\n\n\n\n<p><strong>1\u00b0 DOMENICO PISANA <\/strong>&#8211; <em>L\u2019esilio della notte<\/em> \u2013 Kanaga Edizioni<\/p>\n\n\n\n<p><strong>2\u00b0 CINZIA PANUCCIO <\/strong>&#8211;<em>La forza non \u00e8 mia<\/em> \u2013 Citt\u00e0 del Sole Edizioni<\/p>\n\n\n\n<p><strong>3\u00b0 MARGHERITA BONFRATE <\/strong>&#8211;<em>Emozioni di luna nascente<\/em> \u2013 Edizioni Sette Ponti<\/p>\n\n\n\n<p>SAGGI &#8211; LIBRI<\/p>\n\n\n\n<p><strong>1\u00b0 MARIANNA LOREDANA SORRENTINO <\/strong>&#8211;<em>C\u2019era una volta e c\u2019\u00e8 ancora il delitto d\u2019onore<\/em> \u2013 La Caravella Editrice<\/p>\n\n\n\n<p><strong>2\u00b0 CARMELO CORRADO OCCHIPINTI <\/strong>&#8211; <em>Carolina, una vita per la vita<\/em> \u2013 Albaccara Casa Editrice<\/p>\n\n\n\n<p>NARRATIVA &#8211; LIBRI<\/p>\n\n\n\n<p><strong>1\u00b0 SARA MAGNOLI <\/strong>&#8211; <em>Papavero Rosso<\/em> \u2013 iDobloniEdizioni<\/p>\n\n\n\n<p><strong>1\u00b0 <\/strong>ex aequo<strong> GIANPIERO BENEDETTO <\/strong>&#8211; <em>Il sogno di una bambina \u2013<\/em> Eretica Edizioni<\/p>\n\n\n\n<p><strong>2\u00b0 ASSUNTA ANTONINI <\/strong><em><strong>&#8211; <\/strong><\/em><em>Il Fontanile<\/em> \u2013 Editore Mannarino<\/p>\n\n\n\n<p><strong>3\u00b0 ANNA FRANCESCA LA ROSA <\/strong><em>&#8211;<\/em><em>Notti senza giorno<\/em> &#8211; Luigi Pellegrini Editore<\/p>\n\n\n\n<p><strong>3\u00b0<\/strong> ex aequo<strong> ROSITA D\u2019ESPOSITO <\/strong>&#8211;<em>Quel filo sottile<\/em> \u2013 Atile Edizioni<\/p>\n\n\n\n<p><strong>4\u00b0 DANIELA BORGHI <\/strong>&#8211;<em>Mi sono innamorata di me<\/em> \u2013 Passione Scrittore self publishing<\/p>\n\n\n\n<p><strong>5.&nbsp; ADA RIZZO <\/strong>&#8211; <em>Volevo il tacco dodici?<\/em> &#8211; YoucanPrint<\/p>\n\n\n\n<p><strong>CLASSIFICA FINALE STRANIERI<\/strong><\/p>\n\n\n\n<p>SAGGI<\/p>\n\n\n\n<p><strong>1\u00b0 IVANA ASANIN &#8211; <\/strong><em>L&#8217;anima della Trasformazione: Donne e Intelligenza Artificiale &#8211; <\/em><strong>SERBIA<\/strong><\/p>\n\n\n\n<p><strong>2\u00b0 IGOR TRAJKOVSKI &#8211; <\/strong><em>Radici e Rinascite: la donna, anima della trasformazione &#8211; <\/em><strong>MACEDONIA<\/strong><\/p>\n\n\n\n<p><strong>3\u00b0 ANA MICHELLE T\u00c9LLEZ FERRER &#8211; <\/strong>L\u2019Umanizzazione come Rivoluzione Educativa &#8211; <strong>COLOMBIA<\/strong><\/p>\n\n\n\n<p><strong>3\u00b0 <\/strong>ex aequo<strong> SOUAD KHALIL <\/strong>&#8211;<em>Donne che cambiano il Mondo: Forza, Coraggio e Ispirazione<\/em>&#8211; <strong>LIBIA<\/strong><\/p>\n\n\n\n<p>RACCONTO<\/p>\n\n\n\n<p><strong>1\u00b0 IMAN MORADI <\/strong><em>&#8211;<\/em><em>La puttana<\/em> &#8211; <strong>IRAN<\/strong><\/p>\n\n\n\n<p>LIBRI<\/p>\n\n\n\n<p><strong>1\u00b0 FATMIR R GJATA <\/strong>&#8211;<em>Sono uno dell\u2019esercito dei vinti<\/em> &#8211; Casa editrice Shpresa print &#8211; <strong>ALBANIA<\/strong><\/p>\n\n\n\n<p><strong>2\u00b0 RANA ABDELAZIZ <\/strong><em>\u2013 Lettere senza un lettore &#8211;<\/em><strong> EGITTO<\/strong><\/p>\n\n\n\n<p><strong>3\u00b0 MIGUEL TORRES MORALES &#8211; <\/strong>Il libro del mal d\u2019amore &#8211; <strong>PER\u00d9<\/strong><\/p>\n\n\n\n<p>POESIA<\/p>\n\n\n\n<p><strong>1\u00b0 ABDEL LATIF MUBARAK <\/strong><em>&#8211;<\/em><em>Un martire<\/em> &#8211; <strong>EGITTO<\/strong><\/p>\n\n\n\n<p><strong>1\u00b0 <\/strong>ex aequo<strong> ZLATOMIR JOVANOVI\u0106 <\/strong>&#8211; <em>Il pensiero divino della madre<\/em> &#8211; <strong>SERBIA<\/strong><\/p>\n\n\n\n<p><strong>2\u00b0 ALEXANDRA MAR\u00cdA T\u00c9LLEZ FERRER (Alma Fuerte) <\/strong>&#8211; <em>Metamorfosi interiore<\/em>&#8211;<strong> COLOMBIA<\/strong><\/p>\n\n\n\n<p><strong>3\u00b0 NORMA MARINA SOLIS ZAVALA <\/strong>&#8211;<em>Gridando giustizia &#8211; <\/em><strong>PERU\u2019<\/strong><\/p>\n\n\n\n<p><strong>3\u00b0 <\/strong>ex aequo<strong> ZORICA DJUDJI\u0106 MITI\u0106 &#8211; <\/strong><em>Ispirazione eterna<\/em> &#8211; <strong>AUSTRIA<\/strong><\/p>\n\n\n\n<p><strong>4\u00b0 HANANE DOUMI JIHAD &#8211; <\/strong><em>Rinato dalle sue ceneri<\/em> &#8211; <strong>MAROCCO<\/strong><\/p>\n\n\n\n<p><strong>5\u00b0 OLIVIA RUIZ ARENAS &#8211; <\/strong><em>Otto decadi<\/em> &#8211;<strong> MEXICO<\/strong><\/p>\n\n\n\n<p>Il Premio Internazionale d\u2019Eccellenza \u201cDivinamente Donna\u201d si conferma <strong>non soltanto una cerimonia di premiazione, ma un momento di incontro tra culture, generazioni e sensibilit\u00e0 diverse<\/strong><strong>,<\/strong> in cui la parola, l\u2019arte e la conoscenza diventano strumenti di dialogo, crescita e consapevolezza.<\/p>\n\n\n\n<p><strong>Goffredo Palmerini<\/strong><\/p>\n","protected":false},"excerpt":{"rendered":"<p>9 marzo 2026 \u201cDIVINAMENTE DONNA\u201d, LE INSIGNITE SPECIALI E LA CLASSIFICA DEL PREMIO LETTERARIO Cerimonia di premiazione gioved\u00ec 12 marzo [&hellip;]<\/p>\n","protected":false},"author":1,"featured_media":0,"comment_status":"open","ping_status":"open","sticky":false,"template":"","format":"standard","meta":{"footnotes":""},"categories":[2],"tags":[],"class_list":["post-87025","post","type-post","status-publish","format-standard","hentry","category-informacion"],"_links":{"self":[{"href":"https:\/\/www.ecoitaliano.com.ar\/index.php?rest_route=\/wp\/v2\/posts\/87025","targetHints":{"allow":["GET"]}}],"collection":[{"href":"https:\/\/www.ecoitaliano.com.ar\/index.php?rest_route=\/wp\/v2\/posts"}],"about":[{"href":"https:\/\/www.ecoitaliano.com.ar\/index.php?rest_route=\/wp\/v2\/types\/post"}],"author":[{"embeddable":true,"href":"https:\/\/www.ecoitaliano.com.ar\/index.php?rest_route=\/wp\/v2\/users\/1"}],"replies":[{"embeddable":true,"href":"https:\/\/www.ecoitaliano.com.ar\/index.php?rest_route=%2Fwp%2Fv2%2Fcomments&post=87025"}],"version-history":[{"count":1,"href":"https:\/\/www.ecoitaliano.com.ar\/index.php?rest_route=\/wp\/v2\/posts\/87025\/revisions"}],"predecessor-version":[{"id":87030,"href":"https:\/\/www.ecoitaliano.com.ar\/index.php?rest_route=\/wp\/v2\/posts\/87025\/revisions\/87030"}],"wp:attachment":[{"href":"https:\/\/www.ecoitaliano.com.ar\/index.php?rest_route=%2Fwp%2Fv2%2Fmedia&parent=87025"}],"wp:term":[{"taxonomy":"category","embeddable":true,"href":"https:\/\/www.ecoitaliano.com.ar\/index.php?rest_route=%2Fwp%2Fv2%2Fcategories&post=87025"},{"taxonomy":"post_tag","embeddable":true,"href":"https:\/\/www.ecoitaliano.com.ar\/index.php?rest_route=%2Fwp%2Fv2%2Ftags&post=87025"}],"curies":[{"name":"wp","href":"https:\/\/api.w.org\/{rel}","templated":true}]}}