{"id":87077,"date":"2026-03-11T00:04:59","date_gmt":"2026-03-11T00:04:59","guid":{"rendered":"https:\/\/www.ecoitaliano.com.ar\/?p=87077"},"modified":"2026-03-11T00:05:00","modified_gmt":"2026-03-11T00:05:00","slug":"serena-conduce-operaclassica-eco-italiano-5052","status":"publish","type":"post","link":"https:\/\/www.ecoitaliano.com.ar\/?p=87077","title":{"rendered":"Serena conduce operaclassica eco italiano"},"content":{"rendered":"<div class=\"wp-block-image\">\n<figure class=\"aligncenter size-full\"><a href=\"http:\/\/www.ecoitaliano.com.ar\/wp-content\/uploads\/2026\/03\/Screenshot-280-1.png\"><img decoding=\"async\" width=\"432\" height=\"117\" src=\"http:\/\/www.ecoitaliano.com.ar\/wp-content\/uploads\/2026\/03\/Screenshot-280-1.png\" alt=\"\" class=\"wp-image-87034\" srcset=\"https:\/\/www.ecoitaliano.com.ar\/wp-content\/uploads\/2026\/03\/Screenshot-280-1.png 432w, https:\/\/www.ecoitaliano.com.ar\/wp-content\/uploads\/2026\/03\/Screenshot-280-1-300x81.png 300w\" sizes=\"(max-width: 432px) 100vw, 432px\" \/><\/a><\/figure><\/div>\n\n\n<p><strong>comunicato stampa<\/strong><\/p>\n\n\n\n<p><strong>Carla Moreni presenta <\/strong><strong><em>Norma<\/em><\/strong><strong> di Vincenzo Bellini<\/strong><\/p>\n\n\n\n<p><strong>al <\/strong><strong>Teatro Carmen Melis<\/strong><\/p>\n\n\n\n<p><strong>Domenica 15 marzo, alle 11, <\/strong>nel <strong>Teatro Carmen Melis<\/strong>, ridotto del Teatro Lirico di Cagliari, la musicologa e critica musicale <strong>Carla Moreni<\/strong> presenta <strong><em>Norma<\/em><\/strong> di <strong>Vincenzo Bellini<\/strong>, in un incontro con il pubblico. La tragedia lirica in due atti va in scena <strong>mercoled\u00ec 18 marzo alle 20<\/strong> (turno A), quale terzo titolo della <strong>Stagione d\u2019opera 2025-2026<\/strong> <strong>del Teatro Lirico di Cagliari<\/strong>.<\/p>\n\n\n\n<p><strong>L\u2019ingresso alla presentazione \u00e8 libero.<\/strong><\/p>\n\n\n\n<p><strong>Carla Moreni<\/strong><\/p>\n\n\n\n<p>\u00c8 docente di Poesia per musica e Drammaturgia musicale al Conservatorio di Musica \u201cGiuseppe Verdi\u201d di Milano. Dal 2000 \u00e8 titolare della critica musicale per il supplemento culturale del Domenicale di \u201cIl Sole 24 Ore\u201d, dopo aver collaborato con \u201cAvvenire\u201d (1993-2000) e \u201cIl Giorno\u201d (1986-1993). Scrive saggi musicologici per le principali istituzioni concertistiche e teatrali in Italia e traduce libretti d\u2019opera dal tedesco. Per le edizioni del Sole 24 Ore ha firmato i testi delle collane \u201cBacchette d\u2019oro\u201d e \u201cGrandi interpreti della classica\u201d. \u00c8 intervenuta al Libro dell\u2019anno Treccani, per le edizioni 2011-2012-2013. Ha fatto parte della giuria dei Concorsi \u201cBusoni\u201d, \u201cBorciani\u201d, \u201cTrio di Trieste\u201d e \u201cPremio Venezia\u201d. Milanese, diplomata in Flauto al Conservatorio di Musica \u201cGiuseppe Verdi\u201d della sua citt\u00e0, si \u00e8 laureata in Storia della musica all\u2019Universit\u00e0 Statale, con una tesi dedicata al collezionismo musicale a Milano nell\u2019Ottocento, che \u00e8 stata pubblicata come primo numero della collana \u201cMusica e Teatro\u201d dagli Amici della Scala.<\/p>\n\n\n\n<p><a><strong><em>Norma<\/em><\/strong> viene replicata: <strong>gioved\u00ec 19 marzo alle 19<\/strong> (turno F); <strong>venerd\u00ec 20 marzo alle 20<\/strong> (turno C); <strong>sabato 21 marzo alle 19<\/strong> (turno G); <strong>domenica 22 marzo alle 17<\/strong> (turno D).<\/a><\/p>\n\n\n\n<p>La recita per le scuole che, da quest\u2019anno, assume come nuova intitolazione <em>Opera NextGen<\/em> e che prevede l\u2019esecuzione in forma ridotta dell\u2019opera della durata complessiva di 60 minuti circa, \u00e8 <strong>venerd\u00ec 20 marzo alle 11<\/strong>. Nel ruolo di narratore si esibisce l\u2019attore cagliaritano <strong>Massimiliano Medda<\/strong>.<\/p>\n\n\n\n<p>Le recite dedicate, invece, al progetto <strong>\u201cOltre Insieme\u201d<\/strong> sono <strong>gioved\u00ec 19 marzo alle 19<\/strong> (spettacolo riservato ai disabili visivi con servizio di descrizione audio per favorirne la fruibilit\u00e0, con inizio dell\u2019attivit\u00e0 dalle 18.15) e <strong>venerd\u00ec 20 marzo alle 20<\/strong> (spettacolo rivolto a tutte le forme di disabilit\u00e0): un <em>format<\/em>, gi\u00e0 sperimentato con <em>Otello<\/em> e <em>Lucrezia Borgia<\/em>, il cui obiettivo \u00e8 quello di rivolgersi, con sempre pi\u00f9 forza, al pubblico con disabilit\u00e0. Nello specifico si desidera rendere fruibile l\u2019opera lirica a persone non vedenti, non udenti e con <em>deficit<\/em> cognitivi. In collaborazione con l\u2019<strong>Universit\u00e0 degli Studi di Macerata<\/strong>, tutte le opere della Stagione 2025-2026 verranno proposte in una versione inclusiva e immersiva, attraverso l\u2019utilizzo di un\u2019ampia gamma di esperienze e strumenti (percorsi multisensoriali prima dello spettacolo, audio-descrizioni, schede digitali, video in LIS &#8211; Lingua dei Segni Italiana) per rendere accessibile il prodotto culturale e musicale. Il percorso e le relative attivit\u00e0, intorno alla recita di venerd\u00ec 20 marzo alle 20, inizieranno alle 17.30.<\/p>\n\n\n\n<p>La Biglietteria del Teatro Lirico \u00e8 aperta luned\u00ec, marted\u00ec, mercoled\u00ec, venerd\u00ec e sabato dalle 9 alle 13, gioved\u00ec dalle 16 alle 20 e, nei giorni di spettacolo, anche da due ore prima dell\u2019inizio, unicamente per operazioni legate allo spettacolo stesso. \u00c8 chiusa, invece, i giorni festivi e i luned\u00ec successivi alle domeniche di spettacolo.<\/p>\n\n\n\n<p>Per informazioni: Biglietteria del Teatro Lirico, via Sant\u2019Alenixedda, 09128 Cagliari, telefono 0704082230 &#8211; 0704082249, <a href=\"mailto:biglietteria@teatroliricodicagliari.it;\">biglietteria@teatroliricodicagliari.it<\/a>, <a href=\"http:\/\/www.teatroliricodicagliari.it\/\">www.teatroliricodicagliari.it<\/a>. Servizio promozione culturale: educational@tldc.it. Il Teatro Lirico di Cagliari si pu\u00f2 seguire anche su Facebook, Twitter, YouTube, Instagram, Linkedin.<\/p>\n\n\n\n<p>La Direzione si riserva di apportare al programma le modifiche che si rendessero necessarie per esigenze tecniche o per cause di forza maggiore. Eventuali modifiche al cartellone saranno indicate nel sito internet del teatro www.teatroliricodicagliari.it.<\/p>\n\n\n\n<p>Cagliari, 10 marzo 2026<\/p>\n\n\n\n<p>Pierluigi Corona<\/p>\n\n\n\n<p>Responsabile Ufficio Stampa<\/p>\n\n\n\n<p>Teatro Lirico di Cagliari, via Efisio Cao di San Marco, 09128 Cagliari &#8211; Italia telefono +39 0704082209 &#8211; <a href=\"mailto:stampa@teatroliricodicagliari.it\">stampa@teatroliricodicagliari.it<\/a> &#8211; <a href=\"http:\/\/www.teatroliricodicagliari.it\/\">www.teatroliricodicagliari.it<\/a><\/p>\n\n\n\n<p>foto<\/p>\n\n\n\n<figure class=\"wp-block-gallery has-nested-images columns-default is-cropped wp-block-gallery-1 is-layout-flex wp-block-gallery-is-layout-flex\">\n<figure class=\"wp-block-image size-large\"><a href=\"https:\/\/www.ecoitaliano.com.ar\/wp-content\/uploads\/2026\/03\/Carla-Moreni-foto-Priamo-Tolu.jpg\"><img decoding=\"async\" width=\"1024\" height=\"683\" data-id=\"87092\" src=\"https:\/\/www.ecoitaliano.com.ar\/wp-content\/uploads\/2026\/03\/Carla-Moreni-foto-Priamo-Tolu-1024x683.jpg\" alt=\"\" class=\"wp-image-87092\" srcset=\"https:\/\/www.ecoitaliano.com.ar\/wp-content\/uploads\/2026\/03\/Carla-Moreni-foto-Priamo-Tolu-1024x683.jpg 1024w, https:\/\/www.ecoitaliano.com.ar\/wp-content\/uploads\/2026\/03\/Carla-Moreni-foto-Priamo-Tolu-300x200.jpg 300w, https:\/\/www.ecoitaliano.com.ar\/wp-content\/uploads\/2026\/03\/Carla-Moreni-foto-Priamo-Tolu-768x512.jpg 768w, https:\/\/www.ecoitaliano.com.ar\/wp-content\/uploads\/2026\/03\/Carla-Moreni-foto-Priamo-Tolu-1536x1024.jpg 1536w, https:\/\/www.ecoitaliano.com.ar\/wp-content\/uploads\/2026\/03\/Carla-Moreni-foto-Priamo-Tolu.jpg 2048w\" sizes=\"(max-width: 1024px) 100vw, 1024px\" \/><\/a><\/figure>\n<\/figure>\n","protected":false},"excerpt":{"rendered":"<p>comunicato stampa Carla Moreni presenta Norma di Vincenzo Bellini al Teatro Carmen Melis Domenica 15 marzo, alle 11, nel Teatro [&hellip;]<\/p>\n","protected":false},"author":1,"featured_media":0,"comment_status":"open","ping_status":"open","sticky":false,"template":"","format":"standard","meta":{"footnotes":""},"categories":[1],"tags":[],"class_list":["post-87077","post","type-post","status-publish","format-standard","hentry","category-sin-categoria"],"_links":{"self":[{"href":"https:\/\/www.ecoitaliano.com.ar\/index.php?rest_route=\/wp\/v2\/posts\/87077","targetHints":{"allow":["GET"]}}],"collection":[{"href":"https:\/\/www.ecoitaliano.com.ar\/index.php?rest_route=\/wp\/v2\/posts"}],"about":[{"href":"https:\/\/www.ecoitaliano.com.ar\/index.php?rest_route=\/wp\/v2\/types\/post"}],"author":[{"embeddable":true,"href":"https:\/\/www.ecoitaliano.com.ar\/index.php?rest_route=\/wp\/v2\/users\/1"}],"replies":[{"embeddable":true,"href":"https:\/\/www.ecoitaliano.com.ar\/index.php?rest_route=%2Fwp%2Fv2%2Fcomments&post=87077"}],"version-history":[{"count":1,"href":"https:\/\/www.ecoitaliano.com.ar\/index.php?rest_route=\/wp\/v2\/posts\/87077\/revisions"}],"predecessor-version":[{"id":87093,"href":"https:\/\/www.ecoitaliano.com.ar\/index.php?rest_route=\/wp\/v2\/posts\/87077\/revisions\/87093"}],"wp:attachment":[{"href":"https:\/\/www.ecoitaliano.com.ar\/index.php?rest_route=%2Fwp%2Fv2%2Fmedia&parent=87077"}],"wp:term":[{"taxonomy":"category","embeddable":true,"href":"https:\/\/www.ecoitaliano.com.ar\/index.php?rest_route=%2Fwp%2Fv2%2Fcategories&post=87077"},{"taxonomy":"post_tag","embeddable":true,"href":"https:\/\/www.ecoitaliano.com.ar\/index.php?rest_route=%2Fwp%2Fv2%2Ftags&post=87077"}],"curies":[{"name":"wp","href":"https:\/\/api.w.org\/{rel}","templated":true}]}}