{"id":87126,"date":"2026-03-11T09:34:21","date_gmt":"2026-03-11T09:34:21","guid":{"rendered":"https:\/\/www.ecoitaliano.com.ar\/?p=87126"},"modified":"2026-03-11T09:34:22","modified_gmt":"2026-03-11T09:34:22","slug":"giornata-internazionale-della-poesia-con-san-francesco-dassisi","status":"publish","type":"post","link":"https:\/\/www.ecoitaliano.com.ar\/?p=87126","title":{"rendered":"Giornata internazionale della Poesia con San Francesco d\u2019Assisi\u00a0"},"content":{"rendered":"<div class=\"wp-block-image\">\n<figure class=\"aligncenter size-large is-resized\"><a href=\"http:\/\/www.ecoitaliano.com.ar\/wp-content\/uploads\/2026\/03\/1000199543.jpg\"><img decoding=\"async\" width=\"890\" height=\"1024\" src=\"http:\/\/www.ecoitaliano.com.ar\/wp-content\/uploads\/2026\/03\/1000199543-890x1024.jpg\" alt=\"\" class=\"wp-image-87127\" style=\"width:358px;height:auto\" srcset=\"https:\/\/www.ecoitaliano.com.ar\/wp-content\/uploads\/2026\/03\/1000199543-890x1024.jpg 890w, https:\/\/www.ecoitaliano.com.ar\/wp-content\/uploads\/2026\/03\/1000199543-261x300.jpg 261w, https:\/\/www.ecoitaliano.com.ar\/wp-content\/uploads\/2026\/03\/1000199543-768x884.jpg 768w, https:\/\/www.ecoitaliano.com.ar\/wp-content\/uploads\/2026\/03\/1000199543-1334x1536.jpg 1334w, https:\/\/www.ecoitaliano.com.ar\/wp-content\/uploads\/2026\/03\/1000199543-1779x2048.jpg 1779w\" sizes=\"(max-width: 890px) 100vw, 890px\" \/><\/a><\/figure><\/div>\n\n\n<p>Per la Giornata Internazionale della Poesia presentazione de \u00abIl Cantico dell&#8217;amore di San Francesco d\u2019Assisi\u00bb con direzione scientifica di Pierfranco Bruni e la cura di Franca De Santis per Solfanelli editore. Anteprima il 21 Marzo al Convento delle Clarisse di Grottaglie&nbsp;<\/p>\n\n\n\n<p>\u00abNessuno \u00e8 immortale, salvo la Parola che si fa Amore.\u00bb \u00c8&nbsp; in libreria, e sui siti internet,&nbsp; il lavoro dedicato a San Francesco d&#8217;Assisi in occasione degli Ottocento anni dalla morte,&nbsp;<\/p>\n\n\n\n<p>\u00abIl Cantico dell&#8217;amore &#8211; Sui passi di Francesco:&nbsp; dalla Parola al Mistero\u00bb, edito dalla casa editrice Solfanelli.<\/p>\n\n\n\n<p>Un\u2019opera corale, nata per esplorare l&#8217;eredit\u00e0 spirituale e poetica del Santo d&#8217;Assisi, capace ancora oggi di parlarci di pace, umilt\u00e0 e bellezza assoluta.<\/p>\n\n\n\n<p>Un progetto di alto profilo culturale con la direzione scientifica di&nbsp; Pierfranco Bruni, uno dei massimi studiosi sulla letteratura del Mediterraneo e la cura&nbsp; di Franca De Santis.<\/p>\n\n\n\n<p>Il volume si avvale dei preziosi contributi di numerosi studiosi, che con sensibilit\u00e0 e rigore hanno indagato il passaggio cruciale che conduce dalla Parola scritta al Mistero vissuto.<\/p>\n\n\n\n<p>Non \u00e8 solo un libro che sottolinea esperienze e modelli culturali.&nbsp; \u00c8 un cammino condiviso per riscoprire ci\u00f2 che resta eterno nel fluire del tempo.<\/p>\n\n\n\n<p>A tal proposito Pierfranco Bruni ha dichiarato: \u00abIl lavoro su San Francesco d\u2019Assisi \u00e8 un lavoro comparato che si mostra a diverse chiavi di lettura che pongono comunque al centro due aspetti salienti: la spiritualit\u00e0 e la letteratura. La storia chiaramente \u00e8 parte integrante di tutto il cammino in un rapporto tra Occidente e Oriente. \u00c8 un tracciato considerevole curato egregiamente da Franca De Santis con una splendida immagine di una icona della madre Badessa del Convento delle Clarisse di Grottaglie suor Pierpaola Nistri alla quale sono molto grato per aver concesso l&#8217;esclusiva\u00bb.<\/p>\n\n\n\n<p>Il testo \u00e9 disponibile&nbsp; in libreria e negli store digitali. Verr\u00e0 presentato in anteprima al Convento delle Clarisse di Grottaglie il 21 Marzo prossimo Giornata Internazionale della Poesia.&nbsp;<\/p>\n","protected":false},"excerpt":{"rendered":"<p>Per la Giornata Internazionale della Poesia presentazione de \u00abIl Cantico dell&#8217;amore di San Francesco d\u2019Assisi\u00bb con direzione scientifica di Pierfranco [&hellip;]<\/p>\n","protected":false},"author":1,"featured_media":0,"comment_status":"open","ping_status":"open","sticky":false,"template":"","format":"standard","meta":{"footnotes":""},"categories":[2],"tags":[],"class_list":["post-87126","post","type-post","status-publish","format-standard","hentry","category-informacion"],"_links":{"self":[{"href":"https:\/\/www.ecoitaliano.com.ar\/index.php?rest_route=\/wp\/v2\/posts\/87126","targetHints":{"allow":["GET"]}}],"collection":[{"href":"https:\/\/www.ecoitaliano.com.ar\/index.php?rest_route=\/wp\/v2\/posts"}],"about":[{"href":"https:\/\/www.ecoitaliano.com.ar\/index.php?rest_route=\/wp\/v2\/types\/post"}],"author":[{"embeddable":true,"href":"https:\/\/www.ecoitaliano.com.ar\/index.php?rest_route=\/wp\/v2\/users\/1"}],"replies":[{"embeddable":true,"href":"https:\/\/www.ecoitaliano.com.ar\/index.php?rest_route=%2Fwp%2Fv2%2Fcomments&post=87126"}],"version-history":[{"count":1,"href":"https:\/\/www.ecoitaliano.com.ar\/index.php?rest_route=\/wp\/v2\/posts\/87126\/revisions"}],"predecessor-version":[{"id":87128,"href":"https:\/\/www.ecoitaliano.com.ar\/index.php?rest_route=\/wp\/v2\/posts\/87126\/revisions\/87128"}],"wp:attachment":[{"href":"https:\/\/www.ecoitaliano.com.ar\/index.php?rest_route=%2Fwp%2Fv2%2Fmedia&parent=87126"}],"wp:term":[{"taxonomy":"category","embeddable":true,"href":"https:\/\/www.ecoitaliano.com.ar\/index.php?rest_route=%2Fwp%2Fv2%2Fcategories&post=87126"},{"taxonomy":"post_tag","embeddable":true,"href":"https:\/\/www.ecoitaliano.com.ar\/index.php?rest_route=%2Fwp%2Fv2%2Ftags&post=87126"}],"curies":[{"name":"wp","href":"https:\/\/api.w.org\/{rel}","templated":true}]}}