{"id":87146,"date":"2026-03-12T12:55:26","date_gmt":"2026-03-12T12:55:26","guid":{"rendered":"https:\/\/www.ecoitaliano.com.ar\/?p=87146"},"modified":"2026-03-12T12:55:26","modified_gmt":"2026-03-12T12:55:26","slug":"intergruppo-parlamentare-ai-empowerment-e-mercati-emergenti","status":"publish","type":"post","link":"https:\/\/www.ecoitaliano.com.ar\/?p=87146","title":{"rendered":"Intergruppo parlamentare \u00abAI, empowerment e mercati emergenti\u00bb"},"content":{"rendered":"\n<figure class=\"wp-block-gallery has-nested-images columns-default is-cropped wp-block-gallery-1 is-layout-flex wp-block-gallery-is-layout-flex\">\n<figure class=\"wp-block-image size-large\"><a href=\"https:\/\/www.ecoitaliano.com.ar\/wp-content\/uploads\/2026\/03\/INTERGRUPPO-1170x746-1.jpeg\"><img decoding=\"async\" width=\"1024\" height=\"653\" data-id=\"87147\" src=\"https:\/\/www.ecoitaliano.com.ar\/wp-content\/uploads\/2026\/03\/INTERGRUPPO-1170x746-1-1024x653.jpeg\" alt=\"\" class=\"wp-image-87147\" srcset=\"https:\/\/www.ecoitaliano.com.ar\/wp-content\/uploads\/2026\/03\/INTERGRUPPO-1170x746-1-1024x653.jpeg 1024w, https:\/\/www.ecoitaliano.com.ar\/wp-content\/uploads\/2026\/03\/INTERGRUPPO-1170x746-1-300x191.jpeg 300w, https:\/\/www.ecoitaliano.com.ar\/wp-content\/uploads\/2026\/03\/INTERGRUPPO-1170x746-1-768x490.jpeg 768w, https:\/\/www.ecoitaliano.com.ar\/wp-content\/uploads\/2026\/03\/INTERGRUPPO-1170x746-1.jpeg 1170w\" sizes=\"(max-width: 1024px) 100vw, 1024px\" \/><\/a><\/figure>\n\n\n\n<figure class=\"wp-block-image size-large\"><a href=\"https:\/\/www.ecoitaliano.com.ar\/wp-content\/uploads\/2026\/03\/ANGELICA-1.jpeg\"><img decoding=\"async\" width=\"680\" height=\"1024\" data-id=\"87148\" src=\"https:\/\/www.ecoitaliano.com.ar\/wp-content\/uploads\/2026\/03\/ANGELICA-1-680x1024.jpeg\" alt=\"\" class=\"wp-image-87148\" srcset=\"https:\/\/www.ecoitaliano.com.ar\/wp-content\/uploads\/2026\/03\/ANGELICA-1-680x1024.jpeg 680w, https:\/\/www.ecoitaliano.com.ar\/wp-content\/uploads\/2026\/03\/ANGELICA-1-199x300.jpeg 199w, https:\/\/www.ecoitaliano.com.ar\/wp-content\/uploads\/2026\/03\/ANGELICA-1-768x1156.jpeg 768w, https:\/\/www.ecoitaliano.com.ar\/wp-content\/uploads\/2026\/03\/ANGELICA-1-1020x1536.jpeg 1020w, https:\/\/www.ecoitaliano.com.ar\/wp-content\/uploads\/2026\/03\/ANGELICA-1.jpeg 1063w\" sizes=\"(max-width: 680px) 100vw, 680px\" \/><\/a><\/figure>\n\n\n\n<figure class=\"wp-block-image size-large\"><a href=\"https:\/\/www.ecoitaliano.com.ar\/wp-content\/uploads\/2026\/03\/vincenzo-romano-spica.jpg\"><img decoding=\"async\" width=\"1024\" height=\"747\" data-id=\"87149\" src=\"https:\/\/www.ecoitaliano.com.ar\/wp-content\/uploads\/2026\/03\/vincenzo-romano-spica-1024x747.jpg\" alt=\"\" class=\"wp-image-87149\" srcset=\"https:\/\/www.ecoitaliano.com.ar\/wp-content\/uploads\/2026\/03\/vincenzo-romano-spica-1024x747.jpg 1024w, https:\/\/www.ecoitaliano.com.ar\/wp-content\/uploads\/2026\/03\/vincenzo-romano-spica-300x219.jpg 300w, https:\/\/www.ecoitaliano.com.ar\/wp-content\/uploads\/2026\/03\/vincenzo-romano-spica-768x560.jpg 768w, https:\/\/www.ecoitaliano.com.ar\/wp-content\/uploads\/2026\/03\/vincenzo-romano-spica.jpg 1200w\" sizes=\"(max-width: 1024px) 100vw, 1024px\" \/><\/a><\/figure>\n\n\n\n<figure class=\"wp-block-image size-large\"><a href=\"https:\/\/www.ecoitaliano.com.ar\/wp-content\/uploads\/2026\/03\/raimondo-grassi.jpeg\"><img decoding=\"async\" width=\"1024\" height=\"680\" data-id=\"87150\" src=\"https:\/\/www.ecoitaliano.com.ar\/wp-content\/uploads\/2026\/03\/raimondo-grassi-1024x680.jpeg\" alt=\"\" class=\"wp-image-87150\" srcset=\"https:\/\/www.ecoitaliano.com.ar\/wp-content\/uploads\/2026\/03\/raimondo-grassi-1024x680.jpeg 1024w, https:\/\/www.ecoitaliano.com.ar\/wp-content\/uploads\/2026\/03\/raimondo-grassi-300x199.jpeg 300w, https:\/\/www.ecoitaliano.com.ar\/wp-content\/uploads\/2026\/03\/raimondo-grassi-768x510.jpeg 768w, https:\/\/www.ecoitaliano.com.ar\/wp-content\/uploads\/2026\/03\/raimondo-grassi-1536x1020.jpeg 1536w, https:\/\/www.ecoitaliano.com.ar\/wp-content\/uploads\/2026\/03\/raimondo-grassi.jpeg 1600w\" sizes=\"(max-width: 1024px) 100vw, 1024px\" \/><\/a><\/figure>\n\n\n\n<figure class=\"wp-block-image size-large\"><a href=\"https:\/\/www.ecoitaliano.com.ar\/wp-content\/uploads\/2026\/03\/Livolsi.jpeg\"><img decoding=\"async\" width=\"1024\" height=\"680\" data-id=\"87151\" src=\"https:\/\/www.ecoitaliano.com.ar\/wp-content\/uploads\/2026\/03\/Livolsi-1024x680.jpeg\" alt=\"\" class=\"wp-image-87151\" srcset=\"https:\/\/www.ecoitaliano.com.ar\/wp-content\/uploads\/2026\/03\/Livolsi-1024x680.jpeg 1024w, https:\/\/www.ecoitaliano.com.ar\/wp-content\/uploads\/2026\/03\/Livolsi-300x199.jpeg 300w, https:\/\/www.ecoitaliano.com.ar\/wp-content\/uploads\/2026\/03\/Livolsi-768x510.jpeg 768w, https:\/\/www.ecoitaliano.com.ar\/wp-content\/uploads\/2026\/03\/Livolsi-1536x1020.jpeg 1536w, https:\/\/www.ecoitaliano.com.ar\/wp-content\/uploads\/2026\/03\/Livolsi.jpeg 1600w\" sizes=\"(max-width: 1024px) 100vw, 1024px\" \/><\/a><\/figure>\n<\/figure>\n\n\n\n<p><strong>Nasce l \u2018intergruppo parlamentare trasversale \u201cAI, Empowerment e Mercati Emergenti\u201d<\/strong><\/p>\n\n\n\n<p>Baldelli ( Fdi) :\u201d l\u2019 intelligenza artificiale va governata non subita\u201d<\/p>\n\n\n\n<p>Accanto all\u2019attivit\u00e0 parlamentare operer\u00e0 un\u00a0<strong>Comitato tecnico-scientifico<\/strong>\u00a0composto da esperti provenienti dal mondo accademico, scientifico e industriale:\u00a0<strong>Rosa Alfaro Guevara, Anna Iole Arena, Elisabetta Falcone, Angelica Bianco, Maria Brunetti, Massimo Calearo Ciman, Giancarlo Cremonesi, Silvia Gambadoro, Raimondo Carlo Maria Grassi, Achille Lucio Gaspari, Giuseppe Ghisolfi, Loretta Kajon, Ubaldo Livolsi e Vincenzo Romano Spica<\/strong>.<br>Nel suo intervento Baldelli ha inoltre evidenziato il tema dell\u2019inclusione, ricordando che oggi solo il\u00a0<strong>16% delle professioni tecnologiche \u00e8 occupato da donne:<\/strong>\u00a0\u201cNon esiste vera innovazione senza inclusione\u201d.<br>L\u2019attivit\u00e0 dell\u2019Intergruppo si articoler\u00e0 in cinque aree:\u00a0<strong>etica e legislazione, energia sostenibile e aerospace, finanza e sistema bancario, sanit\u00e0, mercati emergenti e innovazione industriale<\/strong>.<br>\u201cLa tecnologia non \u00e8 un destino inevitabile ma una scelta politica\u201d, ha concluso\u00a0<strong>Baldelli.<\/strong>\u00a0\u201cNoi scegliamo di governarla con competenza, responsabilit\u00e0 e umanit\u00e0\u201d. <\/p>\n\n\n\n<p><strong>Angelica Bianco: etica, legalit\u00e0 ed empowerment al centro della governance dell\u2019Intelligenza Artificiale\u201d<\/strong><\/p>\n\n\n\n<p>Roma \u2014 Rafforzare il legame tra innovazione tecnologica, responsabilit\u00e0 istituzionale e tutela dei diritti: \u00e8 questo l\u2019impegno al centro dell\u2019attivit\u00e0 di Angelica Bianco, Presidente della Commissione \u201c<strong>Empowerment, Etica e Legalit\u00e0<\/strong>\u201d dell\u2019Intergruppo Parlamentare \u201c<strong>AI, Empowerment e Mercati Emergenti<\/strong>\u201d. La Commissione avvier\u00e0 fin da subito iniziative operative e momenti di confronto istituzionale dedicati alla&nbsp;<strong>governance etica dell\u2019Intelligenza Artificiale<\/strong>,<\/p>\n\n\n\n<p>alla&nbsp;promozione di modelli inclusivi e al rafforzamento della legalit\u00e0 nei processi di trasformazione digitale. \u201cL\u2019Intelligenza Artificiale deve essere uno strumento al servizio delle persone e delle istituzioni\u201d, dichiara Bianco. \u201cInnovazione significa responsabilit\u00e0: servono regole chiare, algoritmi trasparenti, sistemi inclusivi e una cultura digitale fondata su etica, diritti e partecipazione\u201d. Tra le priorit\u00e0 della Commissione figurano la&nbsp;<strong>trasparenza e l\u2019auditabilit\u00e0 degli algoritmi<\/strong>, il contrasto ai&nbsp;<strong>bias discriminatori nei sistemi automatizzati<\/strong>, la<strong>&nbsp;tutela dei diritti digitali<\/strong>&nbsp;e la&nbsp;<strong>promozione dell\u2019empowerment femminile nei settori tecnologici e scientifici<\/strong>. \u201cL\u2019AI non \u00e8 una questione ideologica ma una sfida culturale e sociale che riguarda il futuro del lavoro, dell\u2019informazione e della qualit\u00e0 della democrazia\u201d, conclude Bianco. \u201cIl nostro compito \u00e8 costruire un ecosistema regolatorio e operativo che renda l\u2019innovazione sicura, equa e sostenibile\u201d. L\u2019attivit\u00e0 della Commissione si inserisce nel quadro dei lavori dell\u2019Intergruppo parlamentare, volto a integrare competenze tecnico-scientifiche e indirizzo legislativo per sostenere la competitivit\u00e0 del Paese.<\/p>\n\n\n\n<p><strong>Vincenzo Romano Spica: Intelligenza Artificiale, sanit\u00e0 e ricerca per una medicina pi\u00f9 efficace e preventiva<\/strong><\/p>\n\n\n\n<p>Roma \u2014 Rafforzare il ruolo della ricerca scientifica e dell\u2019innovazione tecnologica per migliorare la qualit\u00e0 della sanit\u00e0 e la prevenzione: \u00e8 questo l\u2019impegno al centro dell\u2019attivit\u00e0 del Prof.&nbsp;<strong>Vincenzo Romano Spica<\/strong>, Presidente della Commissione \u201c<strong>Sanit\u00e0, AI, Universit\u00e0 e Ricerca<\/strong>\u201d dell\u2019Intergruppo Parlamentare \u201cAI, Empowerment e Mercati Emergenti\u201d.<br>La Commissione avvier\u00e0 fin da subito iniziative e tavoli di lavoro dedicati all\u2019applicazione dell\u2019Intelligenza Artificiale nei sistemi sanitari, al sostegno della ricerca universitaria e allo sviluppo di strumenti avanzati per la medicina preventiva e la salute pubblica.<br>\u201cL<em>\u2019Intelligenza Artificiale pu\u00f2 rappresentare una svolta per la sanit\u00e0<\/em>\u201d, ha dichiarato Spica. \u201c<em>Dalla diagnosi precoce alla medicina predittiva, fino al supporto alle decisioni cliniche, l\u2019innovazione tecnologica consente cure pi\u00f9 tempestive, personalizzate ed efficienti<\/em>\u201d.<\/p>\n\n\n\n<p>Scienziato di fama internazionale ed esperto di salute pubblica ed epidemiologia, Spica promuove un modello che integra ricerca, universit\u00e0 e tecnologia per rafforzare la resilienza dei sistemi sanitari e migliorare la qualit\u00e0 delle cure.<br>Tra le priorit\u00e0 della Commissione figurano la&nbsp;<strong>digitalizzazione dei servizi sanitari, l\u2019uso responsabile dei dati, l\u2019innovazione nella ricerca clinica e il rafforzamento della collaborazione tra istituzioni, universit\u00e0 e centri di eccellenza<\/strong>.<br>\u201cInvestire in ricerca e innovazione significa tutelare la salute dei cittadini e costruire un sistema sanitario pi\u00f9 moderno ed equo\u201d, conclude Spica.<br>L\u2019attivit\u00e0 della Commissione si inserisce nel quadro dei lavori dell\u2019Intergruppo parlamentare, impegnato a valorizzare l\u2019Intelligenza Artificiale come leva di sviluppo sostenibile e progresso sociale.<\/p>\n\n\n\n<p><strong>Raimondo Grassi: \u201cenergia, innovazione e Intelligenza Artificiale per la competitivit\u00e0 del Paese.\u201d<\/strong><\/p>\n\n\n\n<p>Roma \u2014 Rafforzare il ruolo strategico dell\u2019energia sostenibile e dell\u2019innovazione tecnologica come leve di sviluppo industriale e sicurezza nazionale: \u00e8 questo l\u2019impegno al centro dell\u2019attivit\u00e0 di&nbsp;<strong>Raimondo Carlo Maria Grassi<\/strong>, industriale e docente, nominato Presidente della Commissione \u201c<strong>Energia Sostenibile, AI e Aerospace\u201d dell\u2019Intergruppo Parlamentare \u201cAI, Empowerment e Mercati Emergenti<\/strong>\u201d.<br>La Commissione avvier\u00e0 da subito tavoli operativi e iniziative di approfondimento su transizione energetica, integrazione dell\u2019Intelligenza Artificiale nei sistemi infrastrutturali e sviluppo delle tecnologie aerospaziali, con particolare attenzione alla sostenibilit\u00e0 e alla competitivit\u00e0 del sistema produttivo italiano.<br>\u201cRingrazio per la fiducia l\u2019 on.&nbsp;<strong>Antonio Baldelli<\/strong>. L\u2019innovazione tecnologica applicata all\u2019energia e alle infrastrutture rappresenta una priorit\u00e0 strategica per il Paese\u201d, ha dichiarato Grassi. \u201cL\u2019Intelligenza Artificiale pu\u00f2 migliorare l\u2019efficienza dei sistemi, rafforzare la sicurezza delle reti e accelerare la transizione verso modelli sostenibili. \u00c8 necessario un approccio industriale solido, fondato su ricerca, investimenti e competenze\u201d.<br>Imprenditore attivo nei settori energia, infrastrutture e aerospazio, Grassi unisce esperienza industriale e visione accademica, promuovendo un modello di sviluppo che integra sostenibilit\u00e0, innovazione e cooperazione tra pubblico e privato.<br>L\u2019attivit\u00e0 della Commissione si inserisce nel quadro dei lavori dell\u2019Intergruppo parlamentare, volto a garantire una governance responsabile dell\u2019Intelligenza Artificiale e a valorizzarne l\u2019impatto su economia reale, ricerca scientifica e servizi ai cittadini.<\/p>\n\n\n\n<p><strong>PARLAMENTO: CALEARO CIMAN ENTRA NELL\u2019INTERGRUPPO \u201cAI, EMPOWERMENT E MERCATI EMERGENTI\u201d<\/strong><\/p>\n\n\n\n<p>\u201c<em>Onorato di contribuire con esperienza su mercati esteri e connettivit\u00e0<\/em>\u201d.<\/p>\n\n\n\n<p>Roma \u2014 Presentato alla Camera dei Deputati l\u2019Intergruppo Parlamentare \u201cAI, Empowerment e Mercati Emergenti\u201d, iniziativa trasversale dedicata alla governance etica dell\u2019Intelligenza Artificiale e allo sviluppo sostenibile dell\u2019innovazione.<br>Tra i componenti del Comitato Tecnico-Scientifico entra Massimo&nbsp;<strong>Calearo Ciman<\/strong>, industriale con una consolidata esperienza nei settori delle telecomunicazioni, della connettivit\u00e0 e dell\u2019industria 4.0, da anni attivo nei mercati internazionali e nei processi di innovazione industriale.<br>Calearo Ciman far\u00e0 parte dei lavori della&nbsp;<strong>Commissione 2 \u201cEnergia Sostenibile, AI e Aerospace<\/strong>\u201d, presieduta da&nbsp;<strong>Raimondo Carlo Maria Grassi<\/strong>, e della&nbsp;<strong>Commissione 4 \u201cMercati Emergenti, Industria e Innovazione<\/strong>\u201d, presieduta da&nbsp;<strong>Ubaldo Livolsi<\/strong>, contribuendo con competenze strategiche legate allo sviluppo tecnologico e alla competitivit\u00e0 globale delle imprese italiane.<br>\u201c<em>Sono onorato di entrare in questo Intergruppo parlamentare quale membro del Comitato Tecnico-Scientifico, al cui interno vi sono figure di riconosciuta capacit\u00e0 scientifica e tecnica<\/em>&nbsp;\u2014 ha dichiarato Calearo Ciman \u2014&nbsp;<em>metto a disposizione la mia esperienza nei mercati esteri e nella connettivit\u00e0 per promuovere uno sviluppo etico, inclusivo e sostenibile dell\u2019Intelligenza Artificiale, a supporto della crescita industriale e della cooperazione internazionale<\/em>\u201d.<br>L\u2019Intergruppo avvia cos\u00ec un percorso istituzionale volto a integrare indirizzo legislativo e competenze tecnico-scientifiche per valorizzare l\u2019Intelligenza Artificiale come leva di sviluppo economico, innovazione responsabile e competitivit\u00e0 internazionale.<\/p>\n\n\n\n<p><strong>Ubaldo Livolsi: innovazione industriale e Intelligenza Artificiale leve strategiche per i mercati emergenti<\/strong><\/p>\n\n\n\n<p>Roma \u2014 Rafforzare il ruolo dell\u2019innovazione tecnologica come motore di competitivit\u00e0 industriale e sviluppo dei mercati emergenti: \u00e8 questo l\u2019impegno al centro dell\u2019attivit\u00e0 del Prof. Ubaldo Livolsi, Presidente della Commissione \u201cMercati Emergenti, Industria e Innovazione\u201d dell\u2019Intergruppo Parlamentare \u201cAI, Empowerment e Mercati Emergenti\u201d.<br>La Commissione avvier\u00e0 fin da subito iniziative e tavoli operativi dedicati all\u2019integrazione dell\u2019Intelligenza Artificiale nei processi industriali, al sostegno delle filiere produttive strategiche e alla valorizzazione delle opportunit\u00e0 offerte dai mercati internazionali ad alto potenziale di crescita.<br>\u201cL\u2019Intelligenza Artificiale rappresenta una leva fondamentale per modernizzare il sistema industriale e rafforzare la presenza dell\u2019Italia nei mercati globali\u201d, ha dichiarato Livolsi. \u201cServono visione strategica, investimenti mirati e un forte raccordo tra finanza, industria e innovazione\u201d.<br>Banchiere e docente di finanza strategica con una lunga esperienza nei mercati internazionali, Livolsi promuove un modello di sviluppo che integra competitivit\u00e0, sostenibilit\u00e0 e capacit\u00e0 di attrarre capitali verso progetti ad alto contenuto tecnologico.<br>Tra le priorit\u00e0 della Commissione figurano il sostegno all\u2019industria 4.0, la promozione dell\u2019innovazione nelle PMI, l\u2019accesso ai capitali per le imprese innovative e il rafforzamento della cooperazione economica nei mercati emergenti.<br>\u201cL\u2019innovazione non \u00e8 solo tecnologia ma politica industriale, capacit\u00e0 di sistema e presenza internazionale\u201d, conclude Livolsi. \u201cL\u2019obiettivo \u00e8 creare le condizioni per una crescita strutturale e duratura\u201d.<br>L\u2019attivit\u00e0 della Commissione si inserisce nel quadro dei lavori dell\u2019Intergruppo parlamentare, impegnato a valorizzare l\u2019Intelligenza Artificiale come leva di sviluppo sostenibile e competitivit\u00e0 internazionale.<\/p>\n\n\n\n<p><\/p>\n","protected":false},"excerpt":{"rendered":"<p>Nasce l \u2018intergruppo parlamentare trasversale \u201cAI, Empowerment e Mercati Emergenti\u201d Baldelli ( Fdi) :\u201d l\u2019 intelligenza artificiale va governata non [&hellip;]<\/p>\n","protected":false},"author":1,"featured_media":0,"comment_status":"open","ping_status":"open","sticky":false,"template":"","format":"standard","meta":{"footnotes":""},"categories":[47],"tags":[],"class_list":["post-87146","post","type-post","status-publish","format-standard","hentry","category-tecnologias"],"_links":{"self":[{"href":"https:\/\/www.ecoitaliano.com.ar\/index.php?rest_route=\/wp\/v2\/posts\/87146","targetHints":{"allow":["GET"]}}],"collection":[{"href":"https:\/\/www.ecoitaliano.com.ar\/index.php?rest_route=\/wp\/v2\/posts"}],"about":[{"href":"https:\/\/www.ecoitaliano.com.ar\/index.php?rest_route=\/wp\/v2\/types\/post"}],"author":[{"embeddable":true,"href":"https:\/\/www.ecoitaliano.com.ar\/index.php?rest_route=\/wp\/v2\/users\/1"}],"replies":[{"embeddable":true,"href":"https:\/\/www.ecoitaliano.com.ar\/index.php?rest_route=%2Fwp%2Fv2%2Fcomments&post=87146"}],"version-history":[{"count":1,"href":"https:\/\/www.ecoitaliano.com.ar\/index.php?rest_route=\/wp\/v2\/posts\/87146\/revisions"}],"predecessor-version":[{"id":87152,"href":"https:\/\/www.ecoitaliano.com.ar\/index.php?rest_route=\/wp\/v2\/posts\/87146\/revisions\/87152"}],"wp:attachment":[{"href":"https:\/\/www.ecoitaliano.com.ar\/index.php?rest_route=%2Fwp%2Fv2%2Fmedia&parent=87146"}],"wp:term":[{"taxonomy":"category","embeddable":true,"href":"https:\/\/www.ecoitaliano.com.ar\/index.php?rest_route=%2Fwp%2Fv2%2Fcategories&post=87146"},{"taxonomy":"post_tag","embeddable":true,"href":"https:\/\/www.ecoitaliano.com.ar\/index.php?rest_route=%2Fwp%2Fv2%2Ftags&post=87146"}],"curies":[{"name":"wp","href":"https:\/\/api.w.org\/{rel}","templated":true}]}}