{"id":87153,"date":"2026-03-12T14:44:38","date_gmt":"2026-03-12T14:44:38","guid":{"rendered":"https:\/\/www.ecoitaliano.com.ar\/?p=87153"},"modified":"2026-03-12T14:44:39","modified_gmt":"2026-03-12T14:44:39","slug":"gruppi-consiliari-di-centrosinistra-consiglio-comunale-di-massa","status":"publish","type":"post","link":"https:\/\/www.ecoitaliano.com.ar\/?p=87153","title":{"rendered":"Gruppi consiliari di centrosinistra \u2013 Consiglio Comunale di Massa"},"content":{"rendered":"<div class=\"wp-block-image\">\n<figure class=\"aligncenter size-full\"><a href=\"http:\/\/www.ecoitaliano.com.ar\/wp-content\/uploads\/2026\/03\/descarga-2.jpeg\"><img decoding=\"async\" width=\"301\" height=\"168\" src=\"http:\/\/www.ecoitaliano.com.ar\/wp-content\/uploads\/2026\/03\/descarga-2.jpeg\" alt=\"\" class=\"wp-image-87154\"\/><\/a><\/figure><\/div>\n\n\n<p>In merito alla risoluzione sulla situazione dei diritti umani in Iran, respinta per mancanza del numero legale a seguito della nostra uscita dall\u2019aula, riteniamo doveroso chiarire con trasparenza le motivazioni della nostra scelta.<\/p>\n\n\n\n<p>La solidariet\u00e0 al popolo Iraniano e la ferma condanna di ogni violazione dei diritti umani non sono mai state oggetto di discussione.<\/p>\n\n\n\n<p>Proprio per rafforzare questo principio avevamo presentato un unico emendamento, finalizzato a esplicitare che la tutela dei diritti fondamentali deve essere affermata con coerenza in ogni contesto internazionale, senza applicazioni selettive.<\/p>\n\n\n\n<p>L\u2019emendamento non alterava in alcun modo l\u2019impianto della risoluzione n\u00e9 attenuava la condanna delle repressioni.<\/p>\n\n\n\n<p>Intendeva ribadire un principio per noi imprescindibile: i diritti umani sono universali, oppure rischiano di essere piegati a logiche politiche contingenti.<\/p>\n\n\n\n<p>Di fronte alla richiesta di eliminare proprio il riferimento alla non selettivit\u00e0, abbiamo ritenuto venisse meno il presupposto di coerenza che conferisce credibilit\u00e0 a una presa di posizione istituzionale.<\/p>\n\n\n\n<p>La nostra uscita dall\u2019aula non \u00e8 stata un gesto contro la solidariet\u00e0 al popolo iraniano, ma una scelta volta a riaffermare che i diritti non possono essere difesi in modo parziale o condizionato.<\/p>\n\n\n\n<p>Analoga impostazione ha guidato il nostro intervento anche sulla risoluzione relativa ai gravi episodi di violenza verificatisi a Torino.<\/p>\n\n\n\n<p>In questo caso abbiamo presentato un emendamento sostitutivo che condannava con fermezza le aggressioni ai danni delle Forze dell\u2019Ordine e i danneggiamenti avvenuti nel corso della manifestazione, esprimendo incondizionata solidariet\u00e0 al poliziotto vittima di un vile e inqualificabile gesto di violenza e vicinanza agli agenti rimasti feriti.<\/p>\n\n\n\n<p>Al tempo stesso, il testo ribadiva un principio altrettanto fondamentale: la distinzione netta tra i responsabili delle violenze e la larga maggioranza dei cittadini che hanno esercitato pacificamente il diritto costituzionale di riunione.<\/p>\n\n\n\n<p>Sicurezza pubblica e libert\u00e0 di manifestare non sono valori contrapposti, ma principi complementari e costituzionali che devono essere tutelati con equilibrio e responsabilit\u00e0, sempre.<\/p>\n\n\n\n<p>Per questo riteniamo che la risoluzione proposta dalla Lega guidata da Matteo Salvini restringeva la questione della sicurezza a una lettura semplicistica, attribuendo le criticit\u00e0 esclusivamente alla presunta mancata applicazione delle leggi o a generici fiancheggiamenti che avrebbero indebolito il contrasto ai gruppi violenti.<\/p>\n\n\n\n<p>Argomentazioni generiche che non contribuiscono a risolvere i problemi ma, al contrario, rischiano di avvelenare il dibattito politico e di distogliere l\u2019attenzione dalle responsabilit\u00e0 e dalle evidenti difficolt\u00e0 delle politiche della sicurezza portate avanti dall\u2019attuale Governo.<\/p>\n\n\n\n<p>Governo che nella legge di bilancio non ha stanziato 1\u20ac per pagare le infinite ore di straodinario delle forze dell&#8217;ordine, ha allungato l&#8217;et\u00e0 pensionabile e non ha aumentato gli organici gi\u00e0 oggi messi a dura prova in termini di operatori sul campo, tutte azioni che che incidono concretamente sull\u2019efficacia dell\u2019azione di prevenzione e controllo del territorio.<\/p>\n\n\n\n<p>Il Vicepremier farebbe bene a concentrare il proprio impegno sul rafforzamento dell\u2019efficienza dei servizi pubblici essenziali, a partire dal sistema ferroviario, evitando di rincorrere vicende giudiziarie o polemiche che non giovano n\u00e9 alla sicurezza n\u00e9 alla credibilit\u00e0 delle istituzioni.<\/p>\n\n\n\n<p>Noi continueremo a condannare senza ambiguit\u00e0 di ogni violenza e piena solidariet\u00e0 alle Forze dell\u2019Ordine, la difesa rigorosa dei diritti costituzionali e il rifiuto di ogni strumentalizzazione politica che rischi di dividere ulteriormente il Paese.<\/p>\n\n\n\n<p>Pd<\/p>\n\n\n\n<p>Massa \u00e8 un\u2019altra cosa<\/p>\n\n\n\n<p>Gruppo misto di minoranza<\/p>\n\n\n\n<blockquote class=\"wp-block-quote is-layout-flow wp-block-quote-is-layout-flow\">\n<blockquote class=\"wp-block-quote is-layout-flow wp-block-quote-is-layout-flow\">\n<p>Tara comunicazione&nbsp;<\/p>\n<\/blockquote>\n<\/blockquote>\n","protected":false},"excerpt":{"rendered":"<p>In merito alla risoluzione sulla situazione dei diritti umani in Iran, respinta per mancanza del numero legale a seguito della [&hellip;]<\/p>\n","protected":false},"author":1,"featured_media":0,"comment_status":"open","ping_status":"open","sticky":false,"template":"","format":"standard","meta":{"footnotes":""},"categories":[2],"tags":[],"class_list":["post-87153","post","type-post","status-publish","format-standard","hentry","category-informacion"],"_links":{"self":[{"href":"https:\/\/www.ecoitaliano.com.ar\/index.php?rest_route=\/wp\/v2\/posts\/87153","targetHints":{"allow":["GET"]}}],"collection":[{"href":"https:\/\/www.ecoitaliano.com.ar\/index.php?rest_route=\/wp\/v2\/posts"}],"about":[{"href":"https:\/\/www.ecoitaliano.com.ar\/index.php?rest_route=\/wp\/v2\/types\/post"}],"author":[{"embeddable":true,"href":"https:\/\/www.ecoitaliano.com.ar\/index.php?rest_route=\/wp\/v2\/users\/1"}],"replies":[{"embeddable":true,"href":"https:\/\/www.ecoitaliano.com.ar\/index.php?rest_route=%2Fwp%2Fv2%2Fcomments&post=87153"}],"version-history":[{"count":1,"href":"https:\/\/www.ecoitaliano.com.ar\/index.php?rest_route=\/wp\/v2\/posts\/87153\/revisions"}],"predecessor-version":[{"id":87155,"href":"https:\/\/www.ecoitaliano.com.ar\/index.php?rest_route=\/wp\/v2\/posts\/87153\/revisions\/87155"}],"wp:attachment":[{"href":"https:\/\/www.ecoitaliano.com.ar\/index.php?rest_route=%2Fwp%2Fv2%2Fmedia&parent=87153"}],"wp:term":[{"taxonomy":"category","embeddable":true,"href":"https:\/\/www.ecoitaliano.com.ar\/index.php?rest_route=%2Fwp%2Fv2%2Fcategories&post=87153"},{"taxonomy":"post_tag","embeddable":true,"href":"https:\/\/www.ecoitaliano.com.ar\/index.php?rest_route=%2Fwp%2Fv2%2Ftags&post=87153"}],"curies":[{"name":"wp","href":"https:\/\/api.w.org\/{rel}","templated":true}]}}