{"id":87180,"date":"2026-03-13T11:07:29","date_gmt":"2026-03-13T11:07:29","guid":{"rendered":"https:\/\/www.ecoitaliano.com.ar\/?p=87180"},"modified":"2026-03-13T11:08:21","modified_gmt":"2026-03-13T11:08:21","slug":"fondi-sfitti-sos-di-confimpresa","status":"publish","type":"post","link":"https:\/\/www.ecoitaliano.com.ar\/?p=87180","title":{"rendered":"Fondi sfitti: sos di Confimpresa"},"content":{"rendered":"\n<p><\/p>\n\n\n<div class=\"wp-block-image\">\n<figure class=\"aligncenter size-large is-resized\"><a href=\"http:\/\/www.ecoitaliano.com.ar\/wp-content\/uploads\/2026\/03\/sede-confimpresa-massa-lll4.jpg\"><img decoding=\"async\" width=\"1024\" height=\"683\" src=\"http:\/\/www.ecoitaliano.com.ar\/wp-content\/uploads\/2026\/03\/sede-confimpresa-massa-lll4-1024x683.jpg\" alt=\"\" class=\"wp-image-87182\" style=\"width:396px;height:auto\" srcset=\"https:\/\/www.ecoitaliano.com.ar\/wp-content\/uploads\/2026\/03\/sede-confimpresa-massa-lll4-1024x683.jpg 1024w, https:\/\/www.ecoitaliano.com.ar\/wp-content\/uploads\/2026\/03\/sede-confimpresa-massa-lll4-300x200.jpg 300w, https:\/\/www.ecoitaliano.com.ar\/wp-content\/uploads\/2026\/03\/sede-confimpresa-massa-lll4-768x512.jpg 768w, https:\/\/www.ecoitaliano.com.ar\/wp-content\/uploads\/2026\/03\/sede-confimpresa-massa-lll4.jpg 1200w\" sizes=\"(max-width: 1024px) 100vw, 1024px\" \/><\/a><\/figure><\/div>\n\n\n<p>Troppi fondi sfitti in centro: per Confimpresa \u201cil rischio \u00e8 quello di assistere a un progressivo impoverimento del centro con conseguenze non solo economiche, ma anche sociali. Servono interventi strutturali, gli incentivi da soli non bastano\u201d. Confimpresa interviene sul tema dei numerosi fondi sfitti nel centro cittadino, una situazione che da tempo preoccupa commercianti e residenti e che, secondo l\u2019associazione, non pu\u00f2 essere risolta con interventi occasionali o con semplici incentivi economici. Il problema, viene sottolineato, \u00e8 complesso e riguarda una serie di scelte che negli ultimi anni hanno inciso in modo negativo sulla vitalit\u00e0 commerciale del centro.<\/p>\n\n\n\n<p>\u00abGli incentivi possono essere utili, ma da soli non bastano \u2013 spiega Confimpresa \u2013 perch\u00e9 chi decide di aprire un\u2019attivit\u00e0 valuta molti fattori: il costo del suolo pubblico, le limitazioni della ZTL, la facilit\u00e0 di accesso, la presenza di servizi e il flusso reale di persone. Se questi elementi non vengono affrontati insieme, qualsiasi contributo economico rischia di essere insufficiente\u00bb.<\/p>\n\n\n\n<p>Tra i nodi principali indicati dall\u2019associazione c\u2019\u00e8 proprio il costo del suolo pubblico, ritenuto ancora troppo alto per molte piccole attivit\u00e0, soprattutto in una fase in cui il commercio di prossimit\u00e0 \u00e8 gi\u00e0 in difficolt\u00e0. A questo si aggiungono le limitazioni legate alla ZTL, che secondo Confimpresa devono essere ripensate tenendo conto delle esigenze di chi lavora in centro e non solo di quelle legate alla viabilit\u00e0.<\/p>\n\n\n\n<p>Un altro tema ritenuto decisivo \u00e8 lo spostamento del mercato, scelta che, secondo l\u2019associazione, ha avuto conseguenze negative sull\u2019economia del centro storico. \u00abIl mercato rappresentava un richiamo naturale di persone \u2013 viene spiegato \u2013 e il suo spostamento ha ridotto il passaggio in molte vie, con effetti evidenti sulle attivit\u00e0 commerciali. Il rischio concreto \u00e8 che, senza un ripensamento complessivo, si finisca per indebolire anche il mercato stesso\u00bb. Confimpresa evidenzia inoltre come negli ultimi otto anni la strategia adottata dall\u2019amministrazione comunale non abbia prodotto i risultati annunciati. Nonostante i vari interventi, il numero dei fondi sfitti \u00e8 aumentato e sempre pi\u00f9 imprenditori rinunciano ad aprire in centro, preferendo altre zone o altri comuni dove i costi sono pi\u00f9 sostenibili e le condizioni di lavoro pi\u00f9 favorevoli.<\/p>\n\n\n\n<p>\u00abNon si tratta di fare polemica \u2013 precisa l\u2019associazione \u2013 ma di prendere atto di una realt\u00e0 sotto gli occhi di tutti. Il centro si sta svuotando e servono scelte coraggiose. Occorre un confronto vero con le categorie economiche per costruire un piano che tenga insieme incentivi, riduzione dei costi, revisione della ZTL, gestione del suolo pubblico e rilancio del mercato\u00bb.<\/p>\n\n\n\n<p>Confimpresa conclude ribadendo che il commercio \u00e8 una parte fondamentale della vita della citt\u00e0 e che senza un intervento strutturale il rischio \u00e8 quello di assistere a un progressivo impoverimento del centro, con conseguenze non solo economiche ma anche sociali.<\/p>\n\n\n\n<blockquote class=\"wp-block-quote is-layout-flow wp-block-quote-is-layout-flow\">\n<blockquote class=\"wp-block-quote is-layout-flow wp-block-quote-is-layout-flow\">\n<blockquote class=\"wp-block-quote is-layout-flow wp-block-quote-is-layout-flow\">\n<p>Tara comunicazione<\/p>\n<\/blockquote>\n<\/blockquote>\n<\/blockquote>\n","protected":false},"excerpt":{"rendered":"<p>Troppi fondi sfitti in centro: per Confimpresa \u201cil rischio \u00e8 quello di assistere a un progressivo impoverimento del centro con [&hellip;]<\/p>\n","protected":false},"author":1,"featured_media":0,"comment_status":"open","ping_status":"open","sticky":false,"template":"","format":"standard","meta":{"footnotes":""},"categories":[2],"tags":[],"class_list":["post-87180","post","type-post","status-publish","format-standard","hentry","category-informacion"],"_links":{"self":[{"href":"https:\/\/www.ecoitaliano.com.ar\/index.php?rest_route=\/wp\/v2\/posts\/87180","targetHints":{"allow":["GET"]}}],"collection":[{"href":"https:\/\/www.ecoitaliano.com.ar\/index.php?rest_route=\/wp\/v2\/posts"}],"about":[{"href":"https:\/\/www.ecoitaliano.com.ar\/index.php?rest_route=\/wp\/v2\/types\/post"}],"author":[{"embeddable":true,"href":"https:\/\/www.ecoitaliano.com.ar\/index.php?rest_route=\/wp\/v2\/users\/1"}],"replies":[{"embeddable":true,"href":"https:\/\/www.ecoitaliano.com.ar\/index.php?rest_route=%2Fwp%2Fv2%2Fcomments&post=87180"}],"version-history":[{"count":2,"href":"https:\/\/www.ecoitaliano.com.ar\/index.php?rest_route=\/wp\/v2\/posts\/87180\/revisions"}],"predecessor-version":[{"id":87183,"href":"https:\/\/www.ecoitaliano.com.ar\/index.php?rest_route=\/wp\/v2\/posts\/87180\/revisions\/87183"}],"wp:attachment":[{"href":"https:\/\/www.ecoitaliano.com.ar\/index.php?rest_route=%2Fwp%2Fv2%2Fmedia&parent=87180"}],"wp:term":[{"taxonomy":"category","embeddable":true,"href":"https:\/\/www.ecoitaliano.com.ar\/index.php?rest_route=%2Fwp%2Fv2%2Fcategories&post=87180"},{"taxonomy":"post_tag","embeddable":true,"href":"https:\/\/www.ecoitaliano.com.ar\/index.php?rest_route=%2Fwp%2Fv2%2Ftags&post=87180"}],"curies":[{"name":"wp","href":"https:\/\/api.w.org\/{rel}","templated":true}]}}