{"id":87184,"date":"2026-03-13T11:10:25","date_gmt":"2026-03-13T11:10:25","guid":{"rendered":"https:\/\/www.ecoitaliano.com.ar\/?p=87184"},"modified":"2026-03-13T11:10:25","modified_gmt":"2026-03-13T11:10:25","slug":"giovedi-19-marzo-a-taranto-incontro-su-fabrizio-de-andre-con-pierfranco-bruni-uno-dei-massimi-studiosi-della-poetica-deandreana","status":"publish","type":"post","link":"https:\/\/www.ecoitaliano.com.ar\/?p=87184","title":{"rendered":"Gioved\u00ec 19 \u00a0Marzo a Taranto incontro su Fabrizio De Andr\u00e8 con PIERFRANCO BRUNI, uno dei massimi studiosi della poetica deandreana"},"content":{"rendered":"<div class=\"wp-block-image\">\n<figure class=\"aligncenter size-large is-resized\"><a href=\"http:\/\/www.ecoitaliano.com.ar\/wp-content\/uploads\/2026\/03\/1000201192.jpg\"><img decoding=\"async\" width=\"1024\" height=\"576\" src=\"http:\/\/www.ecoitaliano.com.ar\/wp-content\/uploads\/2026\/03\/1000201192-1024x576.jpg\" alt=\"\" class=\"wp-image-87185\" style=\"width:398px;height:auto\" srcset=\"https:\/\/www.ecoitaliano.com.ar\/wp-content\/uploads\/2026\/03\/1000201192-1024x576.jpg 1024w, https:\/\/www.ecoitaliano.com.ar\/wp-content\/uploads\/2026\/03\/1000201192-300x169.jpg 300w, https:\/\/www.ecoitaliano.com.ar\/wp-content\/uploads\/2026\/03\/1000201192-768x432.jpg 768w, https:\/\/www.ecoitaliano.com.ar\/wp-content\/uploads\/2026\/03\/1000201192-1536x864.jpg 1536w, https:\/\/www.ecoitaliano.com.ar\/wp-content\/uploads\/2026\/03\/1000201192-2048x1152.jpg 2048w\" sizes=\"(max-width: 1024px) 100vw, 1024px\" \/><\/a><\/figure><\/div>\n\n\n<p>Incontro con Fabrizio De Andr\u00e8 a Taranto insieme a PIERFRANCO BRUNI, scrittore e studioso, al quale ha dedicato numerosi studi scavando nelle radici letterarie dei suoi testi, compreso un saggio comparato per la Rizzoli.<\/p>\n\n\n\n<p>SERATA CON FABRIZIO DE ANDRE&#8217; .&nbsp;<\/p>\n\n\n\n<p>La Associazione \u00abI giovedi letterari della Biblioteca Acclavio\u00bb con la collaborazione degli amici dell&#8217;Ateneo della chitarra del maestro Pino Forresu, ha organizzato una serata dedicata a FABRIZIO DE ANDRE&#8217; il grande cantautore e poeta che e&#8217; stato la colonna sonora di intere generazioni lo \u00e8 tuttora.&nbsp;<\/p>\n\n\n\n<p>La serata si svolger\u00e0 GIOVEDI 18 MARZO ALLE ORE 17,30 NELLA SALA AGORA&#8217; DELLA BIBLIOTECA ACCLAVIO PIAZZALE BESTAT TARANTO e prevede la presentazione del libro \u00abFABRIZIO DE ANDR\u00c8. IL CANTICO DEL SOGNATORE MEDITERRANEO di Pierfranco BRUNI, Il Coscile editore.&nbsp;<\/p>\n\n\n\n<p>Sara&#8217; presente Pierfranco BRUNI. I lavori saranno coordinati da Mario Guadagnolo.<\/p>\n\n\n\n<p>Parleranno di De Andr\u00e8 e dei suoi rapporti con gli chansonniers francesi (Brassens, Brel, Ferre&#8217; ecc) anche &nbsp;i Profff. &nbsp;Pino ALBENZIO Presidente onorario dell&#8217;Alliance francaise di Taranto e Rocco TANCREDI ambedue gia&#8217; docenti di lingua francese nel Dipartimento jonico dell&#8217;universita\u00bb di Bari.&nbsp;<\/p>\n\n\n\n<p>Nel corso della serata il duo BATTIPIANO &nbsp;eseguir\u00e0 alcune canzoni di De Andre&#8217;.&nbsp;<\/p>\n\n\n\n<p>Si prospetta una serata interessante e ricca di stimoli e emozioni.<\/p>\n\n\n\n<p>De Andr\u00e8 \u00e8 stato ed \u00e8 un punto di riferimento nella cultura, non solo musicale, del secondo Novecento. Basti pensare ai suoi legami &nbsp;con la cultura americana e francese e con il mondo delle etnie.&nbsp;<\/p>\n\n\n\n<p>Ha posto all&#8217;attenzione un modello di antropologia tra lingua linguaggio e poesia. Un dato che ha caratterizzato la ricerca e la comparazione tra racconto e espressione lirica. Bruni ha realizzato un mosaico che supera gli schemi \u00abcanori\u00bb e scava nel rapporto tra musica e poesia.<\/p>\n","protected":false},"excerpt":{"rendered":"<p>Incontro con Fabrizio De Andr\u00e8 a Taranto insieme a PIERFRANCO BRUNI, scrittore e studioso, al quale ha dedicato numerosi studi [&hellip;]<\/p>\n","protected":false},"author":1,"featured_media":0,"comment_status":"open","ping_status":"open","sticky":false,"template":"","format":"standard","meta":{"footnotes":""},"categories":[2],"tags":[],"class_list":["post-87184","post","type-post","status-publish","format-standard","hentry","category-informacion"],"_links":{"self":[{"href":"https:\/\/www.ecoitaliano.com.ar\/index.php?rest_route=\/wp\/v2\/posts\/87184","targetHints":{"allow":["GET"]}}],"collection":[{"href":"https:\/\/www.ecoitaliano.com.ar\/index.php?rest_route=\/wp\/v2\/posts"}],"about":[{"href":"https:\/\/www.ecoitaliano.com.ar\/index.php?rest_route=\/wp\/v2\/types\/post"}],"author":[{"embeddable":true,"href":"https:\/\/www.ecoitaliano.com.ar\/index.php?rest_route=\/wp\/v2\/users\/1"}],"replies":[{"embeddable":true,"href":"https:\/\/www.ecoitaliano.com.ar\/index.php?rest_route=%2Fwp%2Fv2%2Fcomments&post=87184"}],"version-history":[{"count":1,"href":"https:\/\/www.ecoitaliano.com.ar\/index.php?rest_route=\/wp\/v2\/posts\/87184\/revisions"}],"predecessor-version":[{"id":87186,"href":"https:\/\/www.ecoitaliano.com.ar\/index.php?rest_route=\/wp\/v2\/posts\/87184\/revisions\/87186"}],"wp:attachment":[{"href":"https:\/\/www.ecoitaliano.com.ar\/index.php?rest_route=%2Fwp%2Fv2%2Fmedia&parent=87184"}],"wp:term":[{"taxonomy":"category","embeddable":true,"href":"https:\/\/www.ecoitaliano.com.ar\/index.php?rest_route=%2Fwp%2Fv2%2Fcategories&post=87184"},{"taxonomy":"post_tag","embeddable":true,"href":"https:\/\/www.ecoitaliano.com.ar\/index.php?rest_route=%2Fwp%2Fv2%2Ftags&post=87184"}],"curies":[{"name":"wp","href":"https:\/\/api.w.org\/{rel}","templated":true}]}}