{"id":87187,"date":"2026-03-13T12:29:42","date_gmt":"2026-03-13T12:29:42","guid":{"rendered":"https:\/\/www.ecoitaliano.com.ar\/?p=87187"},"modified":"2026-03-13T12:29:43","modified_gmt":"2026-03-13T12:29:43","slug":"delfina-licata-la-voce-che-racconta-laltra-italia-nel-mondo-caporedattrice-del-rim-tra-le-insignite-in-senato-del-premio-internazionale-divinamente-donna-2026","status":"publish","type":"post","link":"https:\/\/www.ecoitaliano.com.ar\/?p=87187","title":{"rendered":"Delfina Licata, la voce che racconta l\u2019altra Italia nel mondo &#8211; Caporedattrice del RIM, tra le insignite in Senato del Premio internazionale \u201cDivinamente Donna\u201d 2026"},"content":{"rendered":"<div class=\"wp-block-image\">\n<figure class=\"aligncenter size-large is-resized\"><a href=\"http:\/\/www.ecoitaliano.com.ar\/wp-content\/uploads\/2026\/03\/4-GoffredoPalmerini-Delfina-Licata-Marisa-Manzini.jpg\"><img decoding=\"async\" width=\"1024\" height=\"662\" src=\"http:\/\/www.ecoitaliano.com.ar\/wp-content\/uploads\/2026\/03\/4-GoffredoPalmerini-Delfina-Licata-Marisa-Manzini-1024x662.jpg\" alt=\"\" class=\"wp-image-87188\" style=\"width:408px;height:auto\" srcset=\"https:\/\/www.ecoitaliano.com.ar\/wp-content\/uploads\/2026\/03\/4-GoffredoPalmerini-Delfina-Licata-Marisa-Manzini-1024x662.jpg 1024w, https:\/\/www.ecoitaliano.com.ar\/wp-content\/uploads\/2026\/03\/4-GoffredoPalmerini-Delfina-Licata-Marisa-Manzini-300x194.jpg 300w, https:\/\/www.ecoitaliano.com.ar\/wp-content\/uploads\/2026\/03\/4-GoffredoPalmerini-Delfina-Licata-Marisa-Manzini-768x497.jpg 768w, https:\/\/www.ecoitaliano.com.ar\/wp-content\/uploads\/2026\/03\/4-GoffredoPalmerini-Delfina-Licata-Marisa-Manzini-1536x994.jpg 1536w, https:\/\/www.ecoitaliano.com.ar\/wp-content\/uploads\/2026\/03\/4-GoffredoPalmerini-Delfina-Licata-Marisa-Manzini.jpg 1600w\" sizes=\"(max-width: 1024px) 100vw, 1024px\" \/><\/a><\/figure><\/div>\n\n\n<figure class=\"wp-block-gallery has-nested-images columns-default is-cropped wp-block-gallery-1 is-layout-flex wp-block-gallery-is-layout-flex\">\n<figure class=\"wp-block-image size-large\"><a href=\"https:\/\/www.ecoitaliano.com.ar\/wp-content\/uploads\/2026\/03\/3-Cerimonia.jpg\"><img decoding=\"async\" width=\"1024\" height=\"682\" data-id=\"87189\" src=\"https:\/\/www.ecoitaliano.com.ar\/wp-content\/uploads\/2026\/03\/3-Cerimonia-1024x682.jpg\" alt=\"\" class=\"wp-image-87189\" srcset=\"https:\/\/www.ecoitaliano.com.ar\/wp-content\/uploads\/2026\/03\/3-Cerimonia-1024x682.jpg 1024w, https:\/\/www.ecoitaliano.com.ar\/wp-content\/uploads\/2026\/03\/3-Cerimonia-300x200.jpg 300w, https:\/\/www.ecoitaliano.com.ar\/wp-content\/uploads\/2026\/03\/3-Cerimonia-768x511.jpg 768w, https:\/\/www.ecoitaliano.com.ar\/wp-content\/uploads\/2026\/03\/3-Cerimonia-1536x1022.jpg 1536w, https:\/\/www.ecoitaliano.com.ar\/wp-content\/uploads\/2026\/03\/3-Cerimonia.jpg 1600w\" sizes=\"(max-width: 1024px) 100vw, 1024px\" \/><\/a><\/figure>\n\n\n\n<figure class=\"wp-block-image size-large\"><a href=\"https:\/\/www.ecoitaliano.com.ar\/wp-content\/uploads\/2026\/03\/2-Unimmagine-della-Sala-con-premiati-e-pubblico.jpg\"><img decoding=\"async\" width=\"1024\" height=\"570\" data-id=\"87190\" src=\"https:\/\/www.ecoitaliano.com.ar\/wp-content\/uploads\/2026\/03\/2-Unimmagine-della-Sala-con-premiati-e-pubblico-1024x570.jpg\" alt=\"\" class=\"wp-image-87190\" srcset=\"https:\/\/www.ecoitaliano.com.ar\/wp-content\/uploads\/2026\/03\/2-Unimmagine-della-Sala-con-premiati-e-pubblico-1024x570.jpg 1024w, https:\/\/www.ecoitaliano.com.ar\/wp-content\/uploads\/2026\/03\/2-Unimmagine-della-Sala-con-premiati-e-pubblico-300x167.jpg 300w, https:\/\/www.ecoitaliano.com.ar\/wp-content\/uploads\/2026\/03\/2-Unimmagine-della-Sala-con-premiati-e-pubblico-768x427.jpg 768w, https:\/\/www.ecoitaliano.com.ar\/wp-content\/uploads\/2026\/03\/2-Unimmagine-della-Sala-con-premiati-e-pubblico-1536x854.jpg 1536w, https:\/\/www.ecoitaliano.com.ar\/wp-content\/uploads\/2026\/03\/2-Unimmagine-della-Sala-con-premiati-e-pubblico.jpg 1600w\" sizes=\"(max-width: 1024px) 100vw, 1024px\" \/><\/a><\/figure>\n\n\n\n<figure class=\"wp-block-image size-large\"><a href=\"https:\/\/www.ecoitaliano.com.ar\/wp-content\/uploads\/2026\/03\/1-La-Cerimonia-nella-Sala-Zuccari-del-Senato.jpg\"><img decoding=\"async\" width=\"1024\" height=\"583\" data-id=\"87191\" src=\"https:\/\/www.ecoitaliano.com.ar\/wp-content\/uploads\/2026\/03\/1-La-Cerimonia-nella-Sala-Zuccari-del-Senato-1024x583.jpg\" alt=\"\" class=\"wp-image-87191\" srcset=\"https:\/\/www.ecoitaliano.com.ar\/wp-content\/uploads\/2026\/03\/1-La-Cerimonia-nella-Sala-Zuccari-del-Senato-1024x583.jpg 1024w, https:\/\/www.ecoitaliano.com.ar\/wp-content\/uploads\/2026\/03\/1-La-Cerimonia-nella-Sala-Zuccari-del-Senato-300x171.jpg 300w, https:\/\/www.ecoitaliano.com.ar\/wp-content\/uploads\/2026\/03\/1-La-Cerimonia-nella-Sala-Zuccari-del-Senato-768x437.jpg 768w, https:\/\/www.ecoitaliano.com.ar\/wp-content\/uploads\/2026\/03\/1-La-Cerimonia-nella-Sala-Zuccari-del-Senato-1536x875.jpg 1536w, https:\/\/www.ecoitaliano.com.ar\/wp-content\/uploads\/2026\/03\/1-La-Cerimonia-nella-Sala-Zuccari-del-Senato.jpg 1600w\" sizes=\"(max-width: 1024px) 100vw, 1024px\" \/><\/a><\/figure>\n<\/figure>\n\n\n\n<p>13 marzo 2026<\/p>\n\n\n\n<p><strong>Delfina Licata, la voce che racconta l\u2019altra Italia nel mondo<\/strong><\/p>\n\n\n\n<p><strong>Caporedattrice del RIM, tra le insignite del Premio internazionale \u201cDivinamente Donna\u201d<\/strong><\/p>\n\n\n\n<p>di<strong> Goffredo Palmerini<\/strong><\/p>\n\n\n\n<p>ROMA &#8211; Nel contesto raffinato della Sala Zuccaridel<strong> Senato della Repubblica<\/strong>, dove gli affreschi sembrano custodire secoli di parole e di eventi istituzionali, il <strong>12 marzo 2026<\/strong> si \u00e8 celebrata una cerimonia pubblica che non \u00e8 soltanto un evento, ma un rito civile: il <strong>Premio Internazionale d\u2019Eccellenza \u201cDivinamente Donna\u201d<\/strong>, promosso e organizzato dall\u2019associazione culturale <strong>VerbumlandiArt<\/strong>. Un appuntamento che, anno dopo anno, si \u00e8 trasformato in un luogo simbolico in cui il talento femminile non viene semplicemente riconosciuto, ma narrato, condiviso, restituito alla comunit\u00e0 come patrimonio collettivo.<\/p>\n\n\n\n<p>Tra le donne insignite per il 2026 &#8211; tutte Personalit\u00e0 eccellenti che illustrano e testimoniano nella societ\u00e0 lo straordinario valore dell\u2019impegno femminile &#8211; una figura spicca per la sua capacit\u00e0 di trasformare i numeri in storie, le statistiche in volti, le migrazioni in un racconto umano: <strong>Delfina Licata<\/strong>, sociologa della <strong>Fondazione Migrantes<\/strong>, da quasi vent\u2019anni voce e mente del <strong>Rapporto Italiani nel Mondo (RIM)<\/strong>.<\/p>\n\n\n\n<p><strong>Delfina Licata<\/strong> non studia solo la mobilit\u00e0 e l\u2019emigrazione: la ascolta. La segue nei suoi percorsi tortuosi, nelle partenze improvvise e nei ritorni desiderati, nelle nostalgie che attraversano gli oceani e nelle nuove radici che si intrecciano altrove. Il suo lavoro \u00e8 un ponte tra generazioni e geografie, un atlante sentimentale dell\u2019Italia che cambia e si sposta. Dal 2006 coordina una redazione transnazionale che ogni anno ricostruisce la mappa dell\u2019emigrazione italiana contemporanea. Prima ancora, ha lavorato per oltre un decennio ai principali dossier sull\u2019immigrazione in Italia, affinando una metodologia rigorosa sul fenomeno delle migrazioni e una sensibilit\u00e0 rara, quella di chi sa che dietro ogni dato c\u2019\u00e8 una vita che merita di essere compresa e raccontata.<\/p>\n\n\n\n<p>La sua carriera \u00e8 densa di incarichi significativi che raccontano un impegno costante. Pu\u00f2 descriversi, in sintesi, dal Festival della Migrazione di Modena ai progetti del Ministero dell\u2019Istruzione, dal Tavolo del Ministero degli Affari Esteri sul Turismo delle Radici alla recente nomina nella Commissione parlamentare d\u2019inchiesta sulla transizione demografica, cui si aggiunge una rilevante partecipazione a convegni e seminari di studio sul fenomeno migratorio italiano, del quale lei \u00e8 un\u2019esperta d\u2019eccellenza. Ruoli diversi e un unico filo rosso: la volont\u00e0 di dare un riscontro analitico e scientifico su chi si muove dall\u2019Italia, chi parte, chi torna, chi cerca un altrove possibile. Un Rapporto che \u00e8 punto di riferimento imprescindibile per chiunque voglia studiare, conoscere e comprendere l\u2019emigrazione italiana.<\/p>\n\n\n\n<p>Durante la cerimonia, presieduta dalla madrina <strong>Marisa Manzini<\/strong>, Sostituto Procuratore Generale della Repubblica a Catanzaro, guidata dalla presidente del Premio <strong>Regina Resta<\/strong> e dalla presidente del Comitato Scientifico <strong>Maria Pia Turiello<\/strong>, che con <strong>Mirella Cristina<\/strong> ed <strong>Eugenio Bisceglia<\/strong> ha anche condotto l\u2019evento, il nome di <strong>Delfina Licata<\/strong> \u00e8 risuonato come quello d\u2019una donna che ha saputo trasformare la ricerca in un gesto di cura verso il Paese. Una donna che non osserva da lontano, ma entra nelle storie, le attraversa, le restituisce nel loro insieme con rispetto e profondit\u00e0 nell\u2019annuale <strong>Rapporto Italiani nel Mondo<\/strong>. Ne ha dato chiara percezione la motivazione del conferimento che ha accompagnato la consegna del premio.<\/p>\n\n\n\n<p>MOTIVAZIONE<\/p>\n\n\n\n<p><strong>Alla sociologa Delfina Licata, studiosa delle dinamiche migratorie e voce autorevole nel panorama della ricerca sociale contemporanea, per il suo prezioso impegno scientifico e culturale dedicato allo studio della mobilit\u00e0 umana e delle comunit\u00e0 italiane nel mondo. Attraverso il suo lavoro presso la Fondazione Migrantes, e in particolare come curatrice e caporedattrice del Rapporto Italiani nel Mondo, ha contribuito a dare profondit\u00e0 analitica e valore umano alla narrazione delle migrazioni italiane, trasformando dati e statistiche in storie di persone, identit\u00e0 e futuro. Per la sua capacit\u00e0 di unire rigore scientifico e sensibilit\u00e0 sociale, offrendo una lettura lucida e umana dei fenomeni migratori contemporanei e favorendo una maggiore consapevolezza culturale e civile sulle trasformazioni della societ\u00e0 globale. Con il suo pensiero e la sua attivit\u00e0 di ricerca, Delfina Licata rappresenta una voce femminile autorevole che illumina il dibattito pubblico sulle migrazioni, promuovendo dialogo, conoscenza e responsabilit\u00e0 verso le comunit\u00e0 italiane nel mondo.<\/strong><\/p>\n\n\n\n<p>Il <strong>Premio \u201cDivinamente Donn<\/strong>a\u201d non \u00e8, dunque, un semplice riconoscimento, \u00e8 un invito a guardare il mondo con occhi nuovi. A riconoscere nelle biografie femminili non solo eccellenza, ma visione. A comprendere che la cultura, quando \u00e8 vissuta come responsabilit\u00e0, pu\u00f2 davvero cambiare il modo in cui una societ\u00e0 si racconta. In questo senso, la presenza di <strong>Delfina Licata<\/strong> tra le insignite non \u00e8 solo meritata, \u00e8 necessaria. Perch\u00e9 raccontare le migrazioni significa raccontare l\u2019Italia. E farlo con la sua competenza, la sua delicatezza e la sua tenacia significa restituire al Paese una consapevolezza pi\u00f9 profonda di s\u00e9.<\/p>\n\n\n\n<p><em>Foto ufficiali della cerimonia di premiazione, Mario Giannini-photographer<\/em><\/p>\n","protected":false},"excerpt":{"rendered":"<p>13 marzo 2026 Delfina Licata, la voce che racconta l\u2019altra Italia nel mondo Caporedattrice del RIM, tra le insignite del [&hellip;]<\/p>\n","protected":false},"author":1,"featured_media":0,"comment_status":"open","ping_status":"open","sticky":false,"template":"","format":"standard","meta":{"footnotes":""},"categories":[15],"tags":[],"class_list":["post-87187","post","type-post","status-publish","format-standard","hentry","category-italiani-allestero"],"_links":{"self":[{"href":"https:\/\/www.ecoitaliano.com.ar\/index.php?rest_route=\/wp\/v2\/posts\/87187","targetHints":{"allow":["GET"]}}],"collection":[{"href":"https:\/\/www.ecoitaliano.com.ar\/index.php?rest_route=\/wp\/v2\/posts"}],"about":[{"href":"https:\/\/www.ecoitaliano.com.ar\/index.php?rest_route=\/wp\/v2\/types\/post"}],"author":[{"embeddable":true,"href":"https:\/\/www.ecoitaliano.com.ar\/index.php?rest_route=\/wp\/v2\/users\/1"}],"replies":[{"embeddable":true,"href":"https:\/\/www.ecoitaliano.com.ar\/index.php?rest_route=%2Fwp%2Fv2%2Fcomments&post=87187"}],"version-history":[{"count":1,"href":"https:\/\/www.ecoitaliano.com.ar\/index.php?rest_route=\/wp\/v2\/posts\/87187\/revisions"}],"predecessor-version":[{"id":87192,"href":"https:\/\/www.ecoitaliano.com.ar\/index.php?rest_route=\/wp\/v2\/posts\/87187\/revisions\/87192"}],"wp:attachment":[{"href":"https:\/\/www.ecoitaliano.com.ar\/index.php?rest_route=%2Fwp%2Fv2%2Fmedia&parent=87187"}],"wp:term":[{"taxonomy":"category","embeddable":true,"href":"https:\/\/www.ecoitaliano.com.ar\/index.php?rest_route=%2Fwp%2Fv2%2Fcategories&post=87187"},{"taxonomy":"post_tag","embeddable":true,"href":"https:\/\/www.ecoitaliano.com.ar\/index.php?rest_route=%2Fwp%2Fv2%2Ftags&post=87187"}],"curies":[{"name":"wp","href":"https:\/\/api.w.org\/{rel}","templated":true}]}}