{"id":87193,"date":"2026-03-13T12:31:33","date_gmt":"2026-03-13T12:31:33","guid":{"rendered":"https:\/\/www.ecoitaliano.com.ar\/?p=87193"},"modified":"2026-03-13T12:31:33","modified_gmt":"2026-03-13T12:31:33","slug":"il-presidente-del-centro-studi-e-ricerche-francesco-grisi-pierfranco-bruni-dichiara-solidarieta-al-ministro-giuli-sulla-biennale-di-venezia-e-chiede-le-dimissioni-di-tamara-gregoretti-e-del-presid","status":"publish","type":"post","link":"https:\/\/www.ecoitaliano.com.ar\/?p=87193","title":{"rendered":"Il Presidente del \u00abCentro Studi e Ricerche Francesco Grisi\u00bb Pierfranco Bruni dichiara solidariet\u00e0 al ministro Giuli sulla Biennale di Venezia e chiede le dimissioni di Tamara Gregoretti e del Presidente della Fondazione\u00a0"},"content":{"rendered":"<div class=\"wp-block-image\">\n<figure class=\"aligncenter size-large is-resized\"><a href=\"http:\/\/www.ecoitaliano.com.ar\/wp-content\/uploads\/2026\/03\/1000201233.jpg\"><img decoding=\"async\" width=\"1024\" height=\"768\" src=\"http:\/\/www.ecoitaliano.com.ar\/wp-content\/uploads\/2026\/03\/1000201233-1024x768.jpg\" alt=\"\" class=\"wp-image-87194\" style=\"width:290px;height:auto\" srcset=\"https:\/\/www.ecoitaliano.com.ar\/wp-content\/uploads\/2026\/03\/1000201233-1024x768.jpg 1024w, https:\/\/www.ecoitaliano.com.ar\/wp-content\/uploads\/2026\/03\/1000201233-300x225.jpg 300w, https:\/\/www.ecoitaliano.com.ar\/wp-content\/uploads\/2026\/03\/1000201233-768x576.jpg 768w, https:\/\/www.ecoitaliano.com.ar\/wp-content\/uploads\/2026\/03\/1000201233-1536x1152.jpg 1536w, https:\/\/www.ecoitaliano.com.ar\/wp-content\/uploads\/2026\/03\/1000201233-2048x1536.jpg 2048w\" sizes=\"(max-width: 1024px) 100vw, 1024px\" \/><\/a><\/figure><\/div>\n\n\n<p>\u00abCi\u00f2 che sta accadendo sulla Biennale di Venezia \u00e8 inconcepibile\u00bb. Ha dichiarato Pierfranco Bruni, Presidente del Centro Studi e Ricerche Francesco Grisi. \u00abInconcepibile perch\u00e9 se un rappresentante nominato da un ministero, o direttamente dal ministro, addirittura, non gode pi\u00f9 la fiducia di chi lo ha nominato ha il sacrosanto dovere di dimettersi\u00bb. Incalza Pierfranco Bruni, funzionario per decenni del ministero con incarichi apicali di responsabilit\u00e0 in diversi Progetti e con diversi Governi.&nbsp;<\/p>\n\n\n\n<p>\u00abIl Ministro Giuli, incalza Bruni, &nbsp;\u00e8 perfettamente dalla parte della ragione. &nbsp;Se un membro non offre pi\u00f9 una garanzia di fiducia dovrebbe chiedersi: Chi rappresento? Cosa ci sto a fare? Cosa programmo? Che tipo di politica culturale posso manifestare?\u00bb. \u00c8 un diverbio che sa di beffa.&nbsp;<\/p>\n\n\n\n<p>Pierfranco Bruni ha le idee chiare: \u00ab\u00c8 vero che si tratta di una Esposizione di Arte Internazionale ma \u00e8 pur vero che al centro di tutto ci\u00f2 c&#8217;\u00e8 un sistema di politica internazionale con il quale bisogna fare i conti. Non si pu\u00f2 avulsi dal contesto. Non siamo nati ieri e le responsabilit\u00e0 istituzionali sono responsabilit\u00e0 che garantiscono in questo caso una rappresentanza del Ministero della Cultura, il quale non pu\u00f2 essere contraddetto da chi ha indicato come rappresentante. Mi sembra un paradosso. \u00c8 logico che la dottoressa Gregoretti rimetta immediatamente&nbsp; il suo mandato e che il presidente Buttafuoco si dimetta. Non \u00e8 cosi che si si pu\u00f2 manifestare una politica culturale\u00bb.&nbsp;<\/p>\n\n\n\n<p>Ancora Bruni sottolinea piena solidariet\u00e0 al Ministro Giuli: \u00abSbaglia grossolanamente la Gregoretti. Dovrebbe chiedersi semplicemente: Perch\u00e9 sto qui\u00bb. Insomma Pierfranco Bruni, che ha anni di carriera e di lavoro nel Mic, \u00e8 molto esplicito. Aggiunge Bruni: \u00abIl problema non \u00e8 solo lei. Anche il Presidente deve certamente fare un passo indietro. Non \u00e8 accettabile tutto ci\u00f2. Non si tratta di autonomia o di libert\u00e0 di pensiero. Siamo all&#8217;interno di strutture istituzionali e questo non \u00e8 un fatto da poco in una temperie molto delicata.\u00bb.<\/p>\n","protected":false},"excerpt":{"rendered":"<p>\u00abCi\u00f2 che sta accadendo sulla Biennale di Venezia \u00e8 inconcepibile\u00bb. Ha dichiarato Pierfranco Bruni, Presidente del Centro Studi e Ricerche [&hellip;]<\/p>\n","protected":false},"author":1,"featured_media":0,"comment_status":"open","ping_status":"open","sticky":false,"template":"","format":"standard","meta":{"footnotes":""},"categories":[2],"tags":[],"class_list":["post-87193","post","type-post","status-publish","format-standard","hentry","category-informacion"],"_links":{"self":[{"href":"https:\/\/www.ecoitaliano.com.ar\/index.php?rest_route=\/wp\/v2\/posts\/87193","targetHints":{"allow":["GET"]}}],"collection":[{"href":"https:\/\/www.ecoitaliano.com.ar\/index.php?rest_route=\/wp\/v2\/posts"}],"about":[{"href":"https:\/\/www.ecoitaliano.com.ar\/index.php?rest_route=\/wp\/v2\/types\/post"}],"author":[{"embeddable":true,"href":"https:\/\/www.ecoitaliano.com.ar\/index.php?rest_route=\/wp\/v2\/users\/1"}],"replies":[{"embeddable":true,"href":"https:\/\/www.ecoitaliano.com.ar\/index.php?rest_route=%2Fwp%2Fv2%2Fcomments&post=87193"}],"version-history":[{"count":1,"href":"https:\/\/www.ecoitaliano.com.ar\/index.php?rest_route=\/wp\/v2\/posts\/87193\/revisions"}],"predecessor-version":[{"id":87195,"href":"https:\/\/www.ecoitaliano.com.ar\/index.php?rest_route=\/wp\/v2\/posts\/87193\/revisions\/87195"}],"wp:attachment":[{"href":"https:\/\/www.ecoitaliano.com.ar\/index.php?rest_route=%2Fwp%2Fv2%2Fmedia&parent=87193"}],"wp:term":[{"taxonomy":"category","embeddable":true,"href":"https:\/\/www.ecoitaliano.com.ar\/index.php?rest_route=%2Fwp%2Fv2%2Fcategories&post=87193"},{"taxonomy":"post_tag","embeddable":true,"href":"https:\/\/www.ecoitaliano.com.ar\/index.php?rest_route=%2Fwp%2Fv2%2Ftags&post=87193"}],"curies":[{"name":"wp","href":"https:\/\/api.w.org\/{rel}","templated":true}]}}