{"id":87206,"date":"2026-03-13T19:33:08","date_gmt":"2026-03-13T19:33:08","guid":{"rendered":"https:\/\/www.ecoitaliano.com.ar\/?p=87206"},"modified":"2026-03-13T19:33:08","modified_gmt":"2026-03-13T19:33:08","slug":"al-monastero-delle-clarisse-di-grottaglie-lanteprima-nazionale-di-san-francesco-800-il-cantico-dellamore-21-marzo-ore-19-00","status":"publish","type":"post","link":"https:\/\/www.ecoitaliano.com.ar\/?p=87206","title":{"rendered":"Al Monastero delle Clarisse di Grottaglie l&#8217;anteprima nazionale di \u00abSan Francesco 800: Il Cantico dell&#8217;Amore\u00bb. 21 Marzo ore 19.00"},"content":{"rendered":"<div class=\"wp-block-image\">\n<figure class=\"aligncenter size-large is-resized\"><a href=\"http:\/\/www.ecoitaliano.com.ar\/wp-content\/uploads\/2026\/03\/1000201382.jpg\"><img decoding=\"async\" width=\"717\" height=\"1024\" src=\"http:\/\/www.ecoitaliano.com.ar\/wp-content\/uploads\/2026\/03\/1000201382-717x1024.jpg\" alt=\"\" class=\"wp-image-87207\" style=\"width:517px;height:auto\" srcset=\"https:\/\/www.ecoitaliano.com.ar\/wp-content\/uploads\/2026\/03\/1000201382-717x1024.jpg 717w, https:\/\/www.ecoitaliano.com.ar\/wp-content\/uploads\/2026\/03\/1000201382-210x300.jpg 210w, https:\/\/www.ecoitaliano.com.ar\/wp-content\/uploads\/2026\/03\/1000201382-768x1097.jpg 768w, https:\/\/www.ecoitaliano.com.ar\/wp-content\/uploads\/2026\/03\/1000201382-1076x1536.jpg 1076w, https:\/\/www.ecoitaliano.com.ar\/wp-content\/uploads\/2026\/03\/1000201382.jpg 1080w\" sizes=\"(max-width: 717px) 100vw, 717px\" \/><\/a><\/figure><\/div>\n\n\n<p><\/p>\n\n\n\n<p>San Francesco a 800 anni dalla morte. Una data e un incontro che costituiscono un appuntamento di grande rilevanza non solo religiosa ma letteraria. In anteprima nazionale al Monastero delle Clarisse di Grottaglie (Ta) il 21 marzo prossimo, in occasione&nbsp; della Giornata Internazionale della Poesia, sar\u00e0 presentato il volume:&nbsp; &nbsp;\u00abIl Cantico dell&#8217;amore di San Francesco d\u2019Assisi\u00bb.&nbsp;<\/p>\n\n\n\n<p>Nato dal Progetto Francesco 800, con direzione scientifica di Pierfranco Bruni e curatela di Franca De Santis per Solfanelli editore. L&#8217; Anteprima fissata per&nbsp; il 21 Marzo, alle ore 19.00,&nbsp; al Monastero delle Clarisse di Grottaglie,&nbsp; vede la partecipazione organizzativa della Associazione Medici per San Ciro, del Monastero stesso, della Giornata della Poesia, dell&#8217;Istituto Terra dei Padri.&nbsp;&nbsp;<\/p>\n\n\n\n<p>Interverranno, con il coordinamento della professoressa Marilena Cavallo, autrice,&nbsp; tra l&#8217;altro di un contributo nel testo, il dott. Salvatore Lenti, Presidente Associazione Medici San Ciro, il prof. Pierfranco Bruni, Direttore del Progetto. La relazione sar\u00e0 svolta da suor Pierpaola Nistri, Madre Badessa del Monastero, che ha realizzato la copertina del volume e scritto il primo capitolo riferito alla descrizione della Icona in copertina. Sono previste letture di testi e canti religiosi.&nbsp;<\/p>\n\n\n\n<p>\u00abIl Cantico dell&#8217;amore &#8211; Sui passi di Francesco: dalla Parola al Mistero\u00bb, edito dalla casa editrice Solfanelli \u00e8 un\u2019opera corale con scritti di studiosi che all&#8217;opera del Santo hanno dedicato pagine importanti, nata per esplorare l&#8217;eredit\u00e0 spirituale e poetica del Santo d&#8217;Assisi, capace ancora oggi di parlarci di pace, umilt\u00e0 e bellezza assoluta.<\/p>\n\n\n\n<p>Un progetto di alto profilo culturale con la direzione scientifica di Pierfranco Bruni, uno dei massimi studiosi sulla letteratura del Mediterraneo e la cura di Franca De Santis.<\/p>\n\n\n\n<p>Il volume si avvale dei preziosi contributi di numerosi studiosi, che con sensibilit\u00e0 e rigore hanno indagato il passaggio cruciale che conduce dalla Parola scritta al Mistero vissuto.<\/p>\n\n\n\n<p>Non \u00e8 solo un libro che sottolinea esperienze e modelli culturali. \u00c8 un cammino condiviso per riscoprire ci\u00f2 che resta eterno nel fluire del tempo.<\/p>\n\n\n\n<p>A tal proposito Pierfranco Bruni ha dichiarato: \u00abIl lavoro su San Francesco d\u2019Assisi \u00e8 un lavoro comparato che si mostra a diverse chiavi di lettura che pongono comunque al centro due aspetti salienti: la spiritualit\u00e0 e la letteratura. La storia chiaramente \u00e8 parte integrante di tutto il cammino in un rapporto tra Occidente e Oriente. \u00c8 un tracciato considerevole curato egregiamente da Franca De Santis con una splendida immagine di una icona della madre Badessa del Convento delle Clarisse di Grottaglie suor Pierpaola Nistri alla quale sono molto grato per aver concesso l&#8217;esclusiva\u00bb.<\/p>\n\n\n\n<p>Il Monastero delle Clarisse di Grottaglie far\u00e0 da apripista per un viaggio francescano che toccher\u00e0 tutta Italia e molte citt\u00e0 europee nell&#8217;arco del 2026. Sar\u00e0 presentato anche al Salone del Libro di Torino nel prossimo mese di maggio.<\/p>\n","protected":false},"excerpt":{"rendered":"<p>San Francesco a 800 anni dalla morte. Una data e un incontro che costituiscono un appuntamento di grande rilevanza non [&hellip;]<\/p>\n","protected":false},"author":1,"featured_media":0,"comment_status":"open","ping_status":"open","sticky":false,"template":"","format":"standard","meta":{"footnotes":""},"categories":[2],"tags":[],"class_list":["post-87206","post","type-post","status-publish","format-standard","hentry","category-informacion"],"_links":{"self":[{"href":"https:\/\/www.ecoitaliano.com.ar\/index.php?rest_route=\/wp\/v2\/posts\/87206","targetHints":{"allow":["GET"]}}],"collection":[{"href":"https:\/\/www.ecoitaliano.com.ar\/index.php?rest_route=\/wp\/v2\/posts"}],"about":[{"href":"https:\/\/www.ecoitaliano.com.ar\/index.php?rest_route=\/wp\/v2\/types\/post"}],"author":[{"embeddable":true,"href":"https:\/\/www.ecoitaliano.com.ar\/index.php?rest_route=\/wp\/v2\/users\/1"}],"replies":[{"embeddable":true,"href":"https:\/\/www.ecoitaliano.com.ar\/index.php?rest_route=%2Fwp%2Fv2%2Fcomments&post=87206"}],"version-history":[{"count":1,"href":"https:\/\/www.ecoitaliano.com.ar\/index.php?rest_route=\/wp\/v2\/posts\/87206\/revisions"}],"predecessor-version":[{"id":87208,"href":"https:\/\/www.ecoitaliano.com.ar\/index.php?rest_route=\/wp\/v2\/posts\/87206\/revisions\/87208"}],"wp:attachment":[{"href":"https:\/\/www.ecoitaliano.com.ar\/index.php?rest_route=%2Fwp%2Fv2%2Fmedia&parent=87206"}],"wp:term":[{"taxonomy":"category","embeddable":true,"href":"https:\/\/www.ecoitaliano.com.ar\/index.php?rest_route=%2Fwp%2Fv2%2Fcategories&post=87206"},{"taxonomy":"post_tag","embeddable":true,"href":"https:\/\/www.ecoitaliano.com.ar\/index.php?rest_route=%2Fwp%2Fv2%2Ftags&post=87206"}],"curies":[{"name":"wp","href":"https:\/\/api.w.org\/{rel}","templated":true}]}}