{"id":87215,"date":"2026-03-14T01:32:38","date_gmt":"2026-03-14T01:32:38","guid":{"rendered":"https:\/\/www.ecoitaliano.com.ar\/?p=87215"},"modified":"2026-03-14T01:32:40","modified_gmt":"2026-03-14T01:32:40","slug":"serena-conduce-operaclassica-eco-italiano-5062","status":"publish","type":"post","link":"https:\/\/www.ecoitaliano.com.ar\/?p=87215","title":{"rendered":"Serena conduce operaclassica eco italiano"},"content":{"rendered":"<div class=\"wp-block-image\">\n<figure class=\"aligncenter size-full\"><a href=\"http:\/\/www.ecoitaliano.com.ar\/wp-content\/uploads\/2026\/02\/ghjk-1.jpg\"><img decoding=\"async\" width=\"244\" height=\"119\" src=\"http:\/\/www.ecoitaliano.com.ar\/wp-content\/uploads\/2026\/02\/ghjk-1.jpg\" alt=\"\" class=\"wp-image-86444\" srcset=\"https:\/\/www.ecoitaliano.com.ar\/wp-content\/uploads\/2026\/02\/ghjk-1.jpg 244w, https:\/\/www.ecoitaliano.com.ar\/wp-content\/uploads\/2026\/02\/ghjk-1-150x73.jpg 150w\" sizes=\"(max-width: 244px) 100vw, 244px\" \/><\/a><\/figure><\/div>\n\n\n<p><strong>Fabio Luisi torna al Teatro San Carlo<\/strong><\/p>\n\n\n\n<p><strong>con Alessandro Taverna<\/strong><strong><\/strong><\/p>\n\n\n\n<p><strong>Sabato 14 marzo il prossimo appuntamento della Stagione di Concerti 2025\/26<\/strong><\/p>\n\n\n\n<p><em>Napoli, 13 marzo 2026 &#8211; <\/em><strong>Fabio Luisi<\/strong> sul podio e <strong>Alessandro Taverna<\/strong> al pianoforte sono i protagonisti del prossimo appuntamento della <strong>Stagione di Concerti 2025\/26 del Teatro di San Carlo<\/strong>, <strong>sabato 14 marzo 2026<\/strong> (ore 19:00), che vedr\u00e0 impegnata l\u2019<strong>Orchestra del Lirico di Napoli<\/strong>.<\/p>\n\n\n\n<p>Le due opere proposte in programma, separate da poco meno di trent\u2019anni, riflettono su uno stesso orizzonte musicale: la tradizione formale del classicismo. <strong>Wolfgang Amadeus Mozart<\/strong>, con il <strong>Concerto per pianoforte n. 21 in do maggiore, K 467<\/strong>, ne offre una delle espressioni pi\u00f9 compiute negli anni della sua affermazione viennese. <strong>Ludwig van Beethoven<\/strong>, attraverso la <strong>Sinfonia n. 8 in fa maggiore, op. 93<\/strong>, torna a quel linguaggio con uno sguardo ormai maturo, ma libero e consapevole.<\/p>\n\n\n\n<p>Il <strong>Concerto per pianoforte, K 467<\/strong> fu composto nel marzo del 1785 e presentato presto al pubblico in una delle cosiddette \u201caccademie\u201d, concerti organizzati da Mozart a proprie spese. Appartiene ai quattordici concerti per pianoforte scritti tra il 1783 e il 1787, che il compositore descriveva cos\u00ec in una lettera al padre: \u201cUna via di mezzo tra il troppo difficile e il troppo facile; brillanti, gradevoli all&#8217;orecchio, naturali senza cadere nel vuoto. Qua e l\u00e0 potranno soddisfare gli intenditori ma sempre in modo tale che anche gli incompetenti ne provino piacere senza sapere perch\u00e9\u201d.<\/p>\n\n\n\n<p>Beethoven lavor\u00f2 alla <strong>Sinfonia n. 8<\/strong> nel 1811 per completarla l\u2019anno successivo durante il soggiorno estivo tra Teplitz, Karlsbad e Linz. Presentata al pubblico nel 1814, la \u201cpiccola Sinfonia\u201d, come la chiam\u00f2 lui stesso, deluse i contemporanei: dopo la forza innovativa della Settima, Beethoven sembra ritornare a modelli settecenteschi, richiamando Haydn e Mozart. \u00c8, per\u00f2, un gioco consapevole con le forme del passato, che il compositore anima con vivace umorismo e inesauribile inventiva ritmica.<\/p>\n\n\n\n<p>Direttore d\u2019orchestra di fama internazionale e vincitore di un Grammy Award, <strong>Fabio Luisi<\/strong> \u00e8 attualmente Direttore Musicale della Dallas Symphony Orchestra, Direttore Principale della Danish National Symphony Orchestra e della NHK Symphony Orchestra di Tokyo, nonch\u00e9 Direttore Emerito dell\u2019Orchestra Sinfonica Nazionale della RAI di Torino. Gi\u00e0 Direttore Principale della Metropolitan Opera di New York e dei Wiener Symphoniker, vanta prestigiosi premi discografici, tra cui il Premio Abbiati, e alte Onorificenze di Stato.<\/p>\n\n\n\n<p>Affermatosi a livello internazionale al Concorso di Leeds nel 2009, <strong>Alessandro Taverna<\/strong> \u00e8 oggi uno dei pianisti pi\u00f9 autorevoli della sua generazione. Ha suonato nelle sale da concerto e nei teatri pi\u00f9 prestigiosi del mondo, dal Teatro alla Scala al Musikverein di Vienna, fino al Lincoln Center di New York, collaborando con direttori quali Maazel, Chailly, Chung e Harding. Insignito nel 2012 del Premio Presidente della Repubblica per meriti artistici, affianca a una fitta attivit\u00e0 concertistica, cameristica e discografica la direzione artistica del Festival Internazionale di Musica di Portogruaro.<\/p>\n\n\n\n<p>Stagione 25\/26<\/p>\n\n\n\n<p>14 marzo 2026<\/p>\n\n\n\n<p><strong>Fabio Luisi \/ Alessandro Taverna<\/strong><\/p>\n\n\n\n<p>Direttore | <strong>Fabio Luisi<\/strong><\/p>\n\n\n\n<p>Pianoforte | <strong>Alessandro Taverna<\/strong><\/p>\n\n\n\n<p>Programma<\/p>\n\n\n\n<p><strong>Wolfgang Amadeus Mozart<\/strong>, Concerto per pianoforte e orchestra n. 21 in do maggiore K 467<\/p>\n\n\n\n<p><strong>Ludwig van Beethoven<\/strong>, Sinfonia n. 8 in Fa maggiore, Op. 93<\/p>\n\n\n\n<p><strong>Orchestra del Teatro di San Carlo<\/strong><\/p>\n\n\n\n<p>Teatro di San Carlo | CREMISI<\/p>\n\n\n\n<p>sabato 14 marzo 2026, ore 19:00 \u2013 S\/P \u2013 CREMISI \u2013 VII<\/p>\n\n\n\n<p>Durata: 2 ore circa, con intervallo<\/p>\n\n\n\n<p>foto<\/p>\n\n\n\n<figure class=\"wp-block-gallery has-nested-images columns-default is-cropped wp-block-gallery-1 is-layout-flex wp-block-gallery-is-layout-flex\">\n<figure class=\"wp-block-image size-large\"><a href=\"https:\/\/www.ecoitaliano.com.ar\/wp-content\/uploads\/2026\/03\/Fabio-Luisi-Monika-Rittershaus.jpg\"><img decoding=\"async\" width=\"682\" height=\"1024\" data-id=\"87216\" src=\"https:\/\/www.ecoitaliano.com.ar\/wp-content\/uploads\/2026\/03\/Fabio-Luisi-Monika-Rittershaus-682x1024.jpg\" alt=\"\" class=\"wp-image-87216\" srcset=\"https:\/\/www.ecoitaliano.com.ar\/wp-content\/uploads\/2026\/03\/Fabio-Luisi-Monika-Rittershaus-682x1024.jpg 682w, https:\/\/www.ecoitaliano.com.ar\/wp-content\/uploads\/2026\/03\/Fabio-Luisi-Monika-Rittershaus-200x300.jpg 200w, https:\/\/www.ecoitaliano.com.ar\/wp-content\/uploads\/2026\/03\/Fabio-Luisi-Monika-Rittershaus-768x1154.jpg 768w, https:\/\/www.ecoitaliano.com.ar\/wp-content\/uploads\/2026\/03\/Fabio-Luisi-Monika-Rittershaus-1022x1536.jpg 1022w, https:\/\/www.ecoitaliano.com.ar\/wp-content\/uploads\/2026\/03\/Fabio-Luisi-Monika-Rittershaus-1363x2048.jpg 1363w, https:\/\/www.ecoitaliano.com.ar\/wp-content\/uploads\/2026\/03\/Fabio-Luisi-Monika-Rittershaus.jpg 1704w\" sizes=\"(max-width: 682px) 100vw, 682px\" \/><\/a><\/figure>\n\n\n\n<figure class=\"wp-block-image size-large\"><a href=\"https:\/\/www.ecoitaliano.com.ar\/wp-content\/uploads\/2026\/03\/Fabio-Luisi_Alessandro-Taverna_ph.L.Romano-0763.jpg\"><img decoding=\"async\" width=\"1024\" height=\"683\" data-id=\"87217\" src=\"https:\/\/www.ecoitaliano.com.ar\/wp-content\/uploads\/2026\/03\/Fabio-Luisi_Alessandro-Taverna_ph.L.Romano-0763-1024x683.jpg\" alt=\"\" class=\"wp-image-87217\" srcset=\"https:\/\/www.ecoitaliano.com.ar\/wp-content\/uploads\/2026\/03\/Fabio-Luisi_Alessandro-Taverna_ph.L.Romano-0763-1024x683.jpg 1024w, https:\/\/www.ecoitaliano.com.ar\/wp-content\/uploads\/2026\/03\/Fabio-Luisi_Alessandro-Taverna_ph.L.Romano-0763-300x200.jpg 300w, https:\/\/www.ecoitaliano.com.ar\/wp-content\/uploads\/2026\/03\/Fabio-Luisi_Alessandro-Taverna_ph.L.Romano-0763-768x512.jpg 768w, https:\/\/www.ecoitaliano.com.ar\/wp-content\/uploads\/2026\/03\/Fabio-Luisi_Alessandro-Taverna_ph.L.Romano-0763-1536x1025.jpg 1536w, https:\/\/www.ecoitaliano.com.ar\/wp-content\/uploads\/2026\/03\/Fabio-Luisi_Alessandro-Taverna_ph.L.Romano-0763-2048x1366.jpg 2048w\" sizes=\"(max-width: 1024px) 100vw, 1024px\" \/><\/a><figcaption class=\"wp-element-caption\"><br> <br><\/figcaption><\/figure>\n\n\n\n<figure class=\"wp-block-image size-large\"><a href=\"https:\/\/www.ecoitaliano.com.ar\/wp-content\/uploads\/2026\/03\/TAVERNA_c-Giorgio-Gori.jpg\"><img decoding=\"async\" width=\"683\" height=\"1024\" data-id=\"87218\" src=\"https:\/\/www.ecoitaliano.com.ar\/wp-content\/uploads\/2026\/03\/TAVERNA_c-Giorgio-Gori-683x1024.jpg\" alt=\"\" class=\"wp-image-87218\" srcset=\"https:\/\/www.ecoitaliano.com.ar\/wp-content\/uploads\/2026\/03\/TAVERNA_c-Giorgio-Gori-683x1024.jpg 683w, https:\/\/www.ecoitaliano.com.ar\/wp-content\/uploads\/2026\/03\/TAVERNA_c-Giorgio-Gori-200x300.jpg 200w, https:\/\/www.ecoitaliano.com.ar\/wp-content\/uploads\/2026\/03\/TAVERNA_c-Giorgio-Gori-768x1152.jpg 768w, https:\/\/www.ecoitaliano.com.ar\/wp-content\/uploads\/2026\/03\/TAVERNA_c-Giorgio-Gori-1024x1536.jpg 1024w, https:\/\/www.ecoitaliano.com.ar\/wp-content\/uploads\/2026\/03\/TAVERNA_c-Giorgio-Gori-1366x2048.jpg 1366w, https:\/\/www.ecoitaliano.com.ar\/wp-content\/uploads\/2026\/03\/TAVERNA_c-Giorgio-Gori.jpg 1707w\" sizes=\"(max-width: 683px) 100vw, 683px\" \/><\/a><\/figure>\n<\/figure>\n\n\n\n<p><\/p>\n","protected":false},"excerpt":{"rendered":"<p>Fabio Luisi torna al Teatro San Carlo con Alessandro Taverna Sabato 14 marzo il prossimo appuntamento della Stagione di Concerti [&hellip;]<\/p>\n","protected":false},"author":1,"featured_media":0,"comment_status":"open","ping_status":"open","sticky":false,"template":"","format":"standard","meta":{"footnotes":""},"categories":[1],"tags":[],"class_list":["post-87215","post","type-post","status-publish","format-standard","hentry","category-sin-categoria"],"_links":{"self":[{"href":"https:\/\/www.ecoitaliano.com.ar\/index.php?rest_route=\/wp\/v2\/posts\/87215","targetHints":{"allow":["GET"]}}],"collection":[{"href":"https:\/\/www.ecoitaliano.com.ar\/index.php?rest_route=\/wp\/v2\/posts"}],"about":[{"href":"https:\/\/www.ecoitaliano.com.ar\/index.php?rest_route=\/wp\/v2\/types\/post"}],"author":[{"embeddable":true,"href":"https:\/\/www.ecoitaliano.com.ar\/index.php?rest_route=\/wp\/v2\/users\/1"}],"replies":[{"embeddable":true,"href":"https:\/\/www.ecoitaliano.com.ar\/index.php?rest_route=%2Fwp%2Fv2%2Fcomments&post=87215"}],"version-history":[{"count":1,"href":"https:\/\/www.ecoitaliano.com.ar\/index.php?rest_route=\/wp\/v2\/posts\/87215\/revisions"}],"predecessor-version":[{"id":87219,"href":"https:\/\/www.ecoitaliano.com.ar\/index.php?rest_route=\/wp\/v2\/posts\/87215\/revisions\/87219"}],"wp:attachment":[{"href":"https:\/\/www.ecoitaliano.com.ar\/index.php?rest_route=%2Fwp%2Fv2%2Fmedia&parent=87215"}],"wp:term":[{"taxonomy":"category","embeddable":true,"href":"https:\/\/www.ecoitaliano.com.ar\/index.php?rest_route=%2Fwp%2Fv2%2Fcategories&post=87215"},{"taxonomy":"post_tag","embeddable":true,"href":"https:\/\/www.ecoitaliano.com.ar\/index.php?rest_route=%2Fwp%2Fv2%2Ftags&post=87215"}],"curies":[{"name":"wp","href":"https:\/\/api.w.org\/{rel}","templated":true}]}}