{"id":87249,"date":"2026-03-14T02:58:11","date_gmt":"2026-03-14T02:58:11","guid":{"rendered":"https:\/\/www.ecoitaliano.com.ar\/?p=87249"},"modified":"2026-03-14T02:58:12","modified_gmt":"2026-03-14T02:58:12","slug":"serena-conduce-operaclassica-eco-italiano-5065","status":"publish","type":"post","link":"https:\/\/www.ecoitaliano.com.ar\/?p=87249","title":{"rendered":"Serena conduce operaclassica eco italiano"},"content":{"rendered":"<div class=\"wp-block-image\">\n<figure class=\"aligncenter size-full\"><a href=\"http:\/\/www.ecoitaliano.com.ar\/wp-content\/uploads\/2026\/03\/Screenshot-280-1.png\"><img decoding=\"async\" width=\"432\" height=\"117\" src=\"http:\/\/www.ecoitaliano.com.ar\/wp-content\/uploads\/2026\/03\/Screenshot-280-1.png\" alt=\"\" class=\"wp-image-87034\" srcset=\"https:\/\/www.ecoitaliano.com.ar\/wp-content\/uploads\/2026\/03\/Screenshot-280-1.png 432w, https:\/\/www.ecoitaliano.com.ar\/wp-content\/uploads\/2026\/03\/Screenshot-280-1-300x81.png 300w\" sizes=\"(max-width: 432px) 100vw, 432px\" \/><\/a><\/figure><\/div>\n\n\n<p><strong>comunicato stampa<\/strong><\/p>\n\n\n\n<p><strong>L\u2019eternit\u00e0 classico-romantica in <\/strong><strong><em>Norma<\/em><\/strong><strong>, capolavoro musicale di Vincenzo Bellini, per <\/strong><strong>la Stagione d\u2019opera 2025-2026<\/strong><\/p>\n\n\n\n<p><strong>Mercoled\u00ec 18 marzo alle 20<\/strong> va in scena il terzo, atteso appuntamento della <strong>Stagione d\u2019opera 2025-2026<\/strong> del Teatro Lirico di Cagliari: <strong><em>Norma<\/em><\/strong>, tragedia lirica in due atti su libretto di Felice Romani, dalla tragedia <em>Norma ou L\u2019infanticide<\/em> di Alexandre Soumet, e musica di <strong>Vincenzo Bellini<\/strong> (Catania, 1801 &#8211; Puteaux, 1835), la cui ultima esecuzione a Cagliari risale a 12 anni fa (aprile-maggio 2014).<\/p>\n\n\n\n<p>L\u2019opera va in scena per <strong>cinque recite<\/strong>, in un <strong>allestimento originale di Teatro Grande di Brescia, As.Li.Co., Teatro Amilcare Ponchielli di Cremona, Teatro Fraschini di Pavia e Teatro Verdi di Pisa, di propriet\u00e0 del Teatro Lirico di Cagliari<\/strong> che risale all\u2019ottobre 2022, firmato, per la regia, da <strong>Elena Barbalich<\/strong>, artista veneziana al suo <strong>debutto<\/strong> a Cagliari. Le scene e i costumi sono di <strong>Tommaso Lagattolla<\/strong>, mentre le luci di <strong>Fabio Barettin<\/strong>.<\/p>\n\n\n\n<p>Lo spettacolo evidenzia la contrapposizione di due mondi, quello dei conquistatori romani raffigurato attraverso una fisicit\u00e0 lineare e quello evocativo, esoterico e lunare del mondo di Norma, un universo culturale che ha attraversato, con le sue mitologie fiabesche e notturne la cultura romantica dell\u2019Ottocento italiano. Un cerchio che diventa luna, rappresenta lo spazio tra questi due mondi. Scene e costumi definiscono l\u2019ambiente con grandi specchi laterali e pochi elementi architettonici stilizzati, dove dominano blu, bianco e rosso che, nel finale, \u00e8 preponderante.<\/p>\n\n\n\n<p>La direzione musicale di <strong>Orchestra<\/strong> e <strong>Coro del Teatro Lirico di Cagliari<\/strong> \u00e8 invece affidata a <strong>Renato Palumbo<\/strong> (Montebelluna, 1963), eccellente protagonista delle stagioni liriche cagliaritane, dove ha diretto <em>La Traviata<\/em> (2000), <em>Nabucco<\/em> (2001), <em>Il Trovatore<\/em> (2002), <em>Otello<\/em> (2003), <em>La Boh\u00e8me<\/em> (2003), <em>Hans Heiling<\/em> (2004), <em>Manon Lescaut<\/em> (2006), <em>Macbeth<\/em> (2013). <em>Il maestro del coro \u00e8<\/em> <strong>Giovanni Andreoli<\/strong>.<\/p>\n\n\n\n<p>Protagonisti dell\u2019opera sono celebri ed affermati cantanti che si alternano nelle recite quali: <strong>Francesco Demuro<\/strong> (18-20-22)\/<strong>Mikheil Sheshaberidze<\/strong> (19-<em>20<\/em>-21)(<em>Pollione<\/em>); <strong>Michele Pertusi<\/strong> (18-20-22)\/<strong>Emanuele Cordaro<\/strong> (19-<em>20<\/em>-21)(<em>Oroveso<\/em>); <strong>Marta Torbidoni<\/strong> (18-20-22)\/<strong>Angela Meade<\/strong> (19-<em>20<\/em>-21)(<em>Norma<\/em>); <strong>Raffaella Lupinacci<\/strong> (18-20-22)\/<strong>Sofia Koberidze<\/strong> (19-<em>20<\/em>-21)(<em>Adalgisa<\/em>); <strong>Federica Giansanti<\/strong><em> <\/em>(<em>Clotilde<\/em>); <strong>Luigi Morassi<\/strong><em> <\/em>(<em>Flavio<\/em>).<\/p>\n\n\n\n<p>Rappresentata, per la prima volta, al Teatro alla Scala di Milano il 26 dicembre 1831, su libretto di Felice Romani, poeta colto e raffinato, <em>Norma<\/em> viene accolta in maniera decisamente ostile (\u00ab<em>Fiasco!!! Fiasco!!! Solenne fiasco!!!<\/em>\u00bb sono le parole del deluso Bellini!), anche se gi\u00e0 dalla seconda rappresentazione le arride un successo che l\u2019accompagna fino ai giorni nostri. La storia dell\u2019infelice amore tra la sacerdotessa druidica ed il proconsole romano nelle Gallie \u00e8 intrisa sia di richiami alla tradizione classica, in particolare quella della tragedia greca, sia di romantiche atmosfere lunari e di abbandoni estatici che trovano in <em>Casta Diva<\/em>, celeberrima preghiera della protagonista, la loro compiutezza.<\/p>\n\n\n\n<p>L\u2019opera, della durata complessiva di 3 ore circa compreso un intervallo, viene rappresentata, ovviamente, in lingua italiana e il pubblico, come ormai tradizione al Teatro Lirico di Cagliari, ha anche l\u2019ausilio dei sopratitoli che, scorrendo sull\u2019arco scenico del boccascena, favoriscono la comprensione del libretto.<strong> Da questa Stagione 2025-2026 i sopratitoli sono disponibili anche in lingua inglese.<\/strong><\/p>\n\n\n\n<p><strong><em>Norma<\/em><\/strong> viene replicata: <strong>gioved\u00ec 19 marzo alle 19<\/strong> (turno F); <strong>venerd\u00ec 20 marzo alle 20<\/strong> (turno C); <strong>sabato 21 marzo alle 19<\/strong> (turno G); <strong>domenica 22 marzo alle 17<\/strong> (turno D).<\/p>\n\n\n\n<p>La recita per le scuole che, da quest\u2019anno, assume come nuova intitolazione <em>Opera NextGen<\/em> e che prevede l\u2019esecuzione in forma ridotta dell\u2019opera della durata complessiva di 60 minuti circa, \u00e8 <strong>venerd\u00ec 20 marzo alle 11<\/strong>. Nel ruolo di narratore si esibisce l\u2019attore cagliaritano <strong>Massimiliano Medda<\/strong>.<\/p>\n\n\n\n<p>Le recite dedicate, invece, al progetto <strong>\u201cOltre Insieme\u201d<\/strong> sono <strong>gioved\u00ec 19 marzo alle 19<\/strong> (spettacolo riservato ai disabili visivi con servizio di descrizione audio per favorirne la fruibilit\u00e0, con inizio dell\u2019attivit\u00e0 dalle 18.15) e <strong>venerd\u00ec 20 marzo alle 20<\/strong> (spettacolo rivolto a tutte le forme di disabilit\u00e0): un <em>format<\/em>, gi\u00e0 sperimentato con <em>Otello<\/em> e <em>Lucrezia Borgia<\/em>, il cui obiettivo \u00e8 quello di rivolgersi, con sempre pi\u00f9 forza, al pubblico con disabilit\u00e0. Nello specifico si desidera rendere fruibile l\u2019opera lirica a persone non vedenti, non udenti e con <em>deficit<\/em> cognitivi. In collaborazione con l\u2019<strong>Universit\u00e0 degli Studi di Macerata<\/strong>, tutte le opere della Stagione 2025-2026 verranno proposte in una versione inclusiva e immersiva, attraverso l\u2019utilizzo di un\u2019ampia gamma di esperienze e strumenti (percorsi multisensoriali prima dello spettacolo, audio-descrizioni, schede digitali, video in LIS &#8211; Lingua dei Segni Italiana) per rendere accessibile il prodotto culturale e musicale. Il percorso e le relative attivit\u00e0, intorno alla recita di venerd\u00ec 20 marzo alle 20, inizieranno alle 17.30.<\/p>\n\n\n\n<p>I posti in teatro sono identificati, come sempre, per ordine (platea, prima e seconda loggia) e per settore (giallo, rosso e blu). Ad ogni settore corrisponde un prezzo, secondo il diverso valore dei posti.<\/p>\n\n\n\n<p>\u00c8 possibile acquistare i biglietti per tutti gli spettacoli della Stagione; lo stesso servizio \u00e8 possibile anche <em>online<\/em> attraverso il circuito di prevendita www.vivaticket.it.<\/p>\n\n\n\n<p>Ai disabili (con disabilit\u00e0 al 100%) e ai loro eventuali accompagnatori, sono applicate riduzioni del 50% sull\u2019acquisto di biglietti, mentre ai giovani <em>under<\/em> 30 sono applicate riduzioni del 30%. Ulteriori agevolazioni sono previste per gruppi organizzati.<\/p>\n\n\n\n<p><strong>La Biglietteria del Teatro Lirico \u00e8 aperta luned\u00ec, marted\u00ec, mercoled\u00ec, venerd\u00ec e sabato dalle 9 alle 13, gioved\u00ec dalle 16 alle 20 e, nei giorni di spettacolo, anche da due ore prima dell\u2019inizio, unicamente per operazioni legate allo spettacolo stesso. \u00c8 chiusa, invece, i giorni festivi e i luned\u00ec successivi alle domeniche di spettacolo.<\/strong><\/p>\n\n\n\n<p>Per informazioni: Biglietteria del Teatro Lirico, via Sant\u2019Alenixedda, 09128 Cagliari, telefono 0704082230 &#8211; 0704082249, <a href=\"mailto:biglietteria@teatroliricodicagliari.it;\">biglietteria@teatroliricodicagliari.it<\/a>, <a href=\"http:\/\/www.teatroliricodicagliari.it\/\">www.teatroliricodicagliari.it<\/a>. Servizio promozione culturale: educational@tldc.it. Il Teatro Lirico di Cagliari si pu\u00f2 seguire anche su Facebook, Twitter, YouTube, Instagram, Linkedin.<\/p>\n\n\n\n<p>La Direzione si riserva di apportare al programma le modifiche che si rendessero necessarie per esigenze tecniche o per cause di forza maggiore. Eventuali modifiche al cartellone saranno indicate nel sito internet del teatro www.teatroliricodicagliari.it.<\/p>\n\n\n\n<p>Cagliari, 13 marzo 2026<\/p>\n\n\n\n<p>Pierluigi Corona<\/p>\n\n\n\n<p>Responsabile Ufficio Stampa<\/p>\n\n\n\n<p>Teatro Lirico di Cagliari, via Efisio Cao di San Marco, 09128 Cagliari &#8211; Italia<\/p>\n\n\n\n<p>telefono +39 0704082209 &#8211; <a href=\"mailto:stampa@teatroliricodicagliari.it\">stampa@teatroliricodicagliari.it<\/a> &#8211; <a href=\"http:\/\/www.teatroliricodicagliari.it\/\">www.teatroliricodicagliari.it<\/a><\/p>\n\n\n\n<p>foto<\/p>\n\n\n\n<figure class=\"wp-block-gallery has-nested-images columns-default is-cropped wp-block-gallery-1 is-layout-flex wp-block-gallery-is-layout-flex\">\n<figure class=\"wp-block-image size-large\"><a href=\"https:\/\/www.ecoitaliano.com.ar\/wp-content\/uploads\/2026\/03\/Elena-Barbalich.jpg\"><img decoding=\"async\" width=\"768\" height=\"1024\" data-id=\"87250\" src=\"https:\/\/www.ecoitaliano.com.ar\/wp-content\/uploads\/2026\/03\/Elena-Barbalich-768x1024.jpg\" alt=\"\" class=\"wp-image-87250\" srcset=\"https:\/\/www.ecoitaliano.com.ar\/wp-content\/uploads\/2026\/03\/Elena-Barbalich-768x1024.jpg 768w, https:\/\/www.ecoitaliano.com.ar\/wp-content\/uploads\/2026\/03\/Elena-Barbalich-225x300.jpg 225w, https:\/\/www.ecoitaliano.com.ar\/wp-content\/uploads\/2026\/03\/Elena-Barbalich-1152x1536.jpg 1152w, https:\/\/www.ecoitaliano.com.ar\/wp-content\/uploads\/2026\/03\/Elena-Barbalich.jpg 1200w\" sizes=\"(max-width: 768px) 100vw, 768px\" \/><\/a><\/figure>\n\n\n\n<figure class=\"wp-block-image size-large\"><a href=\"https:\/\/www.ecoitaliano.com.ar\/wp-content\/uploads\/2026\/03\/Norma1-foto-New-Reporter.jpg\"><img decoding=\"async\" width=\"1024\" height=\"746\" data-id=\"87251\" src=\"https:\/\/www.ecoitaliano.com.ar\/wp-content\/uploads\/2026\/03\/Norma1-foto-New-Reporter-1024x746.jpg\" alt=\"\" class=\"wp-image-87251\" srcset=\"https:\/\/www.ecoitaliano.com.ar\/wp-content\/uploads\/2026\/03\/Norma1-foto-New-Reporter-1024x746.jpg 1024w, https:\/\/www.ecoitaliano.com.ar\/wp-content\/uploads\/2026\/03\/Norma1-foto-New-Reporter-300x219.jpg 300w, https:\/\/www.ecoitaliano.com.ar\/wp-content\/uploads\/2026\/03\/Norma1-foto-New-Reporter-768x560.jpg 768w, https:\/\/www.ecoitaliano.com.ar\/wp-content\/uploads\/2026\/03\/Norma1-foto-New-Reporter-1536x1119.jpg 1536w, https:\/\/www.ecoitaliano.com.ar\/wp-content\/uploads\/2026\/03\/Norma1-foto-New-Reporter-2048x1492.jpg 2048w\" sizes=\"(max-width: 1024px) 100vw, 1024px\" \/><\/a><figcaption class=\"wp-element-caption\">SPETTACOLI BRESCIA TEATRO GRANDE INAUGURAZIONE STAGIONE LIRICA 2022\/23 NORMA NELLA FOTO SCENA 30\/09\/2022 newreporter\u00a9favretto<\/figcaption><\/figure>\n\n\n\n<figure class=\"wp-block-image size-large\"><a href=\"https:\/\/www.ecoitaliano.com.ar\/wp-content\/uploads\/2026\/03\/Norma2-foto-New-Reporter.jpg\"><img decoding=\"async\" width=\"1024\" height=\"601\" data-id=\"87252\" src=\"https:\/\/www.ecoitaliano.com.ar\/wp-content\/uploads\/2026\/03\/Norma2-foto-New-Reporter-1024x601.jpg\" alt=\"\" class=\"wp-image-87252\" srcset=\"https:\/\/www.ecoitaliano.com.ar\/wp-content\/uploads\/2026\/03\/Norma2-foto-New-Reporter-1024x601.jpg 1024w, https:\/\/www.ecoitaliano.com.ar\/wp-content\/uploads\/2026\/03\/Norma2-foto-New-Reporter-300x176.jpg 300w, https:\/\/www.ecoitaliano.com.ar\/wp-content\/uploads\/2026\/03\/Norma2-foto-New-Reporter-768x451.jpg 768w, https:\/\/www.ecoitaliano.com.ar\/wp-content\/uploads\/2026\/03\/Norma2-foto-New-Reporter-1536x902.jpg 1536w, https:\/\/www.ecoitaliano.com.ar\/wp-content\/uploads\/2026\/03\/Norma2-foto-New-Reporter-2048x1202.jpg 2048w\" sizes=\"(max-width: 1024px) 100vw, 1024px\" \/><\/a><figcaption class=\"wp-element-caption\">SPETTACOLI BRESCIA TEATRO GRANDE INAUGURAZIONE STAGIONE LIRICA 2022\/23 NORMA NELLA FOTO SCENA 30\/09\/2022 newreporter\u00a9favretto<\/figcaption><\/figure>\n\n\n\n<figure class=\"wp-block-image size-large\"><a href=\"https:\/\/www.ecoitaliano.com.ar\/wp-content\/uploads\/2026\/03\/Norma3-foto-New-Reporter.jpg\"><img decoding=\"async\" width=\"1024\" height=\"681\" data-id=\"87253\" src=\"https:\/\/www.ecoitaliano.com.ar\/wp-content\/uploads\/2026\/03\/Norma3-foto-New-Reporter-1024x681.jpg\" alt=\"\" class=\"wp-image-87253\" srcset=\"https:\/\/www.ecoitaliano.com.ar\/wp-content\/uploads\/2026\/03\/Norma3-foto-New-Reporter-1024x681.jpg 1024w, https:\/\/www.ecoitaliano.com.ar\/wp-content\/uploads\/2026\/03\/Norma3-foto-New-Reporter-300x200.jpg 300w, https:\/\/www.ecoitaliano.com.ar\/wp-content\/uploads\/2026\/03\/Norma3-foto-New-Reporter-768x511.jpg 768w, https:\/\/www.ecoitaliano.com.ar\/wp-content\/uploads\/2026\/03\/Norma3-foto-New-Reporter-1536x1022.jpg 1536w, https:\/\/www.ecoitaliano.com.ar\/wp-content\/uploads\/2026\/03\/Norma3-foto-New-Reporter-2048x1362.jpg 2048w\" sizes=\"(max-width: 1024px) 100vw, 1024px\" \/><\/a><figcaption class=\"wp-element-caption\">SPETTACOLI BRESCIA TEATRO GRANDE INAUGURAZIONE STAGIONE LIRICA 2022\/23 NORMA NELLA FOTO SCENA 30\/09\/2022 newreporter\u00a9favretto<\/figcaption><\/figure>\n\n\n\n<figure class=\"wp-block-image size-large\"><a href=\"https:\/\/www.ecoitaliano.com.ar\/wp-content\/uploads\/2026\/03\/Norma4-foto-New-Reporter.jpg\"><img decoding=\"async\" width=\"1024\" height=\"633\" data-id=\"87254\" src=\"https:\/\/www.ecoitaliano.com.ar\/wp-content\/uploads\/2026\/03\/Norma4-foto-New-Reporter-1024x633.jpg\" alt=\"\" class=\"wp-image-87254\" srcset=\"https:\/\/www.ecoitaliano.com.ar\/wp-content\/uploads\/2026\/03\/Norma4-foto-New-Reporter-1024x633.jpg 1024w, https:\/\/www.ecoitaliano.com.ar\/wp-content\/uploads\/2026\/03\/Norma4-foto-New-Reporter-300x185.jpg 300w, https:\/\/www.ecoitaliano.com.ar\/wp-content\/uploads\/2026\/03\/Norma4-foto-New-Reporter-768x475.jpg 768w, https:\/\/www.ecoitaliano.com.ar\/wp-content\/uploads\/2026\/03\/Norma4-foto-New-Reporter-1536x949.jpg 1536w, https:\/\/www.ecoitaliano.com.ar\/wp-content\/uploads\/2026\/03\/Norma4-foto-New-Reporter-2048x1266.jpg 2048w\" sizes=\"(max-width: 1024px) 100vw, 1024px\" \/><\/a><figcaption class=\"wp-element-caption\">SPETTACOLI BRESCIA TEATRO GRANDE INAUGURAZIONE STAGIONE LIRICA 2022\/23 NORMA NELLA FOTO SCENA 30\/09\/2022 newreporter\u00a9favretto<\/figcaption><\/figure>\n\n\n\n<figure class=\"wp-block-image size-large\"><a href=\"https:\/\/www.ecoitaliano.com.ar\/wp-content\/uploads\/2026\/03\/Renato-Palumbo-foto-Medres.jpg\"><img decoding=\"async\" width=\"1024\" height=\"972\" data-id=\"87255\" src=\"https:\/\/www.ecoitaliano.com.ar\/wp-content\/uploads\/2026\/03\/Renato-Palumbo-foto-Medres-1024x972.jpg\" alt=\"\" class=\"wp-image-87255\" srcset=\"https:\/\/www.ecoitaliano.com.ar\/wp-content\/uploads\/2026\/03\/Renato-Palumbo-foto-Medres-1024x972.jpg 1024w, https:\/\/www.ecoitaliano.com.ar\/wp-content\/uploads\/2026\/03\/Renato-Palumbo-foto-Medres-300x285.jpg 300w, https:\/\/www.ecoitaliano.com.ar\/wp-content\/uploads\/2026\/03\/Renato-Palumbo-foto-Medres-768x729.jpg 768w, https:\/\/www.ecoitaliano.com.ar\/wp-content\/uploads\/2026\/03\/Renato-Palumbo-foto-Medres-1536x1457.jpg 1536w, https:\/\/www.ecoitaliano.com.ar\/wp-content\/uploads\/2026\/03\/Renato-Palumbo-foto-Medres-2048x1943.jpg 2048w\" sizes=\"(max-width: 1024px) 100vw, 1024px\" \/><\/a><\/figure>\n<\/figure>\n\n\n\n<figure class=\"wp-block-gallery has-nested-images columns-default is-cropped wp-block-gallery-2 is-layout-flex wp-block-gallery-is-layout-flex\">\n<figure class=\"wp-block-image size-large\"><a href=\"https:\/\/www.ecoitaliano.com.ar\/wp-content\/uploads\/2026\/03\/locandina-Norma-2.jpg\"><img decoding=\"async\" width=\"724\" height=\"1024\" data-id=\"87256\" src=\"https:\/\/www.ecoitaliano.com.ar\/wp-content\/uploads\/2026\/03\/locandina-Norma-2-724x1024.jpg\" alt=\"\" class=\"wp-image-87256\" srcset=\"https:\/\/www.ecoitaliano.com.ar\/wp-content\/uploads\/2026\/03\/locandina-Norma-2-724x1024.jpg 724w, https:\/\/www.ecoitaliano.com.ar\/wp-content\/uploads\/2026\/03\/locandina-Norma-2-212x300.jpg 212w, https:\/\/www.ecoitaliano.com.ar\/wp-content\/uploads\/2026\/03\/locandina-Norma-2-768x1086.jpg 768w, https:\/\/www.ecoitaliano.com.ar\/wp-content\/uploads\/2026\/03\/locandina-Norma-2-1086x1536.jpg 1086w, https:\/\/www.ecoitaliano.com.ar\/wp-content\/uploads\/2026\/03\/locandina-Norma-2-1448x2048.jpg 1448w, https:\/\/www.ecoitaliano.com.ar\/wp-content\/uploads\/2026\/03\/locandina-Norma-2.jpg 1654w\" sizes=\"(max-width: 724px) 100vw, 724px\" \/><\/a><\/figure>\n\n\n\n<figure class=\"wp-block-image size-large\"><a href=\"https:\/\/www.ecoitaliano.com.ar\/wp-content\/uploads\/2026\/03\/ff7b7c86cef0be41ce8c01ccb5bca9f0-0.jpg\"><img decoding=\"async\" width=\"724\" height=\"1024\" data-id=\"87257\" src=\"https:\/\/www.ecoitaliano.com.ar\/wp-content\/uploads\/2026\/03\/ff7b7c86cef0be41ce8c01ccb5bca9f0-0-724x1024.jpg\" alt=\"\" class=\"wp-image-87257\" srcset=\"https:\/\/www.ecoitaliano.com.ar\/wp-content\/uploads\/2026\/03\/ff7b7c86cef0be41ce8c01ccb5bca9f0-0-724x1024.jpg 724w, https:\/\/www.ecoitaliano.com.ar\/wp-content\/uploads\/2026\/03\/ff7b7c86cef0be41ce8c01ccb5bca9f0-0-212x300.jpg 212w, https:\/\/www.ecoitaliano.com.ar\/wp-content\/uploads\/2026\/03\/ff7b7c86cef0be41ce8c01ccb5bca9f0-0-768x1086.jpg 768w, https:\/\/www.ecoitaliano.com.ar\/wp-content\/uploads\/2026\/03\/ff7b7c86cef0be41ce8c01ccb5bca9f0-0-1086x1536.jpg 1086w, https:\/\/www.ecoitaliano.com.ar\/wp-content\/uploads\/2026\/03\/ff7b7c86cef0be41ce8c01ccb5bca9f0-0-1448x2048.jpg 1448w, https:\/\/www.ecoitaliano.com.ar\/wp-content\/uploads\/2026\/03\/ff7b7c86cef0be41ce8c01ccb5bca9f0-0.jpg 1654w\" sizes=\"(max-width: 724px) 100vw, 724px\" \/><\/a><\/figure>\n\n\n\n<figure class=\"wp-block-image size-large\"><a href=\"https:\/\/www.ecoitaliano.com.ar\/wp-content\/uploads\/2026\/03\/ff7b7c86cef0be41ce8c01ccb5bca9f0-1.jpg\"><img decoding=\"async\" width=\"724\" height=\"1024\" data-id=\"87258\" src=\"https:\/\/www.ecoitaliano.com.ar\/wp-content\/uploads\/2026\/03\/ff7b7c86cef0be41ce8c01ccb5bca9f0-1-724x1024.jpg\" alt=\"\" class=\"wp-image-87258\" srcset=\"https:\/\/www.ecoitaliano.com.ar\/wp-content\/uploads\/2026\/03\/ff7b7c86cef0be41ce8c01ccb5bca9f0-1-724x1024.jpg 724w, https:\/\/www.ecoitaliano.com.ar\/wp-content\/uploads\/2026\/03\/ff7b7c86cef0be41ce8c01ccb5bca9f0-1-212x300.jpg 212w, https:\/\/www.ecoitaliano.com.ar\/wp-content\/uploads\/2026\/03\/ff7b7c86cef0be41ce8c01ccb5bca9f0-1-768x1086.jpg 768w, https:\/\/www.ecoitaliano.com.ar\/wp-content\/uploads\/2026\/03\/ff7b7c86cef0be41ce8c01ccb5bca9f0-1-1086x1536.jpg 1086w, https:\/\/www.ecoitaliano.com.ar\/wp-content\/uploads\/2026\/03\/ff7b7c86cef0be41ce8c01ccb5bca9f0-1-1448x2048.jpg 1448w, https:\/\/www.ecoitaliano.com.ar\/wp-content\/uploads\/2026\/03\/ff7b7c86cef0be41ce8c01ccb5bca9f0-1.jpg 1654w\" sizes=\"(max-width: 724px) 100vw, 724px\" \/><\/a><\/figure>\n\n\n\n<figure class=\"wp-block-image size-large\"><a href=\"https:\/\/www.ecoitaliano.com.ar\/wp-content\/uploads\/2026\/03\/ff7b7c86cef0be41ce8c01ccb5bca9f0-2.jpg\"><img decoding=\"async\" width=\"724\" height=\"1024\" data-id=\"87259\" src=\"https:\/\/www.ecoitaliano.com.ar\/wp-content\/uploads\/2026\/03\/ff7b7c86cef0be41ce8c01ccb5bca9f0-2-724x1024.jpg\" alt=\"\" class=\"wp-image-87259\" srcset=\"https:\/\/www.ecoitaliano.com.ar\/wp-content\/uploads\/2026\/03\/ff7b7c86cef0be41ce8c01ccb5bca9f0-2-724x1024.jpg 724w, https:\/\/www.ecoitaliano.com.ar\/wp-content\/uploads\/2026\/03\/ff7b7c86cef0be41ce8c01ccb5bca9f0-2-212x300.jpg 212w, https:\/\/www.ecoitaliano.com.ar\/wp-content\/uploads\/2026\/03\/ff7b7c86cef0be41ce8c01ccb5bca9f0-2-768x1086.jpg 768w, https:\/\/www.ecoitaliano.com.ar\/wp-content\/uploads\/2026\/03\/ff7b7c86cef0be41ce8c01ccb5bca9f0-2-1086x1536.jpg 1086w, https:\/\/www.ecoitaliano.com.ar\/wp-content\/uploads\/2026\/03\/ff7b7c86cef0be41ce8c01ccb5bca9f0-2-1448x2048.jpg 1448w, https:\/\/www.ecoitaliano.com.ar\/wp-content\/uploads\/2026\/03\/ff7b7c86cef0be41ce8c01ccb5bca9f0-2.jpg 1654w\" sizes=\"(max-width: 724px) 100vw, 724px\" \/><\/a><\/figure>\n\n\n\n<figure class=\"wp-block-image size-large\"><a href=\"https:\/\/www.ecoitaliano.com.ar\/wp-content\/uploads\/2026\/03\/ff7b7c86cef0be41ce8c01ccb5bca9f0-3.jpg\"><img decoding=\"async\" width=\"724\" height=\"1024\" data-id=\"87260\" src=\"https:\/\/www.ecoitaliano.com.ar\/wp-content\/uploads\/2026\/03\/ff7b7c86cef0be41ce8c01ccb5bca9f0-3-724x1024.jpg\" alt=\"\" class=\"wp-image-87260\" srcset=\"https:\/\/www.ecoitaliano.com.ar\/wp-content\/uploads\/2026\/03\/ff7b7c86cef0be41ce8c01ccb5bca9f0-3-724x1024.jpg 724w, https:\/\/www.ecoitaliano.com.ar\/wp-content\/uploads\/2026\/03\/ff7b7c86cef0be41ce8c01ccb5bca9f0-3-212x300.jpg 212w, https:\/\/www.ecoitaliano.com.ar\/wp-content\/uploads\/2026\/03\/ff7b7c86cef0be41ce8c01ccb5bca9f0-3-768x1086.jpg 768w, https:\/\/www.ecoitaliano.com.ar\/wp-content\/uploads\/2026\/03\/ff7b7c86cef0be41ce8c01ccb5bca9f0-3-1086x1536.jpg 1086w, https:\/\/www.ecoitaliano.com.ar\/wp-content\/uploads\/2026\/03\/ff7b7c86cef0be41ce8c01ccb5bca9f0-3-1448x2048.jpg 1448w, https:\/\/www.ecoitaliano.com.ar\/wp-content\/uploads\/2026\/03\/ff7b7c86cef0be41ce8c01ccb5bca9f0-3.jpg 1654w\" sizes=\"(max-width: 724px) 100vw, 724px\" \/><\/a><\/figure>\n<\/figure>\n\n\n\n<figure class=\"wp-block-gallery has-nested-images columns-default is-cropped wp-block-gallery-3 is-layout-flex wp-block-gallery-is-layout-flex\">\n<figure class=\"wp-block-image size-large\"><a href=\"https:\/\/www.ecoitaliano.com.ar\/wp-content\/uploads\/2026\/03\/a361e7d63098eec15dac0c8876327505-0.jpg\"><img decoding=\"async\" width=\"724\" height=\"1024\" data-id=\"87261\" src=\"https:\/\/www.ecoitaliano.com.ar\/wp-content\/uploads\/2026\/03\/a361e7d63098eec15dac0c8876327505-0-724x1024.jpg\" alt=\"\" class=\"wp-image-87261\" srcset=\"https:\/\/www.ecoitaliano.com.ar\/wp-content\/uploads\/2026\/03\/a361e7d63098eec15dac0c8876327505-0-724x1024.jpg 724w, https:\/\/www.ecoitaliano.com.ar\/wp-content\/uploads\/2026\/03\/a361e7d63098eec15dac0c8876327505-0-212x300.jpg 212w, https:\/\/www.ecoitaliano.com.ar\/wp-content\/uploads\/2026\/03\/a361e7d63098eec15dac0c8876327505-0-768x1086.jpg 768w, https:\/\/www.ecoitaliano.com.ar\/wp-content\/uploads\/2026\/03\/a361e7d63098eec15dac0c8876327505-0-1086x1536.jpg 1086w, https:\/\/www.ecoitaliano.com.ar\/wp-content\/uploads\/2026\/03\/a361e7d63098eec15dac0c8876327505-0-1448x2048.jpg 1448w, https:\/\/www.ecoitaliano.com.ar\/wp-content\/uploads\/2026\/03\/a361e7d63098eec15dac0c8876327505-0.jpg 1654w\" sizes=\"(max-width: 724px) 100vw, 724px\" \/><\/a><\/figure>\n\n\n\n<figure class=\"wp-block-image size-large\"><a href=\"https:\/\/www.ecoitaliano.com.ar\/wp-content\/uploads\/2026\/03\/a361e7d63098eec15dac0c8876327505-1.jpg\"><img decoding=\"async\" width=\"724\" height=\"1024\" data-id=\"87262\" src=\"https:\/\/www.ecoitaliano.com.ar\/wp-content\/uploads\/2026\/03\/a361e7d63098eec15dac0c8876327505-1-724x1024.jpg\" alt=\"\" class=\"wp-image-87262\" srcset=\"https:\/\/www.ecoitaliano.com.ar\/wp-content\/uploads\/2026\/03\/a361e7d63098eec15dac0c8876327505-1-724x1024.jpg 724w, https:\/\/www.ecoitaliano.com.ar\/wp-content\/uploads\/2026\/03\/a361e7d63098eec15dac0c8876327505-1-212x300.jpg 212w, https:\/\/www.ecoitaliano.com.ar\/wp-content\/uploads\/2026\/03\/a361e7d63098eec15dac0c8876327505-1-768x1086.jpg 768w, https:\/\/www.ecoitaliano.com.ar\/wp-content\/uploads\/2026\/03\/a361e7d63098eec15dac0c8876327505-1-1086x1536.jpg 1086w, https:\/\/www.ecoitaliano.com.ar\/wp-content\/uploads\/2026\/03\/a361e7d63098eec15dac0c8876327505-1-1448x2048.jpg 1448w, https:\/\/www.ecoitaliano.com.ar\/wp-content\/uploads\/2026\/03\/a361e7d63098eec15dac0c8876327505-1.jpg 1654w\" sizes=\"(max-width: 724px) 100vw, 724px\" \/><\/a><\/figure>\n\n\n\n<figure class=\"wp-block-image size-large\"><a href=\"https:\/\/www.ecoitaliano.com.ar\/wp-content\/uploads\/2026\/03\/a361e7d63098eec15dac0c8876327505-2.jpg\"><img decoding=\"async\" width=\"724\" height=\"1024\" data-id=\"87263\" src=\"https:\/\/www.ecoitaliano.com.ar\/wp-content\/uploads\/2026\/03\/a361e7d63098eec15dac0c8876327505-2-724x1024.jpg\" alt=\"\" class=\"wp-image-87263\" srcset=\"https:\/\/www.ecoitaliano.com.ar\/wp-content\/uploads\/2026\/03\/a361e7d63098eec15dac0c8876327505-2-724x1024.jpg 724w, https:\/\/www.ecoitaliano.com.ar\/wp-content\/uploads\/2026\/03\/a361e7d63098eec15dac0c8876327505-2-212x300.jpg 212w, https:\/\/www.ecoitaliano.com.ar\/wp-content\/uploads\/2026\/03\/a361e7d63098eec15dac0c8876327505-2-768x1086.jpg 768w, https:\/\/www.ecoitaliano.com.ar\/wp-content\/uploads\/2026\/03\/a361e7d63098eec15dac0c8876327505-2-1086x1536.jpg 1086w, https:\/\/www.ecoitaliano.com.ar\/wp-content\/uploads\/2026\/03\/a361e7d63098eec15dac0c8876327505-2-1448x2048.jpg 1448w, https:\/\/www.ecoitaliano.com.ar\/wp-content\/uploads\/2026\/03\/a361e7d63098eec15dac0c8876327505-2.jpg 1654w\" sizes=\"(max-width: 724px) 100vw, 724px\" \/><\/a><\/figure>\n\n\n\n<figure class=\"wp-block-image size-large\"><a href=\"https:\/\/www.ecoitaliano.com.ar\/wp-content\/uploads\/2026\/03\/a361e7d63098eec15dac0c8876327505-3.jpg\"><img decoding=\"async\" width=\"724\" height=\"1024\" data-id=\"87264\" src=\"https:\/\/www.ecoitaliano.com.ar\/wp-content\/uploads\/2026\/03\/a361e7d63098eec15dac0c8876327505-3-724x1024.jpg\" alt=\"\" class=\"wp-image-87264\" srcset=\"https:\/\/www.ecoitaliano.com.ar\/wp-content\/uploads\/2026\/03\/a361e7d63098eec15dac0c8876327505-3-724x1024.jpg 724w, https:\/\/www.ecoitaliano.com.ar\/wp-content\/uploads\/2026\/03\/a361e7d63098eec15dac0c8876327505-3-212x300.jpg 212w, https:\/\/www.ecoitaliano.com.ar\/wp-content\/uploads\/2026\/03\/a361e7d63098eec15dac0c8876327505-3-768x1086.jpg 768w, https:\/\/www.ecoitaliano.com.ar\/wp-content\/uploads\/2026\/03\/a361e7d63098eec15dac0c8876327505-3-1086x1536.jpg 1086w, https:\/\/www.ecoitaliano.com.ar\/wp-content\/uploads\/2026\/03\/a361e7d63098eec15dac0c8876327505-3-1448x2048.jpg 1448w, https:\/\/www.ecoitaliano.com.ar\/wp-content\/uploads\/2026\/03\/a361e7d63098eec15dac0c8876327505-3.jpg 1654w\" sizes=\"(max-width: 724px) 100vw, 724px\" \/><\/a><\/figure>\n\n\n\n<figure class=\"wp-block-image size-large\"><a href=\"https:\/\/www.ecoitaliano.com.ar\/wp-content\/uploads\/2026\/03\/a361e7d63098eec15dac0c8876327505-4.jpg\"><img decoding=\"async\" width=\"724\" height=\"1024\" data-id=\"87265\" src=\"https:\/\/www.ecoitaliano.com.ar\/wp-content\/uploads\/2026\/03\/a361e7d63098eec15dac0c8876327505-4-724x1024.jpg\" alt=\"\" class=\"wp-image-87265\" srcset=\"https:\/\/www.ecoitaliano.com.ar\/wp-content\/uploads\/2026\/03\/a361e7d63098eec15dac0c8876327505-4-724x1024.jpg 724w, https:\/\/www.ecoitaliano.com.ar\/wp-content\/uploads\/2026\/03\/a361e7d63098eec15dac0c8876327505-4-212x300.jpg 212w, https:\/\/www.ecoitaliano.com.ar\/wp-content\/uploads\/2026\/03\/a361e7d63098eec15dac0c8876327505-4-768x1086.jpg 768w, https:\/\/www.ecoitaliano.com.ar\/wp-content\/uploads\/2026\/03\/a361e7d63098eec15dac0c8876327505-4-1086x1536.jpg 1086w, https:\/\/www.ecoitaliano.com.ar\/wp-content\/uploads\/2026\/03\/a361e7d63098eec15dac0c8876327505-4-1448x2048.jpg 1448w, https:\/\/www.ecoitaliano.com.ar\/wp-content\/uploads\/2026\/03\/a361e7d63098eec15dac0c8876327505-4.jpg 1654w\" sizes=\"(max-width: 724px) 100vw, 724px\" \/><\/a><\/figure>\n<\/figure>\n\n\n\n<figure class=\"wp-block-gallery has-nested-images columns-default is-cropped wp-block-gallery-4 is-layout-flex wp-block-gallery-is-layout-flex\">\n<figure class=\"wp-block-image size-large\"><a href=\"https:\/\/www.ecoitaliano.com.ar\/wp-content\/uploads\/2026\/03\/75cdf4244e1975a1b802503ceb8e493a-0.jpg\"><img decoding=\"async\" width=\"724\" height=\"1024\" data-id=\"87266\" src=\"https:\/\/www.ecoitaliano.com.ar\/wp-content\/uploads\/2026\/03\/75cdf4244e1975a1b802503ceb8e493a-0-724x1024.jpg\" alt=\"\" class=\"wp-image-87266\" srcset=\"https:\/\/www.ecoitaliano.com.ar\/wp-content\/uploads\/2026\/03\/75cdf4244e1975a1b802503ceb8e493a-0-724x1024.jpg 724w, https:\/\/www.ecoitaliano.com.ar\/wp-content\/uploads\/2026\/03\/75cdf4244e1975a1b802503ceb8e493a-0-212x300.jpg 212w, https:\/\/www.ecoitaliano.com.ar\/wp-content\/uploads\/2026\/03\/75cdf4244e1975a1b802503ceb8e493a-0-768x1086.jpg 768w, https:\/\/www.ecoitaliano.com.ar\/wp-content\/uploads\/2026\/03\/75cdf4244e1975a1b802503ceb8e493a-0-1086x1536.jpg 1086w, https:\/\/www.ecoitaliano.com.ar\/wp-content\/uploads\/2026\/03\/75cdf4244e1975a1b802503ceb8e493a-0-1448x2048.jpg 1448w, https:\/\/www.ecoitaliano.com.ar\/wp-content\/uploads\/2026\/03\/75cdf4244e1975a1b802503ceb8e493a-0.jpg 1654w\" sizes=\"(max-width: 724px) 100vw, 724px\" \/><\/a><\/figure>\n\n\n\n<figure class=\"wp-block-image size-large\"><a href=\"https:\/\/www.ecoitaliano.com.ar\/wp-content\/uploads\/2026\/03\/75cdf4244e1975a1b802503ceb8e493a-1.jpg\"><img decoding=\"async\" width=\"724\" height=\"1024\" data-id=\"87267\" src=\"https:\/\/www.ecoitaliano.com.ar\/wp-content\/uploads\/2026\/03\/75cdf4244e1975a1b802503ceb8e493a-1-724x1024.jpg\" alt=\"\" class=\"wp-image-87267\" srcset=\"https:\/\/www.ecoitaliano.com.ar\/wp-content\/uploads\/2026\/03\/75cdf4244e1975a1b802503ceb8e493a-1-724x1024.jpg 724w, https:\/\/www.ecoitaliano.com.ar\/wp-content\/uploads\/2026\/03\/75cdf4244e1975a1b802503ceb8e493a-1-212x300.jpg 212w, https:\/\/www.ecoitaliano.com.ar\/wp-content\/uploads\/2026\/03\/75cdf4244e1975a1b802503ceb8e493a-1-768x1086.jpg 768w, https:\/\/www.ecoitaliano.com.ar\/wp-content\/uploads\/2026\/03\/75cdf4244e1975a1b802503ceb8e493a-1-1086x1536.jpg 1086w, https:\/\/www.ecoitaliano.com.ar\/wp-content\/uploads\/2026\/03\/75cdf4244e1975a1b802503ceb8e493a-1-1448x2048.jpg 1448w, https:\/\/www.ecoitaliano.com.ar\/wp-content\/uploads\/2026\/03\/75cdf4244e1975a1b802503ceb8e493a-1.jpg 1654w\" sizes=\"(max-width: 724px) 100vw, 724px\" \/><\/a><\/figure>\n\n\n\n<figure class=\"wp-block-image size-large\"><a href=\"https:\/\/www.ecoitaliano.com.ar\/wp-content\/uploads\/2026\/03\/75cdf4244e1975a1b802503ceb8e493a-2.jpg\"><img decoding=\"async\" width=\"724\" height=\"1024\" data-id=\"87268\" src=\"https:\/\/www.ecoitaliano.com.ar\/wp-content\/uploads\/2026\/03\/75cdf4244e1975a1b802503ceb8e493a-2-724x1024.jpg\" alt=\"\" class=\"wp-image-87268\" srcset=\"https:\/\/www.ecoitaliano.com.ar\/wp-content\/uploads\/2026\/03\/75cdf4244e1975a1b802503ceb8e493a-2-724x1024.jpg 724w, https:\/\/www.ecoitaliano.com.ar\/wp-content\/uploads\/2026\/03\/75cdf4244e1975a1b802503ceb8e493a-2-212x300.jpg 212w, https:\/\/www.ecoitaliano.com.ar\/wp-content\/uploads\/2026\/03\/75cdf4244e1975a1b802503ceb8e493a-2-768x1086.jpg 768w, https:\/\/www.ecoitaliano.com.ar\/wp-content\/uploads\/2026\/03\/75cdf4244e1975a1b802503ceb8e493a-2-1086x1536.jpg 1086w, https:\/\/www.ecoitaliano.com.ar\/wp-content\/uploads\/2026\/03\/75cdf4244e1975a1b802503ceb8e493a-2-1448x2048.jpg 1448w, https:\/\/www.ecoitaliano.com.ar\/wp-content\/uploads\/2026\/03\/75cdf4244e1975a1b802503ceb8e493a-2.jpg 1654w\" sizes=\"(max-width: 724px) 100vw, 724px\" \/><\/a><\/figure>\n\n\n\n<figure class=\"wp-block-image size-large\"><a href=\"https:\/\/www.ecoitaliano.com.ar\/wp-content\/uploads\/2026\/03\/tempi-Norma.jpg\"><img decoding=\"async\" width=\"724\" height=\"1024\" data-id=\"87269\" src=\"https:\/\/www.ecoitaliano.com.ar\/wp-content\/uploads\/2026\/03\/tempi-Norma-724x1024.jpg\" alt=\"\" class=\"wp-image-87269\" srcset=\"https:\/\/www.ecoitaliano.com.ar\/wp-content\/uploads\/2026\/03\/tempi-Norma-724x1024.jpg 724w, https:\/\/www.ecoitaliano.com.ar\/wp-content\/uploads\/2026\/03\/tempi-Norma-212x300.jpg 212w, https:\/\/www.ecoitaliano.com.ar\/wp-content\/uploads\/2026\/03\/tempi-Norma-768x1086.jpg 768w, https:\/\/www.ecoitaliano.com.ar\/wp-content\/uploads\/2026\/03\/tempi-Norma-1086x1536.jpg 1086w, https:\/\/www.ecoitaliano.com.ar\/wp-content\/uploads\/2026\/03\/tempi-Norma-1448x2048.jpg 1448w, https:\/\/www.ecoitaliano.com.ar\/wp-content\/uploads\/2026\/03\/tempi-Norma.jpg 1654w\" sizes=\"(max-width: 724px) 100vw, 724px\" \/><\/a><\/figure>\n\n\n\n<figure class=\"wp-block-image size-large\"><a href=\"https:\/\/www.ecoitaliano.com.ar\/wp-content\/uploads\/2026\/03\/391f6ca4-e417-4e70-9dc6-1693f2bcbfc5-0.jpg\"><img decoding=\"async\" width=\"724\" height=\"1024\" data-id=\"87270\" src=\"https:\/\/www.ecoitaliano.com.ar\/wp-content\/uploads\/2026\/03\/391f6ca4-e417-4e70-9dc6-1693f2bcbfc5-0-724x1024.jpg\" alt=\"\" class=\"wp-image-87270\" srcset=\"https:\/\/www.ecoitaliano.com.ar\/wp-content\/uploads\/2026\/03\/391f6ca4-e417-4e70-9dc6-1693f2bcbfc5-0-724x1024.jpg 724w, https:\/\/www.ecoitaliano.com.ar\/wp-content\/uploads\/2026\/03\/391f6ca4-e417-4e70-9dc6-1693f2bcbfc5-0-212x300.jpg 212w, https:\/\/www.ecoitaliano.com.ar\/wp-content\/uploads\/2026\/03\/391f6ca4-e417-4e70-9dc6-1693f2bcbfc5-0-768x1086.jpg 768w, https:\/\/www.ecoitaliano.com.ar\/wp-content\/uploads\/2026\/03\/391f6ca4-e417-4e70-9dc6-1693f2bcbfc5-0-1087x1536.jpg 1087w, https:\/\/www.ecoitaliano.com.ar\/wp-content\/uploads\/2026\/03\/391f6ca4-e417-4e70-9dc6-1693f2bcbfc5-0-1449x2048.jpg 1449w, https:\/\/www.ecoitaliano.com.ar\/wp-content\/uploads\/2026\/03\/391f6ca4-e417-4e70-9dc6-1693f2bcbfc5-0.jpg 1811w\" sizes=\"(max-width: 724px) 100vw, 724px\" \/><\/a><\/figure>\n\n\n\n<figure class=\"wp-block-image size-large\"><a href=\"https:\/\/www.ecoitaliano.com.ar\/wp-content\/uploads\/2026\/03\/391f6ca4-e417-4e70-9dc6-1693f2bcbfc5-1.jpg\"><img decoding=\"async\" width=\"724\" height=\"1024\" data-id=\"87271\" src=\"https:\/\/www.ecoitaliano.com.ar\/wp-content\/uploads\/2026\/03\/391f6ca4-e417-4e70-9dc6-1693f2bcbfc5-1-724x1024.jpg\" alt=\"\" class=\"wp-image-87271\" srcset=\"https:\/\/www.ecoitaliano.com.ar\/wp-content\/uploads\/2026\/03\/391f6ca4-e417-4e70-9dc6-1693f2bcbfc5-1-724x1024.jpg 724w, https:\/\/www.ecoitaliano.com.ar\/wp-content\/uploads\/2026\/03\/391f6ca4-e417-4e70-9dc6-1693f2bcbfc5-1-212x300.jpg 212w, https:\/\/www.ecoitaliano.com.ar\/wp-content\/uploads\/2026\/03\/391f6ca4-e417-4e70-9dc6-1693f2bcbfc5-1-768x1086.jpg 768w, https:\/\/www.ecoitaliano.com.ar\/wp-content\/uploads\/2026\/03\/391f6ca4-e417-4e70-9dc6-1693f2bcbfc5-1-1087x1536.jpg 1087w, https:\/\/www.ecoitaliano.com.ar\/wp-content\/uploads\/2026\/03\/391f6ca4-e417-4e70-9dc6-1693f2bcbfc5-1-1449x2048.jpg 1449w, https:\/\/www.ecoitaliano.com.ar\/wp-content\/uploads\/2026\/03\/391f6ca4-e417-4e70-9dc6-1693f2bcbfc5-1.jpg 1811w\" sizes=\"(max-width: 724px) 100vw, 724px\" \/><\/a><\/figure>\n<\/figure>\n","protected":false},"excerpt":{"rendered":"<p>comunicato stampa L\u2019eternit\u00e0 classico-romantica in Norma, capolavoro musicale di Vincenzo Bellini, per la Stagione d\u2019opera 2025-2026 Mercoled\u00ec 18 marzo alle [&hellip;]<\/p>\n","protected":false},"author":1,"featured_media":0,"comment_status":"open","ping_status":"open","sticky":false,"template":"","format":"standard","meta":{"footnotes":""},"categories":[1],"tags":[],"class_list":["post-87249","post","type-post","status-publish","format-standard","hentry","category-sin-categoria"],"_links":{"self":[{"href":"https:\/\/www.ecoitaliano.com.ar\/index.php?rest_route=\/wp\/v2\/posts\/87249","targetHints":{"allow":["GET"]}}],"collection":[{"href":"https:\/\/www.ecoitaliano.com.ar\/index.php?rest_route=\/wp\/v2\/posts"}],"about":[{"href":"https:\/\/www.ecoitaliano.com.ar\/index.php?rest_route=\/wp\/v2\/types\/post"}],"author":[{"embeddable":true,"href":"https:\/\/www.ecoitaliano.com.ar\/index.php?rest_route=\/wp\/v2\/users\/1"}],"replies":[{"embeddable":true,"href":"https:\/\/www.ecoitaliano.com.ar\/index.php?rest_route=%2Fwp%2Fv2%2Fcomments&post=87249"}],"version-history":[{"count":1,"href":"https:\/\/www.ecoitaliano.com.ar\/index.php?rest_route=\/wp\/v2\/posts\/87249\/revisions"}],"predecessor-version":[{"id":87272,"href":"https:\/\/www.ecoitaliano.com.ar\/index.php?rest_route=\/wp\/v2\/posts\/87249\/revisions\/87272"}],"wp:attachment":[{"href":"https:\/\/www.ecoitaliano.com.ar\/index.php?rest_route=%2Fwp%2Fv2%2Fmedia&parent=87249"}],"wp:term":[{"taxonomy":"category","embeddable":true,"href":"https:\/\/www.ecoitaliano.com.ar\/index.php?rest_route=%2Fwp%2Fv2%2Fcategories&post=87249"},{"taxonomy":"post_tag","embeddable":true,"href":"https:\/\/www.ecoitaliano.com.ar\/index.php?rest_route=%2Fwp%2Fv2%2Ftags&post=87249"}],"curies":[{"name":"wp","href":"https:\/\/api.w.org\/{rel}","templated":true}]}}