{"id":87273,"date":"2026-03-14T03:07:46","date_gmt":"2026-03-14T03:07:46","guid":{"rendered":"https:\/\/www.ecoitaliano.com.ar\/?p=87273"},"modified":"2026-03-14T03:07:47","modified_gmt":"2026-03-14T03:07:47","slug":"serena-conduce-operaclassica-eco-italiano-5066","status":"publish","type":"post","link":"https:\/\/www.ecoitaliano.com.ar\/?p=87273","title":{"rendered":"Serena conduce operaclassica eco italiano"},"content":{"rendered":"<div class=\"wp-block-image\">\n<figure class=\"aligncenter size-full is-resized\"><a href=\"https:\/\/www.ecoitaliano.com.ar\/wp-content\/uploads\/2026\/03\/image-18.png\"><img decoding=\"async\" width=\"306\" height=\"138\" src=\"https:\/\/www.ecoitaliano.com.ar\/wp-content\/uploads\/2026\/03\/image-18.png\" alt=\"\" class=\"wp-image-87274\" style=\"width:211px;height:auto\" srcset=\"https:\/\/www.ecoitaliano.com.ar\/wp-content\/uploads\/2026\/03\/image-18.png 306w, https:\/\/www.ecoitaliano.com.ar\/wp-content\/uploads\/2026\/03\/image-18-300x135.png 300w\" sizes=\"(max-width: 306px) 100vw, 306px\" \/><\/a><\/figure><\/div>\n\n\n<p><a><\/a>Ufficio Stampa&nbsp;&nbsp;&nbsp;&nbsp;&nbsp;&nbsp;&nbsp;&nbsp;&nbsp;&nbsp;&nbsp;&nbsp;&nbsp;&nbsp;&nbsp;&nbsp;&nbsp;&nbsp;&nbsp;&nbsp;&nbsp;&nbsp;&nbsp;&nbsp;&nbsp;&nbsp;&nbsp;&nbsp;&nbsp;&nbsp;&nbsp;&nbsp;&nbsp;&nbsp;&nbsp;&nbsp;&nbsp;&nbsp;&nbsp;&nbsp;&nbsp;&nbsp;&nbsp;&nbsp;&nbsp;&nbsp;&nbsp;&nbsp;&nbsp;&nbsp;&nbsp;&nbsp;&nbsp;&nbsp;&nbsp;&nbsp;&nbsp;&nbsp;&nbsp;&nbsp;&nbsp;&nbsp;&nbsp;&nbsp;&nbsp;&nbsp;&nbsp;&nbsp;&nbsp;&nbsp;&nbsp;&nbsp;&nbsp;&nbsp;&nbsp;&nbsp;&nbsp;&nbsp;&nbsp;&nbsp;&nbsp;&nbsp;&nbsp;&nbsp;&nbsp;&nbsp;&nbsp;&nbsp;&nbsp;&nbsp;&nbsp;&nbsp;&nbsp;&nbsp;&nbsp;&nbsp;&nbsp;&nbsp;&nbsp;&nbsp;&nbsp;&nbsp;&nbsp;&nbsp;&nbsp;&nbsp;&nbsp;&nbsp;&nbsp;&nbsp;&nbsp;&nbsp;&nbsp;&nbsp;&nbsp;&nbsp;&nbsp;&nbsp;&nbsp;&nbsp;&nbsp;&nbsp;&nbsp;&nbsp;&nbsp;&nbsp;&nbsp;&nbsp;&nbsp;&nbsp;&nbsp;&nbsp;&nbsp;&nbsp; 12\/03\/2026<\/p>\n\n\n\n<p><strong>PER IL PRIMO GIORNO DI PRIMAVERA, FILM E CONCERTO CON FONDAZIONE ARENA<\/strong><\/p>\n\n\n\n<p><strong><em>I colori di Vivaldi<\/em><\/strong><strong>, concerto con le prime parti dell\u2019Orchestra alle 15.30 in Sala Maffeiana<\/strong><\/p>\n\n\n\n<p><strong>Proiezione del film <em>Shakespeare in love<\/em> al Teatro Filarmonico alle 18.30<\/strong><\/p>\n\n\n\n<p>Fioriscono gli eventi nel primo giorno di primavera. <strong>Sabato 21 marzo<\/strong>, alla vigilia della messa in scena di <em>Falstaff<\/em>, Fondazione Arena d\u00e0 vita a due diversi appuntamenti.<strong> Alle ore 15.30, in Sala Maffeiana, il concerto <em>I Colori di Vivaldi<\/em>. Alle ore 18.30, al Teatro Filarmonico, la proiezione del film <em>Shakespeare in love<\/em>.<\/strong><\/p>\n\n\n\n<p><strong>I COLORI DI VIVALDI.<\/strong> Antonio Vivaldi \u00e8 molto di pi\u00f9 dei celebri concerti dedicati alle <em>Quattro stagioni:<\/em> il primo giorno di primavera, Fondazione Arena di Verona offre l&#8217;opportunit\u00e0 di scoprire un po&#8217; dell&#8217;enorme lascito musicale del \u201cPrete rosso\u201d. Prolifico compositore di opere, musica sacra e strumentale, <strong>Vivaldi<\/strong> <strong>scrisse oltre 600 fra concerti e sonate. Sabato 21 marzo, alle 15.30 nella prestigiosa Sala Maffeiana, l&#8217;Orchestra di Fondazione Arena e le sue prime parti ne propongono sei, per uno o due strumenti solisti<\/strong>, <strong>in un concerto straordinario<\/strong> alla scoperta di un mondo multicolore con Lorenzo D\u2019Ant\u00f2 (flauto), Quentin Capozzoli e Vincenzo Quaranta (violini). In programma i concerti intitolati \u201cLa Notte\u201d, \u201cTempesta di mare\u201d, \u201cCardellino\u201d, \u201cFavorito\u201d e i due op. 3 n. 8 e 11<strong>. Biglietti interi a 10 euro, ridotti per under30 e over65 a 5 euro.&nbsp;<\/strong><\/p>\n\n\n\n<p><strong>SHAKESPEARE IN LOVE<\/strong>. Sempre <strong>sabato 21 marzo, alle 18.30, il Teatro Filarmonico si trasforma in una sala cinematografica.<\/strong> La nuova rassegna <em>Musica e Cinema<\/em> porta sul grande schermo, prima di ogni titolo della Stagione d&#8217;Opera e Balletto 2026, un film&nbsp;cult in lingua originale con sottotitoli in italiano, mettendo in dialogo diverse arti e arricchendo l&#8217;offerta culturale cittadina. Sabato sar\u00e0 proiettato <strong><em>Shakespeare in Love,<\/em> <\/strong>collegamento romantico all\u2019opera Falstaff e alle imprese delle allegre comari di Windsor. Il film&nbsp;del 1998,&nbsp;diretto da John Madden, narra l&#8217;amore dello scrittore William Shakespeare&nbsp;nato durante la preparazione di <em>Romeo e Giulietta<\/em>&nbsp;per una nobildonna, Lady Violet. <em>Shakespeare in love<\/em> \u00e8 stato Insignito di 3 BAFTA, 3 Golden Globe&nbsp;e ben 7 premi Oscar&nbsp;su 13 nomination, tra cui miglior film, migliori costumi, miglior colonna sonora e miglior sceneggiatura (di Tom Stoppard e Marc Norman). Cast stellare: Joseph Fiennes, Gwyneth Paltrow, Judi Dench (entrambe vincitrici dell\u2019Oscar per questa pellicola), Geoffrey Rush, Rupert Everett, Colin Firth, Ben Affleck. <strong>Biglietti a 5 euro<\/strong> in vendita online e alla Biglietterie di via Dietro Anfiteatro e via Roma.<\/p>\n\n\n\n<p><strong>BIGLIETTERIE ARENA DI VERONA<\/strong><strong><\/strong><\/p>\n\n\n\n<p>Via Dietro Anfiteatro 6\/b Aperta da luned\u00ec a venerd\u00ec (10.30 &#8211; 16), sabato (09.15 &#8211; 12.45) &#8211; chiusa la domenica<\/p>\n\n\n\n<p>Via Roma 1 Aperta marted\u00ec, gioved\u00ec e sabato (10 &#8211; 18), mercoled\u00ec e venerd\u00ec (13 &#8211; 20), domenica (12 &#8211; 15.30) &#8211;&nbsp;chiusa il luned\u00ec<\/p>\n\n\n\n<p>Call center 045 8005151<br><a href=\"mailto:biglietteria@arenadiverona.it\">biglietteria@arenadiverona.it<\/a> e <a href=\"mailto:cs@arenadiverona.it\">cs@arenadiverona.it<\/a><\/p>\n\n\n\n<p><a href=\"http:\/\/www.arena.it\">www.arena.it<\/a><\/p>\n\n\n\n<p>Rete vendita Vivaticket<\/p>\n\n\n\n<p><strong>informazioni<\/strong><\/p>\n\n\n\n<p><strong>Ufficio Stampa Fondazione Arena di Verona<\/strong><\/p>\n\n\n\n<p>Via Roma 7\/D, 37121 Verona<\/p>\n\n\n\n<p>tel. (+39) 045 805.1861-1905-1891-1939<\/p>\n\n\n\n<p><a href=\"mailto:ufficio.stampa@arenadiverona.it\">ufficio.stampa@arenadiverona.it<\/a><\/p>\n\n\n\n<p><a href=\"http:\/\/www.arena.it\">www.arena.it<\/a><\/p>\n\n\n\n<p>foto<\/p>\n\n\n\n<figure class=\"wp-block-image size-full\"><a href=\"https:\/\/www.ecoitaliano.com.ar\/wp-content\/uploads\/2026\/03\/image-19.jpg\"><img decoding=\"async\" width=\"855\" height=\"570\" src=\"https:\/\/www.ecoitaliano.com.ar\/wp-content\/uploads\/2026\/03\/image-19.jpg\" alt=\"\" class=\"wp-image-87275\" srcset=\"https:\/\/www.ecoitaliano.com.ar\/wp-content\/uploads\/2026\/03\/image-19.jpg 855w, https:\/\/www.ecoitaliano.com.ar\/wp-content\/uploads\/2026\/03\/image-19-300x200.jpg 300w, https:\/\/www.ecoitaliano.com.ar\/wp-content\/uploads\/2026\/03\/image-19-768x512.jpg 768w\" sizes=\"(max-width: 855px) 100vw, 855px\" \/><\/a><\/figure>\n\n\n\n<figure class=\"wp-block-table\"><table class=\"has-fixed-layout\"><tbody><tr><td>La Sala Maffeiana, sede del concerto&nbsp;<em>I colori di Vivaldi<\/em>&nbsp;con l&#8217;Orchestra areniana (\u00a9EnneviFoto\/Fondazione Arena)<\/td><\/tr><\/tbody><\/table><\/figure>\n\n\n\n<figure class=\"wp-block-image size-large\"><a href=\"https:\/\/www.ecoitaliano.com.ar\/wp-content\/uploads\/2026\/03\/image-19-1.jpg\"><img decoding=\"async\" width=\"719\" height=\"1024\" src=\"https:\/\/www.ecoitaliano.com.ar\/wp-content\/uploads\/2026\/03\/image-19-1-719x1024.jpg\" alt=\"\" class=\"wp-image-87276\" srcset=\"https:\/\/www.ecoitaliano.com.ar\/wp-content\/uploads\/2026\/03\/image-19-1-719x1024.jpg 719w, https:\/\/www.ecoitaliano.com.ar\/wp-content\/uploads\/2026\/03\/image-19-1-211x300.jpg 211w, https:\/\/www.ecoitaliano.com.ar\/wp-content\/uploads\/2026\/03\/image-19-1.jpg 748w\" sizes=\"(max-width: 719px) 100vw, 719px\" \/><\/a><\/figure>\n\n\n\n<figure class=\"wp-block-table\"><table class=\"has-fixed-layout\"><tbody><tr><td>Ufficio Stampa Fondazione Arena di VeronaVia Roma, 7\/D, 37121 Veronatel. 045805.1861 \/.1905 \/.1891 \/.1939 \/.1847c.f.\/p.iva 00231130238<a href=\"http:\/\/www.arena.it\/\" target=\"_blank\" rel=\"noreferrer noopener\">www.arena.it<\/a><a href=\"https:\/\/arenadiverona.invionews.net\/nl\/pd4p8d\/kl02y1k\/jvuvytu\/uf\/5\/bWFpbHRvOnVmZmljaW8uc3RhbXBhQGFyZW5hZGl2ZXJvbmEuaXQ?_d=B2C&amp;_c=ccfc88c8\" target=\"_blank\" rel=\"noreferrer noopener\">ufficio.stampa@arenadiverona.it<\/a><\/td><\/tr><\/tbody><\/table><\/figure>\n\n\n\n<figure class=\"wp-block-table\"><table class=\"has-fixed-layout\"><tbody><tr><td><img decoding=\"async\" alt=\"L'altro volto dell'Arena\u00ae\" width=\"166\" src=\"https:\/\/arenadiverona.invionews.net\/rsp\/pd4p8d\/if\/resizex\/332,null\/rs\/content\/laltro_volto_2.png?_d=B2C&amp;_c=8288fb90\"><\/td><\/tr><\/tbody><\/table><\/figure>\n","protected":false},"excerpt":{"rendered":"<p>Ufficio Stampa&nbsp;&nbsp;&nbsp;&nbsp;&nbsp;&nbsp;&nbsp;&nbsp;&nbsp;&nbsp;&nbsp;&nbsp;&nbsp;&nbsp;&nbsp;&nbsp;&nbsp;&nbsp;&nbsp;&nbsp;&nbsp;&nbsp;&nbsp;&nbsp;&nbsp;&nbsp;&nbsp;&nbsp;&nbsp;&nbsp;&nbsp;&nbsp;&nbsp;&nbsp;&nbsp;&nbsp;&nbsp;&nbsp;&nbsp;&nbsp;&nbsp;&nbsp;&nbsp;&nbsp;&nbsp;&nbsp;&nbsp;&nbsp;&nbsp;&nbsp;&nbsp;&nbsp;&nbsp;&nbsp;&nbsp;&nbsp;&nbsp;&nbsp;&nbsp;&nbsp;&nbsp;&nbsp;&nbsp;&nbsp;&nbsp;&nbsp;&nbsp;&nbsp;&nbsp;&nbsp;&nbsp;&nbsp;&nbsp;&nbsp;&nbsp;&nbsp;&nbsp;&nbsp;&nbsp;&nbsp;&nbsp;&nbsp;&nbsp;&nbsp;&nbsp;&nbsp;&nbsp;&nbsp;&nbsp;&nbsp;&nbsp;&nbsp;&nbsp;&nbsp;&nbsp;&nbsp;&nbsp;&nbsp;&nbsp;&nbsp;&nbsp;&nbsp;&nbsp;&nbsp;&nbsp;&nbsp;&nbsp;&nbsp;&nbsp;&nbsp;&nbsp;&nbsp;&nbsp;&nbsp;&nbsp;&nbsp;&nbsp;&nbsp;&nbsp;&nbsp;&nbsp;&nbsp;&nbsp;&nbsp;&nbsp;&nbsp;&nbsp;&nbsp;&nbsp;&nbsp;&nbsp;&nbsp;&nbsp;&nbsp; 12\/03\/2026 PER IL PRIMO GIORNO DI PRIMAVERA, FILM E CONCERTO CON FONDAZIONE ARENA I colori di Vivaldi, concerto [&hellip;]<\/p>\n","protected":false},"author":1,"featured_media":0,"comment_status":"open","ping_status":"open","sticky":false,"template":"","format":"standard","meta":{"footnotes":""},"categories":[1],"tags":[],"class_list":["post-87273","post","type-post","status-publish","format-standard","hentry","category-sin-categoria"],"_links":{"self":[{"href":"https:\/\/www.ecoitaliano.com.ar\/index.php?rest_route=\/wp\/v2\/posts\/87273","targetHints":{"allow":["GET"]}}],"collection":[{"href":"https:\/\/www.ecoitaliano.com.ar\/index.php?rest_route=\/wp\/v2\/posts"}],"about":[{"href":"https:\/\/www.ecoitaliano.com.ar\/index.php?rest_route=\/wp\/v2\/types\/post"}],"author":[{"embeddable":true,"href":"https:\/\/www.ecoitaliano.com.ar\/index.php?rest_route=\/wp\/v2\/users\/1"}],"replies":[{"embeddable":true,"href":"https:\/\/www.ecoitaliano.com.ar\/index.php?rest_route=%2Fwp%2Fv2%2Fcomments&post=87273"}],"version-history":[{"count":1,"href":"https:\/\/www.ecoitaliano.com.ar\/index.php?rest_route=\/wp\/v2\/posts\/87273\/revisions"}],"predecessor-version":[{"id":87277,"href":"https:\/\/www.ecoitaliano.com.ar\/index.php?rest_route=\/wp\/v2\/posts\/87273\/revisions\/87277"}],"wp:attachment":[{"href":"https:\/\/www.ecoitaliano.com.ar\/index.php?rest_route=%2Fwp%2Fv2%2Fmedia&parent=87273"}],"wp:term":[{"taxonomy":"category","embeddable":true,"href":"https:\/\/www.ecoitaliano.com.ar\/index.php?rest_route=%2Fwp%2Fv2%2Fcategories&post=87273"},{"taxonomy":"post_tag","embeddable":true,"href":"https:\/\/www.ecoitaliano.com.ar\/index.php?rest_route=%2Fwp%2Fv2%2Ftags&post=87273"}],"curies":[{"name":"wp","href":"https:\/\/api.w.org\/{rel}","templated":true}]}}