{"id":87281,"date":"2026-03-14T03:15:46","date_gmt":"2026-03-14T03:15:46","guid":{"rendered":"https:\/\/www.ecoitaliano.com.ar\/?p=87281"},"modified":"2026-03-14T03:15:47","modified_gmt":"2026-03-14T03:15:47","slug":"serena-conduce-operaclassica-eco-italiano-5068","status":"publish","type":"post","link":"https:\/\/www.ecoitaliano.com.ar\/?p=87281","title":{"rendered":"Serena conduce operaclassica eco italiano"},"content":{"rendered":"\n<figure class=\"wp-block-image size-full is-resized\"><a href=\"https:\/\/www.ecoitaliano.com.ar\/wp-content\/uploads\/2026\/03\/image-20.png\"><img decoding=\"async\" width=\"265\" height=\"97\" src=\"https:\/\/www.ecoitaliano.com.ar\/wp-content\/uploads\/2026\/03\/image-20.png\" alt=\"\" class=\"wp-image-87282\" style=\"width:217px;height:auto\"\/><\/a><\/figure>\n\n\n\n<p>comunicato stampa<\/p>\n\n\n\n<p><strong>IL 55\u00b0 PREMIO PUCCINI AL SOPRANO LEONTYNE PRICE<\/strong><\/p>\n\n\n\n<p><strong>Ieri la cerimonia al Metropolitan Opera di New York<\/strong><\/p>\n\n\n\n<p><\/p>\n\n\n\n<p>Si \u00e8 svolta ieri, mercoled\u00ec 11 marzo 2026, al Metropolitan Opera di New York, la cerimonia di consegna del 55\u00b0 Premio Puccini al leggendario soprano americano Leontyne Price, (Laurel, Mississippi, 10 febbraio 1927), tra le massime interpreti pucciniane del Novecento. Ospite di Peter Gelb, General Manager del teatro newyorkese, la delegazione del Festival Puccini \u2013 composta dal Presidente Fabrizio Miracolo, dal Direttore artistico Angelo Taddeo e dal Direttore Generale Stefano Coluccini \u2013 ha incontrato la famiglia del grande soprano (oggi 99enne e impossibilitata ad essere presente) e, insieme alla Console Aggiunta Alessandra Oliva, ha consegnato a Laura Price la statuetta in bronzo del Premio che riproduce l\u2019iconica immagine di Giacomo Puccini come raffigurato da Paolo Troubetzkoy sul Belvedere a Torre del Lago.<\/p>\n\n\n\n<p>Il grande soprano ha inviato alla Fondazione una lettera di ringraziamento, esprimendo la sua emozione per un premio che lega idealmente la sua lunga carriera alla terra che ha dato i natali a Puccini e alla sua tradizione teatrale: \u00abVi ringrazio moltissimo per avermi onorato con il conferimento del 55\u00ba Premio Puccini della Fondazione Festival Pucciniano; mi rincresce di non poter essere l\u00ec con voi, ma desidero esprimere i miei pi\u00f9 profondi sentimenti di gratitudine e apprezzamento al presidente Miracolo, agli Amici del Festival Puccini e anche al vicepresidente della Fondazione Paolo Spadaccini per avermi scelta per questa importante onorificenza. Mi piace raccontarvi che, sebbene mi avvicini ai 99 anni, ogni mattina inizio la mia giornata vocalizzando sino alle note pi\u00f9 acute: gli altri residenti nel condominio a Columbia (Maryland) dove vivo ormai da 11 anni, possono testimoniarlo! Mi rallegra molto pensare ai personaggi pucciniani che ho cantato: Tosca, Manon Lescaut, Butterfly, Li\u00f9, Minnie insieme ad altre bellissime arie pucciniani che ho eseguito in concerto o anche nelle registrazioni come La Rondine o La boh\u00e8me. E con grande partecipazione emotiva che ricordo di aver cantato il ruolo di Tosca per il mio debutto televisivo negli Stati Uniti nel 1955 per il ciclo \u201cNBC Television Opera Theater\u201d. Sono molto riconoscente per questa onorificenza e vi auguro di continuare con successo i vostri progetti artistici\u00bb.<\/p>\n\n\n\n<p>Il Premio Puccini, istituito nel 1971, \u00e8 il massimo riconoscimento dedicato agli interpreti dell\u2019opera pucciniana. Tra i premiati delle ultime edizioni figurano, com\u2019\u00e8 noto, Pl\u00e1cido Domingo, Anna Netrebko, Jonas Kaufmann, Andrea Bocelli e Anna Pirozzi, solo per citarne alcuni. \u00c8 la seconda volta nella storia del premio che la cerimonia si tiene fuori dall\u2019Italia, e di nuovo al Metropolitan Opera di New York \u2013 teatro legato alla storia delle interpretazioni pucciniane \u2013 dove nel 2010 l\u2019allora Presidente della Fondazione, Paolo Spadaccini, consegn\u00f2 il premio al direttore d\u2019orchestra Nicola Luisotti in occasione del centenario de La fanciulla del West. La scelta del ritorno al \u201cMet\u201d non \u00e8 casuale: Leontyne Price, una delle voci pi\u00f9 luminose e carismatiche del Novecento, simbolo della scuola operistica statunitense e artista che ha lasciato un\u2019impronta indelebile anche nel repertorio pucciniano, ne ha calcato il palcoscenico 204 volte nell\u2019arco di quasi venticinque anni (1961-1985), interpretandovi i ruoli iconici del catalogo pucciniano, da Tosca a Cio-Cio-San, Li\u00f9, Minnie e Manon Lescaut, tanto che il suo legame con il Met \u00e8 inscindibile dalla sua identit\u00e0 artistica. Nel 2026 ricorre inoltre il 60\u00b0 anniversario dell\u2019inaugurazione del nuovo Metropolitan Opera al Lincoln Center (16 settembre 1966), evento del quale la stessa Price fu protagonista, creando il ruolo di Cleopatra nella prima mondiale di Antony and Cleopatra di Samuel Barber.<\/p>\n\n\n\n<p>Motivazione del Premio: La Fondazione Festival Pucciniano di Torre del Lago e la Citt\u00e0 di Viareggio conferiscono il 55\u00b0 Premio Puccini a Leontyne Price per aver incarnato, con una voce di incomparabile bellezza e una dignit\u00e0 artistica senza pari, l\u2019ideale vocale e drammatico delle eroine di Giacomo Puccini. Dalla storica Tosca televisiva del 1955, con cui infranse le barriere della segregazione razziale portando Puccini nelle case di milioni di americani, alle incisioni leggendarie con Herbert von Karajan, Erich Leinsdorf e Zubin Mehta; dalla sua Cio-Cio-San di commovente compostezza alla Li\u00f9 di struggente purezza lirica; dalla Manon Lescaut della piena maturit\u00e0 artistica alla Giorgetta del Tabarro, Leontyne Price ha attraversato l\u2019intero universo pucciniano con una padronanza che pochi soprani nella storia hanno eguagliato. Il suo timbro caldo, scuro e brillante \u2013 che i musicologi hanno definito il soprano lirico-spinto per eccellenza \u2013 \u00e8 la voce stessa che Giacomo Puccini avrebbe voluto per le sue eroine: quella voce femminile di cui il Premio Puccini, sin dalla sua istituzione nel 1971, \u00e8 nato per celebrare l\u2019espressione pi\u00f9 alta.<\/p>\n\n\n\n<p>La cerimonia si svolge al Metropolitan Opera di New York \u2013 il teatro che Price ha calcato 204 volte e che ha definito la sua \u00abcasa operistica\u00bb \u2013 nell\u2019anno del 60\u00b0 anniversario dell\u2019inaugurazione del nuovo Lincoln Center Met, che lei stessa inaugur\u00f2 nel 1966. \u00c8 il luogo dove la sua arte e la musica di Puccini si sono incontrate con la storia.<\/p>\n\n\n\n<p>Con questo riconoscimento, la Fondazione Festival Pucciniano onora non soltanto un\u2019interprete suprema, ma una donna che ha dimostrato come la bellezza dell\u2019arte possa trascendere ogni barriera \u2013 razziale, sociale, geografica \u2013 e parlare, attraverso la musica di Puccini, il linguaggio universale dell\u2019umanit\u00e0.<\/p>\n\n\n\n<p>Nata il 10 febbraio 1927 a Laurel, Mississippi, Leontyne Price \u00e8 stata la prima cantante afroamericana a raggiungere la fama internazionale nell\u2019opera lirica. Formatasi alla Juilliard School di New York sotto la guida di Florence Page Kimball, esordisce nel 1952 e diviene rapidamente una delle voci pi\u00f9 celebrate del ventesimo secolo. Il suo debutto al Met il 27 gennaio 1961 come Leonora ne Il trovatore di Verdi gener\u00f2 un\u2019ovazione leggendaria e la copertina di \u00abTime\u00bb. Il suo nome \u00e8 legato a Puccini non meno che a Verdi e du disco ha inciso opere arie che abbracciano l\u2019intero arco della produzione pucciniana, con i pi\u00f9 grandi interpreti del suo tempo da Herbert von Karajan a Zubin Mehta, da Pl\u00e1cido Domingo a Sherrill Milnes. Nel 1955, Price \u00e8 stata la prima artista afroamericana a interpretare un ruolo operistico principale in una televisione nazionale, cantando Tosca nella produzione della NBC Television Opera Theatre. Undici citt\u00e0 del Sud degli Stati Uniti rifiutarono di trasmettere la produzione a causa del cast interrazziale. Quel momento segn\u00f2 una svolta non solo nella storia dell\u2019opera ma anche in quella dei diritti civili americani. Tra i riconoscimenti che le sono stati assegnati la Presidential Medal of Freedom (1964), l\u2019Ordine al Merito della Repubblica Italiana (1965), la National Medal of the Arts (1985), un Grammy Award alla carriera (1989) e oltre 20 Grammy Awards.<\/p>\n\n\n\n<p><br><strong>Fondazione Festival Pucciniano<\/strong><\/p>\n\n\n\n<p><em>Head of Press<\/em><br>Floriana Tessitore&nbsp;<a href=\"tel:+393387339981\" rel=\"noreferrer noopener\" target=\"_blank\">+393387339981<\/a><br><a href=\"mailto:press@puccinifestival.it\" target=\"_blank\" rel=\"noreferrer noopener\">press@puccinifestival.it<\/a><br>&nbsp;<\/p>\n\n\n\n<p>Torre del Lago &#8211; Viareggio, 12 marzo 2026&nbsp;(f.t.)<\/p>\n\n\n\n<p>foto<\/p>\n\n\n\n<figure class=\"wp-block-gallery has-nested-images columns-default is-cropped wp-block-gallery-1 is-layout-flex wp-block-gallery-is-layout-flex\">\n<figure class=\"wp-block-image\"><img decoding=\"async\" width=\"1204\" height=\"1600\" data-id=\"87283\" src=\"http:\/\/www.ecoitaliano.com.ar\/wp-content\/uploads\/2026\/03\/Miracolo-Gelb-Taddeo-Coluccini.jpg\" alt=\"\" class=\"wp-image-87283\" srcset=\"https:\/\/www.ecoitaliano.com.ar\/wp-content\/uploads\/2026\/03\/Miracolo-Gelb-Taddeo-Coluccini.jpg 1204w, https:\/\/www.ecoitaliano.com.ar\/wp-content\/uploads\/2026\/03\/Miracolo-Gelb-Taddeo-Coluccini-226x300.jpg 226w, https:\/\/www.ecoitaliano.com.ar\/wp-content\/uploads\/2026\/03\/Miracolo-Gelb-Taddeo-Coluccini-771x1024.jpg 771w, https:\/\/www.ecoitaliano.com.ar\/wp-content\/uploads\/2026\/03\/Miracolo-Gelb-Taddeo-Coluccini-768x1021.jpg 768w, https:\/\/www.ecoitaliano.com.ar\/wp-content\/uploads\/2026\/03\/Miracolo-Gelb-Taddeo-Coluccini-1156x1536.jpg 1156w\" sizes=\"(max-width: 1204px) 100vw, 1204px\" \/><\/figure>\n\n\n\n<figure class=\"wp-block-image\"><img decoding=\"async\" width=\"1600\" height=\"1204\" data-id=\"87284\" src=\"http:\/\/www.ecoitaliano.com.ar\/wp-content\/uploads\/2026\/03\/Oliva-Miracolo-Price-Gelb-Taddeo-Coluccini.jpg\" alt=\"\" class=\"wp-image-87284\" srcset=\"https:\/\/www.ecoitaliano.com.ar\/wp-content\/uploads\/2026\/03\/Oliva-Miracolo-Price-Gelb-Taddeo-Coluccini.jpg 1600w, https:\/\/www.ecoitaliano.com.ar\/wp-content\/uploads\/2026\/03\/Oliva-Miracolo-Price-Gelb-Taddeo-Coluccini-300x226.jpg 300w, https:\/\/www.ecoitaliano.com.ar\/wp-content\/uploads\/2026\/03\/Oliva-Miracolo-Price-Gelb-Taddeo-Coluccini-1024x771.jpg 1024w, https:\/\/www.ecoitaliano.com.ar\/wp-content\/uploads\/2026\/03\/Oliva-Miracolo-Price-Gelb-Taddeo-Coluccini-768x578.jpg 768w, https:\/\/www.ecoitaliano.com.ar\/wp-content\/uploads\/2026\/03\/Oliva-Miracolo-Price-Gelb-Taddeo-Coluccini-1536x1156.jpg 1536w\" sizes=\"(max-width: 1600px) 100vw, 1600px\" \/><\/figure>\n\n\n\n<figure class=\"wp-block-image\"><img decoding=\"async\" width=\"1600\" height=\"1204\" data-id=\"87285\" src=\"http:\/\/www.ecoitaliano.com.ar\/wp-content\/uploads\/2026\/03\/PHOTO-2026-03-12-02-30-04-1.jpg\" alt=\"\" class=\"wp-image-87285\" srcset=\"https:\/\/www.ecoitaliano.com.ar\/wp-content\/uploads\/2026\/03\/PHOTO-2026-03-12-02-30-04-1.jpg 1600w, https:\/\/www.ecoitaliano.com.ar\/wp-content\/uploads\/2026\/03\/PHOTO-2026-03-12-02-30-04-1-300x226.jpg 300w, https:\/\/www.ecoitaliano.com.ar\/wp-content\/uploads\/2026\/03\/PHOTO-2026-03-12-02-30-04-1-1024x771.jpg 1024w, https:\/\/www.ecoitaliano.com.ar\/wp-content\/uploads\/2026\/03\/PHOTO-2026-03-12-02-30-04-1-768x578.jpg 768w, https:\/\/www.ecoitaliano.com.ar\/wp-content\/uploads\/2026\/03\/PHOTO-2026-03-12-02-30-04-1-1536x1156.jpg 1536w\" sizes=\"(max-width: 1600px) 100vw, 1600px\" \/><\/figure>\n\n\n\n<figure class=\"wp-block-image\"><img decoding=\"async\" width=\"1204\" height=\"1600\" data-id=\"87286\" src=\"http:\/\/www.ecoitaliano.com.ar\/wp-content\/uploads\/2026\/03\/PHOTO-2026-03-12-02-30-04.jpg\" alt=\"\" class=\"wp-image-87286\" srcset=\"https:\/\/www.ecoitaliano.com.ar\/wp-content\/uploads\/2026\/03\/PHOTO-2026-03-12-02-30-04.jpg 1204w, https:\/\/www.ecoitaliano.com.ar\/wp-content\/uploads\/2026\/03\/PHOTO-2026-03-12-02-30-04-226x300.jpg 226w, https:\/\/www.ecoitaliano.com.ar\/wp-content\/uploads\/2026\/03\/PHOTO-2026-03-12-02-30-04-771x1024.jpg 771w, https:\/\/www.ecoitaliano.com.ar\/wp-content\/uploads\/2026\/03\/PHOTO-2026-03-12-02-30-04-768x1021.jpg 768w, https:\/\/www.ecoitaliano.com.ar\/wp-content\/uploads\/2026\/03\/PHOTO-2026-03-12-02-30-04-1156x1536.jpg 1156w\" sizes=\"(max-width: 1204px) 100vw, 1204px\" \/><\/figure>\n\n\n\n<figure class=\"wp-block-image\"><img decoding=\"async\" width=\"1204\" height=\"1600\" data-id=\"87287\" src=\"http:\/\/www.ecoitaliano.com.ar\/wp-content\/uploads\/2026\/03\/PHOTO-2026-03-12-02-30-06-1.jpg\" alt=\"\" class=\"wp-image-87287\" srcset=\"https:\/\/www.ecoitaliano.com.ar\/wp-content\/uploads\/2026\/03\/PHOTO-2026-03-12-02-30-06-1.jpg 1204w, https:\/\/www.ecoitaliano.com.ar\/wp-content\/uploads\/2026\/03\/PHOTO-2026-03-12-02-30-06-1-226x300.jpg 226w, https:\/\/www.ecoitaliano.com.ar\/wp-content\/uploads\/2026\/03\/PHOTO-2026-03-12-02-30-06-1-771x1024.jpg 771w, https:\/\/www.ecoitaliano.com.ar\/wp-content\/uploads\/2026\/03\/PHOTO-2026-03-12-02-30-06-1-768x1021.jpg 768w, https:\/\/www.ecoitaliano.com.ar\/wp-content\/uploads\/2026\/03\/PHOTO-2026-03-12-02-30-06-1-1156x1536.jpg 1156w\" sizes=\"(max-width: 1204px) 100vw, 1204px\" \/><\/figure>\n\n\n\n<figure class=\"wp-block-image\"><img decoding=\"async\" width=\"1600\" height=\"1204\" data-id=\"87288\" src=\"http:\/\/www.ecoitaliano.com.ar\/wp-content\/uploads\/2026\/03\/PHOTO-2026-03-12-02-30-06.jpg\" alt=\"\" class=\"wp-image-87288\" srcset=\"https:\/\/www.ecoitaliano.com.ar\/wp-content\/uploads\/2026\/03\/PHOTO-2026-03-12-02-30-06.jpg 1600w, https:\/\/www.ecoitaliano.com.ar\/wp-content\/uploads\/2026\/03\/PHOTO-2026-03-12-02-30-06-300x226.jpg 300w, https:\/\/www.ecoitaliano.com.ar\/wp-content\/uploads\/2026\/03\/PHOTO-2026-03-12-02-30-06-1024x771.jpg 1024w, https:\/\/www.ecoitaliano.com.ar\/wp-content\/uploads\/2026\/03\/PHOTO-2026-03-12-02-30-06-768x578.jpg 768w, https:\/\/www.ecoitaliano.com.ar\/wp-content\/uploads\/2026\/03\/PHOTO-2026-03-12-02-30-06-1536x1156.jpg 1536w\" sizes=\"(max-width: 1600px) 100vw, 1600px\" \/><\/figure>\n\n\n\n<figure class=\"wp-block-image\"><img decoding=\"async\" width=\"2024\" height=\"2560\" data-id=\"87289\" src=\"http:\/\/www.ecoitaliano.com.ar\/wp-content\/uploads\/2026\/03\/Price-Leontyne_Tosca-1961-62_title-role_Melancon-3.jpg\" alt=\"\" class=\"wp-image-87289\" srcset=\"https:\/\/www.ecoitaliano.com.ar\/wp-content\/uploads\/2026\/03\/Price-Leontyne_Tosca-1961-62_title-role_Melancon-3.jpg 2024w, https:\/\/www.ecoitaliano.com.ar\/wp-content\/uploads\/2026\/03\/Price-Leontyne_Tosca-1961-62_title-role_Melancon-3-237x300.jpg 237w, https:\/\/www.ecoitaliano.com.ar\/wp-content\/uploads\/2026\/03\/Price-Leontyne_Tosca-1961-62_title-role_Melancon-3-810x1024.jpg 810w, https:\/\/www.ecoitaliano.com.ar\/wp-content\/uploads\/2026\/03\/Price-Leontyne_Tosca-1961-62_title-role_Melancon-3-768x971.jpg 768w, https:\/\/www.ecoitaliano.com.ar\/wp-content\/uploads\/2026\/03\/Price-Leontyne_Tosca-1961-62_title-role_Melancon-3-1214x1536.jpg 1214w, https:\/\/www.ecoitaliano.com.ar\/wp-content\/uploads\/2026\/03\/Price-Leontyne_Tosca-1961-62_title-role_Melancon-3-1619x2048.jpg 1619w\" sizes=\"(max-width: 2024px) 100vw, 2024px\" \/><\/figure>\n<\/figure>\n","protected":false},"excerpt":{"rendered":"<p>comunicato stampa IL 55\u00b0 PREMIO PUCCINI AL SOPRANO LEONTYNE PRICE Ieri la cerimonia al Metropolitan Opera di New York Si [&hellip;]<\/p>\n","protected":false},"author":1,"featured_media":0,"comment_status":"open","ping_status":"open","sticky":false,"template":"","format":"standard","meta":{"footnotes":""},"categories":[1],"tags":[],"class_list":["post-87281","post","type-post","status-publish","format-standard","hentry","category-sin-categoria"],"_links":{"self":[{"href":"https:\/\/www.ecoitaliano.com.ar\/index.php?rest_route=\/wp\/v2\/posts\/87281","targetHints":{"allow":["GET"]}}],"collection":[{"href":"https:\/\/www.ecoitaliano.com.ar\/index.php?rest_route=\/wp\/v2\/posts"}],"about":[{"href":"https:\/\/www.ecoitaliano.com.ar\/index.php?rest_route=\/wp\/v2\/types\/post"}],"author":[{"embeddable":true,"href":"https:\/\/www.ecoitaliano.com.ar\/index.php?rest_route=\/wp\/v2\/users\/1"}],"replies":[{"embeddable":true,"href":"https:\/\/www.ecoitaliano.com.ar\/index.php?rest_route=%2Fwp%2Fv2%2Fcomments&post=87281"}],"version-history":[{"count":1,"href":"https:\/\/www.ecoitaliano.com.ar\/index.php?rest_route=\/wp\/v2\/posts\/87281\/revisions"}],"predecessor-version":[{"id":87290,"href":"https:\/\/www.ecoitaliano.com.ar\/index.php?rest_route=\/wp\/v2\/posts\/87281\/revisions\/87290"}],"wp:attachment":[{"href":"https:\/\/www.ecoitaliano.com.ar\/index.php?rest_route=%2Fwp%2Fv2%2Fmedia&parent=87281"}],"wp:term":[{"taxonomy":"category","embeddable":true,"href":"https:\/\/www.ecoitaliano.com.ar\/index.php?rest_route=%2Fwp%2Fv2%2Fcategories&post=87281"},{"taxonomy":"post_tag","embeddable":true,"href":"https:\/\/www.ecoitaliano.com.ar\/index.php?rest_route=%2Fwp%2Fv2%2Ftags&post=87281"}],"curies":[{"name":"wp","href":"https:\/\/api.w.org\/{rel}","templated":true}]}}