{"id":87291,"date":"2026-03-14T03:31:47","date_gmt":"2026-03-14T03:31:47","guid":{"rendered":"https:\/\/www.ecoitaliano.com.ar\/?p=87291"},"modified":"2026-03-14T03:31:49","modified_gmt":"2026-03-14T03:31:49","slug":"serena-conduce-operaclassica-eco-italiano-5069","status":"publish","type":"post","link":"https:\/\/www.ecoitaliano.com.ar\/?p=87291","title":{"rendered":"Serena conduce operaclassica eco italiano"},"content":{"rendered":"<div class=\"wp-block-image\">\n<figure class=\"aligncenter size-large is-resized\"><a href=\"http:\/\/www.ecoitaliano.com.ar\/wp-content\/uploads\/2026\/03\/TRP-24-Marchio-Teatro-Regio-Parma_Blu.png\"><img decoding=\"async\" width=\"1024\" height=\"724\" src=\"http:\/\/www.ecoitaliano.com.ar\/wp-content\/uploads\/2026\/03\/TRP-24-Marchio-Teatro-Regio-Parma_Blu-1024x724.png\" alt=\"\" class=\"wp-image-86715\" style=\"width:189px;height:auto\" srcset=\"https:\/\/www.ecoitaliano.com.ar\/wp-content\/uploads\/2026\/03\/TRP-24-Marchio-Teatro-Regio-Parma_Blu-1024x724.png 1024w, https:\/\/www.ecoitaliano.com.ar\/wp-content\/uploads\/2026\/03\/TRP-24-Marchio-Teatro-Regio-Parma_Blu-300x212.png 300w, https:\/\/www.ecoitaliano.com.ar\/wp-content\/uploads\/2026\/03\/TRP-24-Marchio-Teatro-Regio-Parma_Blu-768x543.png 768w, https:\/\/www.ecoitaliano.com.ar\/wp-content\/uploads\/2026\/03\/TRP-24-Marchio-Teatro-Regio-Parma_Blu-1536x1086.png 1536w, https:\/\/www.ecoitaliano.com.ar\/wp-content\/uploads\/2026\/03\/TRP-24-Marchio-Teatro-Regio-Parma_Blu-2048x1448.png 2048w, https:\/\/www.ecoitaliano.com.ar\/wp-content\/uploads\/2026\/03\/TRP-24-Marchio-Teatro-Regio-Parma_Blu-150x106.png 150w\" sizes=\"(max-width: 1024px) 100vw, 1024px\" \/><\/a><\/figure><\/div>\n\n\n<h1 class=\"wp-block-heading\">MANON LESCAUT<\/h1>\n\n\n\n<h1 class=\"wp-block-heading\">Francesco Ivan Ciampa dirige l\u2019opera di Giacomo Puccini sul podio della Filarmonica di Parma e del Coro del Teatro Regio di Parma, nel nuovo allestimento di Massimo Pizzi Gasparon Contarini coprodotto da Festival Puccini, Teatro Petruzzelli di Bari, Teatro Regio di Parma, Teatro Nazionale dell\u2019Opera di Bucarest, Teatro Nazionale Croato Ivan Zajc di Fiume.<\/h1>\n\n\n\n<h1 class=\"wp-block-heading\">Protagonisti Anastasia Bartoli, al debutto nel ruolo della protagonista, Luciano Ganci, Alessandro Luongo.<\/h1>\n\n\n\n<h1 class=\"wp-block-heading\">La premi\u00e8re trasmessa in diretta su operastreaming.com<\/h1>\n\n\n\n<p>Teatro Regio di Parma<\/p>\n\n\n\n<p>20, 22, 26, 28 marzo 2026<\/p>\n\n\n\n<p><strong><em>Manon Lescaut<\/em><\/strong><em> <\/em>di <strong>Giacomo Puccini<\/strong>, dramma lirico in quattro atti su libretto di <strong>Luigi Illica, Marco Praga, Domenico Oliva<\/strong> da <em>Histoire du Chevalier Des Grieux et<\/em><\/p>\n\n\n\n<p><em>de Manon Lescaut <\/em>di Antoine Fran\u00e7ois Pr\u00e9vost, va in scena <strong>venerd\u00ec 20 marzo alle ore 20.00 <\/strong>(recite <strong>domenica 22 ore 15.30, gioved\u00ec 26 e sabato 28 marzo ore 20.00<\/strong>) nel <strong>nuovo allestimento coprodotto da Festival Puccini, Teatro Petruzzelli di Bari, Teatro Regio di Parma, Teatro Nazionale dell\u2019Opera di Bucarest, Teatro Nazionale Croato Ivan Zajc di Fiume<\/strong>, con regia, scene, costumi, luci di <strong>Massimo Pizzi Gasparon Contarini<\/strong>,coreografie di <strong>Gheorghe Iancu<\/strong> riprese da <strong>Letizia Giuliani <\/strong>e il<strong> Balletto di Venezia<\/strong>. <strong>Francesco Ivan Ciampa <\/strong>dirige la<strong> Filarmonica di Parma <\/strong>e il <strong>Coro del Teatro Regio di Parma<\/strong>,maestro del coro <strong>Martino Faggiani.<\/strong><\/p>\n\n\n\n<p>Protagonisti <strong>Anastasia Bartoli, al debutto nel ruolo di Manon Lescaut<\/strong>, <strong>Luciano Ganci <\/strong>(Renato Des Grieux), <strong>Alessandro Luongo <\/strong>(Lescaut), <strong>Andrea Concetti <\/strong>(Geronte di Ravoir), <strong>Davide Tuscano <\/strong>(Edmondo), <strong>Saverio Pugliese<\/strong> (Un lampionaio \/ Il Maestro di ballo), <strong>Arlene Miatto Albeldas* <\/strong>(Un musico), <strong>Eugenio Maria Degiacomi <\/strong>(Un oste \/ Il Comandante di Marina)<a>, <strong>Cesare Lana<\/strong> (Il Sergente degli Arcieri) e le Madrigaliste <\/a><strong>Alessandra Maniccia, Giulia Gabrielli, Giulia Zaniboni, Lorelay Solis, Ewa Maria Lusnia, Laura Rivolta, Maria Vittoria Primavera, Gloria Petrini<\/strong>.*gi\u00e0 allieva di Accademia Verdiana.<\/p>\n\n\n\n<p>\u201c<em>Manon Lescaut<\/em> \u00e8 il primo successo di Giacomo Puccini, dichiara <strong>Alessio Vlad<\/strong>, direttore artistico del Teatro Regio di Parma. <em>Manon<\/em>, che nell\u2019imperfezione della forma trova la sua identit\u00e0 di capolavoro assoluto. La prima a Torino precede di otto giorni quella di <em>Falstaff<\/em> a Milano. L\u2019ultimo capolavoro di Verdi e il primo di Puccini, in modo antitetico, avviano il melodramma alle rivoluzioni del linguaggio che segneranno il nuovo secolo. Fedele D\u2019Amico la definiva come un <em>Tristano<\/em> italiano, istintivo, senza implicazioni cosmiche. In realt\u00e0 \u00e8 un\u2019opera che rompe violentemente tutti gli schemi che l\u2019avevano preceduta. Nella storia del melodramma rappresenta, infatti, lo spartiacque tra una concezione romantica e idealizzata dell\u2019amore e una rappresentazione dei sentimenti e della vita che, in modo del tutto nuovo, trova le sue ragioni nella negazione di qualunque principio etico. L\u2019amore non \u00e8 pi\u00f9 il simbolo di valori morali, come era stato nelle opere di Verdi, ma \u00e8 un elemento a s\u00e9 stante. Elemento che si identifica, senza mezze misure, in un istinto che in quanto tale non ammette mediazioni ma che genera una passione la cui forza distrugge l\u2019individuo e sovverte un ordine sociale. Passione che si riflette in una musica dominata da un\u2019espressivit\u00e0 estrema e travolgente, filtrata da quello straordinario controllo della materia musicale che da allora in avanti caratterizzer\u00e0 tutta la produzione di Puccini\u201d.<\/p>\n\n\n\n<p>\u201cIl debutto nel ruolo del titolo di Anastasia Bartoli, la cui personalit\u00e0 si sta imponendo sempre pi\u00f9 nel panorama lirico internazionale, costituisce senza dubbio motivo di forte interesse. Cos\u00ec come la presenza di Luciano Ganci che affronta uno dei ruoli pi\u00f9 impervi di tutto il repertorio pucciniano. Francesco Ivan Ciampa torna al Teatro Regio, dopo il successo del <em>Trovatore<\/em> del Festival di due anni fa, mentre lo spettacolo di Massimo Gasparon \u00e8 il frutto della collaborazione tra il Festival Puccini e Teatri italiani ed esteri\u201d.<\/p>\n\n\n\n<p>\u201cQuello che mi ha sempre affascinato in questa partitura \u00e8 la morte di Manon, che \u00e8 l\u2019unico personaggio, credo, nella storia dell\u2019opera a morire a tempo di minuetto, dichiara <strong>Francesco Ivan Ciampa<\/strong>. Ma se si ha un\u2019idea completa della partitura il motivo si chiarisce: Manon resta anche in questo momento quella che \u00e8 sempre stata, una personalit\u00e0 frivola. E questa frivolezza Puccini la usa come cappello sonoro delle disgrazie di Manon, una donna che ha dato importanza alle cose inutili e solo all\u2019ultimo capisce che il senso del tutto \u00e8 un altro, \u00e8 l\u2019amore. \u00c8 una delle chiavi di cui si dovrebbe tenere conto nell\u2019interpretazione di tutta l\u2019opera, ma \u00e8 una sola, un dettaglio nel mare magnum di effetti e situazioni preparate da Puccini fin dall\u2019inizio, fin dall\u2019esplosione di colori del primo atto. Peraltro, fra i primi due atti e i secondi due si percepisce una netta scelta compositiva, che Puccini compie anche in <em>Tosca<\/em> e <em>Madama Butterfly<\/em>, cio\u00e8 una prima parte molto ridondante, ricca di didascalie espressive, che fanno in modo che l\u2019ascoltatore si abitui comodamente a un certo ritmo teatrale. Ma poi la mano geniale di Puccini travolge tutto e nella seconda parte si avvertono sangue e passione travolgente\u201d.<\/p>\n\n\n\n<p>\u201cLa concezione chiave di quest\u2019opera, scrive <strong>Massimo Pizzi Gasparon Contarini<\/strong>, risiede nella psicologia di Manon, alla spasmodica ricerca della propria affermazione sociale e del soddisfacimento di ogni suo capriccio materiale. In effetti risulta evidente come si possano trovare molti punti di contatto con la societ\u00e0 attuale estremamente superficiale e materialistica, convinta di trovare la felicit\u00e0 solo nel consumo ossessivo di beni di lusso. Manon dimostra di non avere alcuna morale e non fa alcuno sforzo per simularla: il suo rapporto con Des Grieux \u00e8 bivalente ma in fondo lei mira solo alla soddisfazione fisica dell\u2019attrazione che prova per lui. Manon non riesce a cambiare, non pu\u00f2 cambiare. Anche nei momenti pi\u00f9 drammatici si lascia andare a considerazioni solo sulla sua bellezza che svanisce e sulla mancanza di una vita agiata. Non \u00e8 mai davvero disposta a sacrificare alcun suo desiderio all\u2019amore sincero di Des Grieux che al contrario si perde e si danna per seguirla e salvarla. In un certo senso Manon Lescaut ci parla della incomunicabilit\u00e0 tra due innamorati che si amano in modo molto diverso e non si rassegnano a vedere la realt\u00e0 in tutta la sua crudezza. Manon non accetta la visione romantica e idealistica di Des Grieux mentre lui perdona ripetutamente la ragazza anche dopo numerosi tradimenti e fughe, rifiutando di vedere la realt\u00e0 della relazione. Non sta a noi giudicare una storia d\u2019amore tra giovani, ma certamente ci obbliga a riflettere sulle possibilit\u00e0 reali dei due giovani di potere costruire davvero un futuro assieme. Il grande fascino di quest\u2019opera secondo me risiede proprio nella grande diversit\u00e0 dei loro animi e nella diversa visione che hanno della vita e dell\u2019amore, rendendo palese fin da subito un presagio latente di disagio e insoddisfazione. [\u2026] Alchemicamente potremmo assegnare ai quattro atti i quattro elementi elementari che descrivono il degrado inarrestabile e definitivo di Manon che nella sua fase pi\u00f9 elevata passa dal fuoco, all\u2019aria, all\u2019acqua e infine alla terra. La distruzione \u00e8 sia morale che fisica e certamente Puccini non era estraneo a una concezione esoterica nei suoi libretti\u201d.<\/p>\n\n\n\n<p>\u201cPresentata il primo giorno di febbraio del 1893 al Teatro Regio di Torino &#8211; scrive <strong>Giuseppe Martini<\/strong> &#8211; una settimana prima del debutto a Milano di <em>Falstaff<\/em>, che stava attirando l\u2019attenzione del mondo operistico italiano, <em>Manon Lescaut<\/em> segn\u00f2 il vero inizio del successo di Giacomo Puccini, dopo l\u2019accidentata esperienza di <em>Edgar<\/em> che stava minacciando la possibilit\u00e0, fortemente coltivata dall\u2019editore Giulio Ricordi, di fare del compositore lucchese l\u2019erede di Verdi. Nonostante l\u2019azzardata scelta del soggetto, lo stesso di un\u2019opera di Massenet che stava veleggiando con successo in tutto il mondo, l\u2019opera si rivel\u00f2 una scelta azzeccata: Puccini riusc\u00ec qui a mettere a segno la definizione di una vicenda in cui il sentimento amoroso \u00e8 sciolto dai valori morali a cui era legato nel mondo verdiano e a farne una dimensione autonoma e pura, ignara del futuro, che il decadimento della giovent\u00f9 finir\u00e0 per dissolvere fuorch\u00e9 nel ricordo. Riusc\u00ec a farlo sfruttando le idee wagneriane circolanti in Italia in quegli anni, senza tuttavia farsi un imitatore. I motivi conduttori sono usati in chiave di reminiscenza, i momenti sinfonici come soluzione di un\u2019esigenza espressiva che la parola non poteva colmare: un risultato ottenuto dopo quattro anni di lavoro tormentato soprattutto per l\u2019elaborazione del libretto, che giunse alla sua formulazione definitiva grazie all\u2019intervento di Luigi Illica, destinato a ricoprire un ruolo importantissimo per Puccini nelle successive tre opere\u201d.<\/p>\n\n\n\n<p><strong>OPERASTREAMING<\/strong><\/p>\n\n\n\n<p>La premi\u00e8re di<strong><em>Manon Lescaut<\/em><\/strong> di <strong>venerd\u00ec 20 marzo alle ore 20.00 <\/strong>sar\u00e0 trasmessa <strong>in diretta su<\/strong> <a href=\"https:\/\/operastreaming.com\/spettacolo-manon-lescaut-parma-2026\/\"><strong>operastreaming.com<\/strong><\/a>, il portale gratuito della Regione Emilia-Romagna sviluppato in collaborazione con EDUNOVA-Universit\u00e0 di Modena e Reggio Emilia. L\u2019opera, disponibile con sottotitoli in italiano e in inglese, sar\u00e0 corredata da contenuti extra che porteranno gli spettatori alla scoperta della citt\u00e0, del Teatro e del suo dietro le quinte, e <strong>rester\u00e0 disponibile sulla piattaforma per i successivi sei mesi dalla messa in onda. <\/strong>Operastreaming \u00e8 il primo portale regionale di opera lirica in Italia. Dal 2019propone ogni anno un cartellone stagionale di trasmissioni video dal vivo realizzate nei principali teatri dell\u2019Emilia-Romagna, ampliando l\u2019accessibilit\u00e0 e l\u2019inclusivit\u00e0 e con l\u2019obiettivo di identificare e promuovere la Regione Emilia-Romagna quale territorio di tradizione lirica e di produzione operistica di assoluto prestigio internazionale.<\/p>\n\n\n\n<p><strong>PRIMA CHE SI ALZI IL SIPARIO<\/strong><\/p>\n\n\n\n<p>Per<strong><em> Prima che si alzi il sipario<\/em><\/strong>, <strong>sabato 14 marzo 2026 alle<\/strong> <strong>ore 17.00<\/strong> al <strong>Ridotto del Teatro Regio di Parma, Giuseppe Martini<\/strong> introdurr\u00e0 all\u2019ascolto dell\u2019opera presentandone il compositore, la genesi dell\u2019opera e i capolavori letterari a cui si ispira con la partecipazione dei <strong>cantanti del Conservatorio di Musica \u201cArrigo Boito\u201d di Parma<\/strong>, <strong>Kwon Heesung <\/strong>(Renato Des Grieux), <strong>Han Yue, <\/strong><strong>Chihiro Tono, Zhang Tiange<\/strong> (Manon Lescaut), accompagnati al pianoforte da <strong>Milo Martani<\/strong> e coordinati da <strong>Donatella Saccardi<\/strong>, che interpreteranno alcuni brani. <strong>Francesca Colla<\/strong>, <strong>Luca Faroldi<\/strong> eseguiranno l\u2019intermezzo nella trascrizione per pianoforte a quattro mani.<\/p>\n\n\n\n<p><strong>PROVA UNDER 30 CON AFTERSHOW E PROVA APERTA<\/strong><\/p>\n\n\n\n<p>Nei giorni che precedono il debutto,<strong> sono aperte al pubblico la prova riservata agli under 30 luned\u00ec 16 marzo ore 20.00<\/strong>,al termine <strong>aftershow <\/strong>con <strong>aperitivo e dj set di Filippo Orlandi <\/strong>nelle sale del Ridotto, e la <strong>prova di mercoled\u00ec 18 marzo ore 15.30<\/strong>.<\/p>\n\n\n\n<p><strong>REGIOINSIEME<\/strong><\/p>\n\n\n\n<p>Diversi gli appuntamenti di RegioInsieme dedicati a <em>Manon Lescaut<\/em>, ideati per gli studenti universitari, le persone con deficit visivo o bisogni comunicativi complessi, i detenuti degli Istituti Penitenziari di Parma.<\/p>\n\n\n\n<p>Dopo l\u2019incontro di introduzione all\u2019ascolto realizzato nei giorni scorsi in collaborazione con UICI Parma (Unione Italiana Ciechi e Ipovedenti) a cura di Laura Minto con brani musicali eseguiti al pianoforte da Milo Martani,nell\u2019ambito del progetto<em> <strong>Vivere il Teatro<\/strong> <\/em>in collaborazione con <strong>Universit\u00e0 di Parma<\/strong> e <strong>CAPAS<\/strong>, Centro per le Attivit\u00e0 e le Professioni delle Arti e dello Spettacolo, <strong>venerd\u00ec 13 marzo dalle ore 15.00<\/strong> prosegue il percorso dedicato agli studenti universitari, che dopo una conversazione introduttiva potranno scoprire l\u2019opera in debutto assistendo alla prova di assieme.<\/p>\n\n\n\n<p>In occasione della recita dedicata agli Under 30 <strong>luned\u00ec 16 marzo alle ore 20.00<\/strong>, l\u2019opera sar\u00e0 presentata in foyer nei pittogrammi della <strong>CAA &#8211; Comunicazione Aumentativa Alternativa<\/strong> per poter leggere e interpretare la storia in modo pi\u00f9 accessibile: attraverso le parole, le immagini, nell\u2019ambito del progetto realizzato in collaborazione con Fare Leggere Tutti APS, che ha l\u2019obiettivo di supportare e migliorare la comunicazione servendosi di strategie e strumenti che aiutano a esprimersi e a comprendere meglio il messaggio. Attraverso l\u2019utilizzo di simboli, immagini e parole chiave l\u2019opera lirica diventa un\u2019esperienza inclusiva che favorisce la partecipazione, la comprensione e il coinvolgimento emotivo di un pubblico pi\u00f9 ampio, con un\u2019attenzione particolare alle persone con bisogni comunicativi complessi<em>.<\/em><\/p>\n\n\n\n<p><strong>Sabato 28 marzo alle ore 11.00<\/strong> presso gli <strong>Istituti Penitenziari di Parma<\/strong> (ingresso riservato al pubblico autorizzato) il <strong>Coro dei detenuti<\/strong> preparato da <strong>Gabriella Corsaro<\/strong> presenter\u00e0 l\u2019esito del percorso dedicato a <em>Manon Lescaut<\/em> interpretandone alcuni brani con l\u2019accompagnamento al pianoforte di <strong>Milo<\/strong> <strong>Martani<\/strong> e la partecipazione degli artisti del cast di <em>Manon Lescaut<\/em> che hanno aderito al manifesto etico del Teatro Regio di Parma.<\/p>\n\n\n\n<p><strong>BIGLIETTERIA DEL TEATRO REGIO DI PARMA<\/strong><\/p>\n\n\n\n<p>Biglietti da 10 a 120 euro. Agevolazioni e riduzioni sono rivolte a Under30, famiglie, lavoratori, neomaggiorenni, studenti e docenti, studenti universitari, gruppi, aziende. Strada Giuseppe Garibaldi, 16\/A 43121 Parma Tel. +39 0521 203999 biglietteria@teatroregioparma.it<\/p>\n\n\n\n<p>I biglietti sono disponibili online su www.teatroregioparma.it. Orari di apertura: la Biglietteria del Teatro Regio di Parma \u00e8 aperta da marted\u00ec a sabato dalle 10.00 alle 13.00, il mercoled\u00ec e il venerd\u00ec dalle 16.00 alle 18.00 e un\u2019ora e mezza prima dello spettacolo. In caso di spettacolo nei giorni di chiusura, da un\u2019ora e mezza prima dello spettacolo. Chiuso il luned\u00ec, la domenica e i giorni festivi.<\/p>\n\n\n\n<p><strong>PARTNER E SPONSOR<\/strong><\/p>\n\n\n\n<p><em>La Stagione del Teatro Regio di Parma \u00e8 realizzata grazie al contributo di<\/em> Ministero della Cultura, Regione Emilia-Romagna, Comune di Parma, Reggio Parma Festival. <em>Major partner <\/em>Fondazione Cariparma. <em>Main<\/em> <em>partner <\/em>Chiesi. <em>Cultural partner <\/em>Cr\u00e9dit Agricole. <em>Media partner<\/em> Mediaset Publitalia \u201980.<em> Main sponsor <\/em>Iren, Barilla. <em>Sponsor <\/em>Agugiaro e Figna, Ce.P.I.M., Grasselli, La Giovane, Mutti, Opem, GloveICT, Amoretti, GHC, Poliambulatorio Dalla Rosa Prati, Drill Pac, Rainieri. <em>Mobility partner <\/em>Tep. <em>Security partner <\/em>Metronotte. <em>Wine partner <\/em>Oinoe.<em> Educational partner<\/em> Parmalat. <em>Fair Play partner<\/em> Zebre. <em>Identity Partner<\/em> Parma Calcio.<em> Radio Ufficiale<\/em> Radio Monte Carlo. <em>Con il contributo di <\/em>Ascom Confcommercio Parma Fondazione, Ascom Parma Confcommercio, Camera di Commercio dell\u2019Emilia, Fondazione Monteparma. <em>Legal counselling <\/em>Villa&amp;Partners. <em>Con il supporto di<\/em> \u201cParma, io ci sto!\u201d. <em>I concerti sono realizzati grazie al contributo di <\/em>Sinapsi Group. <em>Sostenitori tecnici<\/em> Ds Solutions, Teamwork, Graphital. <em>Partner artistici e istituzionali <\/em>Casa della Musica, Coro del Teatro Regio di Parma, Conservatorio \u201cArrigo Boito\u201d, Societ\u00e0 dei Concerti di Parma, La Toscanini. <em>Il Teatro Regio aderisce a <\/em>Parma Citt\u00e0 Climate Neutral 2030<em>, <\/em>ATIT, AGIS<em>, <\/em>Comitato per la Salvaguardia dell\u2019Arte del Canto Lirico Italiano, Fedora, Opera Europa, Opera Vision, Emilia taste, nature &amp; culture.<\/p>\n\n\n\n<p><a>Parma, 11 marzo 2026<\/a><\/p>\n\n\n\n<p>Paolo Maier<\/p>\n\n\n\n<p><em>Responsabile Comunicazione istituzionale, Ufficio Stampa, Archivio<\/em><\/p>\n\n\n\n<p>Teatro Regio di Parma strada Garibaldi, 16\/A, 43121 Parma \u2013 Italia<\/p>\n\n\n\n<p>Tel. +39 0521 203969<\/p>\n\n\n\n<p>p.maier@teatroregioparma.it<\/p>\n\n\n\n<p>stampa@teatroregioparma.it<\/p>\n\n\n\n<p>www.teatroregioparma.it<\/p>\n\n\n\n\n\n\n\n\n\n\n\n<p><a href=\"http:\/\/www.facebook.com\/teatroregioparma\"><\/a>&nbsp;&nbsp;&nbsp;<strong><br><\/strong><\/p>\n\n\n\n<p>Teatro Regio di Parma<\/p>\n\n\n\n<p>Venerd\u00ec 20 marzo 2026, ore 20.00 turno A<\/p>\n\n\n\n<p>Domenica 22 marzo 2026, ore 15.30 turno D<\/p>\n\n\n\n<p>Gioved\u00ec 26 marzo 2026, ore 20.00 turno B<\/p>\n\n\n\n<p>Sabato 28 marzo 2026, ore 20.00 turno C<\/p>\n\n\n\n<p>Prova Under 30 luned\u00ec 16 marzo 2026, ore 20.00<\/p>\n\n\n\n<p>Prova Aperta mercoled\u00ec 18 marzo 2026, ore 15.30<\/p>\n\n\n\n<p><strong>MANON LESCAUT<\/strong><\/p>\n\n\n\n<p>Giacomo Puccini<\/p>\n\n\n\n<p>Dramma lirico in quattro atti su libretto di Luigi Illica, Marco Praga, Domenico Oliva da <em>Histoire du Chevalier Des Grieux et de Manon Lescaut<\/em> di Antoine Fran\u00e7ois Pr\u00e9vost<\/p>\n\n\n\n<p>Edizione Casa Ricordi, Milano<\/p>\n\n\n\n<p>Prima rappresentazione il 1\u00b0 febbraio 1893 al Teatro Regio di Torino<\/p>\n\n\n\n<figure class=\"wp-block-table\"><table class=\"has-fixed-layout\"><tbody><tr><td>Manon Lescaut<\/td><td><strong>Anastasia Bartoli<\/strong><\/td><\/tr><tr><td>Renato Des Grieux<\/td><td><strong>Luciano Ganci<\/strong><\/td><\/tr><tr><td>Lescaut<\/td><td><strong>Alessandro Luongo<\/strong><\/td><\/tr><tr><td>Geronte di Ravoir<\/td><td><strong>Andrea Concetti<\/strong><\/td><\/tr><tr><td>Edmondo<\/td><td><strong>Davide Tuscano<\/strong><\/td><\/tr><tr><td>Un lampionaio \/ Il Maestro di ballo<\/td><td><strong>Saverio Pugliese<\/strong><\/td><\/tr><tr><td>Un musico<\/td><td><strong>Arlene Miatto Albeldas*<\/strong><\/td><\/tr><tr><td>Un oste \/ Il Comandante di Marina<\/td><td><strong>Eugenio Maria Degiacomi<\/strong><\/td><\/tr><tr><td>Madrigaliste &nbsp;<\/td><td><strong>Alessandra Maniccia, Giulia Gabrielli, Giulia Zaniboni, Lorelay Solis, Ewa Maria Lusnia, Laura Rivolta,<\/strong> <strong>Maria Vittoria Primavera, Gloria Petrini<\/strong><\/td><\/tr><tr><td>Il Sergente degli Arcieri<\/td><td><strong>Cesare Lana<\/strong><\/td><\/tr><\/tbody><\/table><\/figure>\n\n\n\n<p>*gi\u00e0 allieva di Accademia Verdiana<\/p>\n\n\n\n<p>Direttore <strong>Francesco Ivan Ciampa<\/strong><\/p>\n\n\n\n<p>Regia, scene, costumi, luci <strong>Massimo Pizzi Gasparon Contarini<\/strong><\/p>\n\n\n\n<p>Coreografie di <strong>Gheorghe Iancu<\/strong> riprese da <strong>Letizia Giuliani<\/strong><\/p>\n\n\n\n<p><strong>FILARMONICA DI PARMA<\/strong><\/p>\n\n\n\n<p><strong>CORO DEL TEATRO REGIO DI PARMA<\/strong><\/p>\n\n\n\n<p>Maestro del coro <strong>Martino Faggiani<\/strong><\/p>\n\n\n\n<p><strong>BALLETTO DI VENEZIA<\/strong><\/p>\n\n\n\n<p>Nuovo allestimento in coproduzione con<strong> Festival Puccini, Teatro Petruzzelli di Bari, Teatro Regio di Parma, Teatro Nazionale dell\u2019Opera di Bucarest,<\/strong><\/p>\n\n\n\n<p><strong>Teatro Nazionale Croato di Fiume<\/strong><\/p>\n\n\n\n<p>Spettacolo con sopratitoli in italiano<\/p>\n\n\n\n<figure class=\"wp-block-gallery has-nested-images columns-default is-cropped wp-block-gallery-1 is-layout-flex wp-block-gallery-is-layout-flex\">\n<figure class=\"wp-block-image size-large\"><a href=\"https:\/\/www.ecoitaliano.com.ar\/wp-content\/uploads\/2026\/03\/IMG_9516.jpeg\"><img decoding=\"async\" width=\"1024\" height=\"768\" data-id=\"87292\" src=\"https:\/\/www.ecoitaliano.com.ar\/wp-content\/uploads\/2026\/03\/IMG_9516-1024x768.jpeg\" alt=\"\" class=\"wp-image-87292\" srcset=\"https:\/\/www.ecoitaliano.com.ar\/wp-content\/uploads\/2026\/03\/IMG_9516-1024x768.jpeg 1024w, https:\/\/www.ecoitaliano.com.ar\/wp-content\/uploads\/2026\/03\/IMG_9516-300x225.jpeg 300w, https:\/\/www.ecoitaliano.com.ar\/wp-content\/uploads\/2026\/03\/IMG_9516-768x576.jpeg 768w, https:\/\/www.ecoitaliano.com.ar\/wp-content\/uploads\/2026\/03\/IMG_9516-1536x1152.jpeg 1536w, https:\/\/www.ecoitaliano.com.ar\/wp-content\/uploads\/2026\/03\/IMG_9516-2048x1536.jpeg 2048w\" sizes=\"(max-width: 1024px) 100vw, 1024px\" \/><\/a><\/figure>\n\n\n\n<figure class=\"wp-block-image size-large\"><a href=\"https:\/\/www.ecoitaliano.com.ar\/wp-content\/uploads\/2026\/03\/IMG_9521.jpeg\"><img decoding=\"async\" width=\"1024\" height=\"768\" data-id=\"87293\" src=\"https:\/\/www.ecoitaliano.com.ar\/wp-content\/uploads\/2026\/03\/IMG_9521-1024x768.jpeg\" alt=\"\" class=\"wp-image-87293\" srcset=\"https:\/\/www.ecoitaliano.com.ar\/wp-content\/uploads\/2026\/03\/IMG_9521-1024x768.jpeg 1024w, https:\/\/www.ecoitaliano.com.ar\/wp-content\/uploads\/2026\/03\/IMG_9521-300x225.jpeg 300w, https:\/\/www.ecoitaliano.com.ar\/wp-content\/uploads\/2026\/03\/IMG_9521-768x576.jpeg 768w, https:\/\/www.ecoitaliano.com.ar\/wp-content\/uploads\/2026\/03\/IMG_9521-1536x1152.jpeg 1536w, https:\/\/www.ecoitaliano.com.ar\/wp-content\/uploads\/2026\/03\/IMG_9521-2048x1536.jpeg 2048w\" sizes=\"(max-width: 1024px) 100vw, 1024px\" \/><\/a><\/figure>\n\n\n\n<figure class=\"wp-block-image size-large\"><a href=\"https:\/\/www.ecoitaliano.com.ar\/wp-content\/uploads\/2026\/03\/IMG_9539.jpeg\"><img decoding=\"async\" width=\"1024\" height=\"768\" data-id=\"87294\" src=\"https:\/\/www.ecoitaliano.com.ar\/wp-content\/uploads\/2026\/03\/IMG_9539-1024x768.jpeg\" alt=\"\" class=\"wp-image-87294\" srcset=\"https:\/\/www.ecoitaliano.com.ar\/wp-content\/uploads\/2026\/03\/IMG_9539-1024x768.jpeg 1024w, https:\/\/www.ecoitaliano.com.ar\/wp-content\/uploads\/2026\/03\/IMG_9539-300x225.jpeg 300w, https:\/\/www.ecoitaliano.com.ar\/wp-content\/uploads\/2026\/03\/IMG_9539-768x576.jpeg 768w, https:\/\/www.ecoitaliano.com.ar\/wp-content\/uploads\/2026\/03\/IMG_9539-1536x1152.jpeg 1536w, https:\/\/www.ecoitaliano.com.ar\/wp-content\/uploads\/2026\/03\/IMG_9539-2048x1536.jpeg 2048w\" sizes=\"(max-width: 1024px) 100vw, 1024px\" \/><\/a><\/figure>\n\n\n\n<figure class=\"wp-block-image size-large\"><a href=\"https:\/\/www.ecoitaliano.com.ar\/wp-content\/uploads\/2026\/03\/Manifesto-Manon-Lescaut_page-0001.jpg\"><img decoding=\"async\" width=\"721\" height=\"1024\" data-id=\"87295\" src=\"https:\/\/www.ecoitaliano.com.ar\/wp-content\/uploads\/2026\/03\/Manifesto-Manon-Lescaut_page-0001-721x1024.jpg\" alt=\"\" class=\"wp-image-87295\" srcset=\"https:\/\/www.ecoitaliano.com.ar\/wp-content\/uploads\/2026\/03\/Manifesto-Manon-Lescaut_page-0001-721x1024.jpg 721w, https:\/\/www.ecoitaliano.com.ar\/wp-content\/uploads\/2026\/03\/Manifesto-Manon-Lescaut_page-0001-211x300.jpg 211w, https:\/\/www.ecoitaliano.com.ar\/wp-content\/uploads\/2026\/03\/Manifesto-Manon-Lescaut_page-0001-768x1090.jpg 768w, https:\/\/www.ecoitaliano.com.ar\/wp-content\/uploads\/2026\/03\/Manifesto-Manon-Lescaut_page-0001-1082x1536.jpg 1082w, https:\/\/www.ecoitaliano.com.ar\/wp-content\/uploads\/2026\/03\/Manifesto-Manon-Lescaut_page-0001-1442x2048.jpg 1442w, https:\/\/www.ecoitaliano.com.ar\/wp-content\/uploads\/2026\/03\/Manifesto-Manon-Lescaut_page-0001.jpg 1803w\" sizes=\"(max-width: 721px) 100vw, 721px\" \/><\/a><\/figure>\n\n\n\n<figure class=\"wp-block-image size-large\"><a href=\"https:\/\/www.ecoitaliano.com.ar\/wp-content\/uploads\/2026\/03\/Foglio-di-sala-Manon-Lescaut_page-0001.jpg\"><img decoding=\"async\" width=\"681\" height=\"1024\" data-id=\"87296\" src=\"https:\/\/www.ecoitaliano.com.ar\/wp-content\/uploads\/2026\/03\/Foglio-di-sala-Manon-Lescaut_page-0001-681x1024.jpg\" alt=\"\" class=\"wp-image-87296\" srcset=\"https:\/\/www.ecoitaliano.com.ar\/wp-content\/uploads\/2026\/03\/Foglio-di-sala-Manon-Lescaut_page-0001-681x1024.jpg 681w, https:\/\/www.ecoitaliano.com.ar\/wp-content\/uploads\/2026\/03\/Foglio-di-sala-Manon-Lescaut_page-0001-200x300.jpg 200w, https:\/\/www.ecoitaliano.com.ar\/wp-content\/uploads\/2026\/03\/Foglio-di-sala-Manon-Lescaut_page-0001-768x1154.jpg 768w, https:\/\/www.ecoitaliano.com.ar\/wp-content\/uploads\/2026\/03\/Foglio-di-sala-Manon-Lescaut_page-0001.jpg 986w\" sizes=\"(max-width: 681px) 100vw, 681px\" \/><\/a><\/figure>\n\n\n\n<figure class=\"wp-block-image size-large\"><a href=\"https:\/\/www.ecoitaliano.com.ar\/wp-content\/uploads\/2026\/03\/Foglio-di-sala-Manon-Lescaut_page-0002.jpg\"><img decoding=\"async\" width=\"681\" height=\"1024\" data-id=\"87297\" src=\"https:\/\/www.ecoitaliano.com.ar\/wp-content\/uploads\/2026\/03\/Foglio-di-sala-Manon-Lescaut_page-0002-681x1024.jpg\" alt=\"\" class=\"wp-image-87297\" srcset=\"https:\/\/www.ecoitaliano.com.ar\/wp-content\/uploads\/2026\/03\/Foglio-di-sala-Manon-Lescaut_page-0002-681x1024.jpg 681w, https:\/\/www.ecoitaliano.com.ar\/wp-content\/uploads\/2026\/03\/Foglio-di-sala-Manon-Lescaut_page-0002-200x300.jpg 200w, https:\/\/www.ecoitaliano.com.ar\/wp-content\/uploads\/2026\/03\/Foglio-di-sala-Manon-Lescaut_page-0002-768x1154.jpg 768w, https:\/\/www.ecoitaliano.com.ar\/wp-content\/uploads\/2026\/03\/Foglio-di-sala-Manon-Lescaut_page-0002.jpg 986w\" sizes=\"(max-width: 681px) 100vw, 681px\" \/><\/a><\/figure>\n\n\n\n<figure class=\"wp-block-image size-large\"><a href=\"https:\/\/www.ecoitaliano.com.ar\/wp-content\/uploads\/2026\/03\/Programma-di-sala-Manon-Lescaut_page-0001.jpg\"><img decoding=\"async\" width=\"682\" height=\"1024\" data-id=\"87298\" src=\"https:\/\/www.ecoitaliano.com.ar\/wp-content\/uploads\/2026\/03\/Programma-di-sala-Manon-Lescaut_page-0001-682x1024.jpg\" alt=\"\" class=\"wp-image-87298\" srcset=\"https:\/\/www.ecoitaliano.com.ar\/wp-content\/uploads\/2026\/03\/Programma-di-sala-Manon-Lescaut_page-0001-682x1024.jpg 682w, https:\/\/www.ecoitaliano.com.ar\/wp-content\/uploads\/2026\/03\/Programma-di-sala-Manon-Lescaut_page-0001-200x300.jpg 200w, https:\/\/www.ecoitaliano.com.ar\/wp-content\/uploads\/2026\/03\/Programma-di-sala-Manon-Lescaut_page-0001-768x1152.jpg 768w, https:\/\/www.ecoitaliano.com.ar\/wp-content\/uploads\/2026\/03\/Programma-di-sala-Manon-Lescaut_page-0001.jpg 945w\" sizes=\"(max-width: 682px) 100vw, 682px\" \/><\/a><\/figure>\n\n\n\n<figure class=\"wp-block-image size-large\"><a href=\"https:\/\/www.ecoitaliano.com.ar\/wp-content\/uploads\/2026\/03\/Programma-di-sala-Manon-Lescaut_page-0002.jpg\"><img decoding=\"async\" width=\"1024\" height=\"768\" data-id=\"87299\" src=\"https:\/\/www.ecoitaliano.com.ar\/wp-content\/uploads\/2026\/03\/Programma-di-sala-Manon-Lescaut_page-0002-1024x768.jpg\" alt=\"\" class=\"wp-image-87299\" srcset=\"https:\/\/www.ecoitaliano.com.ar\/wp-content\/uploads\/2026\/03\/Programma-di-sala-Manon-Lescaut_page-0002-1024x768.jpg 1024w, https:\/\/www.ecoitaliano.com.ar\/wp-content\/uploads\/2026\/03\/Programma-di-sala-Manon-Lescaut_page-0002-300x225.jpg 300w, https:\/\/www.ecoitaliano.com.ar\/wp-content\/uploads\/2026\/03\/Programma-di-sala-Manon-Lescaut_page-0002-768x576.jpg 768w, https:\/\/www.ecoitaliano.com.ar\/wp-content\/uploads\/2026\/03\/Programma-di-sala-Manon-Lescaut_page-0002-1536x1152.jpg 1536w, https:\/\/www.ecoitaliano.com.ar\/wp-content\/uploads\/2026\/03\/Programma-di-sala-Manon-Lescaut_page-0002.jpg 1890w\" sizes=\"(max-width: 1024px) 100vw, 1024px\" \/><\/a><\/figure>\n\n\n\n<figure class=\"wp-block-image size-large\"><a href=\"https:\/\/www.ecoitaliano.com.ar\/wp-content\/uploads\/2026\/03\/Programma-di-sala-Manon-Lescaut_page-0003.jpg\"><img decoding=\"async\" width=\"1024\" height=\"768\" data-id=\"87300\" src=\"https:\/\/www.ecoitaliano.com.ar\/wp-content\/uploads\/2026\/03\/Programma-di-sala-Manon-Lescaut_page-0003-1024x768.jpg\" alt=\"\" class=\"wp-image-87300\" srcset=\"https:\/\/www.ecoitaliano.com.ar\/wp-content\/uploads\/2026\/03\/Programma-di-sala-Manon-Lescaut_page-0003-1024x768.jpg 1024w, https:\/\/www.ecoitaliano.com.ar\/wp-content\/uploads\/2026\/03\/Programma-di-sala-Manon-Lescaut_page-0003-300x225.jpg 300w, https:\/\/www.ecoitaliano.com.ar\/wp-content\/uploads\/2026\/03\/Programma-di-sala-Manon-Lescaut_page-0003-768x576.jpg 768w, https:\/\/www.ecoitaliano.com.ar\/wp-content\/uploads\/2026\/03\/Programma-di-sala-Manon-Lescaut_page-0003-1536x1152.jpg 1536w, https:\/\/www.ecoitaliano.com.ar\/wp-content\/uploads\/2026\/03\/Programma-di-sala-Manon-Lescaut_page-0003.jpg 1890w\" sizes=\"(max-width: 1024px) 100vw, 1024px\" \/><\/a><\/figure>\n\n\n\n<figure class=\"wp-block-image size-large\"><a href=\"https:\/\/www.ecoitaliano.com.ar\/wp-content\/uploads\/2026\/03\/Programma-di-sala-Manon-Lescaut_page-0004.jpg\"><img decoding=\"async\" width=\"1024\" height=\"768\" data-id=\"87301\" src=\"https:\/\/www.ecoitaliano.com.ar\/wp-content\/uploads\/2026\/03\/Programma-di-sala-Manon-Lescaut_page-0004-1024x768.jpg\" alt=\"\" class=\"wp-image-87301\" srcset=\"https:\/\/www.ecoitaliano.com.ar\/wp-content\/uploads\/2026\/03\/Programma-di-sala-Manon-Lescaut_page-0004-1024x768.jpg 1024w, https:\/\/www.ecoitaliano.com.ar\/wp-content\/uploads\/2026\/03\/Programma-di-sala-Manon-Lescaut_page-0004-300x225.jpg 300w, https:\/\/www.ecoitaliano.com.ar\/wp-content\/uploads\/2026\/03\/Programma-di-sala-Manon-Lescaut_page-0004-768x576.jpg 768w, https:\/\/www.ecoitaliano.com.ar\/wp-content\/uploads\/2026\/03\/Programma-di-sala-Manon-Lescaut_page-0004-1536x1152.jpg 1536w, https:\/\/www.ecoitaliano.com.ar\/wp-content\/uploads\/2026\/03\/Programma-di-sala-Manon-Lescaut_page-0004.jpg 1890w\" sizes=\"(max-width: 1024px) 100vw, 1024px\" \/><\/a><\/figure>\n\n\n\n<figure class=\"wp-block-image size-large\"><a href=\"https:\/\/www.ecoitaliano.com.ar\/wp-content\/uploads\/2026\/03\/Programma-di-sala-Manon-Lescaut_page-0005.jpg\"><img decoding=\"async\" width=\"1024\" height=\"768\" data-id=\"87302\" src=\"https:\/\/www.ecoitaliano.com.ar\/wp-content\/uploads\/2026\/03\/Programma-di-sala-Manon-Lescaut_page-0005-1024x768.jpg\" alt=\"\" class=\"wp-image-87302\" srcset=\"https:\/\/www.ecoitaliano.com.ar\/wp-content\/uploads\/2026\/03\/Programma-di-sala-Manon-Lescaut_page-0005-1024x768.jpg 1024w, https:\/\/www.ecoitaliano.com.ar\/wp-content\/uploads\/2026\/03\/Programma-di-sala-Manon-Lescaut_page-0005-300x225.jpg 300w, https:\/\/www.ecoitaliano.com.ar\/wp-content\/uploads\/2026\/03\/Programma-di-sala-Manon-Lescaut_page-0005-768x576.jpg 768w, https:\/\/www.ecoitaliano.com.ar\/wp-content\/uploads\/2026\/03\/Programma-di-sala-Manon-Lescaut_page-0005-1536x1152.jpg 1536w, https:\/\/www.ecoitaliano.com.ar\/wp-content\/uploads\/2026\/03\/Programma-di-sala-Manon-Lescaut_page-0005.jpg 1890w\" sizes=\"(max-width: 1024px) 100vw, 1024px\" \/><\/a><\/figure>\n\n\n\n<figure class=\"wp-block-image size-large\"><a href=\"https:\/\/www.ecoitaliano.com.ar\/wp-content\/uploads\/2026\/03\/Programma-di-sala-Manon-Lescaut_page-0006.jpg\"><img decoding=\"async\" width=\"1024\" height=\"768\" data-id=\"87303\" src=\"https:\/\/www.ecoitaliano.com.ar\/wp-content\/uploads\/2026\/03\/Programma-di-sala-Manon-Lescaut_page-0006-1024x768.jpg\" alt=\"\" class=\"wp-image-87303\" srcset=\"https:\/\/www.ecoitaliano.com.ar\/wp-content\/uploads\/2026\/03\/Programma-di-sala-Manon-Lescaut_page-0006-1024x768.jpg 1024w, https:\/\/www.ecoitaliano.com.ar\/wp-content\/uploads\/2026\/03\/Programma-di-sala-Manon-Lescaut_page-0006-300x225.jpg 300w, https:\/\/www.ecoitaliano.com.ar\/wp-content\/uploads\/2026\/03\/Programma-di-sala-Manon-Lescaut_page-0006-768x576.jpg 768w, https:\/\/www.ecoitaliano.com.ar\/wp-content\/uploads\/2026\/03\/Programma-di-sala-Manon-Lescaut_page-0006-1536x1152.jpg 1536w, https:\/\/www.ecoitaliano.com.ar\/wp-content\/uploads\/2026\/03\/Programma-di-sala-Manon-Lescaut_page-0006.jpg 1890w\" sizes=\"(max-width: 1024px) 100vw, 1024px\" \/><\/a><\/figure>\n\n\n\n<figure class=\"wp-block-image size-large\"><a href=\"https:\/\/www.ecoitaliano.com.ar\/wp-content\/uploads\/2026\/03\/Programma-di-sala-Manon-Lescaut_page-0007.jpg\"><img decoding=\"async\" width=\"1024\" height=\"768\" data-id=\"87304\" src=\"https:\/\/www.ecoitaliano.com.ar\/wp-content\/uploads\/2026\/03\/Programma-di-sala-Manon-Lescaut_page-0007-1024x768.jpg\" alt=\"\" class=\"wp-image-87304\" srcset=\"https:\/\/www.ecoitaliano.com.ar\/wp-content\/uploads\/2026\/03\/Programma-di-sala-Manon-Lescaut_page-0007-1024x768.jpg 1024w, https:\/\/www.ecoitaliano.com.ar\/wp-content\/uploads\/2026\/03\/Programma-di-sala-Manon-Lescaut_page-0007-300x225.jpg 300w, https:\/\/www.ecoitaliano.com.ar\/wp-content\/uploads\/2026\/03\/Programma-di-sala-Manon-Lescaut_page-0007-768x576.jpg 768w, https:\/\/www.ecoitaliano.com.ar\/wp-content\/uploads\/2026\/03\/Programma-di-sala-Manon-Lescaut_page-0007-1536x1152.jpg 1536w, https:\/\/www.ecoitaliano.com.ar\/wp-content\/uploads\/2026\/03\/Programma-di-sala-Manon-Lescaut_page-0007.jpg 1890w\" sizes=\"(max-width: 1024px) 100vw, 1024px\" \/><\/a><\/figure>\n\n\n\n<figure class=\"wp-block-image size-large\"><a href=\"https:\/\/www.ecoitaliano.com.ar\/wp-content\/uploads\/2026\/03\/Programma-di-sala-Manon-Lescaut_page-0008.jpg\"><img decoding=\"async\" width=\"1024\" height=\"768\" data-id=\"87305\" src=\"https:\/\/www.ecoitaliano.com.ar\/wp-content\/uploads\/2026\/03\/Programma-di-sala-Manon-Lescaut_page-0008-1024x768.jpg\" alt=\"\" class=\"wp-image-87305\" srcset=\"https:\/\/www.ecoitaliano.com.ar\/wp-content\/uploads\/2026\/03\/Programma-di-sala-Manon-Lescaut_page-0008-1024x768.jpg 1024w, https:\/\/www.ecoitaliano.com.ar\/wp-content\/uploads\/2026\/03\/Programma-di-sala-Manon-Lescaut_page-0008-300x225.jpg 300w, https:\/\/www.ecoitaliano.com.ar\/wp-content\/uploads\/2026\/03\/Programma-di-sala-Manon-Lescaut_page-0008-768x576.jpg 768w, https:\/\/www.ecoitaliano.com.ar\/wp-content\/uploads\/2026\/03\/Programma-di-sala-Manon-Lescaut_page-0008-1536x1152.jpg 1536w, https:\/\/www.ecoitaliano.com.ar\/wp-content\/uploads\/2026\/03\/Programma-di-sala-Manon-Lescaut_page-0008.jpg 1890w\" sizes=\"(max-width: 1024px) 100vw, 1024px\" \/><\/a><\/figure>\n\n\n\n<figure class=\"wp-block-image size-large\"><a href=\"https:\/\/www.ecoitaliano.com.ar\/wp-content\/uploads\/2026\/03\/Programma-di-sala-Manon-Lescaut_page-0009.jpg\"><img decoding=\"async\" width=\"1024\" height=\"768\" data-id=\"87306\" src=\"https:\/\/www.ecoitaliano.com.ar\/wp-content\/uploads\/2026\/03\/Programma-di-sala-Manon-Lescaut_page-0009-1024x768.jpg\" alt=\"\" class=\"wp-image-87306\" srcset=\"https:\/\/www.ecoitaliano.com.ar\/wp-content\/uploads\/2026\/03\/Programma-di-sala-Manon-Lescaut_page-0009-1024x768.jpg 1024w, https:\/\/www.ecoitaliano.com.ar\/wp-content\/uploads\/2026\/03\/Programma-di-sala-Manon-Lescaut_page-0009-300x225.jpg 300w, https:\/\/www.ecoitaliano.com.ar\/wp-content\/uploads\/2026\/03\/Programma-di-sala-Manon-Lescaut_page-0009-768x576.jpg 768w, https:\/\/www.ecoitaliano.com.ar\/wp-content\/uploads\/2026\/03\/Programma-di-sala-Manon-Lescaut_page-0009-1536x1152.jpg 1536w, https:\/\/www.ecoitaliano.com.ar\/wp-content\/uploads\/2026\/03\/Programma-di-sala-Manon-Lescaut_page-0009.jpg 1890w\" sizes=\"(max-width: 1024px) 100vw, 1024px\" \/><\/a><\/figure>\n\n\n\n<figure class=\"wp-block-image size-large\"><a href=\"https:\/\/www.ecoitaliano.com.ar\/wp-content\/uploads\/2026\/03\/Programma-di-sala-Manon-Lescaut_page-0010.jpg\"><img decoding=\"async\" width=\"1024\" height=\"768\" data-id=\"87307\" src=\"https:\/\/www.ecoitaliano.com.ar\/wp-content\/uploads\/2026\/03\/Programma-di-sala-Manon-Lescaut_page-0010-1024x768.jpg\" alt=\"\" class=\"wp-image-87307\" srcset=\"https:\/\/www.ecoitaliano.com.ar\/wp-content\/uploads\/2026\/03\/Programma-di-sala-Manon-Lescaut_page-0010-1024x768.jpg 1024w, https:\/\/www.ecoitaliano.com.ar\/wp-content\/uploads\/2026\/03\/Programma-di-sala-Manon-Lescaut_page-0010-300x225.jpg 300w, https:\/\/www.ecoitaliano.com.ar\/wp-content\/uploads\/2026\/03\/Programma-di-sala-Manon-Lescaut_page-0010-768x576.jpg 768w, https:\/\/www.ecoitaliano.com.ar\/wp-content\/uploads\/2026\/03\/Programma-di-sala-Manon-Lescaut_page-0010-1536x1152.jpg 1536w, https:\/\/www.ecoitaliano.com.ar\/wp-content\/uploads\/2026\/03\/Programma-di-sala-Manon-Lescaut_page-0010.jpg 1890w\" sizes=\"(max-width: 1024px) 100vw, 1024px\" \/><\/a><\/figure>\n\n\n\n<figure class=\"wp-block-image size-large\"><a href=\"https:\/\/www.ecoitaliano.com.ar\/wp-content\/uploads\/2026\/03\/Programma-di-sala-Manon-Lescaut_page-0011.jpg\"><img decoding=\"async\" width=\"1024\" height=\"768\" data-id=\"87308\" src=\"https:\/\/www.ecoitaliano.com.ar\/wp-content\/uploads\/2026\/03\/Programma-di-sala-Manon-Lescaut_page-0011-1024x768.jpg\" alt=\"\" class=\"wp-image-87308\" srcset=\"https:\/\/www.ecoitaliano.com.ar\/wp-content\/uploads\/2026\/03\/Programma-di-sala-Manon-Lescaut_page-0011-1024x768.jpg 1024w, https:\/\/www.ecoitaliano.com.ar\/wp-content\/uploads\/2026\/03\/Programma-di-sala-Manon-Lescaut_page-0011-300x225.jpg 300w, https:\/\/www.ecoitaliano.com.ar\/wp-content\/uploads\/2026\/03\/Programma-di-sala-Manon-Lescaut_page-0011-768x576.jpg 768w, https:\/\/www.ecoitaliano.com.ar\/wp-content\/uploads\/2026\/03\/Programma-di-sala-Manon-Lescaut_page-0011-1536x1152.jpg 1536w, https:\/\/www.ecoitaliano.com.ar\/wp-content\/uploads\/2026\/03\/Programma-di-sala-Manon-Lescaut_page-0011.jpg 1890w\" sizes=\"(max-width: 1024px) 100vw, 1024px\" \/><\/a><\/figure>\n\n\n\n<figure class=\"wp-block-image size-large\"><a href=\"https:\/\/www.ecoitaliano.com.ar\/wp-content\/uploads\/2026\/03\/Programma-di-sala-Manon-Lescaut_page-0012.jpg\"><img decoding=\"async\" width=\"1024\" height=\"768\" data-id=\"87309\" src=\"https:\/\/www.ecoitaliano.com.ar\/wp-content\/uploads\/2026\/03\/Programma-di-sala-Manon-Lescaut_page-0012-1024x768.jpg\" alt=\"\" class=\"wp-image-87309\" srcset=\"https:\/\/www.ecoitaliano.com.ar\/wp-content\/uploads\/2026\/03\/Programma-di-sala-Manon-Lescaut_page-0012-1024x768.jpg 1024w, https:\/\/www.ecoitaliano.com.ar\/wp-content\/uploads\/2026\/03\/Programma-di-sala-Manon-Lescaut_page-0012-300x225.jpg 300w, https:\/\/www.ecoitaliano.com.ar\/wp-content\/uploads\/2026\/03\/Programma-di-sala-Manon-Lescaut_page-0012-768x576.jpg 768w, https:\/\/www.ecoitaliano.com.ar\/wp-content\/uploads\/2026\/03\/Programma-di-sala-Manon-Lescaut_page-0012-1536x1152.jpg 1536w, https:\/\/www.ecoitaliano.com.ar\/wp-content\/uploads\/2026\/03\/Programma-di-sala-Manon-Lescaut_page-0012.jpg 1890w\" sizes=\"(max-width: 1024px) 100vw, 1024px\" \/><\/a><\/figure>\n\n\n\n<figure class=\"wp-block-image size-large\"><a href=\"https:\/\/www.ecoitaliano.com.ar\/wp-content\/uploads\/2026\/03\/Programma-di-sala-Manon-Lescaut_page-0013.jpg\"><img decoding=\"async\" width=\"1024\" height=\"768\" data-id=\"87310\" src=\"https:\/\/www.ecoitaliano.com.ar\/wp-content\/uploads\/2026\/03\/Programma-di-sala-Manon-Lescaut_page-0013-1024x768.jpg\" alt=\"\" class=\"wp-image-87310\" srcset=\"https:\/\/www.ecoitaliano.com.ar\/wp-content\/uploads\/2026\/03\/Programma-di-sala-Manon-Lescaut_page-0013-1024x768.jpg 1024w, https:\/\/www.ecoitaliano.com.ar\/wp-content\/uploads\/2026\/03\/Programma-di-sala-Manon-Lescaut_page-0013-300x225.jpg 300w, https:\/\/www.ecoitaliano.com.ar\/wp-content\/uploads\/2026\/03\/Programma-di-sala-Manon-Lescaut_page-0013-768x576.jpg 768w, https:\/\/www.ecoitaliano.com.ar\/wp-content\/uploads\/2026\/03\/Programma-di-sala-Manon-Lescaut_page-0013-1536x1152.jpg 1536w, https:\/\/www.ecoitaliano.com.ar\/wp-content\/uploads\/2026\/03\/Programma-di-sala-Manon-Lescaut_page-0013.jpg 1890w\" sizes=\"(max-width: 1024px) 100vw, 1024px\" \/><\/a><\/figure>\n\n\n\n<figure class=\"wp-block-image size-large\"><a href=\"https:\/\/www.ecoitaliano.com.ar\/wp-content\/uploads\/2026\/03\/Programma-di-sala-Manon-Lescaut_page-0014.jpg\"><img decoding=\"async\" width=\"1024\" height=\"768\" data-id=\"87311\" src=\"https:\/\/www.ecoitaliano.com.ar\/wp-content\/uploads\/2026\/03\/Programma-di-sala-Manon-Lescaut_page-0014-1024x768.jpg\" alt=\"\" class=\"wp-image-87311\" srcset=\"https:\/\/www.ecoitaliano.com.ar\/wp-content\/uploads\/2026\/03\/Programma-di-sala-Manon-Lescaut_page-0014-1024x768.jpg 1024w, https:\/\/www.ecoitaliano.com.ar\/wp-content\/uploads\/2026\/03\/Programma-di-sala-Manon-Lescaut_page-0014-300x225.jpg 300w, https:\/\/www.ecoitaliano.com.ar\/wp-content\/uploads\/2026\/03\/Programma-di-sala-Manon-Lescaut_page-0014-768x576.jpg 768w, https:\/\/www.ecoitaliano.com.ar\/wp-content\/uploads\/2026\/03\/Programma-di-sala-Manon-Lescaut_page-0014-1536x1152.jpg 1536w, https:\/\/www.ecoitaliano.com.ar\/wp-content\/uploads\/2026\/03\/Programma-di-sala-Manon-Lescaut_page-0014.jpg 1890w\" sizes=\"(max-width: 1024px) 100vw, 1024px\" \/><\/a><\/figure>\n\n\n\n<figure class=\"wp-block-image size-large\"><a href=\"https:\/\/www.ecoitaliano.com.ar\/wp-content\/uploads\/2026\/03\/Programma-di-sala-Manon-Lescaut_page-0015.jpg\"><img decoding=\"async\" width=\"1024\" height=\"768\" data-id=\"87312\" src=\"https:\/\/www.ecoitaliano.com.ar\/wp-content\/uploads\/2026\/03\/Programma-di-sala-Manon-Lescaut_page-0015-1024x768.jpg\" alt=\"\" class=\"wp-image-87312\" srcset=\"https:\/\/www.ecoitaliano.com.ar\/wp-content\/uploads\/2026\/03\/Programma-di-sala-Manon-Lescaut_page-0015-1024x768.jpg 1024w, https:\/\/www.ecoitaliano.com.ar\/wp-content\/uploads\/2026\/03\/Programma-di-sala-Manon-Lescaut_page-0015-300x225.jpg 300w, https:\/\/www.ecoitaliano.com.ar\/wp-content\/uploads\/2026\/03\/Programma-di-sala-Manon-Lescaut_page-0015-768x576.jpg 768w, https:\/\/www.ecoitaliano.com.ar\/wp-content\/uploads\/2026\/03\/Programma-di-sala-Manon-Lescaut_page-0015-1536x1152.jpg 1536w, https:\/\/www.ecoitaliano.com.ar\/wp-content\/uploads\/2026\/03\/Programma-di-sala-Manon-Lescaut_page-0015.jpg 1890w\" sizes=\"(max-width: 1024px) 100vw, 1024px\" \/><\/a><\/figure>\n\n\n\n<figure class=\"wp-block-image size-large\"><a href=\"https:\/\/www.ecoitaliano.com.ar\/wp-content\/uploads\/2026\/03\/Programma-di-sala-Manon-Lescaut_page-0016.jpg\"><img decoding=\"async\" width=\"1024\" height=\"768\" data-id=\"87313\" src=\"https:\/\/www.ecoitaliano.com.ar\/wp-content\/uploads\/2026\/03\/Programma-di-sala-Manon-Lescaut_page-0016-1024x768.jpg\" alt=\"\" class=\"wp-image-87313\" srcset=\"https:\/\/www.ecoitaliano.com.ar\/wp-content\/uploads\/2026\/03\/Programma-di-sala-Manon-Lescaut_page-0016-1024x768.jpg 1024w, https:\/\/www.ecoitaliano.com.ar\/wp-content\/uploads\/2026\/03\/Programma-di-sala-Manon-Lescaut_page-0016-300x225.jpg 300w, https:\/\/www.ecoitaliano.com.ar\/wp-content\/uploads\/2026\/03\/Programma-di-sala-Manon-Lescaut_page-0016-768x576.jpg 768w, https:\/\/www.ecoitaliano.com.ar\/wp-content\/uploads\/2026\/03\/Programma-di-sala-Manon-Lescaut_page-0016-1536x1152.jpg 1536w, https:\/\/www.ecoitaliano.com.ar\/wp-content\/uploads\/2026\/03\/Programma-di-sala-Manon-Lescaut_page-0016.jpg 1890w\" sizes=\"(max-width: 1024px) 100vw, 1024px\" \/><\/a><\/figure>\n\n\n\n<figure class=\"wp-block-image size-large\"><a href=\"https:\/\/www.ecoitaliano.com.ar\/wp-content\/uploads\/2026\/03\/Programma-di-sala-Manon-Lescaut_page-0017.jpg\"><img decoding=\"async\" width=\"1024\" height=\"768\" data-id=\"87314\" src=\"https:\/\/www.ecoitaliano.com.ar\/wp-content\/uploads\/2026\/03\/Programma-di-sala-Manon-Lescaut_page-0017-1024x768.jpg\" alt=\"\" class=\"wp-image-87314\" srcset=\"https:\/\/www.ecoitaliano.com.ar\/wp-content\/uploads\/2026\/03\/Programma-di-sala-Manon-Lescaut_page-0017-1024x768.jpg 1024w, https:\/\/www.ecoitaliano.com.ar\/wp-content\/uploads\/2026\/03\/Programma-di-sala-Manon-Lescaut_page-0017-300x225.jpg 300w, https:\/\/www.ecoitaliano.com.ar\/wp-content\/uploads\/2026\/03\/Programma-di-sala-Manon-Lescaut_page-0017-768x576.jpg 768w, https:\/\/www.ecoitaliano.com.ar\/wp-content\/uploads\/2026\/03\/Programma-di-sala-Manon-Lescaut_page-0017-1536x1152.jpg 1536w, https:\/\/www.ecoitaliano.com.ar\/wp-content\/uploads\/2026\/03\/Programma-di-sala-Manon-Lescaut_page-0017.jpg 1890w\" sizes=\"(max-width: 1024px) 100vw, 1024px\" \/><\/a><\/figure>\n\n\n\n<figure class=\"wp-block-image size-large\"><a href=\"https:\/\/www.ecoitaliano.com.ar\/wp-content\/uploads\/2026\/03\/Programma-di-sala-Manon-Lescaut_page-0018.jpg\"><img decoding=\"async\" width=\"1024\" height=\"768\" data-id=\"87315\" src=\"https:\/\/www.ecoitaliano.com.ar\/wp-content\/uploads\/2026\/03\/Programma-di-sala-Manon-Lescaut_page-0018-1024x768.jpg\" alt=\"\" class=\"wp-image-87315\" srcset=\"https:\/\/www.ecoitaliano.com.ar\/wp-content\/uploads\/2026\/03\/Programma-di-sala-Manon-Lescaut_page-0018-1024x768.jpg 1024w, https:\/\/www.ecoitaliano.com.ar\/wp-content\/uploads\/2026\/03\/Programma-di-sala-Manon-Lescaut_page-0018-300x225.jpg 300w, https:\/\/www.ecoitaliano.com.ar\/wp-content\/uploads\/2026\/03\/Programma-di-sala-Manon-Lescaut_page-0018-768x576.jpg 768w, https:\/\/www.ecoitaliano.com.ar\/wp-content\/uploads\/2026\/03\/Programma-di-sala-Manon-Lescaut_page-0018-1536x1152.jpg 1536w, https:\/\/www.ecoitaliano.com.ar\/wp-content\/uploads\/2026\/03\/Programma-di-sala-Manon-Lescaut_page-0018.jpg 1890w\" sizes=\"(max-width: 1024px) 100vw, 1024px\" \/><\/a><\/figure>\n\n\n\n<figure class=\"wp-block-image size-large\"><a href=\"https:\/\/www.ecoitaliano.com.ar\/wp-content\/uploads\/2026\/03\/Programma-di-sala-Manon-Lescaut_page-0019.jpg\"><img decoding=\"async\" width=\"1024\" height=\"768\" data-id=\"87316\" src=\"https:\/\/www.ecoitaliano.com.ar\/wp-content\/uploads\/2026\/03\/Programma-di-sala-Manon-Lescaut_page-0019-1024x768.jpg\" alt=\"\" class=\"wp-image-87316\" srcset=\"https:\/\/www.ecoitaliano.com.ar\/wp-content\/uploads\/2026\/03\/Programma-di-sala-Manon-Lescaut_page-0019-1024x768.jpg 1024w, https:\/\/www.ecoitaliano.com.ar\/wp-content\/uploads\/2026\/03\/Programma-di-sala-Manon-Lescaut_page-0019-300x225.jpg 300w, https:\/\/www.ecoitaliano.com.ar\/wp-content\/uploads\/2026\/03\/Programma-di-sala-Manon-Lescaut_page-0019-768x576.jpg 768w, https:\/\/www.ecoitaliano.com.ar\/wp-content\/uploads\/2026\/03\/Programma-di-sala-Manon-Lescaut_page-0019-1536x1152.jpg 1536w, https:\/\/www.ecoitaliano.com.ar\/wp-content\/uploads\/2026\/03\/Programma-di-sala-Manon-Lescaut_page-0019.jpg 1890w\" sizes=\"(max-width: 1024px) 100vw, 1024px\" \/><\/a><\/figure>\n\n\n\n<figure class=\"wp-block-image size-large\"><a href=\"https:\/\/www.ecoitaliano.com.ar\/wp-content\/uploads\/2026\/03\/Programma-di-sala-Manon-Lescaut_page-0020.jpg\"><img decoding=\"async\" width=\"1024\" height=\"768\" data-id=\"87317\" src=\"https:\/\/www.ecoitaliano.com.ar\/wp-content\/uploads\/2026\/03\/Programma-di-sala-Manon-Lescaut_page-0020-1024x768.jpg\" alt=\"\" class=\"wp-image-87317\" srcset=\"https:\/\/www.ecoitaliano.com.ar\/wp-content\/uploads\/2026\/03\/Programma-di-sala-Manon-Lescaut_page-0020-1024x768.jpg 1024w, https:\/\/www.ecoitaliano.com.ar\/wp-content\/uploads\/2026\/03\/Programma-di-sala-Manon-Lescaut_page-0020-300x225.jpg 300w, https:\/\/www.ecoitaliano.com.ar\/wp-content\/uploads\/2026\/03\/Programma-di-sala-Manon-Lescaut_page-0020-768x576.jpg 768w, https:\/\/www.ecoitaliano.com.ar\/wp-content\/uploads\/2026\/03\/Programma-di-sala-Manon-Lescaut_page-0020-1536x1152.jpg 1536w, https:\/\/www.ecoitaliano.com.ar\/wp-content\/uploads\/2026\/03\/Programma-di-sala-Manon-Lescaut_page-0020.jpg 1890w\" sizes=\"(max-width: 1024px) 100vw, 1024px\" \/><\/a><\/figure>\n\n\n\n<figure class=\"wp-block-image size-large\"><a href=\"https:\/\/www.ecoitaliano.com.ar\/wp-content\/uploads\/2026\/03\/Programma-di-sala-Manon-Lescaut_page-0021.jpg\"><img decoding=\"async\" width=\"1024\" height=\"768\" data-id=\"87318\" src=\"https:\/\/www.ecoitaliano.com.ar\/wp-content\/uploads\/2026\/03\/Programma-di-sala-Manon-Lescaut_page-0021-1024x768.jpg\" alt=\"\" class=\"wp-image-87318\" srcset=\"https:\/\/www.ecoitaliano.com.ar\/wp-content\/uploads\/2026\/03\/Programma-di-sala-Manon-Lescaut_page-0021-1024x768.jpg 1024w, https:\/\/www.ecoitaliano.com.ar\/wp-content\/uploads\/2026\/03\/Programma-di-sala-Manon-Lescaut_page-0021-300x225.jpg 300w, https:\/\/www.ecoitaliano.com.ar\/wp-content\/uploads\/2026\/03\/Programma-di-sala-Manon-Lescaut_page-0021-768x576.jpg 768w, https:\/\/www.ecoitaliano.com.ar\/wp-content\/uploads\/2026\/03\/Programma-di-sala-Manon-Lescaut_page-0021-1536x1152.jpg 1536w, https:\/\/www.ecoitaliano.com.ar\/wp-content\/uploads\/2026\/03\/Programma-di-sala-Manon-Lescaut_page-0021.jpg 1890w\" sizes=\"(max-width: 1024px) 100vw, 1024px\" \/><\/a><\/figure>\n\n\n\n<figure class=\"wp-block-image size-large\"><a href=\"https:\/\/www.ecoitaliano.com.ar\/wp-content\/uploads\/2026\/03\/Programma-di-sala-Manon-Lescaut_page-0022.jpg\"><img decoding=\"async\" width=\"1024\" height=\"768\" data-id=\"87319\" src=\"https:\/\/www.ecoitaliano.com.ar\/wp-content\/uploads\/2026\/03\/Programma-di-sala-Manon-Lescaut_page-0022-1024x768.jpg\" alt=\"\" class=\"wp-image-87319\" srcset=\"https:\/\/www.ecoitaliano.com.ar\/wp-content\/uploads\/2026\/03\/Programma-di-sala-Manon-Lescaut_page-0022-1024x768.jpg 1024w, https:\/\/www.ecoitaliano.com.ar\/wp-content\/uploads\/2026\/03\/Programma-di-sala-Manon-Lescaut_page-0022-300x225.jpg 300w, https:\/\/www.ecoitaliano.com.ar\/wp-content\/uploads\/2026\/03\/Programma-di-sala-Manon-Lescaut_page-0022-768x576.jpg 768w, https:\/\/www.ecoitaliano.com.ar\/wp-content\/uploads\/2026\/03\/Programma-di-sala-Manon-Lescaut_page-0022-1536x1152.jpg 1536w, https:\/\/www.ecoitaliano.com.ar\/wp-content\/uploads\/2026\/03\/Programma-di-sala-Manon-Lescaut_page-0022.jpg 1890w\" sizes=\"(max-width: 1024px) 100vw, 1024px\" \/><\/a><\/figure>\n\n\n\n<figure class=\"wp-block-image size-large\"><a href=\"https:\/\/www.ecoitaliano.com.ar\/wp-content\/uploads\/2026\/03\/Programma-di-sala-Manon-Lescaut_page-0023.jpg\"><img decoding=\"async\" width=\"1024\" height=\"768\" data-id=\"87320\" src=\"https:\/\/www.ecoitaliano.com.ar\/wp-content\/uploads\/2026\/03\/Programma-di-sala-Manon-Lescaut_page-0023-1024x768.jpg\" alt=\"\" class=\"wp-image-87320\" srcset=\"https:\/\/www.ecoitaliano.com.ar\/wp-content\/uploads\/2026\/03\/Programma-di-sala-Manon-Lescaut_page-0023-1024x768.jpg 1024w, https:\/\/www.ecoitaliano.com.ar\/wp-content\/uploads\/2026\/03\/Programma-di-sala-Manon-Lescaut_page-0023-300x225.jpg 300w, https:\/\/www.ecoitaliano.com.ar\/wp-content\/uploads\/2026\/03\/Programma-di-sala-Manon-Lescaut_page-0023-768x576.jpg 768w, https:\/\/www.ecoitaliano.com.ar\/wp-content\/uploads\/2026\/03\/Programma-di-sala-Manon-Lescaut_page-0023-1536x1152.jpg 1536w, https:\/\/www.ecoitaliano.com.ar\/wp-content\/uploads\/2026\/03\/Programma-di-sala-Manon-Lescaut_page-0023.jpg 1890w\" sizes=\"(max-width: 1024px) 100vw, 1024px\" \/><\/a><\/figure>\n\n\n\n<figure class=\"wp-block-image size-large\"><a href=\"https:\/\/www.ecoitaliano.com.ar\/wp-content\/uploads\/2026\/03\/Programma-di-sala-Manon-Lescaut_page-0024.jpg\"><img decoding=\"async\" width=\"1024\" height=\"768\" data-id=\"87321\" src=\"https:\/\/www.ecoitaliano.com.ar\/wp-content\/uploads\/2026\/03\/Programma-di-sala-Manon-Lescaut_page-0024-1024x768.jpg\" alt=\"\" class=\"wp-image-87321\" srcset=\"https:\/\/www.ecoitaliano.com.ar\/wp-content\/uploads\/2026\/03\/Programma-di-sala-Manon-Lescaut_page-0024-1024x768.jpg 1024w, https:\/\/www.ecoitaliano.com.ar\/wp-content\/uploads\/2026\/03\/Programma-di-sala-Manon-Lescaut_page-0024-300x225.jpg 300w, https:\/\/www.ecoitaliano.com.ar\/wp-content\/uploads\/2026\/03\/Programma-di-sala-Manon-Lescaut_page-0024-768x576.jpg 768w, https:\/\/www.ecoitaliano.com.ar\/wp-content\/uploads\/2026\/03\/Programma-di-sala-Manon-Lescaut_page-0024-1536x1152.jpg 1536w, https:\/\/www.ecoitaliano.com.ar\/wp-content\/uploads\/2026\/03\/Programma-di-sala-Manon-Lescaut_page-0024.jpg 1890w\" sizes=\"(max-width: 1024px) 100vw, 1024px\" \/><\/a><\/figure>\n\n\n\n<figure class=\"wp-block-image size-large\"><a href=\"https:\/\/www.ecoitaliano.com.ar\/wp-content\/uploads\/2026\/03\/Programma-di-sala-Manon-Lescaut_page-0025.jpg\"><img decoding=\"async\" width=\"1024\" height=\"768\" data-id=\"87322\" src=\"https:\/\/www.ecoitaliano.com.ar\/wp-content\/uploads\/2026\/03\/Programma-di-sala-Manon-Lescaut_page-0025-1024x768.jpg\" alt=\"\" class=\"wp-image-87322\" srcset=\"https:\/\/www.ecoitaliano.com.ar\/wp-content\/uploads\/2026\/03\/Programma-di-sala-Manon-Lescaut_page-0025-1024x768.jpg 1024w, https:\/\/www.ecoitaliano.com.ar\/wp-content\/uploads\/2026\/03\/Programma-di-sala-Manon-Lescaut_page-0025-300x225.jpg 300w, https:\/\/www.ecoitaliano.com.ar\/wp-content\/uploads\/2026\/03\/Programma-di-sala-Manon-Lescaut_page-0025-768x576.jpg 768w, https:\/\/www.ecoitaliano.com.ar\/wp-content\/uploads\/2026\/03\/Programma-di-sala-Manon-Lescaut_page-0025-1536x1152.jpg 1536w, https:\/\/www.ecoitaliano.com.ar\/wp-content\/uploads\/2026\/03\/Programma-di-sala-Manon-Lescaut_page-0025.jpg 1890w\" sizes=\"(max-width: 1024px) 100vw, 1024px\" \/><\/a><\/figure>\n\n\n\n<figure class=\"wp-block-image size-large\"><a href=\"https:\/\/www.ecoitaliano.com.ar\/wp-content\/uploads\/2026\/03\/Programma-di-sala-Manon-Lescaut_page-0026.jpg\"><img decoding=\"async\" width=\"1024\" height=\"768\" data-id=\"87323\" src=\"https:\/\/www.ecoitaliano.com.ar\/wp-content\/uploads\/2026\/03\/Programma-di-sala-Manon-Lescaut_page-0026-1024x768.jpg\" alt=\"\" class=\"wp-image-87323\" srcset=\"https:\/\/www.ecoitaliano.com.ar\/wp-content\/uploads\/2026\/03\/Programma-di-sala-Manon-Lescaut_page-0026-1024x768.jpg 1024w, https:\/\/www.ecoitaliano.com.ar\/wp-content\/uploads\/2026\/03\/Programma-di-sala-Manon-Lescaut_page-0026-300x225.jpg 300w, https:\/\/www.ecoitaliano.com.ar\/wp-content\/uploads\/2026\/03\/Programma-di-sala-Manon-Lescaut_page-0026-768x576.jpg 768w, https:\/\/www.ecoitaliano.com.ar\/wp-content\/uploads\/2026\/03\/Programma-di-sala-Manon-Lescaut_page-0026-1536x1152.jpg 1536w, https:\/\/www.ecoitaliano.com.ar\/wp-content\/uploads\/2026\/03\/Programma-di-sala-Manon-Lescaut_page-0026.jpg 1890w\" sizes=\"(max-width: 1024px) 100vw, 1024px\" \/><\/a><\/figure>\n\n\n\n<figure class=\"wp-block-image size-large\"><a href=\"https:\/\/www.ecoitaliano.com.ar\/wp-content\/uploads\/2026\/03\/Programma-di-sala-Manon-Lescaut_page-0027.jpg\"><img decoding=\"async\" width=\"1024\" height=\"768\" data-id=\"87324\" src=\"https:\/\/www.ecoitaliano.com.ar\/wp-content\/uploads\/2026\/03\/Programma-di-sala-Manon-Lescaut_page-0027-1024x768.jpg\" alt=\"\" class=\"wp-image-87324\" srcset=\"https:\/\/www.ecoitaliano.com.ar\/wp-content\/uploads\/2026\/03\/Programma-di-sala-Manon-Lescaut_page-0027-1024x768.jpg 1024w, https:\/\/www.ecoitaliano.com.ar\/wp-content\/uploads\/2026\/03\/Programma-di-sala-Manon-Lescaut_page-0027-300x225.jpg 300w, https:\/\/www.ecoitaliano.com.ar\/wp-content\/uploads\/2026\/03\/Programma-di-sala-Manon-Lescaut_page-0027-768x576.jpg 768w, https:\/\/www.ecoitaliano.com.ar\/wp-content\/uploads\/2026\/03\/Programma-di-sala-Manon-Lescaut_page-0027-1536x1152.jpg 1536w, https:\/\/www.ecoitaliano.com.ar\/wp-content\/uploads\/2026\/03\/Programma-di-sala-Manon-Lescaut_page-0027.jpg 1890w\" sizes=\"(max-width: 1024px) 100vw, 1024px\" \/><\/a><\/figure>\n\n\n\n<figure class=\"wp-block-image size-large\"><a href=\"https:\/\/www.ecoitaliano.com.ar\/wp-content\/uploads\/2026\/03\/Programma-di-sala-Manon-Lescaut_page-0028.jpg\"><img decoding=\"async\" width=\"1024\" height=\"768\" data-id=\"87325\" src=\"https:\/\/www.ecoitaliano.com.ar\/wp-content\/uploads\/2026\/03\/Programma-di-sala-Manon-Lescaut_page-0028-1024x768.jpg\" alt=\"\" class=\"wp-image-87325\" srcset=\"https:\/\/www.ecoitaliano.com.ar\/wp-content\/uploads\/2026\/03\/Programma-di-sala-Manon-Lescaut_page-0028-1024x768.jpg 1024w, https:\/\/www.ecoitaliano.com.ar\/wp-content\/uploads\/2026\/03\/Programma-di-sala-Manon-Lescaut_page-0028-300x225.jpg 300w, https:\/\/www.ecoitaliano.com.ar\/wp-content\/uploads\/2026\/03\/Programma-di-sala-Manon-Lescaut_page-0028-768x576.jpg 768w, https:\/\/www.ecoitaliano.com.ar\/wp-content\/uploads\/2026\/03\/Programma-di-sala-Manon-Lescaut_page-0028-1536x1152.jpg 1536w, https:\/\/www.ecoitaliano.com.ar\/wp-content\/uploads\/2026\/03\/Programma-di-sala-Manon-Lescaut_page-0028.jpg 1890w\" sizes=\"(max-width: 1024px) 100vw, 1024px\" \/><\/a><\/figure>\n\n\n\n<figure class=\"wp-block-image size-large\"><a href=\"https:\/\/www.ecoitaliano.com.ar\/wp-content\/uploads\/2026\/03\/Programma-di-sala-Manon-Lescaut_page-0029.jpg\"><img decoding=\"async\" width=\"1024\" height=\"768\" data-id=\"87326\" src=\"https:\/\/www.ecoitaliano.com.ar\/wp-content\/uploads\/2026\/03\/Programma-di-sala-Manon-Lescaut_page-0029-1024x768.jpg\" alt=\"\" class=\"wp-image-87326\" srcset=\"https:\/\/www.ecoitaliano.com.ar\/wp-content\/uploads\/2026\/03\/Programma-di-sala-Manon-Lescaut_page-0029-1024x768.jpg 1024w, https:\/\/www.ecoitaliano.com.ar\/wp-content\/uploads\/2026\/03\/Programma-di-sala-Manon-Lescaut_page-0029-300x225.jpg 300w, https:\/\/www.ecoitaliano.com.ar\/wp-content\/uploads\/2026\/03\/Programma-di-sala-Manon-Lescaut_page-0029-768x576.jpg 768w, https:\/\/www.ecoitaliano.com.ar\/wp-content\/uploads\/2026\/03\/Programma-di-sala-Manon-Lescaut_page-0029-1536x1152.jpg 1536w, https:\/\/www.ecoitaliano.com.ar\/wp-content\/uploads\/2026\/03\/Programma-di-sala-Manon-Lescaut_page-0029.jpg 1890w\" sizes=\"(max-width: 1024px) 100vw, 1024px\" \/><\/a><\/figure>\n\n\n\n<figure class=\"wp-block-image size-large\"><a href=\"https:\/\/www.ecoitaliano.com.ar\/wp-content\/uploads\/2026\/03\/Programma-di-sala-Manon-Lescaut_page-0030.jpg\"><img decoding=\"async\" width=\"1024\" height=\"768\" data-id=\"87327\" src=\"https:\/\/www.ecoitaliano.com.ar\/wp-content\/uploads\/2026\/03\/Programma-di-sala-Manon-Lescaut_page-0030-1024x768.jpg\" alt=\"\" class=\"wp-image-87327\" srcset=\"https:\/\/www.ecoitaliano.com.ar\/wp-content\/uploads\/2026\/03\/Programma-di-sala-Manon-Lescaut_page-0030-1024x768.jpg 1024w, https:\/\/www.ecoitaliano.com.ar\/wp-content\/uploads\/2026\/03\/Programma-di-sala-Manon-Lescaut_page-0030-300x225.jpg 300w, https:\/\/www.ecoitaliano.com.ar\/wp-content\/uploads\/2026\/03\/Programma-di-sala-Manon-Lescaut_page-0030-768x576.jpg 768w, https:\/\/www.ecoitaliano.com.ar\/wp-content\/uploads\/2026\/03\/Programma-di-sala-Manon-Lescaut_page-0030-1536x1152.jpg 1536w, https:\/\/www.ecoitaliano.com.ar\/wp-content\/uploads\/2026\/03\/Programma-di-sala-Manon-Lescaut_page-0030.jpg 1890w\" sizes=\"(max-width: 1024px) 100vw, 1024px\" \/><\/a><\/figure>\n\n\n\n<figure class=\"wp-block-image size-large\"><a href=\"https:\/\/www.ecoitaliano.com.ar\/wp-content\/uploads\/2026\/03\/Programma-di-sala-Manon-Lescaut_page-0031.jpg\"><img decoding=\"async\" width=\"1024\" height=\"768\" data-id=\"87328\" src=\"https:\/\/www.ecoitaliano.com.ar\/wp-content\/uploads\/2026\/03\/Programma-di-sala-Manon-Lescaut_page-0031-1024x768.jpg\" alt=\"\" class=\"wp-image-87328\" srcset=\"https:\/\/www.ecoitaliano.com.ar\/wp-content\/uploads\/2026\/03\/Programma-di-sala-Manon-Lescaut_page-0031-1024x768.jpg 1024w, https:\/\/www.ecoitaliano.com.ar\/wp-content\/uploads\/2026\/03\/Programma-di-sala-Manon-Lescaut_page-0031-300x225.jpg 300w, https:\/\/www.ecoitaliano.com.ar\/wp-content\/uploads\/2026\/03\/Programma-di-sala-Manon-Lescaut_page-0031-768x576.jpg 768w, https:\/\/www.ecoitaliano.com.ar\/wp-content\/uploads\/2026\/03\/Programma-di-sala-Manon-Lescaut_page-0031-1536x1152.jpg 1536w, https:\/\/www.ecoitaliano.com.ar\/wp-content\/uploads\/2026\/03\/Programma-di-sala-Manon-Lescaut_page-0031.jpg 1890w\" sizes=\"(max-width: 1024px) 100vw, 1024px\" \/><\/a><\/figure>\n\n\n\n<figure class=\"wp-block-image size-large\"><a href=\"https:\/\/www.ecoitaliano.com.ar\/wp-content\/uploads\/2026\/03\/Programma-di-sala-Manon-Lescaut_page-0032.jpg\"><img decoding=\"async\" width=\"1024\" height=\"768\" data-id=\"87329\" src=\"https:\/\/www.ecoitaliano.com.ar\/wp-content\/uploads\/2026\/03\/Programma-di-sala-Manon-Lescaut_page-0032-1024x768.jpg\" alt=\"\" class=\"wp-image-87329\" srcset=\"https:\/\/www.ecoitaliano.com.ar\/wp-content\/uploads\/2026\/03\/Programma-di-sala-Manon-Lescaut_page-0032-1024x768.jpg 1024w, https:\/\/www.ecoitaliano.com.ar\/wp-content\/uploads\/2026\/03\/Programma-di-sala-Manon-Lescaut_page-0032-300x225.jpg 300w, https:\/\/www.ecoitaliano.com.ar\/wp-content\/uploads\/2026\/03\/Programma-di-sala-Manon-Lescaut_page-0032-768x576.jpg 768w, https:\/\/www.ecoitaliano.com.ar\/wp-content\/uploads\/2026\/03\/Programma-di-sala-Manon-Lescaut_page-0032-1536x1152.jpg 1536w, https:\/\/www.ecoitaliano.com.ar\/wp-content\/uploads\/2026\/03\/Programma-di-sala-Manon-Lescaut_page-0032.jpg 1890w\" sizes=\"(max-width: 1024px) 100vw, 1024px\" \/><\/a><\/figure>\n\n\n\n<figure class=\"wp-block-image size-large\"><a href=\"https:\/\/www.ecoitaliano.com.ar\/wp-content\/uploads\/2026\/03\/Programma-di-sala-Manon-Lescaut_page-0033.jpg\"><img decoding=\"async\" width=\"1024\" height=\"768\" data-id=\"87330\" src=\"https:\/\/www.ecoitaliano.com.ar\/wp-content\/uploads\/2026\/03\/Programma-di-sala-Manon-Lescaut_page-0033-1024x768.jpg\" alt=\"\" class=\"wp-image-87330\" srcset=\"https:\/\/www.ecoitaliano.com.ar\/wp-content\/uploads\/2026\/03\/Programma-di-sala-Manon-Lescaut_page-0033-1024x768.jpg 1024w, https:\/\/www.ecoitaliano.com.ar\/wp-content\/uploads\/2026\/03\/Programma-di-sala-Manon-Lescaut_page-0033-300x225.jpg 300w, https:\/\/www.ecoitaliano.com.ar\/wp-content\/uploads\/2026\/03\/Programma-di-sala-Manon-Lescaut_page-0033-768x576.jpg 768w, https:\/\/www.ecoitaliano.com.ar\/wp-content\/uploads\/2026\/03\/Programma-di-sala-Manon-Lescaut_page-0033-1536x1152.jpg 1536w, https:\/\/www.ecoitaliano.com.ar\/wp-content\/uploads\/2026\/03\/Programma-di-sala-Manon-Lescaut_page-0033.jpg 1890w\" sizes=\"(max-width: 1024px) 100vw, 1024px\" \/><\/a><\/figure>\n\n\n\n<figure class=\"wp-block-image size-large\"><a href=\"https:\/\/www.ecoitaliano.com.ar\/wp-content\/uploads\/2026\/03\/Programma-di-sala-Manon-Lescaut_page-0034.jpg\"><img decoding=\"async\" width=\"1024\" height=\"768\" data-id=\"87331\" src=\"https:\/\/www.ecoitaliano.com.ar\/wp-content\/uploads\/2026\/03\/Programma-di-sala-Manon-Lescaut_page-0034-1024x768.jpg\" alt=\"\" class=\"wp-image-87331\" srcset=\"https:\/\/www.ecoitaliano.com.ar\/wp-content\/uploads\/2026\/03\/Programma-di-sala-Manon-Lescaut_page-0034-1024x768.jpg 1024w, https:\/\/www.ecoitaliano.com.ar\/wp-content\/uploads\/2026\/03\/Programma-di-sala-Manon-Lescaut_page-0034-300x225.jpg 300w, https:\/\/www.ecoitaliano.com.ar\/wp-content\/uploads\/2026\/03\/Programma-di-sala-Manon-Lescaut_page-0034-768x576.jpg 768w, https:\/\/www.ecoitaliano.com.ar\/wp-content\/uploads\/2026\/03\/Programma-di-sala-Manon-Lescaut_page-0034-1536x1152.jpg 1536w, https:\/\/www.ecoitaliano.com.ar\/wp-content\/uploads\/2026\/03\/Programma-di-sala-Manon-Lescaut_page-0034.jpg 1890w\" sizes=\"(max-width: 1024px) 100vw, 1024px\" \/><\/a><\/figure>\n\n\n\n<figure class=\"wp-block-image size-large\"><a href=\"https:\/\/www.ecoitaliano.com.ar\/wp-content\/uploads\/2026\/03\/Programma-di-sala-Manon-Lescaut_page-0035.jpg\"><img decoding=\"async\" width=\"1024\" height=\"768\" data-id=\"87332\" src=\"https:\/\/www.ecoitaliano.com.ar\/wp-content\/uploads\/2026\/03\/Programma-di-sala-Manon-Lescaut_page-0035-1024x768.jpg\" alt=\"\" class=\"wp-image-87332\" srcset=\"https:\/\/www.ecoitaliano.com.ar\/wp-content\/uploads\/2026\/03\/Programma-di-sala-Manon-Lescaut_page-0035-1024x768.jpg 1024w, https:\/\/www.ecoitaliano.com.ar\/wp-content\/uploads\/2026\/03\/Programma-di-sala-Manon-Lescaut_page-0035-300x225.jpg 300w, https:\/\/www.ecoitaliano.com.ar\/wp-content\/uploads\/2026\/03\/Programma-di-sala-Manon-Lescaut_page-0035-768x576.jpg 768w, https:\/\/www.ecoitaliano.com.ar\/wp-content\/uploads\/2026\/03\/Programma-di-sala-Manon-Lescaut_page-0035-1536x1152.jpg 1536w, https:\/\/www.ecoitaliano.com.ar\/wp-content\/uploads\/2026\/03\/Programma-di-sala-Manon-Lescaut_page-0035.jpg 1890w\" sizes=\"(max-width: 1024px) 100vw, 1024px\" \/><\/a><\/figure>\n\n\n\n<figure class=\"wp-block-image size-large\"><a href=\"https:\/\/www.ecoitaliano.com.ar\/wp-content\/uploads\/2026\/03\/Programma-di-sala-Manon-Lescaut_page-0036.jpg\"><img decoding=\"async\" width=\"1024\" height=\"768\" data-id=\"87333\" src=\"https:\/\/www.ecoitaliano.com.ar\/wp-content\/uploads\/2026\/03\/Programma-di-sala-Manon-Lescaut_page-0036-1024x768.jpg\" alt=\"\" class=\"wp-image-87333\" srcset=\"https:\/\/www.ecoitaliano.com.ar\/wp-content\/uploads\/2026\/03\/Programma-di-sala-Manon-Lescaut_page-0036-1024x768.jpg 1024w, https:\/\/www.ecoitaliano.com.ar\/wp-content\/uploads\/2026\/03\/Programma-di-sala-Manon-Lescaut_page-0036-300x225.jpg 300w, https:\/\/www.ecoitaliano.com.ar\/wp-content\/uploads\/2026\/03\/Programma-di-sala-Manon-Lescaut_page-0036-768x576.jpg 768w, https:\/\/www.ecoitaliano.com.ar\/wp-content\/uploads\/2026\/03\/Programma-di-sala-Manon-Lescaut_page-0036-1536x1152.jpg 1536w, https:\/\/www.ecoitaliano.com.ar\/wp-content\/uploads\/2026\/03\/Programma-di-sala-Manon-Lescaut_page-0036.jpg 1890w\" sizes=\"(max-width: 1024px) 100vw, 1024px\" \/><\/a><\/figure>\n\n\n\n<figure class=\"wp-block-image size-large\"><a href=\"https:\/\/www.ecoitaliano.com.ar\/wp-content\/uploads\/2026\/03\/Programma-di-sala-Manon-Lescaut_page-0037.jpg\"><img decoding=\"async\" width=\"1024\" height=\"768\" data-id=\"87334\" src=\"https:\/\/www.ecoitaliano.com.ar\/wp-content\/uploads\/2026\/03\/Programma-di-sala-Manon-Lescaut_page-0037-1024x768.jpg\" alt=\"\" class=\"wp-image-87334\" srcset=\"https:\/\/www.ecoitaliano.com.ar\/wp-content\/uploads\/2026\/03\/Programma-di-sala-Manon-Lescaut_page-0037-1024x768.jpg 1024w, https:\/\/www.ecoitaliano.com.ar\/wp-content\/uploads\/2026\/03\/Programma-di-sala-Manon-Lescaut_page-0037-300x225.jpg 300w, https:\/\/www.ecoitaliano.com.ar\/wp-content\/uploads\/2026\/03\/Programma-di-sala-Manon-Lescaut_page-0037-768x576.jpg 768w, https:\/\/www.ecoitaliano.com.ar\/wp-content\/uploads\/2026\/03\/Programma-di-sala-Manon-Lescaut_page-0037-1536x1152.jpg 1536w, https:\/\/www.ecoitaliano.com.ar\/wp-content\/uploads\/2026\/03\/Programma-di-sala-Manon-Lescaut_page-0037.jpg 1890w\" sizes=\"(max-width: 1024px) 100vw, 1024px\" \/><\/a><\/figure>\n\n\n\n<figure class=\"wp-block-image size-large\"><a href=\"https:\/\/www.ecoitaliano.com.ar\/wp-content\/uploads\/2026\/03\/Programma-di-sala-Manon-Lescaut_page-0038.jpg\"><img decoding=\"async\" width=\"1024\" height=\"768\" data-id=\"87335\" src=\"https:\/\/www.ecoitaliano.com.ar\/wp-content\/uploads\/2026\/03\/Programma-di-sala-Manon-Lescaut_page-0038-1024x768.jpg\" alt=\"\" class=\"wp-image-87335\" srcset=\"https:\/\/www.ecoitaliano.com.ar\/wp-content\/uploads\/2026\/03\/Programma-di-sala-Manon-Lescaut_page-0038-1024x768.jpg 1024w, https:\/\/www.ecoitaliano.com.ar\/wp-content\/uploads\/2026\/03\/Programma-di-sala-Manon-Lescaut_page-0038-300x225.jpg 300w, https:\/\/www.ecoitaliano.com.ar\/wp-content\/uploads\/2026\/03\/Programma-di-sala-Manon-Lescaut_page-0038-768x576.jpg 768w, https:\/\/www.ecoitaliano.com.ar\/wp-content\/uploads\/2026\/03\/Programma-di-sala-Manon-Lescaut_page-0038-1536x1152.jpg 1536w, https:\/\/www.ecoitaliano.com.ar\/wp-content\/uploads\/2026\/03\/Programma-di-sala-Manon-Lescaut_page-0038.jpg 1890w\" sizes=\"(max-width: 1024px) 100vw, 1024px\" \/><\/a><\/figure>\n\n\n\n<figure class=\"wp-block-image size-large\"><a href=\"https:\/\/www.ecoitaliano.com.ar\/wp-content\/uploads\/2026\/03\/Programma-di-sala-Manon-Lescaut_page-0039.jpg\"><img decoding=\"async\" width=\"1024\" height=\"768\" data-id=\"87336\" src=\"https:\/\/www.ecoitaliano.com.ar\/wp-content\/uploads\/2026\/03\/Programma-di-sala-Manon-Lescaut_page-0039-1024x768.jpg\" alt=\"\" class=\"wp-image-87336\" srcset=\"https:\/\/www.ecoitaliano.com.ar\/wp-content\/uploads\/2026\/03\/Programma-di-sala-Manon-Lescaut_page-0039-1024x768.jpg 1024w, https:\/\/www.ecoitaliano.com.ar\/wp-content\/uploads\/2026\/03\/Programma-di-sala-Manon-Lescaut_page-0039-300x225.jpg 300w, https:\/\/www.ecoitaliano.com.ar\/wp-content\/uploads\/2026\/03\/Programma-di-sala-Manon-Lescaut_page-0039-768x576.jpg 768w, https:\/\/www.ecoitaliano.com.ar\/wp-content\/uploads\/2026\/03\/Programma-di-sala-Manon-Lescaut_page-0039-1536x1152.jpg 1536w, https:\/\/www.ecoitaliano.com.ar\/wp-content\/uploads\/2026\/03\/Programma-di-sala-Manon-Lescaut_page-0039.jpg 1890w\" sizes=\"(max-width: 1024px) 100vw, 1024px\" \/><\/a><\/figure>\n\n\n\n<figure class=\"wp-block-image size-large\"><a href=\"https:\/\/www.ecoitaliano.com.ar\/wp-content\/uploads\/2026\/03\/Programma-di-sala-Manon-Lescaut_page-0040.jpg\"><img decoding=\"async\" width=\"1024\" height=\"768\" data-id=\"87337\" src=\"https:\/\/www.ecoitaliano.com.ar\/wp-content\/uploads\/2026\/03\/Programma-di-sala-Manon-Lescaut_page-0040-1024x768.jpg\" alt=\"\" class=\"wp-image-87337\" srcset=\"https:\/\/www.ecoitaliano.com.ar\/wp-content\/uploads\/2026\/03\/Programma-di-sala-Manon-Lescaut_page-0040-1024x768.jpg 1024w, https:\/\/www.ecoitaliano.com.ar\/wp-content\/uploads\/2026\/03\/Programma-di-sala-Manon-Lescaut_page-0040-300x225.jpg 300w, https:\/\/www.ecoitaliano.com.ar\/wp-content\/uploads\/2026\/03\/Programma-di-sala-Manon-Lescaut_page-0040-768x576.jpg 768w, https:\/\/www.ecoitaliano.com.ar\/wp-content\/uploads\/2026\/03\/Programma-di-sala-Manon-Lescaut_page-0040-1536x1152.jpg 1536w, https:\/\/www.ecoitaliano.com.ar\/wp-content\/uploads\/2026\/03\/Programma-di-sala-Manon-Lescaut_page-0040.jpg 1890w\" sizes=\"(max-width: 1024px) 100vw, 1024px\" \/><\/a><\/figure>\n\n\n\n<figure class=\"wp-block-image size-large\"><a href=\"https:\/\/www.ecoitaliano.com.ar\/wp-content\/uploads\/2026\/03\/Programma-di-sala-Manon-Lescaut_page-0041.jpg\"><img decoding=\"async\" width=\"1024\" height=\"768\" data-id=\"87338\" src=\"https:\/\/www.ecoitaliano.com.ar\/wp-content\/uploads\/2026\/03\/Programma-di-sala-Manon-Lescaut_page-0041-1024x768.jpg\" alt=\"\" class=\"wp-image-87338\" srcset=\"https:\/\/www.ecoitaliano.com.ar\/wp-content\/uploads\/2026\/03\/Programma-di-sala-Manon-Lescaut_page-0041-1024x768.jpg 1024w, https:\/\/www.ecoitaliano.com.ar\/wp-content\/uploads\/2026\/03\/Programma-di-sala-Manon-Lescaut_page-0041-300x225.jpg 300w, https:\/\/www.ecoitaliano.com.ar\/wp-content\/uploads\/2026\/03\/Programma-di-sala-Manon-Lescaut_page-0041-768x576.jpg 768w, https:\/\/www.ecoitaliano.com.ar\/wp-content\/uploads\/2026\/03\/Programma-di-sala-Manon-Lescaut_page-0041-1536x1152.jpg 1536w, https:\/\/www.ecoitaliano.com.ar\/wp-content\/uploads\/2026\/03\/Programma-di-sala-Manon-Lescaut_page-0041.jpg 1890w\" sizes=\"(max-width: 1024px) 100vw, 1024px\" \/><\/a><\/figure>\n\n\n\n<figure class=\"wp-block-image size-large\"><a href=\"https:\/\/www.ecoitaliano.com.ar\/wp-content\/uploads\/2026\/03\/Programma-di-sala-Manon-Lescaut_page-0042.jpg\"><img decoding=\"async\" width=\"1024\" height=\"768\" data-id=\"87339\" src=\"https:\/\/www.ecoitaliano.com.ar\/wp-content\/uploads\/2026\/03\/Programma-di-sala-Manon-Lescaut_page-0042-1024x768.jpg\" alt=\"\" class=\"wp-image-87339\" srcset=\"https:\/\/www.ecoitaliano.com.ar\/wp-content\/uploads\/2026\/03\/Programma-di-sala-Manon-Lescaut_page-0042-1024x768.jpg 1024w, https:\/\/www.ecoitaliano.com.ar\/wp-content\/uploads\/2026\/03\/Programma-di-sala-Manon-Lescaut_page-0042-300x225.jpg 300w, https:\/\/www.ecoitaliano.com.ar\/wp-content\/uploads\/2026\/03\/Programma-di-sala-Manon-Lescaut_page-0042-768x576.jpg 768w, https:\/\/www.ecoitaliano.com.ar\/wp-content\/uploads\/2026\/03\/Programma-di-sala-Manon-Lescaut_page-0042-1536x1152.jpg 1536w, https:\/\/www.ecoitaliano.com.ar\/wp-content\/uploads\/2026\/03\/Programma-di-sala-Manon-Lescaut_page-0042.jpg 1890w\" sizes=\"(max-width: 1024px) 100vw, 1024px\" \/><\/a><\/figure>\n\n\n\n<figure class=\"wp-block-image size-large\"><a href=\"https:\/\/www.ecoitaliano.com.ar\/wp-content\/uploads\/2026\/03\/Programma-di-sala-Manon-Lescaut_page-0043.jpg\"><img decoding=\"async\" width=\"1024\" height=\"768\" data-id=\"87340\" src=\"https:\/\/www.ecoitaliano.com.ar\/wp-content\/uploads\/2026\/03\/Programma-di-sala-Manon-Lescaut_page-0043-1024x768.jpg\" alt=\"\" class=\"wp-image-87340\" srcset=\"https:\/\/www.ecoitaliano.com.ar\/wp-content\/uploads\/2026\/03\/Programma-di-sala-Manon-Lescaut_page-0043-1024x768.jpg 1024w, https:\/\/www.ecoitaliano.com.ar\/wp-content\/uploads\/2026\/03\/Programma-di-sala-Manon-Lescaut_page-0043-300x225.jpg 300w, https:\/\/www.ecoitaliano.com.ar\/wp-content\/uploads\/2026\/03\/Programma-di-sala-Manon-Lescaut_page-0043-768x576.jpg 768w, https:\/\/www.ecoitaliano.com.ar\/wp-content\/uploads\/2026\/03\/Programma-di-sala-Manon-Lescaut_page-0043-1536x1152.jpg 1536w, https:\/\/www.ecoitaliano.com.ar\/wp-content\/uploads\/2026\/03\/Programma-di-sala-Manon-Lescaut_page-0043.jpg 1890w\" sizes=\"(max-width: 1024px) 100vw, 1024px\" \/><\/a><\/figure>\n\n\n\n<figure class=\"wp-block-image size-large\"><a href=\"https:\/\/www.ecoitaliano.com.ar\/wp-content\/uploads\/2026\/03\/Programma-di-sala-Manon-Lescaut_page-0044.jpg\"><img decoding=\"async\" width=\"1024\" height=\"768\" data-id=\"87341\" src=\"https:\/\/www.ecoitaliano.com.ar\/wp-content\/uploads\/2026\/03\/Programma-di-sala-Manon-Lescaut_page-0044-1024x768.jpg\" alt=\"\" class=\"wp-image-87341\" srcset=\"https:\/\/www.ecoitaliano.com.ar\/wp-content\/uploads\/2026\/03\/Programma-di-sala-Manon-Lescaut_page-0044-1024x768.jpg 1024w, https:\/\/www.ecoitaliano.com.ar\/wp-content\/uploads\/2026\/03\/Programma-di-sala-Manon-Lescaut_page-0044-300x225.jpg 300w, https:\/\/www.ecoitaliano.com.ar\/wp-content\/uploads\/2026\/03\/Programma-di-sala-Manon-Lescaut_page-0044-768x576.jpg 768w, https:\/\/www.ecoitaliano.com.ar\/wp-content\/uploads\/2026\/03\/Programma-di-sala-Manon-Lescaut_page-0044-1536x1152.jpg 1536w, https:\/\/www.ecoitaliano.com.ar\/wp-content\/uploads\/2026\/03\/Programma-di-sala-Manon-Lescaut_page-0044.jpg 1890w\" sizes=\"(max-width: 1024px) 100vw, 1024px\" \/><\/a><\/figure>\n\n\n\n<figure class=\"wp-block-image size-large\"><a href=\"https:\/\/www.ecoitaliano.com.ar\/wp-content\/uploads\/2026\/03\/Programma-di-sala-Manon-Lescaut_page-0045.jpg\"><img decoding=\"async\" width=\"1024\" height=\"768\" data-id=\"87342\" src=\"https:\/\/www.ecoitaliano.com.ar\/wp-content\/uploads\/2026\/03\/Programma-di-sala-Manon-Lescaut_page-0045-1024x768.jpg\" alt=\"\" class=\"wp-image-87342\" srcset=\"https:\/\/www.ecoitaliano.com.ar\/wp-content\/uploads\/2026\/03\/Programma-di-sala-Manon-Lescaut_page-0045-1024x768.jpg 1024w, https:\/\/www.ecoitaliano.com.ar\/wp-content\/uploads\/2026\/03\/Programma-di-sala-Manon-Lescaut_page-0045-300x225.jpg 300w, https:\/\/www.ecoitaliano.com.ar\/wp-content\/uploads\/2026\/03\/Programma-di-sala-Manon-Lescaut_page-0045-768x576.jpg 768w, https:\/\/www.ecoitaliano.com.ar\/wp-content\/uploads\/2026\/03\/Programma-di-sala-Manon-Lescaut_page-0045-1536x1152.jpg 1536w, https:\/\/www.ecoitaliano.com.ar\/wp-content\/uploads\/2026\/03\/Programma-di-sala-Manon-Lescaut_page-0045.jpg 1890w\" sizes=\"(max-width: 1024px) 100vw, 1024px\" \/><\/a><\/figure>\n\n\n\n<figure class=\"wp-block-image size-large\"><a href=\"https:\/\/www.ecoitaliano.com.ar\/wp-content\/uploads\/2026\/03\/Programma-di-sala-Manon-Lescaut_page-0046.jpg\"><img decoding=\"async\" width=\"1024\" height=\"768\" data-id=\"87343\" src=\"https:\/\/www.ecoitaliano.com.ar\/wp-content\/uploads\/2026\/03\/Programma-di-sala-Manon-Lescaut_page-0046-1024x768.jpg\" alt=\"\" class=\"wp-image-87343\" srcset=\"https:\/\/www.ecoitaliano.com.ar\/wp-content\/uploads\/2026\/03\/Programma-di-sala-Manon-Lescaut_page-0046-1024x768.jpg 1024w, https:\/\/www.ecoitaliano.com.ar\/wp-content\/uploads\/2026\/03\/Programma-di-sala-Manon-Lescaut_page-0046-300x225.jpg 300w, https:\/\/www.ecoitaliano.com.ar\/wp-content\/uploads\/2026\/03\/Programma-di-sala-Manon-Lescaut_page-0046-768x576.jpg 768w, https:\/\/www.ecoitaliano.com.ar\/wp-content\/uploads\/2026\/03\/Programma-di-sala-Manon-Lescaut_page-0046-1536x1152.jpg 1536w, https:\/\/www.ecoitaliano.com.ar\/wp-content\/uploads\/2026\/03\/Programma-di-sala-Manon-Lescaut_page-0046.jpg 1890w\" sizes=\"(max-width: 1024px) 100vw, 1024px\" \/><\/a><\/figure>\n\n\n\n<figure class=\"wp-block-image size-large\"><a href=\"https:\/\/www.ecoitaliano.com.ar\/wp-content\/uploads\/2026\/03\/Programma-di-sala-Manon-Lescaut_page-0047.jpg\"><img decoding=\"async\" width=\"682\" height=\"1024\" data-id=\"87344\" src=\"https:\/\/www.ecoitaliano.com.ar\/wp-content\/uploads\/2026\/03\/Programma-di-sala-Manon-Lescaut_page-0047-682x1024.jpg\" alt=\"\" class=\"wp-image-87344\" srcset=\"https:\/\/www.ecoitaliano.com.ar\/wp-content\/uploads\/2026\/03\/Programma-di-sala-Manon-Lescaut_page-0047-682x1024.jpg 682w, https:\/\/www.ecoitaliano.com.ar\/wp-content\/uploads\/2026\/03\/Programma-di-sala-Manon-Lescaut_page-0047-200x300.jpg 200w, https:\/\/www.ecoitaliano.com.ar\/wp-content\/uploads\/2026\/03\/Programma-di-sala-Manon-Lescaut_page-0047-768x1152.jpg 768w, https:\/\/www.ecoitaliano.com.ar\/wp-content\/uploads\/2026\/03\/Programma-di-sala-Manon-Lescaut_page-0047.jpg 945w\" sizes=\"(max-width: 682px) 100vw, 682px\" \/><\/a><\/figure>\n<\/figure>\n","protected":false},"excerpt":{"rendered":"<p>MANON LESCAUT Francesco Ivan Ciampa dirige l\u2019opera di Giacomo Puccini sul podio della Filarmonica di Parma e del Coro del [&hellip;]<\/p>\n","protected":false},"author":1,"featured_media":0,"comment_status":"open","ping_status":"open","sticky":false,"template":"","format":"standard","meta":{"footnotes":""},"categories":[1],"tags":[],"class_list":["post-87291","post","type-post","status-publish","format-standard","hentry","category-sin-categoria"],"_links":{"self":[{"href":"https:\/\/www.ecoitaliano.com.ar\/index.php?rest_route=\/wp\/v2\/posts\/87291","targetHints":{"allow":["GET"]}}],"collection":[{"href":"https:\/\/www.ecoitaliano.com.ar\/index.php?rest_route=\/wp\/v2\/posts"}],"about":[{"href":"https:\/\/www.ecoitaliano.com.ar\/index.php?rest_route=\/wp\/v2\/types\/post"}],"author":[{"embeddable":true,"href":"https:\/\/www.ecoitaliano.com.ar\/index.php?rest_route=\/wp\/v2\/users\/1"}],"replies":[{"embeddable":true,"href":"https:\/\/www.ecoitaliano.com.ar\/index.php?rest_route=%2Fwp%2Fv2%2Fcomments&post=87291"}],"version-history":[{"count":1,"href":"https:\/\/www.ecoitaliano.com.ar\/index.php?rest_route=\/wp\/v2\/posts\/87291\/revisions"}],"predecessor-version":[{"id":87345,"href":"https:\/\/www.ecoitaliano.com.ar\/index.php?rest_route=\/wp\/v2\/posts\/87291\/revisions\/87345"}],"wp:attachment":[{"href":"https:\/\/www.ecoitaliano.com.ar\/index.php?rest_route=%2Fwp%2Fv2%2Fmedia&parent=87291"}],"wp:term":[{"taxonomy":"category","embeddable":true,"href":"https:\/\/www.ecoitaliano.com.ar\/index.php?rest_route=%2Fwp%2Fv2%2Fcategories&post=87291"},{"taxonomy":"post_tag","embeddable":true,"href":"https:\/\/www.ecoitaliano.com.ar\/index.php?rest_route=%2Fwp%2Fv2%2Ftags&post=87291"}],"curies":[{"name":"wp","href":"https:\/\/api.w.org\/{rel}","templated":true}]}}