{"id":87346,"date":"2026-03-14T11:11:33","date_gmt":"2026-03-14T11:11:33","guid":{"rendered":"https:\/\/www.ecoitaliano.com.ar\/?p=87346"},"modified":"2026-03-14T11:11:34","modified_gmt":"2026-03-14T11:11:34","slug":"sinossi-della-silloge-di-poesie-taccuino-di-mare-e-di-brezza","status":"publish","type":"post","link":"https:\/\/www.ecoitaliano.com.ar\/?p=87346","title":{"rendered":"Sinossi della silloge di poesie: Taccuino di mare e di brezza"},"content":{"rendered":"<div class=\"wp-block-image\">\n<figure class=\"aligncenter size-full is-resized\"><a href=\"http:\/\/www.ecoitaliano.com.ar\/wp-content\/uploads\/2026\/03\/IMG-20260110-WA017913.jpg\"><img decoding=\"async\" width=\"600\" height=\"869\" src=\"http:\/\/www.ecoitaliano.com.ar\/wp-content\/uploads\/2026\/03\/IMG-20260110-WA017913.jpg\" alt=\"\" class=\"wp-image-87347\" style=\"width:346px;height:auto\" srcset=\"https:\/\/www.ecoitaliano.com.ar\/wp-content\/uploads\/2026\/03\/IMG-20260110-WA017913.jpg 600w, https:\/\/www.ecoitaliano.com.ar\/wp-content\/uploads\/2026\/03\/IMG-20260110-WA017913-207x300.jpg 207w\" sizes=\"(max-width: 600px) 100vw, 600px\" \/><\/a><\/figure><\/div>\n\n\n<p>In questa silloge poetica, il mare non \u00e8 soltanto scenario, \u00e8 presenza viva, specchio silenzioso dell\u2019anima, voce profonda che parla nel linguaggio delle onde e dei venti.<br>Le poesie raccolte in \u00abTaccuino di mare e di brezza\u00bb nascono dal dialogo tra l&#8217;uomo e l&#8217;acqua, tra il tempo e la memoria, tra ci\u00f2 che si muove dentro e ci\u00f2 che si muove fuori.<br>Ogni componimento \u00e8 un passo nel cammino dell\u2019osservazione e dell\u2019ascolto. Il lettore viene invitato a sostare, ad ascoltare i propri silenzi riflessi nel mare, a perdersi nella sua vastit\u00e0 per ritrovarsi un po\u2019 pi\u00f9 vicino a s\u00e9.<br>Un viaggio lento, salmastro e luminoso, dove il mare diventa pensiero, respiro, presenza.<\/p>\n","protected":false},"excerpt":{"rendered":"<p>In questa silloge poetica, il mare non \u00e8 soltanto scenario, \u00e8 presenza viva, specchio silenzioso dell\u2019anima, voce profonda che parla [&hellip;]<\/p>\n","protected":false},"author":1,"featured_media":0,"comment_status":"open","ping_status":"open","sticky":false,"template":"","format":"standard","meta":{"footnotes":""},"categories":[22],"tags":[],"class_list":["post-87346","post","type-post","status-publish","format-standard","hentry","category-libros-y-revistas-literatura"],"_links":{"self":[{"href":"https:\/\/www.ecoitaliano.com.ar\/index.php?rest_route=\/wp\/v2\/posts\/87346","targetHints":{"allow":["GET"]}}],"collection":[{"href":"https:\/\/www.ecoitaliano.com.ar\/index.php?rest_route=\/wp\/v2\/posts"}],"about":[{"href":"https:\/\/www.ecoitaliano.com.ar\/index.php?rest_route=\/wp\/v2\/types\/post"}],"author":[{"embeddable":true,"href":"https:\/\/www.ecoitaliano.com.ar\/index.php?rest_route=\/wp\/v2\/users\/1"}],"replies":[{"embeddable":true,"href":"https:\/\/www.ecoitaliano.com.ar\/index.php?rest_route=%2Fwp%2Fv2%2Fcomments&post=87346"}],"version-history":[{"count":1,"href":"https:\/\/www.ecoitaliano.com.ar\/index.php?rest_route=\/wp\/v2\/posts\/87346\/revisions"}],"predecessor-version":[{"id":87348,"href":"https:\/\/www.ecoitaliano.com.ar\/index.php?rest_route=\/wp\/v2\/posts\/87346\/revisions\/87348"}],"wp:attachment":[{"href":"https:\/\/www.ecoitaliano.com.ar\/index.php?rest_route=%2Fwp%2Fv2%2Fmedia&parent=87346"}],"wp:term":[{"taxonomy":"category","embeddable":true,"href":"https:\/\/www.ecoitaliano.com.ar\/index.php?rest_route=%2Fwp%2Fv2%2Fcategories&post=87346"},{"taxonomy":"post_tag","embeddable":true,"href":"https:\/\/www.ecoitaliano.com.ar\/index.php?rest_route=%2Fwp%2Fv2%2Ftags&post=87346"}],"curies":[{"name":"wp","href":"https:\/\/api.w.org\/{rel}","templated":true}]}}