{"id":87349,"date":"2026-03-14T14:55:27","date_gmt":"2026-03-14T14:55:27","guid":{"rendered":"https:\/\/www.ecoitaliano.com.ar\/?p=87349"},"modified":"2026-03-14T14:55:27","modified_gmt":"2026-03-14T14:55:27","slug":"mostra-personale-di-paolo-spoltore-laquila-ex-navata-nel-palazzo-dellemiciclo-vernissage-16-marzo-ore-1730","status":"publish","type":"post","link":"https:\/\/www.ecoitaliano.com.ar\/?p=87349","title":{"rendered":"Mostra personale di Paolo Spoltore &#8211; L&#8217;Aquila, Ex Navata nel Palazzo dell&#8217;Emiciclo, vernissage 16 marzo ore 17:30"},"content":{"rendered":"<div class=\"wp-block-image\">\n<figure class=\"aligncenter size-large is-resized\"><a href=\"http:\/\/www.ecoitaliano.com.ar\/wp-content\/uploads\/2026\/03\/Paolo-Spoltore.jpg\"><img decoding=\"async\" width=\"1024\" height=\"768\" src=\"http:\/\/www.ecoitaliano.com.ar\/wp-content\/uploads\/2026\/03\/Paolo-Spoltore-1024x768.jpg\" alt=\"\" class=\"wp-image-87350\" style=\"width:366px;height:auto\" srcset=\"https:\/\/www.ecoitaliano.com.ar\/wp-content\/uploads\/2026\/03\/Paolo-Spoltore-1024x768.jpg 1024w, https:\/\/www.ecoitaliano.com.ar\/wp-content\/uploads\/2026\/03\/Paolo-Spoltore-300x225.jpg 300w, https:\/\/www.ecoitaliano.com.ar\/wp-content\/uploads\/2026\/03\/Paolo-Spoltore-768x576.jpg 768w, https:\/\/www.ecoitaliano.com.ar\/wp-content\/uploads\/2026\/03\/Paolo-Spoltore-1536x1152.jpg 1536w, https:\/\/www.ecoitaliano.com.ar\/wp-content\/uploads\/2026\/03\/Paolo-Spoltore.jpg 2048w\" sizes=\"(max-width: 1024px) 100vw, 1024px\" \/><\/a><\/figure><\/div>\n\n\n<p><strong>Centro Documentazione Artepoesia Contemporanea \u201cAngelus Novus\u201d \u2013 L\u2019Aquila<br><\/strong><strong>Fondato nel 1988 \u2013 Art director Antonio Gasbarrini<\/strong><\/p>\n\n\n\n<p><a href=\"http:\/\/www.zralt.it\/\">www.zralt.it<\/a> &#8211; <a href=\"http:\/\/www.angelus-novus.it\/\">www.angelus-novus.it<\/a>&nbsp;&#8211;<a href=\"mailto:info@angelus-novus.it\" target=\"_blank\" rel=\"noreferrer noopener\">info@angelus-novus.it<\/a><\/p>\n\n\n\n<p><strong>ANGELUS NOVUS&nbsp;<\/strong><strong>PRESS<\/strong><strong>&nbsp;ANGELUS NOVUS&nbsp;<\/strong><strong>PRESS<\/strong><strong>&nbsp;ANGELUS NOVUS&nbsp;<\/strong><strong>PRESS<\/strong><\/p>\n\n\n\n<p>COMUNICATO STAMPA<\/p>\n\n\n\n<p><strong>Mostra personale di Paolo Spoltore<\/strong><\/p>\n\n\n\n<p>L&#8217;Aquila, Ex Navata nel Palazzo dell&#8217;Emiciclo<\/p>\n\n\n\n<p><em><strong>Cuori pietrificati<\/strong><\/em><strong> e <\/strong><em><strong>Guerra perch\u00e9?<\/strong><\/em><\/p>\n\n\n\n<p>Evento inserito nel calendario di \u201cL&#8217;Aquila Capitale Italiana della Cultura 2026\u201d<\/p>\n\n\n\n<p><a><\/a> Patrocinata dalla Regione Abruzzo, Comune dell\u2019Aquila, Comune di Lanciano ed organizzata dall&#8217;Associazione Culturale Ericle D&#8217;Antonio di Rocca San Giovanni, la mostra personale dell\u2019artista abruzzese di valenza nazionale <strong>Paolo Spoltore<\/strong> sar\u00e0 inaugurata nell\u2019ex Navata nel <strong>Palazzo dell\u2019Emiciclo<\/strong> della citt\u00e0 capoluogo <strong>luned\u00ec 16 marzo alle ore 17,30 e rester\u00e0 aperta fino al 31 marzo.<\/strong><\/p>\n\n\n\n<p>Nel giorno dell\u2019inaugurazione, oltre alla presenza dell\u2019artista, Autorit\u00e0 Regionali e Comunali porteranno il loro saluto, mentre il critico d\u2019arte <strong>Antonio Gasbarrini<\/strong> interverr\u00e0 sul senso, non solo estetico, di questa mostra incentrata sul tema delle catastrofi (terremoto nel cratere sismico dell\u2019Aquila del 2009 e le guerre in Ucraina e Palestina), tema affrontato tra il 2009 e il 2026 con gli appositi cicli creativi <em>Cuori pietrificati<\/em>, <em>Guerra perch\u00e9<\/em>? e <em>Cosmogonica<\/em>.<\/p>\n\n\n\n<p>In ognuna delle 20 opere accomunate dall\u2019eloquente titolo <em><strong>Cuori pietrificati<\/strong><\/em>, realizzate tra il 2009-2010 quale tributo alle oltre trecento vittime del sisma, la metafora visiva del dolore e del lutto, \u00e8 stata concentrata su cuori realizzati in marmo. Posti su uno sfondo in ceramica frantumata e racchiusi dentro un contenitore in legno a mo\u2019 di scrigno, nonch\u00e9 posizionati su leggii anch&#8217;essi lignei, quale memoria storica d\u2019una identit\u00e0 collettiva tesa a ricordare la catastrofe ed a collegare, temporalmente, passato, presente e futuro. Un presente reinterpretato nel corso di quest\u2019anno con 4 nuove opere in cui i toni cromatici e simbolici meno lancinanti annunciano l\u2019avvento dell\u2019agognata meta della Rinascita.<\/p>\n\n\n\n<p>Rinascita inserita dall\u2019artista all\u2019interno di una Natura benigna rivisitata con una visione metafisica incentrata sul ciclo <em><strong>Cosmogonica<\/strong><\/em>(<em>Terra<\/em>, <em>Acqua<\/em>, <em>Aria<\/em>, <em>Fuoco<\/em>). Completano infine \u2013 quella che nell\u2019insieme della mostra pu\u00f2 essere considerata una prurinstallazione site-specific \u2013 le 7 sculture a tutto tondo in ferro, pietra e legno del ciclo <em><strong>Guerra perch\u00e9<\/strong><\/em><strong>?<\/strong> in cui gi\u00e0 i titoli <em>Spirale con volto<\/em> <em>e droni<\/em>, <em>Strage a Gaza e a Bucha<\/em>, ci riportano drammaticamente ai bui, insanguinati giorni che stiamo vivendo nelle nostre lacerate coscienze.<\/p>\n\n\n\n<p>Nel testo in catalogo, scrive tra l\u2019altro il curatore <strong>Antonio Gasbarrini<\/strong>: \u00abIl suo approfondimento dell\u2019idea di base sviluppata con appositi progetti mentali, avviene all\u2019interno di cicli in cui ogni opera \u2013 dalla prevalenza pittoscultorea \u2013, attraverso le varianti cromatiche e plastiche, dialoga con le altre in una sorta di concerto sinfonico visivo. \u00c8 quanto si pu\u00f2 constatare subito in questa sua mostra personale nell\u2019ex Navata della non pi\u00f9 esistente seicentesca chiesa francescana S. Michele Arcangelo all\u2019Emiciclo, in cui tre percorsi tematici diacronici (<em>Cuori pietrificati<\/em>, <em>Guerre e Cosmogonica<\/em>), sintetizzano al meglio il suo \u201cdiapason umanistico\u201d teso ad accordare la stonata e frastornante realt\u00e0 esistenziale con un travalicamento creativo a 360 gradi foriero di arcobalenici barlumi anche nei disperanti contesti che quotidianamente ci assediano a livello mediatico\u00bb.<\/p>\n","protected":false},"excerpt":{"rendered":"<p>Centro Documentazione Artepoesia Contemporanea \u201cAngelus Novus\u201d \u2013 L\u2019AquilaFondato nel 1988 \u2013 Art director Antonio Gasbarrini www.zralt.it &#8211; www.angelus-novus.it&nbsp;&#8211;info@angelus-novus.it ANGELUS NOVUS&nbsp;PRESS&nbsp;ANGELUS [&hellip;]<\/p>\n","protected":false},"author":1,"featured_media":0,"comment_status":"open","ping_status":"open","sticky":false,"template":"","format":"standard","meta":{"footnotes":""},"categories":[2],"tags":[],"class_list":["post-87349","post","type-post","status-publish","format-standard","hentry","category-informacion"],"_links":{"self":[{"href":"https:\/\/www.ecoitaliano.com.ar\/index.php?rest_route=\/wp\/v2\/posts\/87349","targetHints":{"allow":["GET"]}}],"collection":[{"href":"https:\/\/www.ecoitaliano.com.ar\/index.php?rest_route=\/wp\/v2\/posts"}],"about":[{"href":"https:\/\/www.ecoitaliano.com.ar\/index.php?rest_route=\/wp\/v2\/types\/post"}],"author":[{"embeddable":true,"href":"https:\/\/www.ecoitaliano.com.ar\/index.php?rest_route=\/wp\/v2\/users\/1"}],"replies":[{"embeddable":true,"href":"https:\/\/www.ecoitaliano.com.ar\/index.php?rest_route=%2Fwp%2Fv2%2Fcomments&post=87349"}],"version-history":[{"count":1,"href":"https:\/\/www.ecoitaliano.com.ar\/index.php?rest_route=\/wp\/v2\/posts\/87349\/revisions"}],"predecessor-version":[{"id":87351,"href":"https:\/\/www.ecoitaliano.com.ar\/index.php?rest_route=\/wp\/v2\/posts\/87349\/revisions\/87351"}],"wp:attachment":[{"href":"https:\/\/www.ecoitaliano.com.ar\/index.php?rest_route=%2Fwp%2Fv2%2Fmedia&parent=87349"}],"wp:term":[{"taxonomy":"category","embeddable":true,"href":"https:\/\/www.ecoitaliano.com.ar\/index.php?rest_route=%2Fwp%2Fv2%2Fcategories&post=87349"},{"taxonomy":"post_tag","embeddable":true,"href":"https:\/\/www.ecoitaliano.com.ar\/index.php?rest_route=%2Fwp%2Fv2%2Ftags&post=87349"}],"curies":[{"name":"wp","href":"https:\/\/api.w.org\/{rel}","templated":true}]}}